{"id":2449,"date":"2026-01-30T09:19:35","date_gmt":"2026-01-30T12:19:35","guid":{"rendered":"https:\/\/www.pmpf.rs.gov.br\/secretaria-de-desenvolvimento-economico\/?p=2449"},"modified":"2026-01-30T09:19:38","modified_gmt":"2026-01-30T12:19:38","slug":"passo-fundo-mais-que-dobra-valor-adicionado-fiscal-e-consolida-ciclo-de-crescimento-economico","status":"publish","type":"post","link":"https:\/\/www.pmpf.rs.gov.br\/secretaria-de-desenvolvimento-economico\/2026\/01\/30\/passo-fundo-mais-que-dobra-valor-adicionado-fiscal-e-consolida-ciclo-de-crescimento-economico\/","title":{"rendered":"Passo Fundo mais que dobra Valor Adicionado Fiscal e consolida ciclo de crescimento econ\u00f4mico"},"content":{"rendered":"\n<p><\/p>\n\n\n\n<p>Passo Fundo vive um dos momentos mais positivos de sua hist\u00f3ria recente no campo econ\u00f4mico. Os n\u00fameros do Valor Adicionado Fiscal (VAF), indicador que mensura a riqueza gerada no munic\u00edpio a partir das atividades da ind\u00fastria, com\u00e9rcio, servi\u00e7os e agropecu\u00e1ria, confirmam um ciclo consistente de crescimento e fortalecimento da economia local.<\/p>\n\n\n\n<p>Entre 2021 e 2026, o VAF de Passo Fundo mais que dobrou, passando de R$ 4,76 bilh\u00f5es para R$ 9,76 bilh\u00f5es. O avan\u00e7o expressivo em apenas cinco anos evidencia uma economia mais robusta, diversificada e com maior capacidade de gera\u00e7\u00e3o de riqueza.<\/p>\n\n\n\n<p>Na pr\u00e1tica, o VAF funciona como um term\u00f4metro da economia real. O indicador cresce quando as empresas faturam mais, a ind\u00fastria amplia sua produ\u00e7\u00e3o, o com\u00e9rcio movimenta mais mercadorias, os servi\u00e7os se expandem e o setor agropecu\u00e1rio ganha produtividade. Em conjunto, esses fatores demonstram o fortalecimento do ambiente econ\u00f4mico do munic\u00edpio.<\/p>\n\n\n\n<p>Para o secret\u00e1rio de Desenvolvimento Econ\u00f4mico, Adolfo de Freitas, o desempenho \u00e9 resultado de uma s\u00e9rie de a\u00e7\u00f5es articuladas ao longo dos \u00faltimos anos. \u201cEsse crescimento expressivo do VAF mostra que Passo Fundo est\u00e1 no caminho certo. Temos trabalhado para criar um ambiente favor\u00e1vel aos neg\u00f3cios, incentivar o empreendedorismo, apoiar quem produz e atrair novos investimentos. Os n\u00fameros refletem essa confian\u00e7a na cidade e na sua capacidade de crescer de forma sustent\u00e1vel\u201d, destaca.<\/p>\n\n\n\n<p>Al\u00e9m do avan\u00e7o no VAF, outros indicadores refor\u00e7am o bom momento vivido pelo munic\u00edpio. O \u00cdndice de Participa\u00e7\u00e3o dos Munic\u00edpios (IPM) aumentou de 1,35 para 1,53, o que impacta diretamente no volume de recursos repassados pelo Estado. J\u00e1 a pontua\u00e7\u00e3o no Programa de Integra\u00e7\u00e3o teve um salto significativo, passando de 30 para 78, demonstrando maior desempenho e integra\u00e7\u00e3o entre pol\u00edticas p\u00fablicas e setores produtivos.<\/p>\n\n\n\n<p>O setor agropecu\u00e1rio tamb\u00e9m acompanha esse movimento de crescimento. A m\u00e9dia da propriedade prim\u00e1ria praticamente dobrou, passando de R$ 415 mil para R$ 734 mil, enquanto o valor per capita avan\u00e7ou de R$ 23 mil para R$ 45 mil. Os dados apontam para um campo mais produtivo, tecnificado e cada vez mais integrado \u00e0 economia urbana.<\/p>\n\n\n\n<p>Mais do que estat\u00edsticas, os n\u00fameros representam gera\u00e7\u00e3o de empregos, aumento de renda, novos investimentos e maior confian\u00e7a no futuro. Passo Fundo consolida-se como um dos principais polos econ\u00f4micos do Norte do Rio Grande do Sul, com um ambiente prop\u00edcio ao desenvolvimento, \u00e0 inova\u00e7\u00e3o e \u00e0 sustentabilidade.<\/p>\n\n\n\n<p>O crescimento do Valor Adicionado Fiscal, portanto, \u00e9 o retrato de uma cidade que avan\u00e7a, gera riqueza e fortalece sua base econ\u00f4mica, refor\u00e7ando um ciclo positivo que impacta diretamente a qualidade de vida da popula\u00e7\u00e3o.<\/p>\n","protected":false},"excerpt":{"rendered":"<p>Indicador que mede a riqueza gerada no munic\u00edpio saltou de R$ 4,76 bilh\u00f5es para R$ 9,76 bilh\u00f5es em cinco anos, refletindo economia mais forte, diversificada e din\u00e2mica<\/p>\n","protected":false},"author":24,"featured_media":0,"comment_status":"closed","ping_status":"closed","sticky":false,"template":"","format":"standard","meta":{"footnotes":""},"categories":[1],"tags":[],"class_list":["post-2449","post","type-post","status-publish","format-standard","hentry","category-sem-categoria"],"yoast_head":"<!-- This site is optimized with the Yoast SEO plugin v23.8 - https:\/\/yoast.com\/wordpress\/plugins\/seo\/ -->\n<title>Passo Fundo mais que dobra Valor Adicionado Fiscal e consolida ciclo de crescimento econ\u00f4mico - Secretaria de Desenvolvimento Econ\u00f4mico<\/title>\n<meta name=\"robots\" content=\"index, follow, max-snippet:-1, max-image-preview:large, max-video-preview:-1\" \/>\n<link rel=\"canonical\" href=\"https:\/\/www.pmpf.rs.gov.br\/secretaria-de-desenvolvimento-economico\/2026\/01\/30\/passo-fundo-mais-que-dobra-valor-adicionado-fiscal-e-consolida-ciclo-de-crescimento-economico\/\" \/>\n<meta property=\"og:locale\" content=\"pt_BR\" \/>\n<meta property=\"og:type\" content=\"article\" \/>\n<meta property=\"og:title\" content=\"Passo Fundo mais que dobra Valor Adicionado Fiscal e consolida ciclo de crescimento econ\u00f4mico - Secretaria de Desenvolvimento Econ\u00f4mico\" \/>\n<meta property=\"og:description\" content=\"Indicador que mede a riqueza gerada no munic\u00edpio saltou de R$ 4,76 bilh\u00f5es para R$ 9,76 bilh\u00f5es em cinco anos, refletindo economia mais forte, diversificada e din\u00e2mica\" \/>\n<meta property=\"og:url\" content=\"https:\/\/www.pmpf.rs.gov.br\/secretaria-de-desenvolvimento-economico\/2026\/01\/30\/passo-fundo-mais-que-dobra-valor-adicionado-fiscal-e-consolida-ciclo-de-crescimento-economico\/\" \/>\n<meta property=\"og:site_name\" content=\"Secretaria de Desenvolvimento Econ\u00f4mico\" \/>\n<meta property=\"article:published_time\" content=\"2026-01-30T12:19:35+00:00\" \/>\n<meta property=\"article:modified_time\" content=\"2026-01-30T12:19:38+00:00\" \/>\n<meta name=\"author\" content=\"lilicrivello\" \/>\n<meta name=\"twitter:card\" content=\"summary_large_image\" \/>\n<meta name=\"twitter:label1\" content=\"Escrito por\" \/>\n\t<meta name=\"twitter:data1\" content=\"lilicrivello\" \/>\n\t<meta name=\"twitter:label2\" content=\"Est. tempo de leitura\" \/>\n\t<meta name=\"twitter:data2\" content=\"2 minutos\" \/>\n<script type=\"application\/ld+json\" class=\"yoast-schema-graph\">{\"@context\":\"https:\/\/schema.org\",\"@graph\":[{\"@type\":\"WebPage\",\"@id\":\"https:\/\/www.pmpf.rs.gov.br\/secretaria-de-desenvolvimento-economico\/2026\/01\/30\/passo-fundo-mais-que-dobra-valor-adicionado-fiscal-e-consolida-ciclo-de-crescimento-economico\/\",\"url\":\"https:\/\/www.pmpf.rs.gov.br\/secretaria-de-desenvolvimento-economico\/2026\/01\/30\/passo-fundo-mais-que-dobra-valor-adicionado-fiscal-e-consolida-ciclo-de-crescimento-economico\/\",\"name\":\"Passo Fundo mais que dobra Valor Adicionado Fiscal e consolida ciclo de crescimento econ\u00f4mico - Secretaria de Desenvolvimento Econ\u00f4mico\",\"isPartOf\":{\"@id\":\"https:\/\/www.pmpf.rs.gov.br\/secretaria-de-desenvolvimento-economico\/#website\"},\"datePublished\":\"2026-01-30T12:19:35+00:00\",\"dateModified\":\"2026-01-30T12:19:38+00:00\",\"author\":{\"@id\":\"https:\/\/www.pmpf.rs.gov.br\/secretaria-de-desenvolvimento-economico\/#\/schema\/person\/6e93b0ab2174b69f691ac4f278ba2d0a\"},\"inLanguage\":\"pt-BR\",\"potentialAction\":[{\"@type\":\"ReadAction\",\"target\":[\"https:\/\/www.pmpf.rs.gov.br\/secretaria-de-desenvolvimento-economico\/2026\/01\/30\/passo-fundo-mais-que-dobra-valor-adicionado-fiscal-e-consolida-ciclo-de-crescimento-economico\/\"]}]},{\"@type\":\"WebSite\",\"@id\":\"https:\/\/www.pmpf.rs.gov.br\/secretaria-de-desenvolvimento-economico\/#website\",\"url\":\"https:\/\/www.pmpf.rs.gov.br\/secretaria-de-desenvolvimento-economico\/\",\"name\":\"Secretaria de Desenvolvimento Econ\u00f4mico\",\"description\":\"S\u00f3 mais um site Prefeitura de Passo Fundo\",\"potentialAction\":[{\"@type\":\"SearchAction\",\"target\":{\"@type\":\"EntryPoint\",\"urlTemplate\":\"https:\/\/www.pmpf.rs.gov.br\/secretaria-de-desenvolvimento-economico\/?s={search_term_string}\"},\"query-input\":{\"@type\":\"PropertyValueSpecification\",\"valueRequired\":true,\"valueName\":\"search_term_string\"}}],\"inLanguage\":\"pt-BR\"},{\"@type\":\"Person\",\"@id\":\"https:\/\/www.pmpf.rs.gov.br\/secretaria-de-desenvolvimento-economico\/#\/schema\/person\/6e93b0ab2174b69f691ac4f278ba2d0a\",\"name\":\"lilicrivello\",\"image\":{\"@type\":\"ImageObject\",\"inLanguage\":\"pt-BR\",\"@id\":\"https:\/\/www.pmpf.rs.gov.br\/secretaria-de-desenvolvimento-economico\/#\/schema\/person\/image\/\",\"url\":\"https:\/\/secure.gravatar.com\/avatar\/0b546b667388f8edb7b67d70a57b5e46?s=96&d=mm&r=g\",\"contentUrl\":\"https:\/\/secure.gravatar.com\/avatar\/0b546b667388f8edb7b67d70a57b5e46?s=96&d=mm&r=g\",\"caption\":\"lilicrivello\"},\"url\":\"https:\/\/www.pmpf.rs.gov.br\/secretaria-de-desenvolvimento-economico\/author\/lilicrivello\/\"}]}<\/script>\n<!-- \/ Yoast SEO plugin. -->","yoast_head_json":{"title":"Passo Fundo mais que dobra Valor Adicionado Fiscal e consolida ciclo de crescimento econ\u00f4mico - Secretaria de Desenvolvimento Econ\u00f4mico","robots":{"index":"index","follow":"follow","max-snippet":"max-snippet:-1","max-image-preview":"max-image-preview:large","max-video-preview":"max-video-preview:-1"},"canonical":"https:\/\/www.pmpf.rs.gov.br\/secretaria-de-desenvolvimento-economico\/2026\/01\/30\/passo-fundo-mais-que-dobra-valor-adicionado-fiscal-e-consolida-ciclo-de-crescimento-economico\/","og_locale":"pt_BR","og_type":"article","og_title":"Passo Fundo mais que dobra Valor Adicionado Fiscal e consolida ciclo de crescimento econ\u00f4mico - Secretaria de Desenvolvimento Econ\u00f4mico","og_description":"Indicador que mede a riqueza gerada no munic\u00edpio saltou de R$ 4,76 bilh\u00f5es para R$ 9,76 bilh\u00f5es em cinco anos, refletindo economia mais forte, diversificada e din\u00e2mica","og_url":"https:\/\/www.pmpf.rs.gov.br\/secretaria-de-desenvolvimento-economico\/2026\/01\/30\/passo-fundo-mais-que-dobra-valor-adicionado-fiscal-e-consolida-ciclo-de-crescimento-economico\/","og_site_name":"Secretaria de Desenvolvimento Econ\u00f4mico","article_published_time":"2026-01-30T12:19:35+00:00","article_modified_time":"2026-01-30T12:19:38+00:00","author":"lilicrivello","twitter_card":"summary_large_image","twitter_misc":{"Escrito por":"lilicrivello","Est. tempo de leitura":"2 minutos"},"schema":{"@context":"https:\/\/schema.org","@graph":[{"@type":"WebPage","@id":"https:\/\/www.pmpf.rs.gov.br\/secretaria-de-desenvolvimento-economico\/2026\/01\/30\/passo-fundo-mais-que-dobra-valor-adicionado-fiscal-e-consolida-ciclo-de-crescimento-economico\/","url":"https:\/\/www.pmpf.rs.gov.br\/secretaria-de-desenvolvimento-economico\/2026\/01\/30\/passo-fundo-mais-que-dobra-valor-adicionado-fiscal-e-consolida-ciclo-de-crescimento-economico\/","name":"Passo Fundo mais que dobra Valor Adicionado Fiscal e consolida ciclo de crescimento econ\u00f4mico - Secretaria de Desenvolvimento Econ\u00f4mico","isPartOf":{"@id":"https:\/\/www.pmpf.rs.gov.br\/secretaria-de-desenvolvimento-economico\/#website"},"datePublished":"2026-01-30T12:19:35+00:00","dateModified":"2026-01-30T12:19:38+00:00","author":{"@id":"https:\/\/www.pmpf.rs.gov.br\/secretaria-de-desenvolvimento-economico\/#\/schema\/person\/6e93b0ab2174b69f691ac4f278ba2d0a"},"inLanguage":"pt-BR","potentialAction":[{"@type":"ReadAction","target":["https:\/\/www.pmpf.rs.gov.br\/secretaria-de-desenvolvimento-economico\/2026\/01\/30\/passo-fundo-mais-que-dobra-valor-adicionado-fiscal-e-consolida-ciclo-de-crescimento-economico\/"]}]},{"@type":"WebSite","@id":"https:\/\/www.pmpf.rs.gov.br\/secretaria-de-desenvolvimento-economico\/#website","url":"https:\/\/www.pmpf.rs.gov.br\/secretaria-de-desenvolvimento-economico\/","name":"Secretaria de Desenvolvimento Econ\u00f4mico","description":"S\u00f3 mais um site Prefeitura de Passo Fundo","potentialAction":[{"@type":"SearchAction","target":{"@type":"EntryPoint","urlTemplate":"https:\/\/www.pmpf.rs.gov.br\/secretaria-de-desenvolvimento-economico\/?s={search_term_string}"},"query-input":{"@type":"PropertyValueSpecification","valueRequired":true,"valueName":"search_term_string"}}],"inLanguage":"pt-BR"},{"@type":"Person","@id":"https:\/\/www.pmpf.rs.gov.br\/secretaria-de-desenvolvimento-economico\/#\/schema\/person\/6e93b0ab2174b69f691ac4f278ba2d0a","name":"lilicrivello","image":{"@type":"ImageObject","inLanguage":"pt-BR","@id":"https:\/\/www.pmpf.rs.gov.br\/secretaria-de-desenvolvimento-economico\/#\/schema\/person\/image\/","url":"https:\/\/secure.gravatar.com\/avatar\/0b546b667388f8edb7b67d70a57b5e46?s=96&d=mm&r=g","contentUrl":"https:\/\/secure.gravatar.com\/avatar\/0b546b667388f8edb7b67d70a57b5e46?s=96&d=mm&r=g","caption":"lilicrivello"},"url":"https:\/\/www.pmpf.rs.gov.br\/secretaria-de-desenvolvimento-economico\/author\/lilicrivello\/"}]}},"_links":{"self":[{"href":"https:\/\/www.pmpf.rs.gov.br\/secretaria-de-desenvolvimento-economico\/wp-json\/wp\/v2\/posts\/2449"}],"collection":[{"href":"https:\/\/www.pmpf.rs.gov.br\/secretaria-de-desenvolvimento-economico\/wp-json\/wp\/v2\/posts"}],"about":[{"href":"https:\/\/www.pmpf.rs.gov.br\/secretaria-de-desenvolvimento-economico\/wp-json\/wp\/v2\/types\/post"}],"author":[{"embeddable":true,"href":"https:\/\/www.pmpf.rs.gov.br\/secretaria-de-desenvolvimento-economico\/wp-json\/wp\/v2\/users\/24"}],"replies":[{"embeddable":true,"href":"https:\/\/www.pmpf.rs.gov.br\/secretaria-de-desenvolvimento-economico\/wp-json\/wp\/v2\/comments?post=2449"}],"version-history":[{"count":1,"href":"https:\/\/www.pmpf.rs.gov.br\/secretaria-de-desenvolvimento-economico\/wp-json\/wp\/v2\/posts\/2449\/revisions"}],"predecessor-version":[{"id":2450,"href":"https:\/\/www.pmpf.rs.gov.br\/secretaria-de-desenvolvimento-economico\/wp-json\/wp\/v2\/posts\/2449\/revisions\/2450"}],"wp:attachment":[{"href":"https:\/\/www.pmpf.rs.gov.br\/secretaria-de-desenvolvimento-economico\/wp-json\/wp\/v2\/media?parent=2449"}],"wp:term":[{"taxonomy":"category","embeddable":true,"href":"https:\/\/www.pmpf.rs.gov.br\/secretaria-de-desenvolvimento-economico\/wp-json\/wp\/v2\/categories?post=2449"},{"taxonomy":"post_tag","embeddable":true,"href":"https:\/\/www.pmpf.rs.gov.br\/secretaria-de-desenvolvimento-economico\/wp-json\/wp\/v2\/tags?post=2449"}],"curies":[{"name":"wp","href":"https:\/\/api.w.org\/{rel}","templated":true}]}}