{"id":2424,"date":"2025-10-23T10:58:55","date_gmt":"2025-10-23T13:58:55","guid":{"rendered":"https:\/\/www.pmpf.rs.gov.br\/secretaria-de-desenvolvimento-economico\/?p=2424"},"modified":"2025-10-23T10:59:01","modified_gmt":"2025-10-23T13:59:01","slug":"aposentados-movimentam-mais-de-r-792-milhoes-anualmente-na-economia-do-municipio","status":"publish","type":"post","link":"https:\/\/www.pmpf.rs.gov.br\/secretaria-de-desenvolvimento-economico\/2025\/10\/23\/aposentados-movimentam-mais-de-r-792-milhoes-anualmente-na-economia-do-municipio\/","title":{"rendered":"Aposentados movimentam mais de R$ 792 milh\u00f5es anualmente na economia do munic\u00edpio"},"content":{"rendered":"\n<p>Um levantamento realizado pelo Observat\u00f3rio Econ\u00f4mico da Prefeitura de Passo Fundo (RS) mostra que o munic\u00edpio possui 14,4% de sua popula\u00e7\u00e3o formada por aposentados. O dado aponta para mais de 29 mil pessoas que receberam benef\u00edcios de previd\u00eancia. O setor representa um mercado em expans\u00e3o para o com\u00e9rcio e servi\u00e7os locais.<\/p>\n\n\n\n<p><br><strong>Poder econ\u00f4mico da maturidade<\/strong><\/p>\n\n\n\n<p>A economia prateada, termo que se refere ao conjunto de atividades econ\u00f4micas voltadas ao p\u00fablico idoso, tem ganhado cada vez mais relev\u00e2ncia em Passo Fundo. Um levantamento do Observat\u00f3rio Econ\u00f4mico da Prefeitura local, baseado em dados do Minist\u00e9rio da Previd\u00eancia Social e do Censo Demogr\u00e1fico do IBGE, apontou que o munic\u00edpio possui 29.760 aposentados, que movimentam mais de R$ 792 milh\u00f5es por ano em benef\u00edcios previdenci\u00e1rios.<\/p>\n\n\n\n<p>Dentre os aposentados de Passo Fundo, a maior parte s\u00e3o por tempo de contribui\u00e7\u00e3o, com 14.104 aposentadorias do tipo, que somam R$ 474,7 milh\u00f5es por ano. 9.984 s\u00e3o por idade e somam R$ 193,5 milh\u00f5es anuais, e outras 5.672 s\u00e3o por invalidez, somando R$ 123,7 milh\u00f5es anuais. Os n\u00fameros evidenciam n\u00e3o apenas a presen\u00e7a significativa dessa faixa et\u00e1ria na economia local, mas tamb\u00e9m seu potencial de consumo e investimento.<\/p>\n\n\n\n<p><strong>Perfil demogr\u00e1fico e longevidade<\/strong><\/p>\n\n\n\n<p>Os dados do IBGE mostram que o munic\u00edpio conta com uma popula\u00e7\u00e3o idosa distribu\u00edda pelas seguintes faixas et\u00e1rias: 12.144 pessoas entre 55 e 59 anos; 19.764 pessoas entre 60 e 69 anos; 10.819 pessoas entre 70 e 79 anos; 4.800 pessoas de 80 anos ou mais.<\/p>\n\n\n\n<p>A longevidade crescente, com registros inclusive de 29 pessoas acima dos 100 anos, refor\u00e7a oportunidades para a iniciativa privada e para o poder p\u00fablico em rela\u00e7\u00e3o ao desenvolvimento de pol\u00edticas p\u00fablicas voltadas a esse p\u00fablico.&nbsp;<\/p>\n\n\n\n<p>Para o secret\u00e1rio de Desenvolvimento Econ\u00f4mico de Passo Fundo, Adolfo de Freitas, o envelhecimento da popula\u00e7\u00e3o \u00e9 uma oportunidade de inova\u00e7\u00e3o. \u201cAs pessoas est\u00e3o vivendo mais e com sa\u00fade, e com isso est\u00e3o cada vez mais exigentes. Com certeza \u00e9 uma parcela economicamente muito ativa da sociedade e que precisa ser olhada com carinho. \u00c9 necess\u00e1rio investimento em produtos e servi\u00e7os para este p\u00fablico\u201d, afirmou.<\/p>\n\n\n\n<p>O aumento da expectativa de vida, aliado \u00e0 melhoria das condi\u00e7\u00f5es de sa\u00fade e ao avan\u00e7o tecnol\u00f3gico, faz com que o idoso moderno participe ativamente da vida econ\u00f4mica e social.<\/p>\n\n\n\n<p><br><strong>Oportunidade para neg\u00f3cios locais<\/strong><\/p>\n\n\n\n<p>A economia prateada abre espa\u00e7o para uma ampla gama de produtos e servi\u00e7os voltados ao bem-estar, lazer, sa\u00fade e conveni\u00eancia. Desde planos de sa\u00fade e academias especializadas at\u00e9 ag\u00eancias de turismo, produtos de beleza, moda e tecnologia adaptada, esse p\u00fablico busca qualidade de vida e experi\u00eancias significativas.<\/p>\n\n\n\n<p><br>Segundo o Observat\u00f3rio Econ\u00f4mico da Prefeitura de Passo Fundo, o poder aquisitivo dos aposentados da cidade representa uma inje\u00e7\u00e3o mensal m\u00e9dia superior a R$ 66 milh\u00f5es, valor que circula no com\u00e9rcio, em servi\u00e7os e na economia dom\u00e9stica local.<\/p>\n\n\n\n<p>Para o varejo, trata-se de um p\u00fablico fiel, com renda est\u00e1vel e h\u00e1bitos de consumo cada vez mais digitais, fator que exige do empresariado local aten\u00e7\u00e3o especial \u00e0 comunica\u00e7\u00e3o, acessibilidade e atendimento humanizado.<\/p>\n\n\n\n<p><br><strong>Transformar longevidade em prosperidade<\/strong><\/p>\n\n\n\n<p>O estudo do Observat\u00f3rio Econ\u00f4mico refor\u00e7a a import\u00e2ncia de compreender a economia prateada como um motor de crescimento sustent\u00e1vel. Com planejamento e vis\u00e3o empreendedora, o envelhecimento populacional pode se converter em um dos pilares da economia de Passo Fundo, impulsionando setores como sa\u00fade, moradia, lazer, turismo, tecnologia assistiva e capacita\u00e7\u00e3o profissional. Mais do que uma tend\u00eancia, trata-se de uma nova fronteira de oportunidades, onde experi\u00eancia e vitalidade se unem para mover a economia local.<\/p>\n\n\n\n<p><strong>Observat\u00f3rio econ\u00f4mico: intelig\u00eancia que gera resultados<\/strong><\/p>\n\n\n\n<p>O Observat\u00f3rio Econ\u00f4mico da Prefeitura de Passo Fundo \u00e9 uma plataforma de intelig\u00eancia que transforma dados em oportunidades para empres\u00e1rios, investidores e gestores.<\/p>\n\n\n\n<p>Com an\u00e1lises confi\u00e1veis e vis\u00e3o estrat\u00e9gica, a ferramenta permite acompanhar o desempenho dos setores, identificar tend\u00eancias e antecipar cen\u00e1rios de mercado. Mais do que n\u00fameros, o Observat\u00f3rio entrega conhecimento aplicado ao crescimento das empresas e ao fortalecimento da economia local.<\/p>\n","protected":false},"excerpt":{"rendered":"<p>Um levantamento realizado pelo Observat\u00f3rio Econ\u00f4mico da Prefeitura de Passo Fundo (RS) mostra que o munic\u00edpio possui 14,4% de sua popula\u00e7\u00e3o formada por aposentados. O dado aponta para mais de 29 mil [&hellip;]<\/p>\n","protected":false},"author":24,"featured_media":2425,"comment_status":"closed","ping_status":"closed","sticky":false,"template":"","format":"standard","meta":{"footnotes":""},"categories":[1],"tags":[],"class_list":["post-2424","post","type-post","status-publish","format-standard","has-post-thumbnail","hentry","category-sem-categoria"],"yoast_head":"<!-- This site is optimized with the Yoast SEO plugin v23.8 - https:\/\/yoast.com\/wordpress\/plugins\/seo\/ -->\n<title>Aposentados movimentam mais de R$ 792 milh\u00f5es anualmente na economia do munic\u00edpio - Secretaria de Desenvolvimento Econ\u00f4mico<\/title>\n<meta name=\"robots\" content=\"index, follow, max-snippet:-1, max-image-preview:large, max-video-preview:-1\" \/>\n<link rel=\"canonical\" href=\"https:\/\/www.pmpf.rs.gov.br\/secretaria-de-desenvolvimento-economico\/2025\/10\/23\/aposentados-movimentam-mais-de-r-792-milhoes-anualmente-na-economia-do-municipio\/\" \/>\n<meta property=\"og:locale\" content=\"pt_BR\" \/>\n<meta property=\"og:type\" content=\"article\" \/>\n<meta property=\"og:title\" content=\"Aposentados movimentam mais de R$ 792 milh\u00f5es anualmente na economia do munic\u00edpio - Secretaria de Desenvolvimento Econ\u00f4mico\" \/>\n<meta property=\"og:description\" content=\"Um levantamento realizado pelo Observat\u00f3rio Econ\u00f4mico da Prefeitura de Passo Fundo (RS) mostra que o munic\u00edpio possui 14,4% de sua popula\u00e7\u00e3o formada por aposentados. O dado aponta para mais de 29 mil [&hellip;]\" \/>\n<meta property=\"og:url\" content=\"https:\/\/www.pmpf.rs.gov.br\/secretaria-de-desenvolvimento-economico\/2025\/10\/23\/aposentados-movimentam-mais-de-r-792-milhoes-anualmente-na-economia-do-municipio\/\" \/>\n<meta property=\"og:site_name\" content=\"Secretaria de Desenvolvimento Econ\u00f4mico\" \/>\n<meta property=\"article:published_time\" content=\"2025-10-23T13:58:55+00:00\" \/>\n<meta property=\"article:modified_time\" content=\"2025-10-23T13:59:01+00:00\" \/>\n<meta name=\"author\" content=\"lilicrivello\" \/>\n<meta name=\"twitter:card\" content=\"summary_large_image\" \/>\n<meta name=\"twitter:label1\" content=\"Escrito por\" \/>\n\t<meta name=\"twitter:data1\" content=\"lilicrivello\" \/>\n\t<meta name=\"twitter:label2\" content=\"Est. tempo de leitura\" \/>\n\t<meta name=\"twitter:data2\" content=\"4 minutos\" \/>\n<script type=\"application\/ld+json\" class=\"yoast-schema-graph\">{\"@context\":\"https:\/\/schema.org\",\"@graph\":[{\"@type\":\"WebPage\",\"@id\":\"https:\/\/www.pmpf.rs.gov.br\/secretaria-de-desenvolvimento-economico\/2025\/10\/23\/aposentados-movimentam-mais-de-r-792-milhoes-anualmente-na-economia-do-municipio\/\",\"url\":\"https:\/\/www.pmpf.rs.gov.br\/secretaria-de-desenvolvimento-economico\/2025\/10\/23\/aposentados-movimentam-mais-de-r-792-milhoes-anualmente-na-economia-do-municipio\/\",\"name\":\"Aposentados movimentam mais de R$ 792 milh\u00f5es anualmente na economia do munic\u00edpio - Secretaria de Desenvolvimento Econ\u00f4mico\",\"isPartOf\":{\"@id\":\"https:\/\/www.pmpf.rs.gov.br\/secretaria-de-desenvolvimento-economico\/#website\"},\"primaryImageOfPage\":{\"@id\":\"https:\/\/www.pmpf.rs.gov.br\/secretaria-de-desenvolvimento-economico\/2025\/10\/23\/aposentados-movimentam-mais-de-r-792-milhoes-anualmente-na-economia-do-municipio\/#primaryimage\"},\"image\":{\"@id\":\"https:\/\/www.pmpf.rs.gov.br\/secretaria-de-desenvolvimento-economico\/2025\/10\/23\/aposentados-movimentam-mais-de-r-792-milhoes-anualmente-na-economia-do-municipio\/#primaryimage\"},\"thumbnailUrl\":\"https:\/\/www.pmpf.rs.gov.br\/secretaria-de-desenvolvimento-economico\/wp-content\/uploads\/sites\/27\/2025\/10\/economia-idoso-scaled.jpg\",\"datePublished\":\"2025-10-23T13:58:55+00:00\",\"dateModified\":\"2025-10-23T13:59:01+00:00\",\"author\":{\"@id\":\"https:\/\/www.pmpf.rs.gov.br\/secretaria-de-desenvolvimento-economico\/#\/schema\/person\/6e93b0ab2174b69f691ac4f278ba2d0a\"},\"inLanguage\":\"pt-BR\",\"potentialAction\":[{\"@type\":\"ReadAction\",\"target\":[\"https:\/\/www.pmpf.rs.gov.br\/secretaria-de-desenvolvimento-economico\/2025\/10\/23\/aposentados-movimentam-mais-de-r-792-milhoes-anualmente-na-economia-do-municipio\/\"]}]},{\"@type\":\"ImageObject\",\"inLanguage\":\"pt-BR\",\"@id\":\"https:\/\/www.pmpf.rs.gov.br\/secretaria-de-desenvolvimento-economico\/2025\/10\/23\/aposentados-movimentam-mais-de-r-792-milhoes-anualmente-na-economia-do-municipio\/#primaryimage\",\"url\":\"https:\/\/www.pmpf.rs.gov.br\/secretaria-de-desenvolvimento-economico\/wp-content\/uploads\/sites\/27\/2025\/10\/economia-idoso-scaled.jpg\",\"contentUrl\":\"https:\/\/www.pmpf.rs.gov.br\/secretaria-de-desenvolvimento-economico\/wp-content\/uploads\/sites\/27\/2025\/10\/economia-idoso-scaled.jpg\",\"width\":2560,\"height\":1707,\"caption\":\"Senior woman at supermarket\"},{\"@type\":\"WebSite\",\"@id\":\"https:\/\/www.pmpf.rs.gov.br\/secretaria-de-desenvolvimento-economico\/#website\",\"url\":\"https:\/\/www.pmpf.rs.gov.br\/secretaria-de-desenvolvimento-economico\/\",\"name\":\"Secretaria de Desenvolvimento Econ\u00f4mico\",\"description\":\"S\u00f3 mais um site Prefeitura de Passo Fundo\",\"potentialAction\":[{\"@type\":\"SearchAction\",\"target\":{\"@type\":\"EntryPoint\",\"urlTemplate\":\"https:\/\/www.pmpf.rs.gov.br\/secretaria-de-desenvolvimento-economico\/?s={search_term_string}\"},\"query-input\":{\"@type\":\"PropertyValueSpecification\",\"valueRequired\":true,\"valueName\":\"search_term_string\"}}],\"inLanguage\":\"pt-BR\"},{\"@type\":\"Person\",\"@id\":\"https:\/\/www.pmpf.rs.gov.br\/secretaria-de-desenvolvimento-economico\/#\/schema\/person\/6e93b0ab2174b69f691ac4f278ba2d0a\",\"name\":\"lilicrivello\",\"image\":{\"@type\":\"ImageObject\",\"inLanguage\":\"pt-BR\",\"@id\":\"https:\/\/www.pmpf.rs.gov.br\/secretaria-de-desenvolvimento-economico\/#\/schema\/person\/image\/\",\"url\":\"https:\/\/secure.gravatar.com\/avatar\/0b546b667388f8edb7b67d70a57b5e46?s=96&d=mm&r=g\",\"contentUrl\":\"https:\/\/secure.gravatar.com\/avatar\/0b546b667388f8edb7b67d70a57b5e46?s=96&d=mm&r=g\",\"caption\":\"lilicrivello\"},\"url\":\"https:\/\/www.pmpf.rs.gov.br\/secretaria-de-desenvolvimento-economico\/author\/lilicrivello\/\"}]}<\/script>\n<!-- \/ Yoast SEO plugin. -->","yoast_head_json":{"title":"Aposentados movimentam mais de R$ 792 milh\u00f5es anualmente na economia do munic\u00edpio - Secretaria de Desenvolvimento Econ\u00f4mico","robots":{"index":"index","follow":"follow","max-snippet":"max-snippet:-1","max-image-preview":"max-image-preview:large","max-video-preview":"max-video-preview:-1"},"canonical":"https:\/\/www.pmpf.rs.gov.br\/secretaria-de-desenvolvimento-economico\/2025\/10\/23\/aposentados-movimentam-mais-de-r-792-milhoes-anualmente-na-economia-do-municipio\/","og_locale":"pt_BR","og_type":"article","og_title":"Aposentados movimentam mais de R$ 792 milh\u00f5es anualmente na economia do munic\u00edpio - Secretaria de Desenvolvimento Econ\u00f4mico","og_description":"Um levantamento realizado pelo Observat\u00f3rio Econ\u00f4mico da Prefeitura de Passo Fundo (RS) mostra que o munic\u00edpio possui 14,4% de sua popula\u00e7\u00e3o formada por aposentados. O dado aponta para mais de 29 mil [&hellip;]","og_url":"https:\/\/www.pmpf.rs.gov.br\/secretaria-de-desenvolvimento-economico\/2025\/10\/23\/aposentados-movimentam-mais-de-r-792-milhoes-anualmente-na-economia-do-municipio\/","og_site_name":"Secretaria de Desenvolvimento Econ\u00f4mico","article_published_time":"2025-10-23T13:58:55+00:00","article_modified_time":"2025-10-23T13:59:01+00:00","author":"lilicrivello","twitter_card":"summary_large_image","twitter_misc":{"Escrito por":"lilicrivello","Est. tempo de leitura":"4 minutos"},"schema":{"@context":"https:\/\/schema.org","@graph":[{"@type":"WebPage","@id":"https:\/\/www.pmpf.rs.gov.br\/secretaria-de-desenvolvimento-economico\/2025\/10\/23\/aposentados-movimentam-mais-de-r-792-milhoes-anualmente-na-economia-do-municipio\/","url":"https:\/\/www.pmpf.rs.gov.br\/secretaria-de-desenvolvimento-economico\/2025\/10\/23\/aposentados-movimentam-mais-de-r-792-milhoes-anualmente-na-economia-do-municipio\/","name":"Aposentados movimentam mais de R$ 792 milh\u00f5es anualmente na economia do munic\u00edpio - Secretaria de Desenvolvimento Econ\u00f4mico","isPartOf":{"@id":"https:\/\/www.pmpf.rs.gov.br\/secretaria-de-desenvolvimento-economico\/#website"},"primaryImageOfPage":{"@id":"https:\/\/www.pmpf.rs.gov.br\/secretaria-de-desenvolvimento-economico\/2025\/10\/23\/aposentados-movimentam-mais-de-r-792-milhoes-anualmente-na-economia-do-municipio\/#primaryimage"},"image":{"@id":"https:\/\/www.pmpf.rs.gov.br\/secretaria-de-desenvolvimento-economico\/2025\/10\/23\/aposentados-movimentam-mais-de-r-792-milhoes-anualmente-na-economia-do-municipio\/#primaryimage"},"thumbnailUrl":"https:\/\/www.pmpf.rs.gov.br\/secretaria-de-desenvolvimento-economico\/wp-content\/uploads\/sites\/27\/2025\/10\/economia-idoso-scaled.jpg","datePublished":"2025-10-23T13:58:55+00:00","dateModified":"2025-10-23T13:59:01+00:00","author":{"@id":"https:\/\/www.pmpf.rs.gov.br\/secretaria-de-desenvolvimento-economico\/#\/schema\/person\/6e93b0ab2174b69f691ac4f278ba2d0a"},"inLanguage":"pt-BR","potentialAction":[{"@type":"ReadAction","target":["https:\/\/www.pmpf.rs.gov.br\/secretaria-de-desenvolvimento-economico\/2025\/10\/23\/aposentados-movimentam-mais-de-r-792-milhoes-anualmente-na-economia-do-municipio\/"]}]},{"@type":"ImageObject","inLanguage":"pt-BR","@id":"https:\/\/www.pmpf.rs.gov.br\/secretaria-de-desenvolvimento-economico\/2025\/10\/23\/aposentados-movimentam-mais-de-r-792-milhoes-anualmente-na-economia-do-municipio\/#primaryimage","url":"https:\/\/www.pmpf.rs.gov.br\/secretaria-de-desenvolvimento-economico\/wp-content\/uploads\/sites\/27\/2025\/10\/economia-idoso-scaled.jpg","contentUrl":"https:\/\/www.pmpf.rs.gov.br\/secretaria-de-desenvolvimento-economico\/wp-content\/uploads\/sites\/27\/2025\/10\/economia-idoso-scaled.jpg","width":2560,"height":1707,"caption":"Senior woman at supermarket"},{"@type":"WebSite","@id":"https:\/\/www.pmpf.rs.gov.br\/secretaria-de-desenvolvimento-economico\/#website","url":"https:\/\/www.pmpf.rs.gov.br\/secretaria-de-desenvolvimento-economico\/","name":"Secretaria de Desenvolvimento Econ\u00f4mico","description":"S\u00f3 mais um site Prefeitura de Passo Fundo","potentialAction":[{"@type":"SearchAction","target":{"@type":"EntryPoint","urlTemplate":"https:\/\/www.pmpf.rs.gov.br\/secretaria-de-desenvolvimento-economico\/?s={search_term_string}"},"query-input":{"@type":"PropertyValueSpecification","valueRequired":true,"valueName":"search_term_string"}}],"inLanguage":"pt-BR"},{"@type":"Person","@id":"https:\/\/www.pmpf.rs.gov.br\/secretaria-de-desenvolvimento-economico\/#\/schema\/person\/6e93b0ab2174b69f691ac4f278ba2d0a","name":"lilicrivello","image":{"@type":"ImageObject","inLanguage":"pt-BR","@id":"https:\/\/www.pmpf.rs.gov.br\/secretaria-de-desenvolvimento-economico\/#\/schema\/person\/image\/","url":"https:\/\/secure.gravatar.com\/avatar\/0b546b667388f8edb7b67d70a57b5e46?s=96&d=mm&r=g","contentUrl":"https:\/\/secure.gravatar.com\/avatar\/0b546b667388f8edb7b67d70a57b5e46?s=96&d=mm&r=g","caption":"lilicrivello"},"url":"https:\/\/www.pmpf.rs.gov.br\/secretaria-de-desenvolvimento-economico\/author\/lilicrivello\/"}]}},"_links":{"self":[{"href":"https:\/\/www.pmpf.rs.gov.br\/secretaria-de-desenvolvimento-economico\/wp-json\/wp\/v2\/posts\/2424"}],"collection":[{"href":"https:\/\/www.pmpf.rs.gov.br\/secretaria-de-desenvolvimento-economico\/wp-json\/wp\/v2\/posts"}],"about":[{"href":"https:\/\/www.pmpf.rs.gov.br\/secretaria-de-desenvolvimento-economico\/wp-json\/wp\/v2\/types\/post"}],"author":[{"embeddable":true,"href":"https:\/\/www.pmpf.rs.gov.br\/secretaria-de-desenvolvimento-economico\/wp-json\/wp\/v2\/users\/24"}],"replies":[{"embeddable":true,"href":"https:\/\/www.pmpf.rs.gov.br\/secretaria-de-desenvolvimento-economico\/wp-json\/wp\/v2\/comments?post=2424"}],"version-history":[{"count":1,"href":"https:\/\/www.pmpf.rs.gov.br\/secretaria-de-desenvolvimento-economico\/wp-json\/wp\/v2\/posts\/2424\/revisions"}],"predecessor-version":[{"id":2426,"href":"https:\/\/www.pmpf.rs.gov.br\/secretaria-de-desenvolvimento-economico\/wp-json\/wp\/v2\/posts\/2424\/revisions\/2426"}],"wp:featuredmedia":[{"embeddable":true,"href":"https:\/\/www.pmpf.rs.gov.br\/secretaria-de-desenvolvimento-economico\/wp-json\/wp\/v2\/media\/2425"}],"wp:attachment":[{"href":"https:\/\/www.pmpf.rs.gov.br\/secretaria-de-desenvolvimento-economico\/wp-json\/wp\/v2\/media?parent=2424"}],"wp:term":[{"taxonomy":"category","embeddable":true,"href":"https:\/\/www.pmpf.rs.gov.br\/secretaria-de-desenvolvimento-economico\/wp-json\/wp\/v2\/categories?post=2424"},{"taxonomy":"post_tag","embeddable":true,"href":"https:\/\/www.pmpf.rs.gov.br\/secretaria-de-desenvolvimento-economico\/wp-json\/wp\/v2\/tags?post=2424"}],"curies":[{"name":"wp","href":"https:\/\/api.w.org\/{rel}","templated":true}]}}