{"id":2420,"date":"2025-10-01T11:25:04","date_gmt":"2025-10-01T14:25:04","guid":{"rendered":"https:\/\/www.pmpf.rs.gov.br\/secretaria-de-desenvolvimento-economico\/?p=2420"},"modified":"2025-10-01T11:25:05","modified_gmt":"2025-10-01T14:25:05","slug":"passo-fundo-avanca-para-consolidar-se-como-polo-de-desenvolvimento-economico-com-apoio-da-investrs-e-empresas-internacionais","status":"publish","type":"post","link":"https:\/\/www.pmpf.rs.gov.br\/secretaria-de-desenvolvimento-economico\/2025\/10\/01\/passo-fundo-avanca-para-consolidar-se-como-polo-de-desenvolvimento-economico-com-apoio-da-investrs-e-empresas-internacionais\/","title":{"rendered":"Passo Fundo avan\u00e7a para consolidar-se como polo de desenvolvimento econ\u00f4mico com apoio da InvestRS e empresas internacionais"},"content":{"rendered":"\n<p><\/p>\n\n\n\n<p>O prefeito Pedro Almeida recebeu, nesta segunda-feira (29), representantes da ag\u00eancia de desenvolvimento estadual InvestRS e l\u00edderes de empresas inovadoras, quando reafirmou a voca\u00e7\u00e3o da cidade para atrair novos empreendimentos e fortalecer seu perfil de sustentabilidade e tecnologia, com metas que v\u00e3o at\u00e9 2050. Participaram do encontro Rafael Prikladnicki, presidente da InvestRS; Tara Karimi, cofundadora da empresa americana Cemvita; Luciana Proen\u00e7a, analista de neg\u00f3cios; al\u00e9m de secret\u00e1rios municipais.<\/p>\n\n\n\n<p>Segundo o prefeito, Passo Fundo vive um momento de crescimento econ\u00f4mico e social marcante. Ele destacou que o leil\u00e3o recente do aeroporto funciona como um \u201cmarco do desenvolvimento\u201d, evidenciando a capacidade da cidade de atrair investimento em infraestrutura. O munic\u00edpio est\u00e1 entre os l\u00edderes do estado em gera\u00e7\u00e3o de empregos, e aponta que o or\u00e7amento municipal se quadruplicou nos \u00faltimos 12 anos.<\/p>\n\n\n\n<p>Uma parte expressiva da for\u00e7a econ\u00f4mica local recai sobre a Be8, que j\u00e1 responde por cerca de 23% do PIB de Passo Fundo, e que tende a crescer mais ainda com a instala\u00e7\u00e3o da usina de etanol. O prefeito ressaltou tamb\u00e9m a import\u00e2ncia da educa\u00e7\u00e3o como eixo central: sem m\u00e3o de obra qualificada, disse, n\u00e3o ser\u00e1 poss\u00edvel sustentar o crescimento projetado para os pr\u00f3ximos anos. \u201cSe quisermos olhar para 2050, temos de pensar na educa\u00e7\u00e3o, inova\u00e7\u00e3o e sustentabilidade desde j\u00e1\u201d, afirmou.<\/p>\n\n\n\n<p><strong>O papel da InvestRS<br><\/strong>A InvestRS, com apenas nove meses de atua\u00e7\u00e3o, tem como miss\u00e3o melhorar o ambiente de neg\u00f3cios no Rio Grande do Sul, divulgando ativos e oportunidades nas v\u00e1rias regi\u00f5es estaduais, al\u00e9m de fomentar pol\u00edticas que facilitem investimentos privados. Um dos programas da ag\u00eancia, o \u201cDesenvolve Munic\u00edpio\u201d, j\u00e1 est\u00e1 em curso em Passo Fundo, com secret\u00e1rios locais inscritos para capacita\u00e7\u00e3o voltada \u00e0 atra\u00e7\u00e3o de investimentos.<\/p>\n\n\n\n<p><strong>Inova\u00e7\u00e3o e parcerias internacionais: o projeto Cemvita<br><\/strong>A Cemvita, empresa sediada nos Estados Unidos, apresentou no encontro projeto ambicioso: produzir \u00f3leo de baixo carbono a partir de res\u00edduos industriais, inclusive os gerados pela Be8, visando us\u00e1-lo como combust\u00edvel de avia\u00e7\u00e3o sustent\u00e1vel. A empresa tem contrato com a United Airlines para fornecimento de 1 bilh\u00e3o de gal\u00f5es de combust\u00edvel sustent\u00e1vel at\u00e9 2050. Tara Karimi, uma das l\u00edderes da Cemvita, afirmou que pretende se mudar temporariamente para o Brasil para acompanhar de perto a evolu\u00e7\u00e3o do projeto em Passo Fundo, sinal claro do compromisso com a parceria.<\/p>\n\n\n\n<p><strong>Oportunidades territoriais e competitividade log\u00edstica<br><\/strong>Passo Fundo disponibiliza uma \u00e1rea de 45 hectares \u2014 a antiga Manitowoc \u2014 com aptid\u00e3o para instala\u00e7\u00e3o de grandes ind\u00fastrias, inclusive montadoras de ve\u00edculos. S\u00e3o oferecidos tamb\u00e9m bons acessos log\u00edsticos: a cidade est\u00e1 em terreno elevado, n\u00e3o sofreu com enchentes, pertence ao corredor do M\u00e9dio Sul, e ser\u00e1 favorecida pelas obras estaduais na BR-285 e nos trevos de acesso.<br>Em termos de investimentos recentes, o munic\u00edpio aplicou recursos pr\u00f3prios para R$ 20 milh\u00f5es em melhorias no Distrito Industrial e no trevo de acesso, al\u00e9m de R$ 55 milh\u00f5es injetados na Be8, como parte de sua estrat\u00e9gia de expans\u00e3o.<\/p>\n\n\n\n<p><strong>Vis\u00e3o de futuro e compromisso pol\u00edtico<br><\/strong>Para o prefeito, \u00e9 fundamental apresentar formalmente \u00e0 InvestRS todos os programas, ativos e materiais de Passo Fundo, mostrando ao Estado e a investidores que a cidade est\u00e1 pronta para receber novos empreendimentos. \u201cQueremos consolidar Passo Fundo como polo de inova\u00e7\u00e3o e sustentabilidade\u201d, declarou.<\/p>\n\n\n\n<p>Ele refor\u00e7ou que o planejamento de longo prazo \u2014 at\u00e9 2050 \u2014 exige que a cidade trabalhe hoje nas bases: educa\u00e7\u00e3o, capacita\u00e7\u00e3o, log\u00edstica, infraestrutura e parcerias internacionais. \u201cSe nos preparamos bem agora, poderemos colher crescimento econ\u00f4mico, social e ambiental duradouro. Passo Fundo caminha para afirmar-se como um dos principais polos de desenvolvimento sustent\u00e1vel no Rio Grande do Sul. Com o suporte institucional da InvestRS, iniciativas privadas inovadoras como a Cemvita, e uma administra\u00e7\u00e3o p\u00fablica voltada para o planejamento, a cidade se posiciona de forma competitiva para captar investimentos robustos nos pr\u00f3ximos anos. O desafio agora \u00e9 manter a coer\u00eancia entre discurso e execu\u00e7\u00e3o, garantindo que os projetos sejam conclu\u00eddos, os empregos gerados e que a sustentabilidade esteja de fato no centro desse crescimento\u201d, finaliza o prefeito.<\/p>\n","protected":false},"excerpt":{"rendered":"<p>O prefeito Pedro Almeida recebeu, nesta segunda-feira (29), representantes da ag\u00eancia de desenvolvimento estadual InvestRS e l\u00edderes de empresas inovadoras, quando reafirmou a voca\u00e7\u00e3o da cidade para atrair novos empreendimentos e fortalecer [&hellip;]<\/p>\n","protected":false},"author":24,"featured_media":0,"comment_status":"closed","ping_status":"closed","sticky":false,"template":"","format":"standard","meta":{"footnotes":""},"categories":[1],"tags":[],"class_list":["post-2420","post","type-post","status-publish","format-standard","hentry","category-sem-categoria"],"yoast_head":"<!-- This site is optimized with the Yoast SEO plugin v23.8 - https:\/\/yoast.com\/wordpress\/plugins\/seo\/ -->\n<title>Passo Fundo avan\u00e7a para consolidar-se como polo de desenvolvimento econ\u00f4mico com apoio da InvestRS e empresas internacionais - Secretaria de Desenvolvimento Econ\u00f4mico<\/title>\n<meta name=\"robots\" content=\"index, follow, max-snippet:-1, max-image-preview:large, max-video-preview:-1\" \/>\n<link rel=\"canonical\" href=\"https:\/\/www.pmpf.rs.gov.br\/secretaria-de-desenvolvimento-economico\/2025\/10\/01\/passo-fundo-avanca-para-consolidar-se-como-polo-de-desenvolvimento-economico-com-apoio-da-investrs-e-empresas-internacionais\/\" \/>\n<meta property=\"og:locale\" content=\"pt_BR\" \/>\n<meta property=\"og:type\" content=\"article\" \/>\n<meta property=\"og:title\" content=\"Passo Fundo avan\u00e7a para consolidar-se como polo de desenvolvimento econ\u00f4mico com apoio da InvestRS e empresas internacionais - Secretaria de Desenvolvimento Econ\u00f4mico\" \/>\n<meta property=\"og:description\" content=\"O prefeito Pedro Almeida recebeu, nesta segunda-feira (29), representantes da ag\u00eancia de desenvolvimento estadual InvestRS e l\u00edderes de empresas inovadoras, quando reafirmou a voca\u00e7\u00e3o da cidade para atrair novos empreendimentos e fortalecer [&hellip;]\" \/>\n<meta property=\"og:url\" content=\"https:\/\/www.pmpf.rs.gov.br\/secretaria-de-desenvolvimento-economico\/2025\/10\/01\/passo-fundo-avanca-para-consolidar-se-como-polo-de-desenvolvimento-economico-com-apoio-da-investrs-e-empresas-internacionais\/\" \/>\n<meta property=\"og:site_name\" content=\"Secretaria de Desenvolvimento Econ\u00f4mico\" \/>\n<meta property=\"article:published_time\" content=\"2025-10-01T14:25:04+00:00\" \/>\n<meta property=\"article:modified_time\" content=\"2025-10-01T14:25:05+00:00\" \/>\n<meta name=\"author\" content=\"lilicrivello\" \/>\n<meta name=\"twitter:card\" content=\"summary_large_image\" \/>\n<meta name=\"twitter:label1\" content=\"Escrito por\" \/>\n\t<meta name=\"twitter:data1\" content=\"lilicrivello\" \/>\n\t<meta name=\"twitter:label2\" content=\"Est. tempo de leitura\" \/>\n\t<meta name=\"twitter:data2\" content=\"4 minutos\" \/>\n<script type=\"application\/ld+json\" class=\"yoast-schema-graph\">{\"@context\":\"https:\/\/schema.org\",\"@graph\":[{\"@type\":\"WebPage\",\"@id\":\"https:\/\/www.pmpf.rs.gov.br\/secretaria-de-desenvolvimento-economico\/2025\/10\/01\/passo-fundo-avanca-para-consolidar-se-como-polo-de-desenvolvimento-economico-com-apoio-da-investrs-e-empresas-internacionais\/\",\"url\":\"https:\/\/www.pmpf.rs.gov.br\/secretaria-de-desenvolvimento-economico\/2025\/10\/01\/passo-fundo-avanca-para-consolidar-se-como-polo-de-desenvolvimento-economico-com-apoio-da-investrs-e-empresas-internacionais\/\",\"name\":\"Passo Fundo avan\u00e7a para consolidar-se como polo de desenvolvimento econ\u00f4mico com apoio da InvestRS e empresas internacionais - Secretaria de Desenvolvimento Econ\u00f4mico\",\"isPartOf\":{\"@id\":\"https:\/\/www.pmpf.rs.gov.br\/secretaria-de-desenvolvimento-economico\/#website\"},\"datePublished\":\"2025-10-01T14:25:04+00:00\",\"dateModified\":\"2025-10-01T14:25:05+00:00\",\"author\":{\"@id\":\"https:\/\/www.pmpf.rs.gov.br\/secretaria-de-desenvolvimento-economico\/#\/schema\/person\/6e93b0ab2174b69f691ac4f278ba2d0a\"},\"inLanguage\":\"pt-BR\",\"potentialAction\":[{\"@type\":\"ReadAction\",\"target\":[\"https:\/\/www.pmpf.rs.gov.br\/secretaria-de-desenvolvimento-economico\/2025\/10\/01\/passo-fundo-avanca-para-consolidar-se-como-polo-de-desenvolvimento-economico-com-apoio-da-investrs-e-empresas-internacionais\/\"]}]},{\"@type\":\"WebSite\",\"@id\":\"https:\/\/www.pmpf.rs.gov.br\/secretaria-de-desenvolvimento-economico\/#website\",\"url\":\"https:\/\/www.pmpf.rs.gov.br\/secretaria-de-desenvolvimento-economico\/\",\"name\":\"Secretaria de Desenvolvimento Econ\u00f4mico\",\"description\":\"S\u00f3 mais um site Prefeitura de Passo Fundo\",\"potentialAction\":[{\"@type\":\"SearchAction\",\"target\":{\"@type\":\"EntryPoint\",\"urlTemplate\":\"https:\/\/www.pmpf.rs.gov.br\/secretaria-de-desenvolvimento-economico\/?s={search_term_string}\"},\"query-input\":{\"@type\":\"PropertyValueSpecification\",\"valueRequired\":true,\"valueName\":\"search_term_string\"}}],\"inLanguage\":\"pt-BR\"},{\"@type\":\"Person\",\"@id\":\"https:\/\/www.pmpf.rs.gov.br\/secretaria-de-desenvolvimento-economico\/#\/schema\/person\/6e93b0ab2174b69f691ac4f278ba2d0a\",\"name\":\"lilicrivello\",\"image\":{\"@type\":\"ImageObject\",\"inLanguage\":\"pt-BR\",\"@id\":\"https:\/\/www.pmpf.rs.gov.br\/secretaria-de-desenvolvimento-economico\/#\/schema\/person\/image\/\",\"url\":\"https:\/\/secure.gravatar.com\/avatar\/0b546b667388f8edb7b67d70a57b5e46?s=96&d=mm&r=g\",\"contentUrl\":\"https:\/\/secure.gravatar.com\/avatar\/0b546b667388f8edb7b67d70a57b5e46?s=96&d=mm&r=g\",\"caption\":\"lilicrivello\"},\"url\":\"https:\/\/www.pmpf.rs.gov.br\/secretaria-de-desenvolvimento-economico\/author\/lilicrivello\/\"}]}<\/script>\n<!-- \/ Yoast SEO plugin. -->","yoast_head_json":{"title":"Passo Fundo avan\u00e7a para consolidar-se como polo de desenvolvimento econ\u00f4mico com apoio da InvestRS e empresas internacionais - Secretaria de Desenvolvimento Econ\u00f4mico","robots":{"index":"index","follow":"follow","max-snippet":"max-snippet:-1","max-image-preview":"max-image-preview:large","max-video-preview":"max-video-preview:-1"},"canonical":"https:\/\/www.pmpf.rs.gov.br\/secretaria-de-desenvolvimento-economico\/2025\/10\/01\/passo-fundo-avanca-para-consolidar-se-como-polo-de-desenvolvimento-economico-com-apoio-da-investrs-e-empresas-internacionais\/","og_locale":"pt_BR","og_type":"article","og_title":"Passo Fundo avan\u00e7a para consolidar-se como polo de desenvolvimento econ\u00f4mico com apoio da InvestRS e empresas internacionais - Secretaria de Desenvolvimento Econ\u00f4mico","og_description":"O prefeito Pedro Almeida recebeu, nesta segunda-feira (29), representantes da ag\u00eancia de desenvolvimento estadual InvestRS e l\u00edderes de empresas inovadoras, quando reafirmou a voca\u00e7\u00e3o da cidade para atrair novos empreendimentos e fortalecer [&hellip;]","og_url":"https:\/\/www.pmpf.rs.gov.br\/secretaria-de-desenvolvimento-economico\/2025\/10\/01\/passo-fundo-avanca-para-consolidar-se-como-polo-de-desenvolvimento-economico-com-apoio-da-investrs-e-empresas-internacionais\/","og_site_name":"Secretaria de Desenvolvimento Econ\u00f4mico","article_published_time":"2025-10-01T14:25:04+00:00","article_modified_time":"2025-10-01T14:25:05+00:00","author":"lilicrivello","twitter_card":"summary_large_image","twitter_misc":{"Escrito por":"lilicrivello","Est. tempo de leitura":"4 minutos"},"schema":{"@context":"https:\/\/schema.org","@graph":[{"@type":"WebPage","@id":"https:\/\/www.pmpf.rs.gov.br\/secretaria-de-desenvolvimento-economico\/2025\/10\/01\/passo-fundo-avanca-para-consolidar-se-como-polo-de-desenvolvimento-economico-com-apoio-da-investrs-e-empresas-internacionais\/","url":"https:\/\/www.pmpf.rs.gov.br\/secretaria-de-desenvolvimento-economico\/2025\/10\/01\/passo-fundo-avanca-para-consolidar-se-como-polo-de-desenvolvimento-economico-com-apoio-da-investrs-e-empresas-internacionais\/","name":"Passo Fundo avan\u00e7a para consolidar-se como polo de desenvolvimento econ\u00f4mico com apoio da InvestRS e empresas internacionais - Secretaria de Desenvolvimento Econ\u00f4mico","isPartOf":{"@id":"https:\/\/www.pmpf.rs.gov.br\/secretaria-de-desenvolvimento-economico\/#website"},"datePublished":"2025-10-01T14:25:04+00:00","dateModified":"2025-10-01T14:25:05+00:00","author":{"@id":"https:\/\/www.pmpf.rs.gov.br\/secretaria-de-desenvolvimento-economico\/#\/schema\/person\/6e93b0ab2174b69f691ac4f278ba2d0a"},"inLanguage":"pt-BR","potentialAction":[{"@type":"ReadAction","target":["https:\/\/www.pmpf.rs.gov.br\/secretaria-de-desenvolvimento-economico\/2025\/10\/01\/passo-fundo-avanca-para-consolidar-se-como-polo-de-desenvolvimento-economico-com-apoio-da-investrs-e-empresas-internacionais\/"]}]},{"@type":"WebSite","@id":"https:\/\/www.pmpf.rs.gov.br\/secretaria-de-desenvolvimento-economico\/#website","url":"https:\/\/www.pmpf.rs.gov.br\/secretaria-de-desenvolvimento-economico\/","name":"Secretaria de Desenvolvimento Econ\u00f4mico","description":"S\u00f3 mais um site Prefeitura de Passo Fundo","potentialAction":[{"@type":"SearchAction","target":{"@type":"EntryPoint","urlTemplate":"https:\/\/www.pmpf.rs.gov.br\/secretaria-de-desenvolvimento-economico\/?s={search_term_string}"},"query-input":{"@type":"PropertyValueSpecification","valueRequired":true,"valueName":"search_term_string"}}],"inLanguage":"pt-BR"},{"@type":"Person","@id":"https:\/\/www.pmpf.rs.gov.br\/secretaria-de-desenvolvimento-economico\/#\/schema\/person\/6e93b0ab2174b69f691ac4f278ba2d0a","name":"lilicrivello","image":{"@type":"ImageObject","inLanguage":"pt-BR","@id":"https:\/\/www.pmpf.rs.gov.br\/secretaria-de-desenvolvimento-economico\/#\/schema\/person\/image\/","url":"https:\/\/secure.gravatar.com\/avatar\/0b546b667388f8edb7b67d70a57b5e46?s=96&d=mm&r=g","contentUrl":"https:\/\/secure.gravatar.com\/avatar\/0b546b667388f8edb7b67d70a57b5e46?s=96&d=mm&r=g","caption":"lilicrivello"},"url":"https:\/\/www.pmpf.rs.gov.br\/secretaria-de-desenvolvimento-economico\/author\/lilicrivello\/"}]}},"_links":{"self":[{"href":"https:\/\/www.pmpf.rs.gov.br\/secretaria-de-desenvolvimento-economico\/wp-json\/wp\/v2\/posts\/2420"}],"collection":[{"href":"https:\/\/www.pmpf.rs.gov.br\/secretaria-de-desenvolvimento-economico\/wp-json\/wp\/v2\/posts"}],"about":[{"href":"https:\/\/www.pmpf.rs.gov.br\/secretaria-de-desenvolvimento-economico\/wp-json\/wp\/v2\/types\/post"}],"author":[{"embeddable":true,"href":"https:\/\/www.pmpf.rs.gov.br\/secretaria-de-desenvolvimento-economico\/wp-json\/wp\/v2\/users\/24"}],"replies":[{"embeddable":true,"href":"https:\/\/www.pmpf.rs.gov.br\/secretaria-de-desenvolvimento-economico\/wp-json\/wp\/v2\/comments?post=2420"}],"version-history":[{"count":1,"href":"https:\/\/www.pmpf.rs.gov.br\/secretaria-de-desenvolvimento-economico\/wp-json\/wp\/v2\/posts\/2420\/revisions"}],"predecessor-version":[{"id":2421,"href":"https:\/\/www.pmpf.rs.gov.br\/secretaria-de-desenvolvimento-economico\/wp-json\/wp\/v2\/posts\/2420\/revisions\/2421"}],"wp:attachment":[{"href":"https:\/\/www.pmpf.rs.gov.br\/secretaria-de-desenvolvimento-economico\/wp-json\/wp\/v2\/media?parent=2420"}],"wp:term":[{"taxonomy":"category","embeddable":true,"href":"https:\/\/www.pmpf.rs.gov.br\/secretaria-de-desenvolvimento-economico\/wp-json\/wp\/v2\/categories?post=2420"},{"taxonomy":"post_tag","embeddable":true,"href":"https:\/\/www.pmpf.rs.gov.br\/secretaria-de-desenvolvimento-economico\/wp-json\/wp\/v2\/tags?post=2420"}],"curies":[{"name":"wp","href":"https:\/\/api.w.org\/{rel}","templated":true}]}}