{"id":2345,"date":"2025-06-25T10:18:35","date_gmt":"2025-06-25T13:18:35","guid":{"rendered":"https:\/\/www.pmpf.rs.gov.br\/secretaria-de-desenvolvimento-economico\/?p=2345"},"modified":"2025-11-28T09:29:30","modified_gmt":"2025-11-28T12:29:30","slug":"passo-fundo-realiza-1o-forum-de-turismo-da-regiao-norte-e-prefeito-anuncia-projeto-de-lei-de-incentivo-ao-setor","status":"publish","type":"post","link":"https:\/\/www.pmpf.rs.gov.br\/secretaria-de-desenvolvimento-economico\/2025\/06\/25\/passo-fundo-realiza-1o-forum-de-turismo-da-regiao-norte-e-prefeito-anuncia-projeto-de-lei-de-incentivo-ao-setor\/","title":{"rendered":"Passo Fundo realiza 1\u00ba F\u00f3rum de Turismo da Regi\u00e3o Norte e Prefeito anuncia projeto de lei de incentivo ao setor"},"content":{"rendered":"\n<p><\/p>\n\n\n\n<p>Com o objetivo de fortalecer o turismo regional e promover uma atua\u00e7\u00e3o integrada entre os munic\u00edpios, Passo Fundo sediou, nesta ter\u00e7a-feira (25), o 1\u00ba F\u00f3rum de Turismo da Regi\u00e3o Norte do Rio Grande do Sul. O evento reuniu lideran\u00e7as p\u00fablicas, empres\u00e1rios, conselhos municipais, representantes de entidades e t\u00e9cnicos do setor tur\u00edstico para debater estrat\u00e9gias de desenvolvimento sustent\u00e1vel e a\u00e7\u00f5es conjuntas entre os munic\u00edpios da regi\u00e3o.<\/p>\n\n\n\n<p>A iniciativa foi promovida pela Prefeitura de Passo Fundo, por meio da Secretaria de Desenvolvimento Econ\u00f4mico, em conjunto com o Conselho Municipal de Turismo (Comtur), com o apoio da Secretaria de Turismo do Estado (Setur-RS) e parceiros locais. Realizado no CEPV Passo Fundo, o F\u00f3rum consolidou-se como um movimento regional voltado \u00e0 integra\u00e7\u00e3o de esfor\u00e7os, valoriza\u00e7\u00e3o das potencialidades culturais, naturais e econ\u00f4micas do Norte ga\u00facho e constru\u00e7\u00e3o de uma agenda colaborativa para o turismo.<\/p>\n\n\n\n<p>O prefeito Pedro Almeida anunciou o envio \u00e0 C\u00e2mara Municipal do projeto da Lei de Incentivo ao Turismo, que visa criar mecanismos de apoio a iniciativas do setor. \u201c\u00c9 fundamental que o poder p\u00fablico assuma o compromisso de estruturar pol\u00edticas permanentes para o turismo. Com a Lei de Incentivo ao Turismo, queremos fomentar projetos, valorizar o empreendedorismo local e fortalecer a identidade regional. Acreditamos que o turismo pode e deve ser um vetor de desenvolvimento econ\u00f4mico, inclus\u00e3o social e preserva\u00e7\u00e3o cultural\u201d, afirmou o prefeito.<\/p>\n\n\n\n<p>O secret\u00e1rio de Desenvolvimento Econ\u00f4mico, Adolfo de Freitas, tamb\u00e9m destacou a import\u00e2ncia do evento para a constru\u00e7\u00e3o de um novo momento para o setor. \u201cEssa foi uma ideia do prefeito Pedro, de fazer um f\u00f3rum regional de turismo. \u00c9 o primeiro e esperamos que ele se repita nos pr\u00f3ximos anos. A ideia \u00e9 exatamente essa: fortalecer o turismo regional. Nossa convic\u00e7\u00e3o \u00e9 que o turismo local j\u00e1 existe em Passo Fundo, mas a regi\u00e3o Norte \u00e9 muito rica e tem grande potencial. Precisamos conversar com outras cidades, entender os atrativos tur\u00edsticos de cada uma, criar um ambiente regulat\u00f3rio e integrar esfor\u00e7os, e com o envio do projeto da Lei de Incentivo ao Turismo, iniciamos uma nova fase para o turismo em Passo Fundo e em toda a regi\u00e3o\u201d, pontuou.<\/p>\n\n\n\n<p>Durante o evento, os participantes tiveram a oportunidade de conhecer programas estaduais de incentivo, linhas de financiamento e boas pr\u00e1ticas de gest\u00e3o. Tamb\u00e9m foram promovidos espa\u00e7os para o compartilhamento de experi\u00eancias entre os munic\u00edpios e identifica\u00e7\u00e3o de oportunidades que podem ser desenvolvidas de forma integrada.<\/p>\n\n\n\n<p>O F\u00f3rum refor\u00e7ou o papel estrat\u00e9gico do turismo no crescimento sustent\u00e1vel dos territ\u00f3rios e marcou um passo importante na constru\u00e7\u00e3o de pol\u00edticas p\u00fablicas voltadas ao setor na regi\u00e3o Norte do Estado. A participa\u00e7\u00e3o foi gratuita e voltada a gestores p\u00fablicos, empres\u00e1rios, universidades, conselhos e institui\u00e7\u00f5es parceiras.<\/p>\n","protected":false},"excerpt":{"rendered":"<p>Com o objetivo de fortalecer o turismo regional e promover uma atua\u00e7\u00e3o integrada entre os munic\u00edpios, Passo Fundo sediou, nesta ter\u00e7a-feira (25), o 1\u00ba F\u00f3rum de Turismo da Regi\u00e3o Norte do Rio [&hellip;]<\/p>\n","protected":false},"author":24,"featured_media":2346,"comment_status":"closed","ping_status":"closed","sticky":false,"template":"","format":"standard","meta":{"footnotes":""},"categories":[1],"tags":[],"class_list":["post-2345","post","type-post","status-publish","format-standard","has-post-thumbnail","hentry","category-sem-categoria"],"yoast_head":"<!-- This site is optimized with the Yoast SEO plugin v23.8 - https:\/\/yoast.com\/wordpress\/plugins\/seo\/ -->\n<title>Passo Fundo realiza 1\u00ba F\u00f3rum de Turismo da Regi\u00e3o Norte e Prefeito anuncia projeto de lei de incentivo ao setor - Secretaria de Desenvolvimento Econ\u00f4mico<\/title>\n<meta name=\"robots\" content=\"index, follow, max-snippet:-1, max-image-preview:large, max-video-preview:-1\" \/>\n<link rel=\"canonical\" href=\"https:\/\/www.pmpf.rs.gov.br\/secretaria-de-desenvolvimento-economico\/2025\/06\/25\/passo-fundo-realiza-1o-forum-de-turismo-da-regiao-norte-e-prefeito-anuncia-projeto-de-lei-de-incentivo-ao-setor\/\" \/>\n<meta property=\"og:locale\" content=\"pt_BR\" \/>\n<meta property=\"og:type\" content=\"article\" \/>\n<meta property=\"og:title\" content=\"Passo Fundo realiza 1\u00ba F\u00f3rum de Turismo da Regi\u00e3o Norte e Prefeito anuncia projeto de lei de incentivo ao setor - Secretaria de Desenvolvimento Econ\u00f4mico\" \/>\n<meta property=\"og:description\" content=\"Com o objetivo de fortalecer o turismo regional e promover uma atua\u00e7\u00e3o integrada entre os munic\u00edpios, Passo Fundo sediou, nesta ter\u00e7a-feira (25), o 1\u00ba F\u00f3rum de Turismo da Regi\u00e3o Norte do Rio [&hellip;]\" \/>\n<meta property=\"og:url\" content=\"https:\/\/www.pmpf.rs.gov.br\/secretaria-de-desenvolvimento-economico\/2025\/06\/25\/passo-fundo-realiza-1o-forum-de-turismo-da-regiao-norte-e-prefeito-anuncia-projeto-de-lei-de-incentivo-ao-setor\/\" \/>\n<meta property=\"og:site_name\" content=\"Secretaria de Desenvolvimento Econ\u00f4mico\" \/>\n<meta property=\"article:published_time\" content=\"2025-06-25T13:18:35+00:00\" \/>\n<meta property=\"article:modified_time\" content=\"2025-11-28T12:29:30+00:00\" \/>\n<meta property=\"og:image\" content=\"https:\/\/www.pmpf.rs.gov.br\/secretaria-de-desenvolvimento-economico\/wp-content\/uploads\/sites\/27\/2025\/06\/WhatsApp-Image-2025-06-25-at-10.15.39.jpeg\" \/>\n\t<meta property=\"og:image:width\" content=\"1616\" \/>\n\t<meta property=\"og:image:height\" content=\"1080\" \/>\n\t<meta property=\"og:image:type\" content=\"image\/jpeg\" \/>\n<meta name=\"author\" content=\"lilicrivello\" \/>\n<meta name=\"twitter:card\" content=\"summary_large_image\" \/>\n<meta name=\"twitter:label1\" content=\"Escrito por\" \/>\n\t<meta name=\"twitter:data1\" content=\"lilicrivello\" \/>\n\t<meta name=\"twitter:label2\" content=\"Est. tempo de leitura\" \/>\n\t<meta name=\"twitter:data2\" content=\"2 minutos\" \/>\n<script type=\"application\/ld+json\" class=\"yoast-schema-graph\">{\"@context\":\"https:\/\/schema.org\",\"@graph\":[{\"@type\":\"WebPage\",\"@id\":\"https:\/\/www.pmpf.rs.gov.br\/secretaria-de-desenvolvimento-economico\/2025\/06\/25\/passo-fundo-realiza-1o-forum-de-turismo-da-regiao-norte-e-prefeito-anuncia-projeto-de-lei-de-incentivo-ao-setor\/\",\"url\":\"https:\/\/www.pmpf.rs.gov.br\/secretaria-de-desenvolvimento-economico\/2025\/06\/25\/passo-fundo-realiza-1o-forum-de-turismo-da-regiao-norte-e-prefeito-anuncia-projeto-de-lei-de-incentivo-ao-setor\/\",\"name\":\"Passo Fundo realiza 1\u00ba F\u00f3rum de Turismo da Regi\u00e3o Norte e Prefeito anuncia projeto de lei de incentivo ao setor - Secretaria de Desenvolvimento Econ\u00f4mico\",\"isPartOf\":{\"@id\":\"https:\/\/www.pmpf.rs.gov.br\/secretaria-de-desenvolvimento-economico\/#website\"},\"primaryImageOfPage\":{\"@id\":\"https:\/\/www.pmpf.rs.gov.br\/secretaria-de-desenvolvimento-economico\/2025\/06\/25\/passo-fundo-realiza-1o-forum-de-turismo-da-regiao-norte-e-prefeito-anuncia-projeto-de-lei-de-incentivo-ao-setor\/#primaryimage\"},\"image\":{\"@id\":\"https:\/\/www.pmpf.rs.gov.br\/secretaria-de-desenvolvimento-economico\/2025\/06\/25\/passo-fundo-realiza-1o-forum-de-turismo-da-regiao-norte-e-prefeito-anuncia-projeto-de-lei-de-incentivo-ao-setor\/#primaryimage\"},\"thumbnailUrl\":\"https:\/\/www.pmpf.rs.gov.br\/secretaria-de-desenvolvimento-economico\/wp-content\/uploads\/sites\/27\/2025\/06\/WhatsApp-Image-2025-06-25-at-10.15.39.jpeg\",\"datePublished\":\"2025-06-25T13:18:35+00:00\",\"dateModified\":\"2025-11-28T12:29:30+00:00\",\"author\":{\"@id\":\"https:\/\/www.pmpf.rs.gov.br\/secretaria-de-desenvolvimento-economico\/#\/schema\/person\/6e93b0ab2174b69f691ac4f278ba2d0a\"},\"inLanguage\":\"pt-BR\",\"potentialAction\":[{\"@type\":\"ReadAction\",\"target\":[\"https:\/\/www.pmpf.rs.gov.br\/secretaria-de-desenvolvimento-economico\/2025\/06\/25\/passo-fundo-realiza-1o-forum-de-turismo-da-regiao-norte-e-prefeito-anuncia-projeto-de-lei-de-incentivo-ao-setor\/\"]}]},{\"@type\":\"ImageObject\",\"inLanguage\":\"pt-BR\",\"@id\":\"https:\/\/www.pmpf.rs.gov.br\/secretaria-de-desenvolvimento-economico\/2025\/06\/25\/passo-fundo-realiza-1o-forum-de-turismo-da-regiao-norte-e-prefeito-anuncia-projeto-de-lei-de-incentivo-ao-setor\/#primaryimage\",\"url\":\"https:\/\/www.pmpf.rs.gov.br\/secretaria-de-desenvolvimento-economico\/wp-content\/uploads\/sites\/27\/2025\/06\/WhatsApp-Image-2025-06-25-at-10.15.39.jpeg\",\"contentUrl\":\"https:\/\/www.pmpf.rs.gov.br\/secretaria-de-desenvolvimento-economico\/wp-content\/uploads\/sites\/27\/2025\/06\/WhatsApp-Image-2025-06-25-at-10.15.39.jpeg\",\"width\":1616,\"height\":1080},{\"@type\":\"WebSite\",\"@id\":\"https:\/\/www.pmpf.rs.gov.br\/secretaria-de-desenvolvimento-economico\/#website\",\"url\":\"https:\/\/www.pmpf.rs.gov.br\/secretaria-de-desenvolvimento-economico\/\",\"name\":\"Secretaria de Desenvolvimento Econ\u00f4mico\",\"description\":\"S\u00f3 mais um site Prefeitura de Passo Fundo\",\"potentialAction\":[{\"@type\":\"SearchAction\",\"target\":{\"@type\":\"EntryPoint\",\"urlTemplate\":\"https:\/\/www.pmpf.rs.gov.br\/secretaria-de-desenvolvimento-economico\/?s={search_term_string}\"},\"query-input\":{\"@type\":\"PropertyValueSpecification\",\"valueRequired\":true,\"valueName\":\"search_term_string\"}}],\"inLanguage\":\"pt-BR\"},{\"@type\":\"Person\",\"@id\":\"https:\/\/www.pmpf.rs.gov.br\/secretaria-de-desenvolvimento-economico\/#\/schema\/person\/6e93b0ab2174b69f691ac4f278ba2d0a\",\"name\":\"lilicrivello\",\"image\":{\"@type\":\"ImageObject\",\"inLanguage\":\"pt-BR\",\"@id\":\"https:\/\/www.pmpf.rs.gov.br\/secretaria-de-desenvolvimento-economico\/#\/schema\/person\/image\/\",\"url\":\"https:\/\/secure.gravatar.com\/avatar\/0b546b667388f8edb7b67d70a57b5e46?s=96&d=mm&r=g\",\"contentUrl\":\"https:\/\/secure.gravatar.com\/avatar\/0b546b667388f8edb7b67d70a57b5e46?s=96&d=mm&r=g\",\"caption\":\"lilicrivello\"},\"url\":\"https:\/\/www.pmpf.rs.gov.br\/secretaria-de-desenvolvimento-economico\/author\/lilicrivello\/\"}]}<\/script>\n<!-- \/ Yoast SEO plugin. -->","yoast_head_json":{"title":"Passo Fundo realiza 1\u00ba F\u00f3rum de Turismo da Regi\u00e3o Norte e Prefeito anuncia projeto de lei de incentivo ao setor - Secretaria de Desenvolvimento Econ\u00f4mico","robots":{"index":"index","follow":"follow","max-snippet":"max-snippet:-1","max-image-preview":"max-image-preview:large","max-video-preview":"max-video-preview:-1"},"canonical":"https:\/\/www.pmpf.rs.gov.br\/secretaria-de-desenvolvimento-economico\/2025\/06\/25\/passo-fundo-realiza-1o-forum-de-turismo-da-regiao-norte-e-prefeito-anuncia-projeto-de-lei-de-incentivo-ao-setor\/","og_locale":"pt_BR","og_type":"article","og_title":"Passo Fundo realiza 1\u00ba F\u00f3rum de Turismo da Regi\u00e3o Norte e Prefeito anuncia projeto de lei de incentivo ao setor - Secretaria de Desenvolvimento Econ\u00f4mico","og_description":"Com o objetivo de fortalecer o turismo regional e promover uma atua\u00e7\u00e3o integrada entre os munic\u00edpios, Passo Fundo sediou, nesta ter\u00e7a-feira (25), o 1\u00ba F\u00f3rum de Turismo da Regi\u00e3o Norte do Rio [&hellip;]","og_url":"https:\/\/www.pmpf.rs.gov.br\/secretaria-de-desenvolvimento-economico\/2025\/06\/25\/passo-fundo-realiza-1o-forum-de-turismo-da-regiao-norte-e-prefeito-anuncia-projeto-de-lei-de-incentivo-ao-setor\/","og_site_name":"Secretaria de Desenvolvimento Econ\u00f4mico","article_published_time":"2025-06-25T13:18:35+00:00","article_modified_time":"2025-11-28T12:29:30+00:00","og_image":[{"width":1616,"height":1080,"url":"https:\/\/www.pmpf.rs.gov.br\/secretaria-de-desenvolvimento-economico\/wp-content\/uploads\/sites\/27\/2025\/06\/WhatsApp-Image-2025-06-25-at-10.15.39.jpeg","type":"image\/jpeg"}],"author":"lilicrivello","twitter_card":"summary_large_image","twitter_misc":{"Escrito por":"lilicrivello","Est. tempo de leitura":"2 minutos"},"schema":{"@context":"https:\/\/schema.org","@graph":[{"@type":"WebPage","@id":"https:\/\/www.pmpf.rs.gov.br\/secretaria-de-desenvolvimento-economico\/2025\/06\/25\/passo-fundo-realiza-1o-forum-de-turismo-da-regiao-norte-e-prefeito-anuncia-projeto-de-lei-de-incentivo-ao-setor\/","url":"https:\/\/www.pmpf.rs.gov.br\/secretaria-de-desenvolvimento-economico\/2025\/06\/25\/passo-fundo-realiza-1o-forum-de-turismo-da-regiao-norte-e-prefeito-anuncia-projeto-de-lei-de-incentivo-ao-setor\/","name":"Passo Fundo realiza 1\u00ba F\u00f3rum de Turismo da Regi\u00e3o Norte e Prefeito anuncia projeto de lei de incentivo ao setor - Secretaria de Desenvolvimento Econ\u00f4mico","isPartOf":{"@id":"https:\/\/www.pmpf.rs.gov.br\/secretaria-de-desenvolvimento-economico\/#website"},"primaryImageOfPage":{"@id":"https:\/\/www.pmpf.rs.gov.br\/secretaria-de-desenvolvimento-economico\/2025\/06\/25\/passo-fundo-realiza-1o-forum-de-turismo-da-regiao-norte-e-prefeito-anuncia-projeto-de-lei-de-incentivo-ao-setor\/#primaryimage"},"image":{"@id":"https:\/\/www.pmpf.rs.gov.br\/secretaria-de-desenvolvimento-economico\/2025\/06\/25\/passo-fundo-realiza-1o-forum-de-turismo-da-regiao-norte-e-prefeito-anuncia-projeto-de-lei-de-incentivo-ao-setor\/#primaryimage"},"thumbnailUrl":"https:\/\/www.pmpf.rs.gov.br\/secretaria-de-desenvolvimento-economico\/wp-content\/uploads\/sites\/27\/2025\/06\/WhatsApp-Image-2025-06-25-at-10.15.39.jpeg","datePublished":"2025-06-25T13:18:35+00:00","dateModified":"2025-11-28T12:29:30+00:00","author":{"@id":"https:\/\/www.pmpf.rs.gov.br\/secretaria-de-desenvolvimento-economico\/#\/schema\/person\/6e93b0ab2174b69f691ac4f278ba2d0a"},"inLanguage":"pt-BR","potentialAction":[{"@type":"ReadAction","target":["https:\/\/www.pmpf.rs.gov.br\/secretaria-de-desenvolvimento-economico\/2025\/06\/25\/passo-fundo-realiza-1o-forum-de-turismo-da-regiao-norte-e-prefeito-anuncia-projeto-de-lei-de-incentivo-ao-setor\/"]}]},{"@type":"ImageObject","inLanguage":"pt-BR","@id":"https:\/\/www.pmpf.rs.gov.br\/secretaria-de-desenvolvimento-economico\/2025\/06\/25\/passo-fundo-realiza-1o-forum-de-turismo-da-regiao-norte-e-prefeito-anuncia-projeto-de-lei-de-incentivo-ao-setor\/#primaryimage","url":"https:\/\/www.pmpf.rs.gov.br\/secretaria-de-desenvolvimento-economico\/wp-content\/uploads\/sites\/27\/2025\/06\/WhatsApp-Image-2025-06-25-at-10.15.39.jpeg","contentUrl":"https:\/\/www.pmpf.rs.gov.br\/secretaria-de-desenvolvimento-economico\/wp-content\/uploads\/sites\/27\/2025\/06\/WhatsApp-Image-2025-06-25-at-10.15.39.jpeg","width":1616,"height":1080},{"@type":"WebSite","@id":"https:\/\/www.pmpf.rs.gov.br\/secretaria-de-desenvolvimento-economico\/#website","url":"https:\/\/www.pmpf.rs.gov.br\/secretaria-de-desenvolvimento-economico\/","name":"Secretaria de Desenvolvimento Econ\u00f4mico","description":"S\u00f3 mais um site Prefeitura de Passo Fundo","potentialAction":[{"@type":"SearchAction","target":{"@type":"EntryPoint","urlTemplate":"https:\/\/www.pmpf.rs.gov.br\/secretaria-de-desenvolvimento-economico\/?s={search_term_string}"},"query-input":{"@type":"PropertyValueSpecification","valueRequired":true,"valueName":"search_term_string"}}],"inLanguage":"pt-BR"},{"@type":"Person","@id":"https:\/\/www.pmpf.rs.gov.br\/secretaria-de-desenvolvimento-economico\/#\/schema\/person\/6e93b0ab2174b69f691ac4f278ba2d0a","name":"lilicrivello","image":{"@type":"ImageObject","inLanguage":"pt-BR","@id":"https:\/\/www.pmpf.rs.gov.br\/secretaria-de-desenvolvimento-economico\/#\/schema\/person\/image\/","url":"https:\/\/secure.gravatar.com\/avatar\/0b546b667388f8edb7b67d70a57b5e46?s=96&d=mm&r=g","contentUrl":"https:\/\/secure.gravatar.com\/avatar\/0b546b667388f8edb7b67d70a57b5e46?s=96&d=mm&r=g","caption":"lilicrivello"},"url":"https:\/\/www.pmpf.rs.gov.br\/secretaria-de-desenvolvimento-economico\/author\/lilicrivello\/"}]}},"_links":{"self":[{"href":"https:\/\/www.pmpf.rs.gov.br\/secretaria-de-desenvolvimento-economico\/wp-json\/wp\/v2\/posts\/2345"}],"collection":[{"href":"https:\/\/www.pmpf.rs.gov.br\/secretaria-de-desenvolvimento-economico\/wp-json\/wp\/v2\/posts"}],"about":[{"href":"https:\/\/www.pmpf.rs.gov.br\/secretaria-de-desenvolvimento-economico\/wp-json\/wp\/v2\/types\/post"}],"author":[{"embeddable":true,"href":"https:\/\/www.pmpf.rs.gov.br\/secretaria-de-desenvolvimento-economico\/wp-json\/wp\/v2\/users\/24"}],"replies":[{"embeddable":true,"href":"https:\/\/www.pmpf.rs.gov.br\/secretaria-de-desenvolvimento-economico\/wp-json\/wp\/v2\/comments?post=2345"}],"version-history":[{"count":1,"href":"https:\/\/www.pmpf.rs.gov.br\/secretaria-de-desenvolvimento-economico\/wp-json\/wp\/v2\/posts\/2345\/revisions"}],"predecessor-version":[{"id":2347,"href":"https:\/\/www.pmpf.rs.gov.br\/secretaria-de-desenvolvimento-economico\/wp-json\/wp\/v2\/posts\/2345\/revisions\/2347"}],"wp:featuredmedia":[{"embeddable":true,"href":"https:\/\/www.pmpf.rs.gov.br\/secretaria-de-desenvolvimento-economico\/wp-json\/wp\/v2\/media\/2346"}],"wp:attachment":[{"href":"https:\/\/www.pmpf.rs.gov.br\/secretaria-de-desenvolvimento-economico\/wp-json\/wp\/v2\/media?parent=2345"}],"wp:term":[{"taxonomy":"category","embeddable":true,"href":"https:\/\/www.pmpf.rs.gov.br\/secretaria-de-desenvolvimento-economico\/wp-json\/wp\/v2\/categories?post=2345"},{"taxonomy":"post_tag","embeddable":true,"href":"https:\/\/www.pmpf.rs.gov.br\/secretaria-de-desenvolvimento-economico\/wp-json\/wp\/v2\/tags?post=2345"}],"curies":[{"name":"wp","href":"https:\/\/api.w.org\/{rel}","templated":true}]}}