{"id":2290,"date":"2024-06-18T13:47:02","date_gmt":"2024-06-18T16:47:02","guid":{"rendered":"https:\/\/www.pmpf.rs.gov.br\/secretaria-de-desenvolvimento-economico\/?p=2290"},"modified":"2024-06-21T10:04:55","modified_gmt":"2024-06-21T13:04:55","slug":"primeira-edicao-do-ano-do-cafe-com-emprego-oferece-mais-de-mil-vagas","status":"publish","type":"post","link":"https:\/\/www.pmpf.rs.gov.br\/secretaria-de-desenvolvimento-economico\/2024\/06\/18\/primeira-edicao-do-ano-do-cafe-com-emprego-oferece-mais-de-mil-vagas\/","title":{"rendered":"Primeira edi\u00e7\u00e3o do ano do Caf\u00e9 com Emprego oferece mais de mil vagas"},"content":{"rendered":"\n<p>A Prefeitura de Passo Fundo realizou nesta ter\u00e7a-feira (18), a primeira edi\u00e7\u00e3o do ano do Caf\u00e9 com Emprego, um programa de inser\u00e7\u00e3o no mercado de trabalho que vem transformando vidas e impulsionando o desenvolvimento econ\u00f4mico do munic\u00edpio. Nesta edi\u00e7\u00e3o, o evento superou as expectativas, ofertando mais de 1040 vagas de emprego, com a participa\u00e7\u00e3o de 40 empresas, um recorde hist\u00f3rico tanto em n\u00famero de vagas quanto de empresas envolvidas.<\/p>\n\n\n\n<p>O Caf\u00e9 com Emprego tem como objetivo conectar trabalhadores em busca de oportunidades com empresas que possuem vagas dispon\u00edveis no munic\u00edpio. Al\u00e9m de facilitar o acesso direto \u00e0s vagas, o programa tamb\u00e9m oferece cursos de qualifica\u00e7\u00e3o e capacita\u00e7\u00e3o profissional, permitindo que os trabalhadores se preparem melhor para atender \u00e0s demandas espec\u00edficas dos setores produtivos da regi\u00e3o, como a ind\u00fastria, com\u00e9rcio e presta\u00e7\u00e3o de servi\u00e7os.<\/p>\n\n\n\n<p>As oportunidades s\u00e3o voltadas para o p\u00fablico geral, pessoas com mais de 50 anos, pessoas com defici\u00eancia e est\u00e1gios, ampliando assim o alcance e a inclus\u00e3o no mercado de trabalho. O secret\u00e1rio de Desenvolvimento Econ\u00f4mico, Diorges Oliveira, destacou a import\u00e2ncia do programa para a economia local: \u201cIsso significa que os trabalhadores podem se preparar melhor para preencher os postos de trabalho de acordo com as demandas espec\u00edficas dos setores produtivos e econ\u00f4micos da nossa regi\u00e3o\u201d, pontuou.<\/p>\n\n\n\n<p>O Prefeito Pedro Almeida ressaltou a import\u00e2ncia da capacita\u00e7\u00e3o profissional para o desenvolvimento do munic\u00edpio. \u201cO desenvolvimento de uma cidade passa pela capacita\u00e7\u00e3o profissional da popula\u00e7\u00e3o. Programas como o Caf\u00e9 com Emprego s\u00e3o essenciais para garantir que nossos cidad\u00e3os estejam preparados para as oportunidades que surgem, fortalecendo nossa economia e melhorando a qualidade de vida de todos. Este programa ajudou muito Passo Fundo a conquistar o t\u00edtulo de segunda cidade no Estado e a primeira no interior, em gera\u00e7\u00e3o de empregos no Rio Grande do Sul. Um grande programa, que beneficia muitas pessoas e que queremos seguir cada vez mais apostando nele\u201d, enalteceu o prefeito.<\/p>\n\n\n\n<p>Conforme a psic\u00f3loga da Semeato, Daiane de Quadros, a empresa est\u00e1 muito contente com o resultado da sua primeira participa\u00e7\u00e3o como recrutadora no Caf\u00e9 Com Emprego. \u201cA empresa \u00e9 muito forte no mercado de m\u00e1quinas agr\u00edcolas, a gente gostaria de atrair muito mais candidatos, mais pessoas para trabalharem conosco. Ent\u00e3o estamos muito contentes de participar do evento\u201d, relatou.<\/p>\n\n\n\n<p>Pedro Valdir, de 61 anos, foi um dos participantes do evento, buscando uma recoloca\u00e7\u00e3o no mercado de trabalho ap\u00f3s 22 anos atuando na \u00e1rea de seguran\u00e7a. \u201cTenho dificuldade de achar um trabalho por causa da minha idade. O evento \u00e9 muito bom, inclusive para as pessoas da minha idade,\u201d comentou Pedro.<\/p>\n\n\n\n<p>Giordana, de 20 anos, foi at\u00e9 o evento com a expectativa de uma oportunidade. A estudante veio do Amazonas morar em Passo Fundo. \u201cEstou morando h\u00e1 pouco tempo em Passo Fundo e esta \u00e9 sem d\u00favida, a melhor maneira de encontrar uma oportunidade para um trabalho. Tem praticamente todas as empresas aqui procurando trabalhadores, dando oportunidade \u00e0s pessoas, um mundo muito aberto de possibilidades. Eu e a minha fam\u00edlia, viemos visitar Passo Fundo e resolvemos ficar para morar porque a cidade \u00e9 muito boa, muito acess\u00edvel e muito segura tamb\u00e9m\u201d, comenta.<\/p>\n\n\n\n<p>Paulo, de 60 anos, que trabalha com obras e est\u00e1 h\u00e1 dois anos em busca de uma nova coloca\u00e7\u00e3o, tamb\u00e9m valorizou a iniciativa: \u201cO evento \u00e9 uma oportunidade das pessoas saberem onde buscar as vagas que est\u00e3o dispon\u00edveis. \u00c9 mais f\u00e1cil conseguir um novo emprego com as vagas concentradas num s\u00f3 local\u201d, frisou.<\/p>\n\n\n\n<p>O programa tamb\u00e9m demonstrou seu compromisso com a inclus\u00e3o digital e a acessibilidade, oferecendo a confec\u00e7\u00e3o de curr\u00edculos na hora para aqueles que ainda n\u00e3o tinham um documento pronto.<\/p>\n\n\n\n<p>Desde a sua cria\u00e7\u00e3o, o Caf\u00e9 com Emprego j\u00e1 contribuiu para a inser\u00e7\u00e3o de aproximadamente 1500 pessoas no mercado formal de trabalho em Passo Fundo, fortalecendo a economia local e contribuindo significativamente para o crescimento do munic\u00edpio. \u201cCom a confian\u00e7a das empresas no programa e na economia do segundo semestre, a expectativa \u00e9 de que o Caf\u00e9 com Emprego continue sendo um motor de oportunidades e desenvolvimento para Passo Fundo, garantindo que mais cidad\u00e3os encontrem o caminho para a inser\u00e7\u00e3o profissional e o sucesso econ\u00f4mico. As empresas s\u00f3 contratam se acreditam que o segundo semestre vai ser bom\u201d, finaliza Oliveira.<\/p>\n","protected":false},"excerpt":{"rendered":"<p>Evento superou as expectativas, tanto em n\u00famero de vagas quanto de empresas envolvidas<\/p>\n","protected":false},"author":24,"featured_media":2291,"comment_status":"closed","ping_status":"closed","sticky":false,"template":"","format":"standard","meta":{"footnotes":""},"categories":[1],"tags":[],"class_list":["post-2290","post","type-post","status-publish","format-standard","has-post-thumbnail","hentry","category-sem-categoria"],"yoast_head":"<!-- This site is optimized with the Yoast SEO plugin v23.8 - https:\/\/yoast.com\/wordpress\/plugins\/seo\/ -->\n<title>Primeira edi\u00e7\u00e3o do ano do Caf\u00e9 com Emprego oferece mais de mil vagas - Secretaria de Desenvolvimento Econ\u00f4mico<\/title>\n<meta name=\"robots\" content=\"index, follow, max-snippet:-1, max-image-preview:large, max-video-preview:-1\" \/>\n<link rel=\"canonical\" href=\"https:\/\/www.pmpf.rs.gov.br\/secretaria-de-desenvolvimento-economico\/2024\/06\/18\/primeira-edicao-do-ano-do-cafe-com-emprego-oferece-mais-de-mil-vagas\/\" \/>\n<meta property=\"og:locale\" content=\"pt_BR\" \/>\n<meta property=\"og:type\" content=\"article\" \/>\n<meta property=\"og:title\" content=\"Primeira edi\u00e7\u00e3o do ano do Caf\u00e9 com Emprego oferece mais de mil vagas - Secretaria de Desenvolvimento Econ\u00f4mico\" \/>\n<meta property=\"og:description\" content=\"Evento superou as expectativas, tanto em n\u00famero de vagas quanto de empresas envolvidas\" \/>\n<meta property=\"og:url\" content=\"https:\/\/www.pmpf.rs.gov.br\/secretaria-de-desenvolvimento-economico\/2024\/06\/18\/primeira-edicao-do-ano-do-cafe-com-emprego-oferece-mais-de-mil-vagas\/\" \/>\n<meta property=\"og:site_name\" content=\"Secretaria de Desenvolvimento Econ\u00f4mico\" \/>\n<meta property=\"article:published_time\" content=\"2024-06-18T16:47:02+00:00\" \/>\n<meta property=\"article:modified_time\" content=\"2024-06-21T13:04:55+00:00\" \/>\n<meta property=\"og:image\" content=\"https:\/\/www.pmpf.rs.gov.br\/secretaria-de-desenvolvimento-economico\/wp-content\/uploads\/sites\/27\/2024\/06\/JHP02958-scaled.jpg\" \/>\n\t<meta property=\"og:image:width\" content=\"2560\" \/>\n\t<meta property=\"og:image:height\" content=\"1710\" \/>\n\t<meta property=\"og:image:type\" content=\"image\/jpeg\" \/>\n<meta name=\"author\" content=\"lilicrivello\" \/>\n<meta name=\"twitter:card\" content=\"summary_large_image\" \/>\n<meta name=\"twitter:label1\" content=\"Escrito por\" \/>\n\t<meta name=\"twitter:data1\" content=\"lilicrivello\" \/>\n\t<meta name=\"twitter:label2\" content=\"Est. tempo de leitura\" \/>\n\t<meta name=\"twitter:data2\" content=\"4 minutos\" \/>\n<script type=\"application\/ld+json\" class=\"yoast-schema-graph\">{\"@context\":\"https:\/\/schema.org\",\"@graph\":[{\"@type\":\"WebPage\",\"@id\":\"https:\/\/www.pmpf.rs.gov.br\/secretaria-de-desenvolvimento-economico\/2024\/06\/18\/primeira-edicao-do-ano-do-cafe-com-emprego-oferece-mais-de-mil-vagas\/\",\"url\":\"https:\/\/www.pmpf.rs.gov.br\/secretaria-de-desenvolvimento-economico\/2024\/06\/18\/primeira-edicao-do-ano-do-cafe-com-emprego-oferece-mais-de-mil-vagas\/\",\"name\":\"Primeira edi\u00e7\u00e3o do ano do Caf\u00e9 com Emprego oferece mais de mil vagas - Secretaria de Desenvolvimento Econ\u00f4mico\",\"isPartOf\":{\"@id\":\"https:\/\/www.pmpf.rs.gov.br\/secretaria-de-desenvolvimento-economico\/#website\"},\"primaryImageOfPage\":{\"@id\":\"https:\/\/www.pmpf.rs.gov.br\/secretaria-de-desenvolvimento-economico\/2024\/06\/18\/primeira-edicao-do-ano-do-cafe-com-emprego-oferece-mais-de-mil-vagas\/#primaryimage\"},\"image\":{\"@id\":\"https:\/\/www.pmpf.rs.gov.br\/secretaria-de-desenvolvimento-economico\/2024\/06\/18\/primeira-edicao-do-ano-do-cafe-com-emprego-oferece-mais-de-mil-vagas\/#primaryimage\"},\"thumbnailUrl\":\"https:\/\/www.pmpf.rs.gov.br\/secretaria-de-desenvolvimento-economico\/wp-content\/uploads\/sites\/27\/2024\/06\/JHP02958-scaled.jpg\",\"datePublished\":\"2024-06-18T16:47:02+00:00\",\"dateModified\":\"2024-06-21T13:04:55+00:00\",\"author\":{\"@id\":\"https:\/\/www.pmpf.rs.gov.br\/secretaria-de-desenvolvimento-economico\/#\/schema\/person\/6e93b0ab2174b69f691ac4f278ba2d0a\"},\"inLanguage\":\"pt-BR\",\"potentialAction\":[{\"@type\":\"ReadAction\",\"target\":[\"https:\/\/www.pmpf.rs.gov.br\/secretaria-de-desenvolvimento-economico\/2024\/06\/18\/primeira-edicao-do-ano-do-cafe-com-emprego-oferece-mais-de-mil-vagas\/\"]}]},{\"@type\":\"ImageObject\",\"inLanguage\":\"pt-BR\",\"@id\":\"https:\/\/www.pmpf.rs.gov.br\/secretaria-de-desenvolvimento-economico\/2024\/06\/18\/primeira-edicao-do-ano-do-cafe-com-emprego-oferece-mais-de-mil-vagas\/#primaryimage\",\"url\":\"https:\/\/www.pmpf.rs.gov.br\/secretaria-de-desenvolvimento-economico\/wp-content\/uploads\/sites\/27\/2024\/06\/JHP02958-scaled.jpg\",\"contentUrl\":\"https:\/\/www.pmpf.rs.gov.br\/secretaria-de-desenvolvimento-economico\/wp-content\/uploads\/sites\/27\/2024\/06\/JHP02958-scaled.jpg\",\"width\":2560,\"height\":1710},{\"@type\":\"WebSite\",\"@id\":\"https:\/\/www.pmpf.rs.gov.br\/secretaria-de-desenvolvimento-economico\/#website\",\"url\":\"https:\/\/www.pmpf.rs.gov.br\/secretaria-de-desenvolvimento-economico\/\",\"name\":\"Secretaria de Desenvolvimento Econ\u00f4mico\",\"description\":\"S\u00f3 mais um site Prefeitura de Passo Fundo\",\"potentialAction\":[{\"@type\":\"SearchAction\",\"target\":{\"@type\":\"EntryPoint\",\"urlTemplate\":\"https:\/\/www.pmpf.rs.gov.br\/secretaria-de-desenvolvimento-economico\/?s={search_term_string}\"},\"query-input\":{\"@type\":\"PropertyValueSpecification\",\"valueRequired\":true,\"valueName\":\"search_term_string\"}}],\"inLanguage\":\"pt-BR\"},{\"@type\":\"Person\",\"@id\":\"https:\/\/www.pmpf.rs.gov.br\/secretaria-de-desenvolvimento-economico\/#\/schema\/person\/6e93b0ab2174b69f691ac4f278ba2d0a\",\"name\":\"lilicrivello\",\"image\":{\"@type\":\"ImageObject\",\"inLanguage\":\"pt-BR\",\"@id\":\"https:\/\/www.pmpf.rs.gov.br\/secretaria-de-desenvolvimento-economico\/#\/schema\/person\/image\/\",\"url\":\"https:\/\/secure.gravatar.com\/avatar\/0b546b667388f8edb7b67d70a57b5e46?s=96&d=mm&r=g\",\"contentUrl\":\"https:\/\/secure.gravatar.com\/avatar\/0b546b667388f8edb7b67d70a57b5e46?s=96&d=mm&r=g\",\"caption\":\"lilicrivello\"},\"url\":\"https:\/\/www.pmpf.rs.gov.br\/secretaria-de-desenvolvimento-economico\/author\/lilicrivello\/\"}]}<\/script>\n<!-- \/ Yoast SEO plugin. -->","yoast_head_json":{"title":"Primeira edi\u00e7\u00e3o do ano do Caf\u00e9 com Emprego oferece mais de mil vagas - Secretaria de Desenvolvimento Econ\u00f4mico","robots":{"index":"index","follow":"follow","max-snippet":"max-snippet:-1","max-image-preview":"max-image-preview:large","max-video-preview":"max-video-preview:-1"},"canonical":"https:\/\/www.pmpf.rs.gov.br\/secretaria-de-desenvolvimento-economico\/2024\/06\/18\/primeira-edicao-do-ano-do-cafe-com-emprego-oferece-mais-de-mil-vagas\/","og_locale":"pt_BR","og_type":"article","og_title":"Primeira edi\u00e7\u00e3o do ano do Caf\u00e9 com Emprego oferece mais de mil vagas - Secretaria de Desenvolvimento Econ\u00f4mico","og_description":"Evento superou as expectativas, tanto em n\u00famero de vagas quanto de empresas envolvidas","og_url":"https:\/\/www.pmpf.rs.gov.br\/secretaria-de-desenvolvimento-economico\/2024\/06\/18\/primeira-edicao-do-ano-do-cafe-com-emprego-oferece-mais-de-mil-vagas\/","og_site_name":"Secretaria de Desenvolvimento Econ\u00f4mico","article_published_time":"2024-06-18T16:47:02+00:00","article_modified_time":"2024-06-21T13:04:55+00:00","og_image":[{"width":2560,"height":1710,"url":"https:\/\/www.pmpf.rs.gov.br\/secretaria-de-desenvolvimento-economico\/wp-content\/uploads\/sites\/27\/2024\/06\/JHP02958-scaled.jpg","type":"image\/jpeg"}],"author":"lilicrivello","twitter_card":"summary_large_image","twitter_misc":{"Escrito por":"lilicrivello","Est. tempo de leitura":"4 minutos"},"schema":{"@context":"https:\/\/schema.org","@graph":[{"@type":"WebPage","@id":"https:\/\/www.pmpf.rs.gov.br\/secretaria-de-desenvolvimento-economico\/2024\/06\/18\/primeira-edicao-do-ano-do-cafe-com-emprego-oferece-mais-de-mil-vagas\/","url":"https:\/\/www.pmpf.rs.gov.br\/secretaria-de-desenvolvimento-economico\/2024\/06\/18\/primeira-edicao-do-ano-do-cafe-com-emprego-oferece-mais-de-mil-vagas\/","name":"Primeira edi\u00e7\u00e3o do ano do Caf\u00e9 com Emprego oferece mais de mil vagas - Secretaria de Desenvolvimento Econ\u00f4mico","isPartOf":{"@id":"https:\/\/www.pmpf.rs.gov.br\/secretaria-de-desenvolvimento-economico\/#website"},"primaryImageOfPage":{"@id":"https:\/\/www.pmpf.rs.gov.br\/secretaria-de-desenvolvimento-economico\/2024\/06\/18\/primeira-edicao-do-ano-do-cafe-com-emprego-oferece-mais-de-mil-vagas\/#primaryimage"},"image":{"@id":"https:\/\/www.pmpf.rs.gov.br\/secretaria-de-desenvolvimento-economico\/2024\/06\/18\/primeira-edicao-do-ano-do-cafe-com-emprego-oferece-mais-de-mil-vagas\/#primaryimage"},"thumbnailUrl":"https:\/\/www.pmpf.rs.gov.br\/secretaria-de-desenvolvimento-economico\/wp-content\/uploads\/sites\/27\/2024\/06\/JHP02958-scaled.jpg","datePublished":"2024-06-18T16:47:02+00:00","dateModified":"2024-06-21T13:04:55+00:00","author":{"@id":"https:\/\/www.pmpf.rs.gov.br\/secretaria-de-desenvolvimento-economico\/#\/schema\/person\/6e93b0ab2174b69f691ac4f278ba2d0a"},"inLanguage":"pt-BR","potentialAction":[{"@type":"ReadAction","target":["https:\/\/www.pmpf.rs.gov.br\/secretaria-de-desenvolvimento-economico\/2024\/06\/18\/primeira-edicao-do-ano-do-cafe-com-emprego-oferece-mais-de-mil-vagas\/"]}]},{"@type":"ImageObject","inLanguage":"pt-BR","@id":"https:\/\/www.pmpf.rs.gov.br\/secretaria-de-desenvolvimento-economico\/2024\/06\/18\/primeira-edicao-do-ano-do-cafe-com-emprego-oferece-mais-de-mil-vagas\/#primaryimage","url":"https:\/\/www.pmpf.rs.gov.br\/secretaria-de-desenvolvimento-economico\/wp-content\/uploads\/sites\/27\/2024\/06\/JHP02958-scaled.jpg","contentUrl":"https:\/\/www.pmpf.rs.gov.br\/secretaria-de-desenvolvimento-economico\/wp-content\/uploads\/sites\/27\/2024\/06\/JHP02958-scaled.jpg","width":2560,"height":1710},{"@type":"WebSite","@id":"https:\/\/www.pmpf.rs.gov.br\/secretaria-de-desenvolvimento-economico\/#website","url":"https:\/\/www.pmpf.rs.gov.br\/secretaria-de-desenvolvimento-economico\/","name":"Secretaria de Desenvolvimento Econ\u00f4mico","description":"S\u00f3 mais um site Prefeitura de Passo Fundo","potentialAction":[{"@type":"SearchAction","target":{"@type":"EntryPoint","urlTemplate":"https:\/\/www.pmpf.rs.gov.br\/secretaria-de-desenvolvimento-economico\/?s={search_term_string}"},"query-input":{"@type":"PropertyValueSpecification","valueRequired":true,"valueName":"search_term_string"}}],"inLanguage":"pt-BR"},{"@type":"Person","@id":"https:\/\/www.pmpf.rs.gov.br\/secretaria-de-desenvolvimento-economico\/#\/schema\/person\/6e93b0ab2174b69f691ac4f278ba2d0a","name":"lilicrivello","image":{"@type":"ImageObject","inLanguage":"pt-BR","@id":"https:\/\/www.pmpf.rs.gov.br\/secretaria-de-desenvolvimento-economico\/#\/schema\/person\/image\/","url":"https:\/\/secure.gravatar.com\/avatar\/0b546b667388f8edb7b67d70a57b5e46?s=96&d=mm&r=g","contentUrl":"https:\/\/secure.gravatar.com\/avatar\/0b546b667388f8edb7b67d70a57b5e46?s=96&d=mm&r=g","caption":"lilicrivello"},"url":"https:\/\/www.pmpf.rs.gov.br\/secretaria-de-desenvolvimento-economico\/author\/lilicrivello\/"}]}},"_links":{"self":[{"href":"https:\/\/www.pmpf.rs.gov.br\/secretaria-de-desenvolvimento-economico\/wp-json\/wp\/v2\/posts\/2290"}],"collection":[{"href":"https:\/\/www.pmpf.rs.gov.br\/secretaria-de-desenvolvimento-economico\/wp-json\/wp\/v2\/posts"}],"about":[{"href":"https:\/\/www.pmpf.rs.gov.br\/secretaria-de-desenvolvimento-economico\/wp-json\/wp\/v2\/types\/post"}],"author":[{"embeddable":true,"href":"https:\/\/www.pmpf.rs.gov.br\/secretaria-de-desenvolvimento-economico\/wp-json\/wp\/v2\/users\/24"}],"replies":[{"embeddable":true,"href":"https:\/\/www.pmpf.rs.gov.br\/secretaria-de-desenvolvimento-economico\/wp-json\/wp\/v2\/comments?post=2290"}],"version-history":[{"count":1,"href":"https:\/\/www.pmpf.rs.gov.br\/secretaria-de-desenvolvimento-economico\/wp-json\/wp\/v2\/posts\/2290\/revisions"}],"predecessor-version":[{"id":2292,"href":"https:\/\/www.pmpf.rs.gov.br\/secretaria-de-desenvolvimento-economico\/wp-json\/wp\/v2\/posts\/2290\/revisions\/2292"}],"wp:featuredmedia":[{"embeddable":true,"href":"https:\/\/www.pmpf.rs.gov.br\/secretaria-de-desenvolvimento-economico\/wp-json\/wp\/v2\/media\/2291"}],"wp:attachment":[{"href":"https:\/\/www.pmpf.rs.gov.br\/secretaria-de-desenvolvimento-economico\/wp-json\/wp\/v2\/media?parent=2290"}],"wp:term":[{"taxonomy":"category","embeddable":true,"href":"https:\/\/www.pmpf.rs.gov.br\/secretaria-de-desenvolvimento-economico\/wp-json\/wp\/v2\/categories?post=2290"},{"taxonomy":"post_tag","embeddable":true,"href":"https:\/\/www.pmpf.rs.gov.br\/secretaria-de-desenvolvimento-economico\/wp-json\/wp\/v2\/tags?post=2290"}],"curies":[{"name":"wp","href":"https:\/\/api.w.org\/{rel}","templated":true}]}}