{"id":2273,"date":"2024-03-28T13:52:13","date_gmt":"2024-03-28T16:52:13","guid":{"rendered":"https:\/\/www.pmpf.rs.gov.br\/secretaria-de-desenvolvimento-economico\/?p=2273"},"modified":"2024-03-28T13:52:14","modified_gmt":"2024-03-28T16:52:14","slug":"be8-e-prefeitura-de-passo-fundo-reafirmam-protocolo-de-intencoes-para-a-construcao-da-nova-fabrica-de-etanol","status":"publish","type":"post","link":"https:\/\/www.pmpf.rs.gov.br\/secretaria-de-desenvolvimento-economico\/2024\/03\/28\/be8-e-prefeitura-de-passo-fundo-reafirmam-protocolo-de-intencoes-para-a-construcao-da-nova-fabrica-de-etanol\/","title":{"rendered":"Be8 e Prefeitura de Passo Fundo reafirmam Protocolo de Inten\u00e7\u00f5es para a constru\u00e7\u00e3o da nova f\u00e1brica de etanol"},"content":{"rendered":"\n<p>A Be8 e a Prefeitura de Passo Fundo (RS) assinaram, nesta ter\u00e7a-feira (26\/03), um Protocolo de Inten\u00e7\u00f5es que reafirma compromissos estabelecidos em agosto de 2023 para a constru\u00e7\u00e3o da nova planta de etanol, a primeira de grande porte no estado produzindo o biocombust\u00edvel com cereais, e a primeira produ\u00e7\u00e3o de gl\u00faten vital do Brasil. O compromisso \u00e9 baseado na Lei de incentivos N\u00ba 5.704, de 23 de janeiro de 2023, e est\u00e1 ligado ao programa de fomento ao desenvolvimento econ\u00f4mico do munic\u00edpio.<\/p>\n\n\n\n<p>O documento \u00e9 assinado por Pedro Almeida, Prefeito de Passo Fundo, Diorges de Oliveira, Secret\u00e1rio de Desenvolvimento Econ\u00f4mico, e Erasmo Carlos Battistella, presidente da Be8. O presente Protocolo de Inten\u00e7\u00f5es revoga e substitui os entendimentos anteriores e segue agora para C\u00e2mara de Vereadores para a an\u00e1lise e encaminhamento da autoriza\u00e7\u00e3o legislativa.<\/p>\n\n\n\n<p>A nova f\u00e1brica tem previs\u00e3o de opera\u00e7\u00e3o em 2026 e o protocolo estabelece a\u00e7\u00f5es conjuntas entre munic\u00edpio e empresa, no \u00e2mbito das respectivas atua\u00e7\u00f5es, para viabilizar o investimento de aproximadamente R$ 1 bilh\u00e3o, por meio de benef\u00edcios econ\u00f4micos e fiscais, nos termos da legisla\u00e7\u00e3o vigente.<\/p>\n\n\n\n<p>O prefeito Pedro Almeida destacou o papel estrat\u00e9gico da Be8 no desenvolvimento econ\u00f4mico local. \u201cPasso Fundo \u00e9 a sexta maior economia do Rio Grande do Sul, a segunda cidade do estado na gera\u00e7\u00e3o de empregos e cria cada vez mais um ambiente prop\u00edcio a novos investimentos. A Be8 tem uma rela\u00e7\u00e3o concreta com a cidade e com estes n\u00fameros, \u00e9 uma ind\u00fastria daqui com a atua\u00e7\u00e3o reconhecida em todo o mundo, comprometida com o futuro, com o agroneg\u00f3cio, com o meio ambiente e gerando riquezas e tamb\u00e9m empregos e oportunidades\u201d, disse. O prefeito destacou que o protocolo de inten\u00e7\u00f5es reafirma o apoio \u00e0 nova f\u00e1brica de etanol e ao desenvolvimento econ\u00f4mico de Passo Fundo, consolidando um dos maiores investimentos da hist\u00f3ria da cidade.<\/p>\n\n\n\n<p><strong>Etanol, farelo e gl\u00faten<\/strong><\/p>\n\n\n\n<p>Atualmente, o estado importa praticamente 100% de sua demanda de etanol e a nova f\u00e1brica vai suprir 20% dessa necessidade. \u201cA iniciativa tamb\u00e9m vai representar um incremento na oferta de farelo DDGS (Distiller\u2019s Dried Grains with Solubles), ou Gr\u00e3os Secos de Destilaria com Sol\u00faveis (em portugu\u00eas), para as cadeias produtivas de prote\u00ednas animais, al\u00e9m de promover investimento em desenvolvimento de tecnologia gen\u00e9tica para produ\u00e7\u00e3o de trigo espec\u00edfico para produ\u00e7\u00e3o de etanol e de ser uma oportunidade vi\u00e1vel de renda para o agricultor com a cultura de cereais de inverno\u201d, disse Battistella.<\/p>\n\n\n\n<p>Integrada ao investimento da planta de etanol, a Be8 tamb\u00e9m anunciou a produ\u00e7\u00e3o de gl\u00faten vital, um concentrado proteico em p\u00f3 obtido a partir da farinha de cereais. A nova linha representa R$ 300 milh\u00f5es do investimento. Atualmente, todo o gl\u00faten consumido no Brasil \u00e9 importado. Com mais este projeto inovador, a empresa suprir\u00e1 integralmente o mercado brasileiro, com capacidade para atender ao Mercosul tamb\u00e9m. Segundo Battistella, este investimento integrado \u201c\u00e9 mais uma comprova\u00e7\u00e3o de que o agro \u00e9 alimento e energia renov\u00e1vel\u201d.<\/p>\n\n\n\n<p><strong>Ganhos para a comunidade<\/strong><\/p>\n\n\n\n<p>Com o projeto de etanol, a Be8 vai gerar cerca de 175 empregos diretos na fase de opera\u00e7\u00e3o, ap\u00f3s a conclus\u00e3o da obra. Ser\u00e3o gerados tamb\u00e9m 800 empregos na implanta\u00e7\u00e3o do projeto, dando prefer\u00eancia \u00e0 contrata\u00e7\u00e3o de m\u00e3o de obra local, promovendo o treinamento e a capacita\u00e7\u00e3o especializada para manuten\u00e7\u00e3o e opera\u00e7\u00e3o da unidade. \u201cAssim como em toda a hist\u00f3ria da Be8 em Passo Fundo, o crescimento da empresa se reflete diretamente em ganhos da comunidade na \u00e1rea de arrecada\u00e7\u00e3o de tributos e benef\u00edcios em desenvolvimento da economia regional e gera\u00e7\u00e3o de empregos\u201d, destacou Battistella.<\/p>\n\n\n\n<p>A unidade contar\u00e1 com autoprodu\u00e7\u00e3o de energia el\u00e9trica com cogera\u00e7\u00e3o a partir de biomassa e a oferta de energia excedente ser\u00e1 disponibilizada na rede de distribui\u00e7\u00e3o do munic\u00edpio. N\u00e3o haver\u00e1 lan\u00e7amento de efluentes l\u00edquidos, que ser\u00e3o utilizados para produ\u00e7\u00e3o de vapor no processo de produ\u00e7\u00e3o.<\/p>\n","protected":false},"excerpt":{"rendered":"<p>A Be8 e a Prefeitura de Passo Fundo (RS) assinaram, nesta ter\u00e7a-feira (26\/03), um Protocolo de Inten\u00e7\u00f5es que reafirma compromissos estabelecidos em agosto de 2023 para a constru\u00e7\u00e3o da nova planta de [&hellip;]<\/p>\n","protected":false},"author":24,"featured_media":2274,"comment_status":"closed","ping_status":"closed","sticky":false,"template":"","format":"standard","meta":{"footnotes":""},"categories":[1],"tags":[],"class_list":["post-2273","post","type-post","status-publish","format-standard","has-post-thumbnail","hentry","category-sem-categoria"],"yoast_head":"<!-- This site is optimized with the Yoast SEO plugin v23.8 - https:\/\/yoast.com\/wordpress\/plugins\/seo\/ -->\n<title>Be8 e Prefeitura de Passo Fundo reafirmam Protocolo de Inten\u00e7\u00f5es para a constru\u00e7\u00e3o da nova f\u00e1brica de etanol - Secretaria de Desenvolvimento Econ\u00f4mico<\/title>\n<meta name=\"robots\" content=\"index, follow, max-snippet:-1, max-image-preview:large, max-video-preview:-1\" \/>\n<link rel=\"canonical\" href=\"https:\/\/www.pmpf.rs.gov.br\/secretaria-de-desenvolvimento-economico\/2024\/03\/28\/be8-e-prefeitura-de-passo-fundo-reafirmam-protocolo-de-intencoes-para-a-construcao-da-nova-fabrica-de-etanol\/\" \/>\n<meta property=\"og:locale\" content=\"pt_BR\" \/>\n<meta property=\"og:type\" content=\"article\" \/>\n<meta property=\"og:title\" content=\"Be8 e Prefeitura de Passo Fundo reafirmam Protocolo de Inten\u00e7\u00f5es para a constru\u00e7\u00e3o da nova f\u00e1brica de etanol - Secretaria de Desenvolvimento Econ\u00f4mico\" \/>\n<meta property=\"og:description\" content=\"A Be8 e a Prefeitura de Passo Fundo (RS) assinaram, nesta ter\u00e7a-feira (26\/03), um Protocolo de Inten\u00e7\u00f5es que reafirma compromissos estabelecidos em agosto de 2023 para a constru\u00e7\u00e3o da nova planta de [&hellip;]\" \/>\n<meta property=\"og:url\" content=\"https:\/\/www.pmpf.rs.gov.br\/secretaria-de-desenvolvimento-economico\/2024\/03\/28\/be8-e-prefeitura-de-passo-fundo-reafirmam-protocolo-de-intencoes-para-a-construcao-da-nova-fabrica-de-etanol\/\" \/>\n<meta property=\"og:site_name\" content=\"Secretaria de Desenvolvimento Econ\u00f4mico\" \/>\n<meta property=\"article:published_time\" content=\"2024-03-28T16:52:13+00:00\" \/>\n<meta property=\"article:modified_time\" content=\"2024-03-28T16:52:14+00:00\" \/>\n<meta name=\"author\" content=\"lilicrivello\" \/>\n<meta name=\"twitter:card\" content=\"summary_large_image\" \/>\n<meta name=\"twitter:label1\" content=\"Escrito por\" \/>\n\t<meta name=\"twitter:data1\" content=\"lilicrivello\" \/>\n\t<meta name=\"twitter:label2\" content=\"Est. tempo de leitura\" \/>\n\t<meta name=\"twitter:data2\" content=\"3 minutos\" \/>\n<script type=\"application\/ld+json\" class=\"yoast-schema-graph\">{\"@context\":\"https:\/\/schema.org\",\"@graph\":[{\"@type\":\"WebPage\",\"@id\":\"https:\/\/www.pmpf.rs.gov.br\/secretaria-de-desenvolvimento-economico\/2024\/03\/28\/be8-e-prefeitura-de-passo-fundo-reafirmam-protocolo-de-intencoes-para-a-construcao-da-nova-fabrica-de-etanol\/\",\"url\":\"https:\/\/www.pmpf.rs.gov.br\/secretaria-de-desenvolvimento-economico\/2024\/03\/28\/be8-e-prefeitura-de-passo-fundo-reafirmam-protocolo-de-intencoes-para-a-construcao-da-nova-fabrica-de-etanol\/\",\"name\":\"Be8 e Prefeitura de Passo Fundo reafirmam Protocolo de Inten\u00e7\u00f5es para a constru\u00e7\u00e3o da nova f\u00e1brica de etanol - Secretaria de Desenvolvimento Econ\u00f4mico\",\"isPartOf\":{\"@id\":\"https:\/\/www.pmpf.rs.gov.br\/secretaria-de-desenvolvimento-economico\/#website\"},\"primaryImageOfPage\":{\"@id\":\"https:\/\/www.pmpf.rs.gov.br\/secretaria-de-desenvolvimento-economico\/2024\/03\/28\/be8-e-prefeitura-de-passo-fundo-reafirmam-protocolo-de-intencoes-para-a-construcao-da-nova-fabrica-de-etanol\/#primaryimage\"},\"image\":{\"@id\":\"https:\/\/www.pmpf.rs.gov.br\/secretaria-de-desenvolvimento-economico\/2024\/03\/28\/be8-e-prefeitura-de-passo-fundo-reafirmam-protocolo-de-intencoes-para-a-construcao-da-nova-fabrica-de-etanol\/#primaryimage\"},\"thumbnailUrl\":\"https:\/\/www.pmpf.rs.gov.br\/secretaria-de-desenvolvimento-economico\/wp-content\/uploads\/sites\/27\/2024\/03\/MSF09835-scaled.jpg\",\"datePublished\":\"2024-03-28T16:52:13+00:00\",\"dateModified\":\"2024-03-28T16:52:14+00:00\",\"author\":{\"@id\":\"https:\/\/www.pmpf.rs.gov.br\/secretaria-de-desenvolvimento-economico\/#\/schema\/person\/6e93b0ab2174b69f691ac4f278ba2d0a\"},\"inLanguage\":\"pt-BR\",\"potentialAction\":[{\"@type\":\"ReadAction\",\"target\":[\"https:\/\/www.pmpf.rs.gov.br\/secretaria-de-desenvolvimento-economico\/2024\/03\/28\/be8-e-prefeitura-de-passo-fundo-reafirmam-protocolo-de-intencoes-para-a-construcao-da-nova-fabrica-de-etanol\/\"]}]},{\"@type\":\"ImageObject\",\"inLanguage\":\"pt-BR\",\"@id\":\"https:\/\/www.pmpf.rs.gov.br\/secretaria-de-desenvolvimento-economico\/2024\/03\/28\/be8-e-prefeitura-de-passo-fundo-reafirmam-protocolo-de-intencoes-para-a-construcao-da-nova-fabrica-de-etanol\/#primaryimage\",\"url\":\"https:\/\/www.pmpf.rs.gov.br\/secretaria-de-desenvolvimento-economico\/wp-content\/uploads\/sites\/27\/2024\/03\/MSF09835-scaled.jpg\",\"contentUrl\":\"https:\/\/www.pmpf.rs.gov.br\/secretaria-de-desenvolvimento-economico\/wp-content\/uploads\/sites\/27\/2024\/03\/MSF09835-scaled.jpg\",\"width\":2560,\"height\":1707},{\"@type\":\"WebSite\",\"@id\":\"https:\/\/www.pmpf.rs.gov.br\/secretaria-de-desenvolvimento-economico\/#website\",\"url\":\"https:\/\/www.pmpf.rs.gov.br\/secretaria-de-desenvolvimento-economico\/\",\"name\":\"Secretaria de Desenvolvimento Econ\u00f4mico\",\"description\":\"S\u00f3 mais um site Prefeitura de Passo Fundo\",\"potentialAction\":[{\"@type\":\"SearchAction\",\"target\":{\"@type\":\"EntryPoint\",\"urlTemplate\":\"https:\/\/www.pmpf.rs.gov.br\/secretaria-de-desenvolvimento-economico\/?s={search_term_string}\"},\"query-input\":{\"@type\":\"PropertyValueSpecification\",\"valueRequired\":true,\"valueName\":\"search_term_string\"}}],\"inLanguage\":\"pt-BR\"},{\"@type\":\"Person\",\"@id\":\"https:\/\/www.pmpf.rs.gov.br\/secretaria-de-desenvolvimento-economico\/#\/schema\/person\/6e93b0ab2174b69f691ac4f278ba2d0a\",\"name\":\"lilicrivello\",\"image\":{\"@type\":\"ImageObject\",\"inLanguage\":\"pt-BR\",\"@id\":\"https:\/\/www.pmpf.rs.gov.br\/secretaria-de-desenvolvimento-economico\/#\/schema\/person\/image\/\",\"url\":\"https:\/\/secure.gravatar.com\/avatar\/0b546b667388f8edb7b67d70a57b5e46?s=96&d=mm&r=g\",\"contentUrl\":\"https:\/\/secure.gravatar.com\/avatar\/0b546b667388f8edb7b67d70a57b5e46?s=96&d=mm&r=g\",\"caption\":\"lilicrivello\"},\"url\":\"https:\/\/www.pmpf.rs.gov.br\/secretaria-de-desenvolvimento-economico\/author\/lilicrivello\/\"}]}<\/script>\n<!-- \/ Yoast SEO plugin. -->","yoast_head_json":{"title":"Be8 e Prefeitura de Passo Fundo reafirmam Protocolo de Inten\u00e7\u00f5es para a constru\u00e7\u00e3o da nova f\u00e1brica de etanol - Secretaria de Desenvolvimento Econ\u00f4mico","robots":{"index":"index","follow":"follow","max-snippet":"max-snippet:-1","max-image-preview":"max-image-preview:large","max-video-preview":"max-video-preview:-1"},"canonical":"https:\/\/www.pmpf.rs.gov.br\/secretaria-de-desenvolvimento-economico\/2024\/03\/28\/be8-e-prefeitura-de-passo-fundo-reafirmam-protocolo-de-intencoes-para-a-construcao-da-nova-fabrica-de-etanol\/","og_locale":"pt_BR","og_type":"article","og_title":"Be8 e Prefeitura de Passo Fundo reafirmam Protocolo de Inten\u00e7\u00f5es para a constru\u00e7\u00e3o da nova f\u00e1brica de etanol - Secretaria de Desenvolvimento Econ\u00f4mico","og_description":"A Be8 e a Prefeitura de Passo Fundo (RS) assinaram, nesta ter\u00e7a-feira (26\/03), um Protocolo de Inten\u00e7\u00f5es que reafirma compromissos estabelecidos em agosto de 2023 para a constru\u00e7\u00e3o da nova planta de [&hellip;]","og_url":"https:\/\/www.pmpf.rs.gov.br\/secretaria-de-desenvolvimento-economico\/2024\/03\/28\/be8-e-prefeitura-de-passo-fundo-reafirmam-protocolo-de-intencoes-para-a-construcao-da-nova-fabrica-de-etanol\/","og_site_name":"Secretaria de Desenvolvimento Econ\u00f4mico","article_published_time":"2024-03-28T16:52:13+00:00","article_modified_time":"2024-03-28T16:52:14+00:00","author":"lilicrivello","twitter_card":"summary_large_image","twitter_misc":{"Escrito por":"lilicrivello","Est. tempo de leitura":"3 minutos"},"schema":{"@context":"https:\/\/schema.org","@graph":[{"@type":"WebPage","@id":"https:\/\/www.pmpf.rs.gov.br\/secretaria-de-desenvolvimento-economico\/2024\/03\/28\/be8-e-prefeitura-de-passo-fundo-reafirmam-protocolo-de-intencoes-para-a-construcao-da-nova-fabrica-de-etanol\/","url":"https:\/\/www.pmpf.rs.gov.br\/secretaria-de-desenvolvimento-economico\/2024\/03\/28\/be8-e-prefeitura-de-passo-fundo-reafirmam-protocolo-de-intencoes-para-a-construcao-da-nova-fabrica-de-etanol\/","name":"Be8 e Prefeitura de Passo Fundo reafirmam Protocolo de Inten\u00e7\u00f5es para a constru\u00e7\u00e3o da nova f\u00e1brica de etanol - Secretaria de Desenvolvimento Econ\u00f4mico","isPartOf":{"@id":"https:\/\/www.pmpf.rs.gov.br\/secretaria-de-desenvolvimento-economico\/#website"},"primaryImageOfPage":{"@id":"https:\/\/www.pmpf.rs.gov.br\/secretaria-de-desenvolvimento-economico\/2024\/03\/28\/be8-e-prefeitura-de-passo-fundo-reafirmam-protocolo-de-intencoes-para-a-construcao-da-nova-fabrica-de-etanol\/#primaryimage"},"image":{"@id":"https:\/\/www.pmpf.rs.gov.br\/secretaria-de-desenvolvimento-economico\/2024\/03\/28\/be8-e-prefeitura-de-passo-fundo-reafirmam-protocolo-de-intencoes-para-a-construcao-da-nova-fabrica-de-etanol\/#primaryimage"},"thumbnailUrl":"https:\/\/www.pmpf.rs.gov.br\/secretaria-de-desenvolvimento-economico\/wp-content\/uploads\/sites\/27\/2024\/03\/MSF09835-scaled.jpg","datePublished":"2024-03-28T16:52:13+00:00","dateModified":"2024-03-28T16:52:14+00:00","author":{"@id":"https:\/\/www.pmpf.rs.gov.br\/secretaria-de-desenvolvimento-economico\/#\/schema\/person\/6e93b0ab2174b69f691ac4f278ba2d0a"},"inLanguage":"pt-BR","potentialAction":[{"@type":"ReadAction","target":["https:\/\/www.pmpf.rs.gov.br\/secretaria-de-desenvolvimento-economico\/2024\/03\/28\/be8-e-prefeitura-de-passo-fundo-reafirmam-protocolo-de-intencoes-para-a-construcao-da-nova-fabrica-de-etanol\/"]}]},{"@type":"ImageObject","inLanguage":"pt-BR","@id":"https:\/\/www.pmpf.rs.gov.br\/secretaria-de-desenvolvimento-economico\/2024\/03\/28\/be8-e-prefeitura-de-passo-fundo-reafirmam-protocolo-de-intencoes-para-a-construcao-da-nova-fabrica-de-etanol\/#primaryimage","url":"https:\/\/www.pmpf.rs.gov.br\/secretaria-de-desenvolvimento-economico\/wp-content\/uploads\/sites\/27\/2024\/03\/MSF09835-scaled.jpg","contentUrl":"https:\/\/www.pmpf.rs.gov.br\/secretaria-de-desenvolvimento-economico\/wp-content\/uploads\/sites\/27\/2024\/03\/MSF09835-scaled.jpg","width":2560,"height":1707},{"@type":"WebSite","@id":"https:\/\/www.pmpf.rs.gov.br\/secretaria-de-desenvolvimento-economico\/#website","url":"https:\/\/www.pmpf.rs.gov.br\/secretaria-de-desenvolvimento-economico\/","name":"Secretaria de Desenvolvimento Econ\u00f4mico","description":"S\u00f3 mais um site Prefeitura de Passo Fundo","potentialAction":[{"@type":"SearchAction","target":{"@type":"EntryPoint","urlTemplate":"https:\/\/www.pmpf.rs.gov.br\/secretaria-de-desenvolvimento-economico\/?s={search_term_string}"},"query-input":{"@type":"PropertyValueSpecification","valueRequired":true,"valueName":"search_term_string"}}],"inLanguage":"pt-BR"},{"@type":"Person","@id":"https:\/\/www.pmpf.rs.gov.br\/secretaria-de-desenvolvimento-economico\/#\/schema\/person\/6e93b0ab2174b69f691ac4f278ba2d0a","name":"lilicrivello","image":{"@type":"ImageObject","inLanguage":"pt-BR","@id":"https:\/\/www.pmpf.rs.gov.br\/secretaria-de-desenvolvimento-economico\/#\/schema\/person\/image\/","url":"https:\/\/secure.gravatar.com\/avatar\/0b546b667388f8edb7b67d70a57b5e46?s=96&d=mm&r=g","contentUrl":"https:\/\/secure.gravatar.com\/avatar\/0b546b667388f8edb7b67d70a57b5e46?s=96&d=mm&r=g","caption":"lilicrivello"},"url":"https:\/\/www.pmpf.rs.gov.br\/secretaria-de-desenvolvimento-economico\/author\/lilicrivello\/"}]}},"_links":{"self":[{"href":"https:\/\/www.pmpf.rs.gov.br\/secretaria-de-desenvolvimento-economico\/wp-json\/wp\/v2\/posts\/2273"}],"collection":[{"href":"https:\/\/www.pmpf.rs.gov.br\/secretaria-de-desenvolvimento-economico\/wp-json\/wp\/v2\/posts"}],"about":[{"href":"https:\/\/www.pmpf.rs.gov.br\/secretaria-de-desenvolvimento-economico\/wp-json\/wp\/v2\/types\/post"}],"author":[{"embeddable":true,"href":"https:\/\/www.pmpf.rs.gov.br\/secretaria-de-desenvolvimento-economico\/wp-json\/wp\/v2\/users\/24"}],"replies":[{"embeddable":true,"href":"https:\/\/www.pmpf.rs.gov.br\/secretaria-de-desenvolvimento-economico\/wp-json\/wp\/v2\/comments?post=2273"}],"version-history":[{"count":1,"href":"https:\/\/www.pmpf.rs.gov.br\/secretaria-de-desenvolvimento-economico\/wp-json\/wp\/v2\/posts\/2273\/revisions"}],"predecessor-version":[{"id":2275,"href":"https:\/\/www.pmpf.rs.gov.br\/secretaria-de-desenvolvimento-economico\/wp-json\/wp\/v2\/posts\/2273\/revisions\/2275"}],"wp:featuredmedia":[{"embeddable":true,"href":"https:\/\/www.pmpf.rs.gov.br\/secretaria-de-desenvolvimento-economico\/wp-json\/wp\/v2\/media\/2274"}],"wp:attachment":[{"href":"https:\/\/www.pmpf.rs.gov.br\/secretaria-de-desenvolvimento-economico\/wp-json\/wp\/v2\/media?parent=2273"}],"wp:term":[{"taxonomy":"category","embeddable":true,"href":"https:\/\/www.pmpf.rs.gov.br\/secretaria-de-desenvolvimento-economico\/wp-json\/wp\/v2\/categories?post=2273"},{"taxonomy":"post_tag","embeddable":true,"href":"https:\/\/www.pmpf.rs.gov.br\/secretaria-de-desenvolvimento-economico\/wp-json\/wp\/v2\/tags?post=2273"}],"curies":[{"name":"wp","href":"https:\/\/api.w.org\/{rel}","templated":true}]}}