{"id":2249,"date":"2023-11-29T10:58:08","date_gmt":"2023-11-29T13:58:08","guid":{"rendered":"https:\/\/www.pmpf.rs.gov.br\/secretaria-de-desenvolvimento-economico\/?p=2249"},"modified":"2023-11-29T10:58:09","modified_gmt":"2023-11-29T13:58:09","slug":"prefeitura-faz-adesao-do-municipio-ao-tudo-facil-empresas","status":"publish","type":"post","link":"https:\/\/www.pmpf.rs.gov.br\/secretaria-de-desenvolvimento-economico\/2023\/11\/29\/prefeitura-faz-adesao-do-municipio-ao-tudo-facil-empresas\/","title":{"rendered":"Prefeitura faz ades\u00e3o do munic\u00edpio ao Tudo F\u00e1cil Empresas"},"content":{"rendered":"\n<p><br>A ades\u00e3o de Passo Fundo ao Tudo F\u00e1cil Empresas foi aprovada nesta ter\u00e7a-feira (28) pela C\u00e2mara de Vereadores. O Tudo F\u00e1cil Empresas \u00e9 uma plataforma disponibilizada pelo Governo do Estado do Rio Grande do Sul, coordenada pelo DescomplicaRS, JucisRS e Sebrae RS. Trata-se de um avan\u00e7o no sistema Integrador Estadual da Junta Comercial do RS no ambiente da RedeSimRS.<\/p>\n\n\n\n<p>Conforme o secret\u00e1rio de Desenvolvimento Econ\u00f4mico, Diorges Oliveira, a plataforma torna um fluxo que j\u00e1 \u00e9 simplificado em uma maneira de abrir empresas com atividades de baixo risco de forma gratuita, totalmente autom\u00e1tica, \u00e1gil, f\u00e1cil e sem burocracia. \u201c\u00c9 justamente neste intuito de simplifica\u00e7\u00e3o e desburocratiza\u00e7\u00e3o que, a Prefeitura vem apostando em uma s\u00e9rie de medidas para o fomento ao desenvolvimento econ\u00f4mico do Munic\u00edpio de Passo Fundo. Medidas estas como o Programa Acelera Passo Fundo para dar maior velocidade aos processos de desenvolvimento de novos neg\u00f3cios ou amplia\u00e7\u00e3o de empresas j\u00e1 existentes. Outras iniciativas tamb\u00e9m seguem sendo impulsionadas pela Administra\u00e7\u00e3o Municipal, que criou o Programa de Fomento ao Desenvolvimento Econ\u00f4mico, convertendo-se em uma importante ferramenta de incentivo \u00e0 economia local\u201d, salienta.<\/p>\n\n\n\n<p>Oliveira aponta que o conv\u00eanio pretende simplificar os registros, regularizar empresas e neg\u00f3cios, objetivando implantar um sistema integrado que permitir\u00e1 a abertura, altera\u00e7\u00e3o e fechamento de empresa por meio da simplifica\u00e7\u00e3o e redu\u00e7\u00e3o de burocracia. \u201cA implementa\u00e7\u00e3o do Programa Tudo F\u00e1cil Empresas, pretende dar seguimento \u00e0 pol\u00edtica de desenvolvimento contribuindo para a constru\u00e7\u00e3o de um ambiente de neg\u00f3cios favor\u00e1vel, em especial para empresas que exer\u00e7am atividades exclusivamente de baixo risco, de acordo com a Tabela de Classifica\u00e7\u00e3o do Grau de Riscos das Atividades Econ\u00f4micas\u201d, frisa.<\/p>\n\n\n\n<p>As empresas que se encaixam na descri\u00e7\u00e3o, estar\u00e3o dispensadas de licenciamentos pelos \u00f3rg\u00e3os municipais, tais como licen\u00e7a ambiental e sanit\u00e1rio, com exce\u00e7\u00e3o do Alvar\u00e1 de Localiza\u00e7\u00e3o e Funcionamento, bem como ficar\u00e3o isentas do pagamento da taxa para a expedi\u00e7\u00e3o do Alvar\u00e1 de Localiza\u00e7\u00e3o e Funcionamento. A fiscaliza\u00e7\u00e3o municipal poder\u00e1 realizar inspe\u00e7\u00f5es a qualquer momento ou requisitar a apresenta\u00e7\u00e3o de documentos, para verificar a observ\u00e2ncia legal do atendimento da atividade.<\/p>\n","protected":false},"excerpt":{"rendered":"<p>Conv\u00eanio foi aprovado pelo Legislativo e pretende simplificar a maneira de abrir empresas com atividades de baixo risco<\/p>\n","protected":false},"author":24,"featured_media":0,"comment_status":"closed","ping_status":"closed","sticky":false,"template":"","format":"standard","meta":{"footnotes":""},"categories":[1],"tags":[],"class_list":["post-2249","post","type-post","status-publish","format-standard","hentry","category-sem-categoria"],"yoast_head":"<!-- This site is optimized with the Yoast SEO plugin v23.8 - https:\/\/yoast.com\/wordpress\/plugins\/seo\/ -->\n<title>Prefeitura faz ades\u00e3o do munic\u00edpio ao Tudo F\u00e1cil Empresas - Secretaria de Desenvolvimento Econ\u00f4mico<\/title>\n<meta name=\"robots\" content=\"index, follow, max-snippet:-1, max-image-preview:large, max-video-preview:-1\" \/>\n<link rel=\"canonical\" href=\"https:\/\/www.pmpf.rs.gov.br\/secretaria-de-desenvolvimento-economico\/2023\/11\/29\/prefeitura-faz-adesao-do-municipio-ao-tudo-facil-empresas\/\" \/>\n<meta property=\"og:locale\" content=\"pt_BR\" \/>\n<meta property=\"og:type\" content=\"article\" \/>\n<meta property=\"og:title\" content=\"Prefeitura faz ades\u00e3o do munic\u00edpio ao Tudo F\u00e1cil Empresas - Secretaria de Desenvolvimento Econ\u00f4mico\" \/>\n<meta property=\"og:description\" content=\"Conv\u00eanio foi aprovado pelo Legislativo e pretende simplificar a maneira de abrir empresas com atividades de baixo risco\" \/>\n<meta property=\"og:url\" content=\"https:\/\/www.pmpf.rs.gov.br\/secretaria-de-desenvolvimento-economico\/2023\/11\/29\/prefeitura-faz-adesao-do-municipio-ao-tudo-facil-empresas\/\" \/>\n<meta property=\"og:site_name\" content=\"Secretaria de Desenvolvimento Econ\u00f4mico\" \/>\n<meta property=\"article:published_time\" content=\"2023-11-29T13:58:08+00:00\" \/>\n<meta property=\"article:modified_time\" content=\"2023-11-29T13:58:09+00:00\" \/>\n<meta name=\"author\" content=\"lilicrivello\" \/>\n<meta name=\"twitter:card\" content=\"summary_large_image\" \/>\n<meta name=\"twitter:label1\" content=\"Escrito por\" \/>\n\t<meta name=\"twitter:data1\" content=\"lilicrivello\" \/>\n\t<meta name=\"twitter:label2\" content=\"Est. tempo de leitura\" \/>\n\t<meta name=\"twitter:data2\" content=\"2 minutos\" \/>\n<script type=\"application\/ld+json\" class=\"yoast-schema-graph\">{\"@context\":\"https:\/\/schema.org\",\"@graph\":[{\"@type\":\"WebPage\",\"@id\":\"https:\/\/www.pmpf.rs.gov.br\/secretaria-de-desenvolvimento-economico\/2023\/11\/29\/prefeitura-faz-adesao-do-municipio-ao-tudo-facil-empresas\/\",\"url\":\"https:\/\/www.pmpf.rs.gov.br\/secretaria-de-desenvolvimento-economico\/2023\/11\/29\/prefeitura-faz-adesao-do-municipio-ao-tudo-facil-empresas\/\",\"name\":\"Prefeitura faz ades\u00e3o do munic\u00edpio ao Tudo F\u00e1cil Empresas - Secretaria de Desenvolvimento Econ\u00f4mico\",\"isPartOf\":{\"@id\":\"https:\/\/www.pmpf.rs.gov.br\/secretaria-de-desenvolvimento-economico\/#website\"},\"datePublished\":\"2023-11-29T13:58:08+00:00\",\"dateModified\":\"2023-11-29T13:58:09+00:00\",\"author\":{\"@id\":\"https:\/\/www.pmpf.rs.gov.br\/secretaria-de-desenvolvimento-economico\/#\/schema\/person\/6e93b0ab2174b69f691ac4f278ba2d0a\"},\"inLanguage\":\"pt-BR\",\"potentialAction\":[{\"@type\":\"ReadAction\",\"target\":[\"https:\/\/www.pmpf.rs.gov.br\/secretaria-de-desenvolvimento-economico\/2023\/11\/29\/prefeitura-faz-adesao-do-municipio-ao-tudo-facil-empresas\/\"]}]},{\"@type\":\"WebSite\",\"@id\":\"https:\/\/www.pmpf.rs.gov.br\/secretaria-de-desenvolvimento-economico\/#website\",\"url\":\"https:\/\/www.pmpf.rs.gov.br\/secretaria-de-desenvolvimento-economico\/\",\"name\":\"Secretaria de Desenvolvimento Econ\u00f4mico\",\"description\":\"S\u00f3 mais um site Prefeitura de Passo Fundo\",\"potentialAction\":[{\"@type\":\"SearchAction\",\"target\":{\"@type\":\"EntryPoint\",\"urlTemplate\":\"https:\/\/www.pmpf.rs.gov.br\/secretaria-de-desenvolvimento-economico\/?s={search_term_string}\"},\"query-input\":{\"@type\":\"PropertyValueSpecification\",\"valueRequired\":true,\"valueName\":\"search_term_string\"}}],\"inLanguage\":\"pt-BR\"},{\"@type\":\"Person\",\"@id\":\"https:\/\/www.pmpf.rs.gov.br\/secretaria-de-desenvolvimento-economico\/#\/schema\/person\/6e93b0ab2174b69f691ac4f278ba2d0a\",\"name\":\"lilicrivello\",\"image\":{\"@type\":\"ImageObject\",\"inLanguage\":\"pt-BR\",\"@id\":\"https:\/\/www.pmpf.rs.gov.br\/secretaria-de-desenvolvimento-economico\/#\/schema\/person\/image\/\",\"url\":\"https:\/\/secure.gravatar.com\/avatar\/0b546b667388f8edb7b67d70a57b5e46?s=96&d=mm&r=g\",\"contentUrl\":\"https:\/\/secure.gravatar.com\/avatar\/0b546b667388f8edb7b67d70a57b5e46?s=96&d=mm&r=g\",\"caption\":\"lilicrivello\"},\"url\":\"https:\/\/www.pmpf.rs.gov.br\/secretaria-de-desenvolvimento-economico\/author\/lilicrivello\/\"}]}<\/script>\n<!-- \/ Yoast SEO plugin. -->","yoast_head_json":{"title":"Prefeitura faz ades\u00e3o do munic\u00edpio ao Tudo F\u00e1cil Empresas - Secretaria de Desenvolvimento Econ\u00f4mico","robots":{"index":"index","follow":"follow","max-snippet":"max-snippet:-1","max-image-preview":"max-image-preview:large","max-video-preview":"max-video-preview:-1"},"canonical":"https:\/\/www.pmpf.rs.gov.br\/secretaria-de-desenvolvimento-economico\/2023\/11\/29\/prefeitura-faz-adesao-do-municipio-ao-tudo-facil-empresas\/","og_locale":"pt_BR","og_type":"article","og_title":"Prefeitura faz ades\u00e3o do munic\u00edpio ao Tudo F\u00e1cil Empresas - Secretaria de Desenvolvimento Econ\u00f4mico","og_description":"Conv\u00eanio foi aprovado pelo Legislativo e pretende simplificar a maneira de abrir empresas com atividades de baixo risco","og_url":"https:\/\/www.pmpf.rs.gov.br\/secretaria-de-desenvolvimento-economico\/2023\/11\/29\/prefeitura-faz-adesao-do-municipio-ao-tudo-facil-empresas\/","og_site_name":"Secretaria de Desenvolvimento Econ\u00f4mico","article_published_time":"2023-11-29T13:58:08+00:00","article_modified_time":"2023-11-29T13:58:09+00:00","author":"lilicrivello","twitter_card":"summary_large_image","twitter_misc":{"Escrito por":"lilicrivello","Est. tempo de leitura":"2 minutos"},"schema":{"@context":"https:\/\/schema.org","@graph":[{"@type":"WebPage","@id":"https:\/\/www.pmpf.rs.gov.br\/secretaria-de-desenvolvimento-economico\/2023\/11\/29\/prefeitura-faz-adesao-do-municipio-ao-tudo-facil-empresas\/","url":"https:\/\/www.pmpf.rs.gov.br\/secretaria-de-desenvolvimento-economico\/2023\/11\/29\/prefeitura-faz-adesao-do-municipio-ao-tudo-facil-empresas\/","name":"Prefeitura faz ades\u00e3o do munic\u00edpio ao Tudo F\u00e1cil Empresas - Secretaria de Desenvolvimento Econ\u00f4mico","isPartOf":{"@id":"https:\/\/www.pmpf.rs.gov.br\/secretaria-de-desenvolvimento-economico\/#website"},"datePublished":"2023-11-29T13:58:08+00:00","dateModified":"2023-11-29T13:58:09+00:00","author":{"@id":"https:\/\/www.pmpf.rs.gov.br\/secretaria-de-desenvolvimento-economico\/#\/schema\/person\/6e93b0ab2174b69f691ac4f278ba2d0a"},"inLanguage":"pt-BR","potentialAction":[{"@type":"ReadAction","target":["https:\/\/www.pmpf.rs.gov.br\/secretaria-de-desenvolvimento-economico\/2023\/11\/29\/prefeitura-faz-adesao-do-municipio-ao-tudo-facil-empresas\/"]}]},{"@type":"WebSite","@id":"https:\/\/www.pmpf.rs.gov.br\/secretaria-de-desenvolvimento-economico\/#website","url":"https:\/\/www.pmpf.rs.gov.br\/secretaria-de-desenvolvimento-economico\/","name":"Secretaria de Desenvolvimento Econ\u00f4mico","description":"S\u00f3 mais um site Prefeitura de Passo Fundo","potentialAction":[{"@type":"SearchAction","target":{"@type":"EntryPoint","urlTemplate":"https:\/\/www.pmpf.rs.gov.br\/secretaria-de-desenvolvimento-economico\/?s={search_term_string}"},"query-input":{"@type":"PropertyValueSpecification","valueRequired":true,"valueName":"search_term_string"}}],"inLanguage":"pt-BR"},{"@type":"Person","@id":"https:\/\/www.pmpf.rs.gov.br\/secretaria-de-desenvolvimento-economico\/#\/schema\/person\/6e93b0ab2174b69f691ac4f278ba2d0a","name":"lilicrivello","image":{"@type":"ImageObject","inLanguage":"pt-BR","@id":"https:\/\/www.pmpf.rs.gov.br\/secretaria-de-desenvolvimento-economico\/#\/schema\/person\/image\/","url":"https:\/\/secure.gravatar.com\/avatar\/0b546b667388f8edb7b67d70a57b5e46?s=96&d=mm&r=g","contentUrl":"https:\/\/secure.gravatar.com\/avatar\/0b546b667388f8edb7b67d70a57b5e46?s=96&d=mm&r=g","caption":"lilicrivello"},"url":"https:\/\/www.pmpf.rs.gov.br\/secretaria-de-desenvolvimento-economico\/author\/lilicrivello\/"}]}},"_links":{"self":[{"href":"https:\/\/www.pmpf.rs.gov.br\/secretaria-de-desenvolvimento-economico\/wp-json\/wp\/v2\/posts\/2249"}],"collection":[{"href":"https:\/\/www.pmpf.rs.gov.br\/secretaria-de-desenvolvimento-economico\/wp-json\/wp\/v2\/posts"}],"about":[{"href":"https:\/\/www.pmpf.rs.gov.br\/secretaria-de-desenvolvimento-economico\/wp-json\/wp\/v2\/types\/post"}],"author":[{"embeddable":true,"href":"https:\/\/www.pmpf.rs.gov.br\/secretaria-de-desenvolvimento-economico\/wp-json\/wp\/v2\/users\/24"}],"replies":[{"embeddable":true,"href":"https:\/\/www.pmpf.rs.gov.br\/secretaria-de-desenvolvimento-economico\/wp-json\/wp\/v2\/comments?post=2249"}],"version-history":[{"count":1,"href":"https:\/\/www.pmpf.rs.gov.br\/secretaria-de-desenvolvimento-economico\/wp-json\/wp\/v2\/posts\/2249\/revisions"}],"predecessor-version":[{"id":2250,"href":"https:\/\/www.pmpf.rs.gov.br\/secretaria-de-desenvolvimento-economico\/wp-json\/wp\/v2\/posts\/2249\/revisions\/2250"}],"wp:attachment":[{"href":"https:\/\/www.pmpf.rs.gov.br\/secretaria-de-desenvolvimento-economico\/wp-json\/wp\/v2\/media?parent=2249"}],"wp:term":[{"taxonomy":"category","embeddable":true,"href":"https:\/\/www.pmpf.rs.gov.br\/secretaria-de-desenvolvimento-economico\/wp-json\/wp\/v2\/categories?post=2249"},{"taxonomy":"post_tag","embeddable":true,"href":"https:\/\/www.pmpf.rs.gov.br\/secretaria-de-desenvolvimento-economico\/wp-json\/wp\/v2\/tags?post=2249"}],"curies":[{"name":"wp","href":"https:\/\/api.w.org\/{rel}","templated":true}]}}