{"id":2188,"date":"2023-09-15T15:00:08","date_gmt":"2023-09-15T18:00:08","guid":{"rendered":"https:\/\/www.pmpf.rs.gov.br\/secretaria-de-desenvolvimento-economico\/?p=2188"},"modified":"2023-09-15T15:00:12","modified_gmt":"2023-09-15T18:00:12","slug":"prefeitura-disponibiliza-cursos-de-capacitacao-para-motofretistas-e-taxistas","status":"publish","type":"post","link":"https:\/\/www.pmpf.rs.gov.br\/secretaria-de-desenvolvimento-economico\/2023\/09\/15\/prefeitura-disponibiliza-cursos-de-capacitacao-para-motofretistas-e-taxistas\/","title":{"rendered":"Prefeitura disponibiliza cursos de capacita\u00e7\u00e3o para motofretistas e taxistas"},"content":{"rendered":"\n<p><\/p>\n\n\n\n<p>Dezenas de motofretistas e taxistas que atuam em Passo Fundo ser\u00e3o beneficiados com cursos de capacita\u00e7\u00e3o disponibilizados pela Prefeitura, atrav\u00e9s da Escola das Profiss\u00f5es. O an\u00fancio foi feito pelo prefeito Pedro Almeida nesta sexta-feira (15), em reuni\u00e3o com representantes das categorias.<\/p>\n\n\n\n<p>\u201cA Escola das Profiss\u00f5es \u00e9 um programa que est\u00e1 melhorando muito a capacita\u00e7\u00e3o profissional da nossa cidade. Com os novos cursos vamos conseguir beneficiar essas duas categorias importantes da cidade para avan\u00e7armos tamb\u00e9m neste setor do transporte\u201d, afirmou o prefeito Pedro.<\/p>\n\n\n\n<p>Para os motofretistas ser\u00e1 oferecido um curso de 30 horas, com aulas sobre no\u00e7\u00f5es b\u00e1sicas de legisla\u00e7\u00e3o, seguran\u00e7a e sa\u00fade, transporte de cargas, responsabilidade social, entre outras quest\u00f5es referentes \u00e0 profiss\u00e3o. Os trabalhadores ser\u00e3o divididos em turmas de 15 alunos nos turnos da manh\u00e3 e da tarde.<\/p>\n\n\n\n<p>As inscri\u00e7\u00f5es podem ser feitas a partir de segunda-feira, junto ao Sest\/Senat. Conforme explica o secret\u00e1rio de Desenvolvimento Econ\u00f4mico, Diorges Oliveira, o Munic\u00edpio subsidiar\u00e1 80% do valor do curso, restando aos motofretistas o pagamento de R$ 52,00 para a participa\u00e7\u00e3o.<\/p>\n\n\n\n<p>J\u00e1 os permission\u00e1rios de t\u00e1xi poder\u00e3o fazer um curso de 28 horas que aborda os m\u00f3dulos de dire\u00e7\u00e3o defensiva, rela\u00e7\u00f5es humanas, primeiros socorros e mec\u00e2nica e el\u00e9trica b\u00e1sicas. Ser\u00e3o oferecidas 120 vagas. O valor tamb\u00e9m ter\u00e1 subs\u00eddio de 80% por parte do Munic\u00edpio.<\/p>\n\n\n\n<p>O vereador Gio Krug, que ajudou a articular a disponibiliza\u00e7\u00e3o dos cursos, destacou a import\u00e2ncia da iniciativa. \u201cAgradecemos o Munic\u00edpio por ter escutado a classe e atendido essa demanda que vai ajudar muito quem quer trabalhar de forma regular. Todos ganham com essa capacita\u00e7\u00e3o: os trabalhadores, a comunidade e o Munic\u00edpio\u201d, afirmou o vereador.<\/p>\n\n\n\n<p>Para presidente da Associa\u00e7\u00e3o dos Taxistas de Passo Fundo, Jair Embarach, o curso somar\u00e1 \u00e0s atividades de todos os permission\u00e1rios. \u201cRealizamos este curso h\u00e1 cinco anos, mas \u00e9 importante fazermos a renova\u00e7\u00e3o, uma vez que temos muitos profissionais novos. \u00c9 uma qualifica\u00e7\u00e3o at\u00e9 para o que passageiro saiba com quem est\u00e1 andando. \u00c9 interessante que todos os permission\u00e1rios fa\u00e7am, pois a Prefeitura est\u00e1 fornecendo os 80%\u201d, considerou.<\/p>\n\n\n\n<p>O diretor do Sest\/Senat, Ubirajara Siqueira Dutra, mencionou a satisfa\u00e7\u00e3o da entidade ao contribuir para a formaliza\u00e7\u00e3o das profiss\u00f5es. \u201cPara n\u00f3s como desenvolvedores do sistema de transporte, \u00e9 muito importante possibilitar, al\u00e9m da capacita\u00e7\u00e3o profissional, a certifica\u00e7\u00e3o e regulamenta\u00e7\u00e3o pelo departamento de tr\u00e2nsito\u201d, observou.<\/p>\n","protected":false},"excerpt":{"rendered":"<p>Capacita\u00e7\u00e3o ser\u00e1 oferecida atrav\u00e9s da Escola das Profiss\u00f5es<\/p>\n","protected":false},"author":6,"featured_media":0,"comment_status":"closed","ping_status":"closed","sticky":true,"template":"","format":"standard","meta":{"footnotes":""},"categories":[1],"tags":[],"class_list":["post-2188","post","type-post","status-publish","format-standard","hentry","category-sem-categoria"],"yoast_head":"<!-- This site is optimized with the Yoast SEO plugin v23.8 - https:\/\/yoast.com\/wordpress\/plugins\/seo\/ -->\n<title>Prefeitura disponibiliza cursos de capacita\u00e7\u00e3o para motofretistas e taxistas - Secretaria de Desenvolvimento Econ\u00f4mico<\/title>\n<meta name=\"robots\" content=\"index, follow, max-snippet:-1, max-image-preview:large, max-video-preview:-1\" \/>\n<link rel=\"canonical\" href=\"https:\/\/www.pmpf.rs.gov.br\/secretaria-de-desenvolvimento-economico\/2023\/09\/15\/prefeitura-disponibiliza-cursos-de-capacitacao-para-motofretistas-e-taxistas\/\" \/>\n<meta property=\"og:locale\" content=\"pt_BR\" \/>\n<meta property=\"og:type\" content=\"article\" \/>\n<meta property=\"og:title\" content=\"Prefeitura disponibiliza cursos de capacita\u00e7\u00e3o para motofretistas e taxistas - Secretaria de Desenvolvimento Econ\u00f4mico\" \/>\n<meta property=\"og:description\" content=\"Capacita\u00e7\u00e3o ser\u00e1 oferecida atrav\u00e9s da Escola das Profiss\u00f5es\" \/>\n<meta property=\"og:url\" content=\"https:\/\/www.pmpf.rs.gov.br\/secretaria-de-desenvolvimento-economico\/2023\/09\/15\/prefeitura-disponibiliza-cursos-de-capacitacao-para-motofretistas-e-taxistas\/\" \/>\n<meta property=\"og:site_name\" content=\"Secretaria de Desenvolvimento Econ\u00f4mico\" \/>\n<meta property=\"article:published_time\" content=\"2023-09-15T18:00:08+00:00\" \/>\n<meta property=\"article:modified_time\" content=\"2023-09-15T18:00:12+00:00\" \/>\n<meta name=\"author\" content=\"andressazorzetto07\" \/>\n<meta name=\"twitter:card\" content=\"summary_large_image\" \/>\n<meta name=\"twitter:label1\" content=\"Escrito por\" \/>\n\t<meta name=\"twitter:data1\" content=\"andressazorzetto07\" \/>\n\t<meta name=\"twitter:label2\" content=\"Est. tempo de leitura\" \/>\n\t<meta name=\"twitter:data2\" content=\"2 minutos\" \/>\n<script type=\"application\/ld+json\" class=\"yoast-schema-graph\">{\"@context\":\"https:\/\/schema.org\",\"@graph\":[{\"@type\":\"WebPage\",\"@id\":\"https:\/\/www.pmpf.rs.gov.br\/secretaria-de-desenvolvimento-economico\/2023\/09\/15\/prefeitura-disponibiliza-cursos-de-capacitacao-para-motofretistas-e-taxistas\/\",\"url\":\"https:\/\/www.pmpf.rs.gov.br\/secretaria-de-desenvolvimento-economico\/2023\/09\/15\/prefeitura-disponibiliza-cursos-de-capacitacao-para-motofretistas-e-taxistas\/\",\"name\":\"Prefeitura disponibiliza cursos de capacita\u00e7\u00e3o para motofretistas e taxistas - Secretaria de Desenvolvimento Econ\u00f4mico\",\"isPartOf\":{\"@id\":\"https:\/\/www.pmpf.rs.gov.br\/secretaria-de-desenvolvimento-economico\/#website\"},\"datePublished\":\"2023-09-15T18:00:08+00:00\",\"dateModified\":\"2023-09-15T18:00:12+00:00\",\"author\":{\"@id\":\"https:\/\/www.pmpf.rs.gov.br\/secretaria-de-desenvolvimento-economico\/#\/schema\/person\/30ee1d1bd74da1469b01fcf086e43351\"},\"inLanguage\":\"pt-BR\",\"potentialAction\":[{\"@type\":\"ReadAction\",\"target\":[\"https:\/\/www.pmpf.rs.gov.br\/secretaria-de-desenvolvimento-economico\/2023\/09\/15\/prefeitura-disponibiliza-cursos-de-capacitacao-para-motofretistas-e-taxistas\/\"]}]},{\"@type\":\"WebSite\",\"@id\":\"https:\/\/www.pmpf.rs.gov.br\/secretaria-de-desenvolvimento-economico\/#website\",\"url\":\"https:\/\/www.pmpf.rs.gov.br\/secretaria-de-desenvolvimento-economico\/\",\"name\":\"Secretaria de Desenvolvimento Econ\u00f4mico\",\"description\":\"S\u00f3 mais um site Prefeitura de Passo Fundo\",\"potentialAction\":[{\"@type\":\"SearchAction\",\"target\":{\"@type\":\"EntryPoint\",\"urlTemplate\":\"https:\/\/www.pmpf.rs.gov.br\/secretaria-de-desenvolvimento-economico\/?s={search_term_string}\"},\"query-input\":{\"@type\":\"PropertyValueSpecification\",\"valueRequired\":true,\"valueName\":\"search_term_string\"}}],\"inLanguage\":\"pt-BR\"},{\"@type\":\"Person\",\"@id\":\"https:\/\/www.pmpf.rs.gov.br\/secretaria-de-desenvolvimento-economico\/#\/schema\/person\/30ee1d1bd74da1469b01fcf086e43351\",\"name\":\"andressazorzetto07\",\"image\":{\"@type\":\"ImageObject\",\"inLanguage\":\"pt-BR\",\"@id\":\"https:\/\/www.pmpf.rs.gov.br\/secretaria-de-desenvolvimento-economico\/#\/schema\/person\/image\/\",\"url\":\"https:\/\/secure.gravatar.com\/avatar\/14c5458ed79dc81da99a13b9ff5f9f19?s=96&d=mm&r=g\",\"contentUrl\":\"https:\/\/secure.gravatar.com\/avatar\/14c5458ed79dc81da99a13b9ff5f9f19?s=96&d=mm&r=g\",\"caption\":\"andressazorzetto07\"},\"url\":\"https:\/\/www.pmpf.rs.gov.br\/secretaria-de-desenvolvimento-economico\/author\/andressazorzetto07\/\"}]}<\/script>\n<!-- \/ Yoast SEO plugin. -->","yoast_head_json":{"title":"Prefeitura disponibiliza cursos de capacita\u00e7\u00e3o para motofretistas e taxistas - Secretaria de Desenvolvimento Econ\u00f4mico","robots":{"index":"index","follow":"follow","max-snippet":"max-snippet:-1","max-image-preview":"max-image-preview:large","max-video-preview":"max-video-preview:-1"},"canonical":"https:\/\/www.pmpf.rs.gov.br\/secretaria-de-desenvolvimento-economico\/2023\/09\/15\/prefeitura-disponibiliza-cursos-de-capacitacao-para-motofretistas-e-taxistas\/","og_locale":"pt_BR","og_type":"article","og_title":"Prefeitura disponibiliza cursos de capacita\u00e7\u00e3o para motofretistas e taxistas - Secretaria de Desenvolvimento Econ\u00f4mico","og_description":"Capacita\u00e7\u00e3o ser\u00e1 oferecida atrav\u00e9s da Escola das Profiss\u00f5es","og_url":"https:\/\/www.pmpf.rs.gov.br\/secretaria-de-desenvolvimento-economico\/2023\/09\/15\/prefeitura-disponibiliza-cursos-de-capacitacao-para-motofretistas-e-taxistas\/","og_site_name":"Secretaria de Desenvolvimento Econ\u00f4mico","article_published_time":"2023-09-15T18:00:08+00:00","article_modified_time":"2023-09-15T18:00:12+00:00","author":"andressazorzetto07","twitter_card":"summary_large_image","twitter_misc":{"Escrito por":"andressazorzetto07","Est. tempo de leitura":"2 minutos"},"schema":{"@context":"https:\/\/schema.org","@graph":[{"@type":"WebPage","@id":"https:\/\/www.pmpf.rs.gov.br\/secretaria-de-desenvolvimento-economico\/2023\/09\/15\/prefeitura-disponibiliza-cursos-de-capacitacao-para-motofretistas-e-taxistas\/","url":"https:\/\/www.pmpf.rs.gov.br\/secretaria-de-desenvolvimento-economico\/2023\/09\/15\/prefeitura-disponibiliza-cursos-de-capacitacao-para-motofretistas-e-taxistas\/","name":"Prefeitura disponibiliza cursos de capacita\u00e7\u00e3o para motofretistas e taxistas - Secretaria de Desenvolvimento Econ\u00f4mico","isPartOf":{"@id":"https:\/\/www.pmpf.rs.gov.br\/secretaria-de-desenvolvimento-economico\/#website"},"datePublished":"2023-09-15T18:00:08+00:00","dateModified":"2023-09-15T18:00:12+00:00","author":{"@id":"https:\/\/www.pmpf.rs.gov.br\/secretaria-de-desenvolvimento-economico\/#\/schema\/person\/30ee1d1bd74da1469b01fcf086e43351"},"inLanguage":"pt-BR","potentialAction":[{"@type":"ReadAction","target":["https:\/\/www.pmpf.rs.gov.br\/secretaria-de-desenvolvimento-economico\/2023\/09\/15\/prefeitura-disponibiliza-cursos-de-capacitacao-para-motofretistas-e-taxistas\/"]}]},{"@type":"WebSite","@id":"https:\/\/www.pmpf.rs.gov.br\/secretaria-de-desenvolvimento-economico\/#website","url":"https:\/\/www.pmpf.rs.gov.br\/secretaria-de-desenvolvimento-economico\/","name":"Secretaria de Desenvolvimento Econ\u00f4mico","description":"S\u00f3 mais um site Prefeitura de Passo Fundo","potentialAction":[{"@type":"SearchAction","target":{"@type":"EntryPoint","urlTemplate":"https:\/\/www.pmpf.rs.gov.br\/secretaria-de-desenvolvimento-economico\/?s={search_term_string}"},"query-input":{"@type":"PropertyValueSpecification","valueRequired":true,"valueName":"search_term_string"}}],"inLanguage":"pt-BR"},{"@type":"Person","@id":"https:\/\/www.pmpf.rs.gov.br\/secretaria-de-desenvolvimento-economico\/#\/schema\/person\/30ee1d1bd74da1469b01fcf086e43351","name":"andressazorzetto07","image":{"@type":"ImageObject","inLanguage":"pt-BR","@id":"https:\/\/www.pmpf.rs.gov.br\/secretaria-de-desenvolvimento-economico\/#\/schema\/person\/image\/","url":"https:\/\/secure.gravatar.com\/avatar\/14c5458ed79dc81da99a13b9ff5f9f19?s=96&d=mm&r=g","contentUrl":"https:\/\/secure.gravatar.com\/avatar\/14c5458ed79dc81da99a13b9ff5f9f19?s=96&d=mm&r=g","caption":"andressazorzetto07"},"url":"https:\/\/www.pmpf.rs.gov.br\/secretaria-de-desenvolvimento-economico\/author\/andressazorzetto07\/"}]}},"_links":{"self":[{"href":"https:\/\/www.pmpf.rs.gov.br\/secretaria-de-desenvolvimento-economico\/wp-json\/wp\/v2\/posts\/2188"}],"collection":[{"href":"https:\/\/www.pmpf.rs.gov.br\/secretaria-de-desenvolvimento-economico\/wp-json\/wp\/v2\/posts"}],"about":[{"href":"https:\/\/www.pmpf.rs.gov.br\/secretaria-de-desenvolvimento-economico\/wp-json\/wp\/v2\/types\/post"}],"author":[{"embeddable":true,"href":"https:\/\/www.pmpf.rs.gov.br\/secretaria-de-desenvolvimento-economico\/wp-json\/wp\/v2\/users\/6"}],"replies":[{"embeddable":true,"href":"https:\/\/www.pmpf.rs.gov.br\/secretaria-de-desenvolvimento-economico\/wp-json\/wp\/v2\/comments?post=2188"}],"version-history":[{"count":1,"href":"https:\/\/www.pmpf.rs.gov.br\/secretaria-de-desenvolvimento-economico\/wp-json\/wp\/v2\/posts\/2188\/revisions"}],"predecessor-version":[{"id":2189,"href":"https:\/\/www.pmpf.rs.gov.br\/secretaria-de-desenvolvimento-economico\/wp-json\/wp\/v2\/posts\/2188\/revisions\/2189"}],"wp:attachment":[{"href":"https:\/\/www.pmpf.rs.gov.br\/secretaria-de-desenvolvimento-economico\/wp-json\/wp\/v2\/media?parent=2188"}],"wp:term":[{"taxonomy":"category","embeddable":true,"href":"https:\/\/www.pmpf.rs.gov.br\/secretaria-de-desenvolvimento-economico\/wp-json\/wp\/v2\/categories?post=2188"},{"taxonomy":"post_tag","embeddable":true,"href":"https:\/\/www.pmpf.rs.gov.br\/secretaria-de-desenvolvimento-economico\/wp-json\/wp\/v2\/tags?post=2188"}],"curies":[{"name":"wp","href":"https:\/\/api.w.org\/{rel}","templated":true}]}}