{"id":2173,"date":"2023-08-01T15:47:27","date_gmt":"2023-08-01T18:47:27","guid":{"rendered":"https:\/\/www.pmpf.rs.gov.br\/secretaria-de-desenvolvimento-economico\/?p=2173"},"modified":"2023-08-03T09:27:39","modified_gmt":"2023-08-03T12:27:39","slug":"cafe-com-emprego-reuniu-mais-de-600-pessoas-em-sua-7a-edicao","status":"publish","type":"post","link":"https:\/\/www.pmpf.rs.gov.br\/secretaria-de-desenvolvimento-economico\/2023\/08\/01\/cafe-com-emprego-reuniu-mais-de-600-pessoas-em-sua-7a-edicao\/","title":{"rendered":"Caf\u00e9 com Emprego reuniu mais de 600 pessoas em sua 7\u00aa edi\u00e7\u00e3o"},"content":{"rendered":"\n<p><br><br>Conferindo a quantidade e o perfil das cerca de 800 vagas ofertadas pelas mais de 25 empresas parceiras da Prefeitura de Passo Fundo nesta 7\u00aa edi\u00e7\u00e3o do Caf\u00e9 com Emprego, ocorrida na ter\u00e7a-feira (01), no Clube Comercial, o morador do bairro Jos\u00e9 Alexandre Zachia, Ant\u00f4nio Marcos, apresentou-se e entregou seu curr\u00edculo em pelo menos quatro delas. \u201cEu tenho experi\u00eancia com empilhadeiras, trabalhei em dep\u00f3sito de bebidas e em outros locais assim. Ent\u00e3o, estou procurando algo nesta \u00e1rea. Mas, tamb\u00e9m quero conferir as outras op\u00e7\u00f5es, tem bastante empresa que \u00e9 reconhecida e elogiada na cidade, quero ver se consigo algo\u201d, contou ele, que est\u00e1 desempregado h\u00e1 poucos meses depois de ter encerrado o contrato tempor\u00e1rio ao qual ele estava vinculado.<\/p>\n\n\n\n<p>A hist\u00f3ria do Ant\u00f4nio se confunde com a de milhares de passo-fundenses que, desde a primeira edi\u00e7\u00e3o do projeto idealizado pela Prefeitura, tem procurado ingressar no mercado formal de trabalho no munic\u00edpio. \u201cEu fiquei sabendo deste projeto pela r\u00e1dio. Saio daqui hoje feliz, porque fui chamado para uma entrevista j\u00e1 nos pr\u00f3ximos dias. N\u00e3o imaginei que ia ser t\u00e3o r\u00e1pido. A organiza\u00e7\u00e3o desse evento est\u00e1 de parab\u00e9ns\u201d, relatou ele, ao sair do evento com data, local e hor\u00e1rio para uma segunda etapa de um processo seletivo.<\/p>\n\n\n\n<p>Para o prefeito de Passo Fundo, Pedro Almeida, estimular iniciativas como a do Caf\u00e9 com Emprego \u00e9 fazer com que a Administra\u00e7\u00e3o atue pensando na melhoria da qualidade de vida das pessoas. \u201cEstar empregado faz toda a diferen\u00e7a, n\u00e3o s\u00f3 econ\u00f4mica, mas tamb\u00e9m social. Por isso, o Caf\u00e9 com Emprego tornou-se este projeto t\u00e3o importante para n\u00f3s; porque mais do que aproximar as pessoas das empresas, ainda conseguimos fomentar a melhora dos indicadores sociais do munic\u00edpio\u201d, analisou Pedro, ao falar da 7\u00aa edi\u00e7\u00e3o da atividade, promovida dentro das programa\u00e7\u00f5es alusivas ao anivers\u00e1rio de 166 anos do munic\u00edpio.<\/p>\n\n\n\n<p>Conforme o chefe do Executivo, desde a primeira edi\u00e7\u00e3o do evento, realizada em 2021, mais de 800 pessoas j\u00e1 foram empregadas por meio do Caf\u00e9 com Emprego. \u201cIsso \u00e9 um est\u00edmulo e um sinal importante de que reunir em um mesmo espa\u00e7o quem est\u00e1 procurando trabalho das empresas e institui\u00e7\u00f5es com vagas dispon\u00edveis tem-se mostrado um acerto\u201d, avaliou o prefeito, entregando, ao lado do vice-prefeito, Jo\u00e3o Pedro Nunes; do vereador Gio Krug; e do secret\u00e1rio de Desenvolvimento Econ\u00f4mico (SDE), Diorges Oliveira, certificados de reconhecimento \u00e0 Somaves, Compre Bem, Be8 e CIEE \u2013 empresas e entidades que mais efetivaram contrata\u00e7\u00f5es na 6\u00aa edi\u00e7\u00e3o da iniciativa, ocorrida em maio.<\/p>\n\n\n\n<p><\/p>\n\n\n\n<p><strong>Mudan\u00e7a no perfil do p\u00fablico<br><\/strong>Ao longo destas sete edi\u00e7\u00f5es do evento, o secret\u00e1rio de Desenvolvimento Econ\u00f4mico destacou que, al\u00e9m do n\u00famero expressivo de pessoas contratadas, o Caf\u00e9 com Emprego tamb\u00e9m vem acompanhando as transforma\u00e7\u00f5es e as mudan\u00e7as no perfil de quem est\u00e1 procurando trabalho. \u201cNesta edi\u00e7\u00e3o comemorativa, por exemplo, n\u00f3s observamos um grande percentual de jovens interessados n\u00e3o apenas em iniciar a vida profissional, mas tamb\u00e9m nos cursos de qualifica\u00e7\u00e3o oferecidos pela Escola das Profiss\u00f5es. O Caf\u00e9 com Emprego tem nos propiciado trabalhar em diferentes frentes para fomentar a economia local\u201d, declarou Oliveira.<\/p>\n\n\n\n<p>Um destes jovens que participou pela primeira vez do Caf\u00e9 com Emprego foi o Gabriel Canini, de 18 anos. Ele concluiu o ensino m\u00e9dio recentemente e, acompanhado pela m\u00e3e, Evandra, foi at\u00e9 o Clube Comercial depois de saber que estariam sendo ofertadas vagas para Jovem Aprendiz e tamb\u00e9m outros programas de est\u00e1gio. \u201cAchei esse espa\u00e7o bem localizado, a organiza\u00e7\u00e3o interna tamb\u00e9m ajuda e tinham muitas vagas para analisar. Acredito que tenho boas chances\u201d, disse o adolescente.<\/p>\n\n\n\n<p>O grande n\u00famero de jovens em busca de trabalho tamb\u00e9m foi observado pelo diretor Comercial do Instituto Mix, Felipe Roos Ribeiro, uma das empresas que participa desde as primeiras edi\u00e7\u00f5es do Caf\u00e9 com Emprego. \u201cRecebemos muitas pessoas que est\u00e3o concluindo o ensino m\u00e9dio e querem come\u00e7ar est\u00e1gios, sobretudo nas \u00e1reas administrativas. Fomos percebendo, desde que come\u00e7amos a participar deste evento, que a qualifica\u00e7\u00e3o ainda \u00e9 uma quest\u00e3o importante, porque abre mais possibilidades de as entrevistas avan\u00e7arem e as pessoas serem efetivadas\u201d, pontuou.<\/p>\n\n\n\n<p>De acordo com o secret\u00e1rio da SDE, mais de 600 pessoas foram atendidas pelas empresas e institui\u00e7\u00f5es parceiras nesta edi\u00e7\u00e3o comemorativa do Caf\u00e9 com Emprego. Al\u00e9m de aproximar os trabalhadores das institui\u00e7\u00f5es, a Prefeitura tamb\u00e9m facilitou a inscri\u00e7\u00e3o para os 22 cursos de capacita\u00e7\u00e3o que est\u00e3o sendo ofertados pela Escola das Profiss\u00f5es.<\/p>\n\n\n\n<p>Junto com os certificados entregues \u00e0s empresas e institui\u00e7\u00f5es que mais efetivaram contrata\u00e7\u00f5es na sexta edi\u00e7\u00e3o do Caf\u00e9, o prefeito e as lideran\u00e7as municipais reconheceram o esfor\u00e7o e a dedica\u00e7\u00e3o dos colaboradores do Programa Apoiar e Comprometer (PAC) que, ao participarem do Caf\u00e9 com Emprego, foram inseridos em diferentes setores produtivos no munic\u00edpio.<\/p>\n","protected":false},"excerpt":{"rendered":"<p>Evento ocorreu nesta ter\u00e7a-feira (01) e integrou as programa\u00e7\u00f5es alusivas ao anivers\u00e1rio de 166 anos de Passo Fundo. Desde a primeira edi\u00e7\u00e3o da atividade, em 2021, mais de 800 pessoas j\u00e1 foram contratadas pelo projeto da Prefeitura<\/p>\n","protected":false},"author":6,"featured_media":2174,"comment_status":"closed","ping_status":"closed","sticky":true,"template":"","format":"standard","meta":{"footnotes":""},"categories":[1],"tags":[],"class_list":["post-2173","post","type-post","status-publish","format-standard","has-post-thumbnail","hentry","category-sem-categoria"],"yoast_head":"<!-- This site is optimized with the Yoast SEO plugin v23.8 - https:\/\/yoast.com\/wordpress\/plugins\/seo\/ -->\n<title>Caf\u00e9 com Emprego reuniu mais de 600 pessoas em sua 7\u00aa edi\u00e7\u00e3o - Secretaria de Desenvolvimento Econ\u00f4mico<\/title>\n<meta name=\"robots\" content=\"index, follow, max-snippet:-1, max-image-preview:large, max-video-preview:-1\" \/>\n<link rel=\"canonical\" href=\"https:\/\/www.pmpf.rs.gov.br\/secretaria-de-desenvolvimento-economico\/2023\/08\/01\/cafe-com-emprego-reuniu-mais-de-600-pessoas-em-sua-7a-edicao\/\" \/>\n<meta property=\"og:locale\" content=\"pt_BR\" \/>\n<meta property=\"og:type\" content=\"article\" \/>\n<meta property=\"og:title\" content=\"Caf\u00e9 com Emprego reuniu mais de 600 pessoas em sua 7\u00aa edi\u00e7\u00e3o - Secretaria de Desenvolvimento Econ\u00f4mico\" \/>\n<meta property=\"og:description\" content=\"Evento ocorreu nesta ter\u00e7a-feira (01) e integrou as programa\u00e7\u00f5es alusivas ao anivers\u00e1rio de 166 anos de Passo Fundo. Desde a primeira edi\u00e7\u00e3o da atividade, em 2021, mais de 800 pessoas j\u00e1 foram contratadas pelo projeto da Prefeitura\" \/>\n<meta property=\"og:url\" content=\"https:\/\/www.pmpf.rs.gov.br\/secretaria-de-desenvolvimento-economico\/2023\/08\/01\/cafe-com-emprego-reuniu-mais-de-600-pessoas-em-sua-7a-edicao\/\" \/>\n<meta property=\"og:site_name\" content=\"Secretaria de Desenvolvimento Econ\u00f4mico\" \/>\n<meta property=\"article:published_time\" content=\"2023-08-01T18:47:27+00:00\" \/>\n<meta property=\"article:modified_time\" content=\"2023-08-03T12:27:39+00:00\" \/>\n<meta property=\"og:image\" content=\"https:\/\/www.pmpf.rs.gov.br\/secretaria-de-desenvolvimento-economico\/wp-content\/uploads\/sites\/27\/2023\/08\/cafe-com-emprego-02.jpg\" \/>\n\t<meta property=\"og:image:width\" content=\"1600\" \/>\n\t<meta property=\"og:image:height\" content=\"1066\" \/>\n\t<meta property=\"og:image:type\" content=\"image\/jpeg\" \/>\n<meta name=\"author\" content=\"andressazorzetto07\" \/>\n<meta name=\"twitter:card\" content=\"summary_large_image\" \/>\n<meta name=\"twitter:label1\" content=\"Escrito por\" \/>\n\t<meta name=\"twitter:data1\" content=\"andressazorzetto07\" \/>\n\t<meta name=\"twitter:label2\" content=\"Est. tempo de leitura\" \/>\n\t<meta name=\"twitter:data2\" content=\"4 minutos\" \/>\n<script type=\"application\/ld+json\" class=\"yoast-schema-graph\">{\"@context\":\"https:\/\/schema.org\",\"@graph\":[{\"@type\":\"WebPage\",\"@id\":\"https:\/\/www.pmpf.rs.gov.br\/secretaria-de-desenvolvimento-economico\/2023\/08\/01\/cafe-com-emprego-reuniu-mais-de-600-pessoas-em-sua-7a-edicao\/\",\"url\":\"https:\/\/www.pmpf.rs.gov.br\/secretaria-de-desenvolvimento-economico\/2023\/08\/01\/cafe-com-emprego-reuniu-mais-de-600-pessoas-em-sua-7a-edicao\/\",\"name\":\"Caf\u00e9 com Emprego reuniu mais de 600 pessoas em sua 7\u00aa edi\u00e7\u00e3o - Secretaria de Desenvolvimento Econ\u00f4mico\",\"isPartOf\":{\"@id\":\"https:\/\/www.pmpf.rs.gov.br\/secretaria-de-desenvolvimento-economico\/#website\"},\"primaryImageOfPage\":{\"@id\":\"https:\/\/www.pmpf.rs.gov.br\/secretaria-de-desenvolvimento-economico\/2023\/08\/01\/cafe-com-emprego-reuniu-mais-de-600-pessoas-em-sua-7a-edicao\/#primaryimage\"},\"image\":{\"@id\":\"https:\/\/www.pmpf.rs.gov.br\/secretaria-de-desenvolvimento-economico\/2023\/08\/01\/cafe-com-emprego-reuniu-mais-de-600-pessoas-em-sua-7a-edicao\/#primaryimage\"},\"thumbnailUrl\":\"https:\/\/www.pmpf.rs.gov.br\/secretaria-de-desenvolvimento-economico\/wp-content\/uploads\/sites\/27\/2023\/08\/cafe-com-emprego-02.jpg\",\"datePublished\":\"2023-08-01T18:47:27+00:00\",\"dateModified\":\"2023-08-03T12:27:39+00:00\",\"author\":{\"@id\":\"https:\/\/www.pmpf.rs.gov.br\/secretaria-de-desenvolvimento-economico\/#\/schema\/person\/30ee1d1bd74da1469b01fcf086e43351\"},\"inLanguage\":\"pt-BR\",\"potentialAction\":[{\"@type\":\"ReadAction\",\"target\":[\"https:\/\/www.pmpf.rs.gov.br\/secretaria-de-desenvolvimento-economico\/2023\/08\/01\/cafe-com-emprego-reuniu-mais-de-600-pessoas-em-sua-7a-edicao\/\"]}]},{\"@type\":\"ImageObject\",\"inLanguage\":\"pt-BR\",\"@id\":\"https:\/\/www.pmpf.rs.gov.br\/secretaria-de-desenvolvimento-economico\/2023\/08\/01\/cafe-com-emprego-reuniu-mais-de-600-pessoas-em-sua-7a-edicao\/#primaryimage\",\"url\":\"https:\/\/www.pmpf.rs.gov.br\/secretaria-de-desenvolvimento-economico\/wp-content\/uploads\/sites\/27\/2023\/08\/cafe-com-emprego-02.jpg\",\"contentUrl\":\"https:\/\/www.pmpf.rs.gov.br\/secretaria-de-desenvolvimento-economico\/wp-content\/uploads\/sites\/27\/2023\/08\/cafe-com-emprego-02.jpg\",\"width\":1600,\"height\":1066},{\"@type\":\"WebSite\",\"@id\":\"https:\/\/www.pmpf.rs.gov.br\/secretaria-de-desenvolvimento-economico\/#website\",\"url\":\"https:\/\/www.pmpf.rs.gov.br\/secretaria-de-desenvolvimento-economico\/\",\"name\":\"Secretaria de Desenvolvimento Econ\u00f4mico\",\"description\":\"S\u00f3 mais um site Prefeitura de Passo Fundo\",\"potentialAction\":[{\"@type\":\"SearchAction\",\"target\":{\"@type\":\"EntryPoint\",\"urlTemplate\":\"https:\/\/www.pmpf.rs.gov.br\/secretaria-de-desenvolvimento-economico\/?s={search_term_string}\"},\"query-input\":{\"@type\":\"PropertyValueSpecification\",\"valueRequired\":true,\"valueName\":\"search_term_string\"}}],\"inLanguage\":\"pt-BR\"},{\"@type\":\"Person\",\"@id\":\"https:\/\/www.pmpf.rs.gov.br\/secretaria-de-desenvolvimento-economico\/#\/schema\/person\/30ee1d1bd74da1469b01fcf086e43351\",\"name\":\"andressazorzetto07\",\"image\":{\"@type\":\"ImageObject\",\"inLanguage\":\"pt-BR\",\"@id\":\"https:\/\/www.pmpf.rs.gov.br\/secretaria-de-desenvolvimento-economico\/#\/schema\/person\/image\/\",\"url\":\"https:\/\/secure.gravatar.com\/avatar\/14c5458ed79dc81da99a13b9ff5f9f19?s=96&d=mm&r=g\",\"contentUrl\":\"https:\/\/secure.gravatar.com\/avatar\/14c5458ed79dc81da99a13b9ff5f9f19?s=96&d=mm&r=g\",\"caption\":\"andressazorzetto07\"},\"url\":\"https:\/\/www.pmpf.rs.gov.br\/secretaria-de-desenvolvimento-economico\/author\/andressazorzetto07\/\"}]}<\/script>\n<!-- \/ Yoast SEO plugin. -->","yoast_head_json":{"title":"Caf\u00e9 com Emprego reuniu mais de 600 pessoas em sua 7\u00aa edi\u00e7\u00e3o - Secretaria de Desenvolvimento Econ\u00f4mico","robots":{"index":"index","follow":"follow","max-snippet":"max-snippet:-1","max-image-preview":"max-image-preview:large","max-video-preview":"max-video-preview:-1"},"canonical":"https:\/\/www.pmpf.rs.gov.br\/secretaria-de-desenvolvimento-economico\/2023\/08\/01\/cafe-com-emprego-reuniu-mais-de-600-pessoas-em-sua-7a-edicao\/","og_locale":"pt_BR","og_type":"article","og_title":"Caf\u00e9 com Emprego reuniu mais de 600 pessoas em sua 7\u00aa edi\u00e7\u00e3o - Secretaria de Desenvolvimento Econ\u00f4mico","og_description":"Evento ocorreu nesta ter\u00e7a-feira (01) e integrou as programa\u00e7\u00f5es alusivas ao anivers\u00e1rio de 166 anos de Passo Fundo. Desde a primeira edi\u00e7\u00e3o da atividade, em 2021, mais de 800 pessoas j\u00e1 foram contratadas pelo projeto da Prefeitura","og_url":"https:\/\/www.pmpf.rs.gov.br\/secretaria-de-desenvolvimento-economico\/2023\/08\/01\/cafe-com-emprego-reuniu-mais-de-600-pessoas-em-sua-7a-edicao\/","og_site_name":"Secretaria de Desenvolvimento Econ\u00f4mico","article_published_time":"2023-08-01T18:47:27+00:00","article_modified_time":"2023-08-03T12:27:39+00:00","og_image":[{"width":1600,"height":1066,"url":"https:\/\/www.pmpf.rs.gov.br\/secretaria-de-desenvolvimento-economico\/wp-content\/uploads\/sites\/27\/2023\/08\/cafe-com-emprego-02.jpg","type":"image\/jpeg"}],"author":"andressazorzetto07","twitter_card":"summary_large_image","twitter_misc":{"Escrito por":"andressazorzetto07","Est. tempo de leitura":"4 minutos"},"schema":{"@context":"https:\/\/schema.org","@graph":[{"@type":"WebPage","@id":"https:\/\/www.pmpf.rs.gov.br\/secretaria-de-desenvolvimento-economico\/2023\/08\/01\/cafe-com-emprego-reuniu-mais-de-600-pessoas-em-sua-7a-edicao\/","url":"https:\/\/www.pmpf.rs.gov.br\/secretaria-de-desenvolvimento-economico\/2023\/08\/01\/cafe-com-emprego-reuniu-mais-de-600-pessoas-em-sua-7a-edicao\/","name":"Caf\u00e9 com Emprego reuniu mais de 600 pessoas em sua 7\u00aa edi\u00e7\u00e3o - Secretaria de Desenvolvimento Econ\u00f4mico","isPartOf":{"@id":"https:\/\/www.pmpf.rs.gov.br\/secretaria-de-desenvolvimento-economico\/#website"},"primaryImageOfPage":{"@id":"https:\/\/www.pmpf.rs.gov.br\/secretaria-de-desenvolvimento-economico\/2023\/08\/01\/cafe-com-emprego-reuniu-mais-de-600-pessoas-em-sua-7a-edicao\/#primaryimage"},"image":{"@id":"https:\/\/www.pmpf.rs.gov.br\/secretaria-de-desenvolvimento-economico\/2023\/08\/01\/cafe-com-emprego-reuniu-mais-de-600-pessoas-em-sua-7a-edicao\/#primaryimage"},"thumbnailUrl":"https:\/\/www.pmpf.rs.gov.br\/secretaria-de-desenvolvimento-economico\/wp-content\/uploads\/sites\/27\/2023\/08\/cafe-com-emprego-02.jpg","datePublished":"2023-08-01T18:47:27+00:00","dateModified":"2023-08-03T12:27:39+00:00","author":{"@id":"https:\/\/www.pmpf.rs.gov.br\/secretaria-de-desenvolvimento-economico\/#\/schema\/person\/30ee1d1bd74da1469b01fcf086e43351"},"inLanguage":"pt-BR","potentialAction":[{"@type":"ReadAction","target":["https:\/\/www.pmpf.rs.gov.br\/secretaria-de-desenvolvimento-economico\/2023\/08\/01\/cafe-com-emprego-reuniu-mais-de-600-pessoas-em-sua-7a-edicao\/"]}]},{"@type":"ImageObject","inLanguage":"pt-BR","@id":"https:\/\/www.pmpf.rs.gov.br\/secretaria-de-desenvolvimento-economico\/2023\/08\/01\/cafe-com-emprego-reuniu-mais-de-600-pessoas-em-sua-7a-edicao\/#primaryimage","url":"https:\/\/www.pmpf.rs.gov.br\/secretaria-de-desenvolvimento-economico\/wp-content\/uploads\/sites\/27\/2023\/08\/cafe-com-emprego-02.jpg","contentUrl":"https:\/\/www.pmpf.rs.gov.br\/secretaria-de-desenvolvimento-economico\/wp-content\/uploads\/sites\/27\/2023\/08\/cafe-com-emprego-02.jpg","width":1600,"height":1066},{"@type":"WebSite","@id":"https:\/\/www.pmpf.rs.gov.br\/secretaria-de-desenvolvimento-economico\/#website","url":"https:\/\/www.pmpf.rs.gov.br\/secretaria-de-desenvolvimento-economico\/","name":"Secretaria de Desenvolvimento Econ\u00f4mico","description":"S\u00f3 mais um site Prefeitura de Passo Fundo","potentialAction":[{"@type":"SearchAction","target":{"@type":"EntryPoint","urlTemplate":"https:\/\/www.pmpf.rs.gov.br\/secretaria-de-desenvolvimento-economico\/?s={search_term_string}"},"query-input":{"@type":"PropertyValueSpecification","valueRequired":true,"valueName":"search_term_string"}}],"inLanguage":"pt-BR"},{"@type":"Person","@id":"https:\/\/www.pmpf.rs.gov.br\/secretaria-de-desenvolvimento-economico\/#\/schema\/person\/30ee1d1bd74da1469b01fcf086e43351","name":"andressazorzetto07","image":{"@type":"ImageObject","inLanguage":"pt-BR","@id":"https:\/\/www.pmpf.rs.gov.br\/secretaria-de-desenvolvimento-economico\/#\/schema\/person\/image\/","url":"https:\/\/secure.gravatar.com\/avatar\/14c5458ed79dc81da99a13b9ff5f9f19?s=96&d=mm&r=g","contentUrl":"https:\/\/secure.gravatar.com\/avatar\/14c5458ed79dc81da99a13b9ff5f9f19?s=96&d=mm&r=g","caption":"andressazorzetto07"},"url":"https:\/\/www.pmpf.rs.gov.br\/secretaria-de-desenvolvimento-economico\/author\/andressazorzetto07\/"}]}},"_links":{"self":[{"href":"https:\/\/www.pmpf.rs.gov.br\/secretaria-de-desenvolvimento-economico\/wp-json\/wp\/v2\/posts\/2173"}],"collection":[{"href":"https:\/\/www.pmpf.rs.gov.br\/secretaria-de-desenvolvimento-economico\/wp-json\/wp\/v2\/posts"}],"about":[{"href":"https:\/\/www.pmpf.rs.gov.br\/secretaria-de-desenvolvimento-economico\/wp-json\/wp\/v2\/types\/post"}],"author":[{"embeddable":true,"href":"https:\/\/www.pmpf.rs.gov.br\/secretaria-de-desenvolvimento-economico\/wp-json\/wp\/v2\/users\/6"}],"replies":[{"embeddable":true,"href":"https:\/\/www.pmpf.rs.gov.br\/secretaria-de-desenvolvimento-economico\/wp-json\/wp\/v2\/comments?post=2173"}],"version-history":[{"count":1,"href":"https:\/\/www.pmpf.rs.gov.br\/secretaria-de-desenvolvimento-economico\/wp-json\/wp\/v2\/posts\/2173\/revisions"}],"predecessor-version":[{"id":2175,"href":"https:\/\/www.pmpf.rs.gov.br\/secretaria-de-desenvolvimento-economico\/wp-json\/wp\/v2\/posts\/2173\/revisions\/2175"}],"wp:featuredmedia":[{"embeddable":true,"href":"https:\/\/www.pmpf.rs.gov.br\/secretaria-de-desenvolvimento-economico\/wp-json\/wp\/v2\/media\/2174"}],"wp:attachment":[{"href":"https:\/\/www.pmpf.rs.gov.br\/secretaria-de-desenvolvimento-economico\/wp-json\/wp\/v2\/media?parent=2173"}],"wp:term":[{"taxonomy":"category","embeddable":true,"href":"https:\/\/www.pmpf.rs.gov.br\/secretaria-de-desenvolvimento-economico\/wp-json\/wp\/v2\/categories?post=2173"},{"taxonomy":"post_tag","embeddable":true,"href":"https:\/\/www.pmpf.rs.gov.br\/secretaria-de-desenvolvimento-economico\/wp-json\/wp\/v2\/tags?post=2173"}],"curies":[{"name":"wp","href":"https:\/\/api.w.org\/{rel}","templated":true}]}}