{"id":2170,"date":"2023-07-31T10:37:45","date_gmt":"2023-07-31T13:37:45","guid":{"rendered":"https:\/\/www.pmpf.rs.gov.br\/secretaria-de-desenvolvimento-economico\/?p=2170"},"modified":"2023-08-01T08:16:26","modified_gmt":"2023-08-01T11:16:26","slug":"passo-fundo-um-lugar-para-investir-crescer-e-inovar","status":"publish","type":"post","link":"https:\/\/www.pmpf.rs.gov.br\/secretaria-de-desenvolvimento-economico\/2023\/07\/31\/passo-fundo-um-lugar-para-investir-crescer-e-inovar\/","title":{"rendered":"Passo Fundo: um lugar para investir, crescer e inovar"},"content":{"rendered":"\n<p><\/p>\n\n\n\n<p>Uma pesquisa realizada nos \u00faltimos 10 meses resultou em um livro que retrata as potencialidades do Munic\u00edpio. O material, intitulado \u201cPasso Fundo \u2013 um lugar para investir, crescer e inovar\u201d foi lan\u00e7ado pela Prefeitura na manh\u00e3 desta segunda-feira (31), no Una Open Mall, reunindo indicadores econ\u00f4micos que fazem de Passo Fundo a 39\u00aa melhor cidade do pa\u00eds para morar e entre as principais para apostar.<\/p>\n\n\n\n<p>O prefeito Pedro Almeida o livro \u201cEste projeto tem dois pontos fundamentais. O primeiro \u00e9 que podemos olhar o livro e fazer um reconhecimento \u00e0s entidades, empresas, empres\u00e1rios e que investem em Passo Fundo e est\u00e3o registrados como ativos de desenvolvimento, que nos ajudam a alcan\u00e7ar indicadores e colocar Passo Fundo em um bom momento. Aqui, tamb\u00e9m enalte\u00e7o a uni\u00e3o das entidades para discutir os temas da cidade, o que demonstra a maturidade que vivemos. O segundo \u00e9 que este se tornar\u00e1 um cart\u00e3o e visitas para ser utilizado para apresentar a cidade\u201d, disse.<\/p>\n\n\n\n<p>O secret\u00e1rio de Desenvolvemos, Diorges Oliveira, considera que o livro re\u00fane os indicadores de Passo Fundo, uma cidade preparada para o futuro, destaque em Educa\u00e7\u00e3o, Sa\u00fade, Ind\u00fastria, Servi\u00e7os, Constru\u00e7\u00e3o Civil, entre outros segmentos. \u201cSomos uma cidade que cresce, se desenvolve e tem compromisso ambiental. Sa\u00edmos com um novo desafio de fazer com que esse portf\u00f3lio chegue a investidores para que olhem Passo Fundo como uma oportunidade de investimentos\u201d, declarou.<\/p>\n\n\n\n<p>Local escolhido para a apresenta\u00e7\u00e3o, o Una Open Mall representa o momento que vive a cidade, sendo um projeto inovador que insere Passo Fundo em um elevado patamar da constru\u00e7\u00e3o civil. O presidente do Sindicato das Ind\u00fastrias da Constru\u00e7\u00e3o e do Mobili\u00e1rio de Passo Fundo (Sinduscon) e CEO da Una Construtora, Cristiano Basso, falou em nome das entidades presentes, que receberam o documento. \u201cFico feliz e tranquilo por estimular mais investimentos na cidade de Passo Fundo. Temos muito futuro pela frente\u201d, disse.<\/p>\n\n\n\n<p>O deputado federal Luciano Azevedo acompanhou a apresenta\u00e7\u00e3o e enfatizou as potencialidades do munic\u00edpio. \u201cEsta \u00e9 uma cidade que tem marca: aqui \u00e9 Passo Fundo. \u00c9 mais f\u00e1cil a gente falar bem de algo que \u00e9 bom de verdade, e Passo Fundo \u00e9 uma cidade extraordin\u00e1ria. Este material \u00e9 necess\u00e1rio porque ser\u00e1 mais uma ferramenta para levarmos Passo Fundo ao pa\u00eds e ao mundo e que trar\u00e1 resultados\u201d, ponderou.<\/p>\n\n\n\n<p>O lan\u00e7amento do material integra a programa\u00e7\u00e3o de anivers\u00e1rio de Passo Fundo, que ir\u00e1 at\u00e9 o dia 07 de agosto, quando Passo Fundo far\u00e1 166 anos. \u201cTemos muitos desafios, como qualquer outra comunidade, mas temos muito a comemorar porque Passo Fundo vive um bom momento. Quero agradecer \u00e0 nossa gente, ao nosso povo, que tem otimismo e quer construir uma cidade cada vez melhor\u201d, mencionou&nbsp;o prefeito.<\/p>\n\n\n\n<p><strong>Programa\u00e7\u00e3o da Semana do Munic\u00edpio<\/strong><br>A programa\u00e7\u00e3o completa que marca as comemora\u00e7\u00f5es de 166 anos de Passo Fundo pode ser conferida em www.pmpf.rs.gov.br\/166.<\/p>\n","protected":false},"excerpt":{"rendered":"<p>Livro que faz um diagn\u00f3stico das potencialidades de Passo Fundo foi lan\u00e7ado pela Prefeitura na manh\u00e3 desta segunda-feira (31), dentro das comemora\u00e7\u00f5es de 166 anos do Munic\u00edpio<\/p>\n","protected":false},"author":6,"featured_media":2171,"comment_status":"closed","ping_status":"closed","sticky":true,"template":"","format":"standard","meta":{"footnotes":""},"categories":[1],"tags":[],"class_list":["post-2170","post","type-post","status-publish","format-standard","has-post-thumbnail","hentry","category-sem-categoria"],"yoast_head":"<!-- This site is optimized with the Yoast SEO plugin v23.8 - https:\/\/yoast.com\/wordpress\/plugins\/seo\/ -->\n<title>Passo Fundo: um lugar para investir, crescer e inovar - Secretaria de Desenvolvimento Econ\u00f4mico<\/title>\n<meta name=\"robots\" content=\"index, follow, max-snippet:-1, max-image-preview:large, max-video-preview:-1\" \/>\n<link rel=\"canonical\" href=\"https:\/\/www.pmpf.rs.gov.br\/secretaria-de-desenvolvimento-economico\/2023\/07\/31\/passo-fundo-um-lugar-para-investir-crescer-e-inovar\/\" \/>\n<meta property=\"og:locale\" content=\"pt_BR\" \/>\n<meta property=\"og:type\" content=\"article\" \/>\n<meta property=\"og:title\" content=\"Passo Fundo: um lugar para investir, crescer e inovar - Secretaria de Desenvolvimento Econ\u00f4mico\" \/>\n<meta property=\"og:description\" content=\"Livro que faz um diagn\u00f3stico das potencialidades de Passo Fundo foi lan\u00e7ado pela Prefeitura na manh\u00e3 desta segunda-feira (31), dentro das comemora\u00e7\u00f5es de 166 anos do Munic\u00edpio\" \/>\n<meta property=\"og:url\" content=\"https:\/\/www.pmpf.rs.gov.br\/secretaria-de-desenvolvimento-economico\/2023\/07\/31\/passo-fundo-um-lugar-para-investir-crescer-e-inovar\/\" \/>\n<meta property=\"og:site_name\" content=\"Secretaria de Desenvolvimento Econ\u00f4mico\" \/>\n<meta property=\"article:published_time\" content=\"2023-07-31T13:37:45+00:00\" \/>\n<meta property=\"article:modified_time\" content=\"2023-08-01T11:16:26+00:00\" \/>\n<meta property=\"og:image\" content=\"https:\/\/www.pmpf.rs.gov.br\/secretaria-de-desenvolvimento-economico\/wp-content\/uploads\/sites\/27\/2023\/07\/livro-pf.jpg\" \/>\n\t<meta property=\"og:image:width\" content=\"1600\" \/>\n\t<meta property=\"og:image:height\" content=\"1066\" \/>\n\t<meta property=\"og:image:type\" content=\"image\/jpeg\" \/>\n<meta name=\"author\" content=\"andressazorzetto07\" \/>\n<meta name=\"twitter:card\" content=\"summary_large_image\" \/>\n<meta name=\"twitter:label1\" content=\"Escrito por\" \/>\n\t<meta name=\"twitter:data1\" content=\"andressazorzetto07\" \/>\n\t<meta name=\"twitter:label2\" content=\"Est. tempo de leitura\" \/>\n\t<meta name=\"twitter:data2\" content=\"2 minutos\" \/>\n<script type=\"application\/ld+json\" class=\"yoast-schema-graph\">{\"@context\":\"https:\/\/schema.org\",\"@graph\":[{\"@type\":\"WebPage\",\"@id\":\"https:\/\/www.pmpf.rs.gov.br\/secretaria-de-desenvolvimento-economico\/2023\/07\/31\/passo-fundo-um-lugar-para-investir-crescer-e-inovar\/\",\"url\":\"https:\/\/www.pmpf.rs.gov.br\/secretaria-de-desenvolvimento-economico\/2023\/07\/31\/passo-fundo-um-lugar-para-investir-crescer-e-inovar\/\",\"name\":\"Passo Fundo: um lugar para investir, crescer e inovar - Secretaria de Desenvolvimento Econ\u00f4mico\",\"isPartOf\":{\"@id\":\"https:\/\/www.pmpf.rs.gov.br\/secretaria-de-desenvolvimento-economico\/#website\"},\"primaryImageOfPage\":{\"@id\":\"https:\/\/www.pmpf.rs.gov.br\/secretaria-de-desenvolvimento-economico\/2023\/07\/31\/passo-fundo-um-lugar-para-investir-crescer-e-inovar\/#primaryimage\"},\"image\":{\"@id\":\"https:\/\/www.pmpf.rs.gov.br\/secretaria-de-desenvolvimento-economico\/2023\/07\/31\/passo-fundo-um-lugar-para-investir-crescer-e-inovar\/#primaryimage\"},\"thumbnailUrl\":\"https:\/\/www.pmpf.rs.gov.br\/secretaria-de-desenvolvimento-economico\/wp-content\/uploads\/sites\/27\/2023\/07\/livro-pf.jpg\",\"datePublished\":\"2023-07-31T13:37:45+00:00\",\"dateModified\":\"2023-08-01T11:16:26+00:00\",\"author\":{\"@id\":\"https:\/\/www.pmpf.rs.gov.br\/secretaria-de-desenvolvimento-economico\/#\/schema\/person\/30ee1d1bd74da1469b01fcf086e43351\"},\"inLanguage\":\"pt-BR\",\"potentialAction\":[{\"@type\":\"ReadAction\",\"target\":[\"https:\/\/www.pmpf.rs.gov.br\/secretaria-de-desenvolvimento-economico\/2023\/07\/31\/passo-fundo-um-lugar-para-investir-crescer-e-inovar\/\"]}]},{\"@type\":\"ImageObject\",\"inLanguage\":\"pt-BR\",\"@id\":\"https:\/\/www.pmpf.rs.gov.br\/secretaria-de-desenvolvimento-economico\/2023\/07\/31\/passo-fundo-um-lugar-para-investir-crescer-e-inovar\/#primaryimage\",\"url\":\"https:\/\/www.pmpf.rs.gov.br\/secretaria-de-desenvolvimento-economico\/wp-content\/uploads\/sites\/27\/2023\/07\/livro-pf.jpg\",\"contentUrl\":\"https:\/\/www.pmpf.rs.gov.br\/secretaria-de-desenvolvimento-economico\/wp-content\/uploads\/sites\/27\/2023\/07\/livro-pf.jpg\",\"width\":1600,\"height\":1066},{\"@type\":\"WebSite\",\"@id\":\"https:\/\/www.pmpf.rs.gov.br\/secretaria-de-desenvolvimento-economico\/#website\",\"url\":\"https:\/\/www.pmpf.rs.gov.br\/secretaria-de-desenvolvimento-economico\/\",\"name\":\"Secretaria de Desenvolvimento Econ\u00f4mico\",\"description\":\"S\u00f3 mais um site Prefeitura de Passo Fundo\",\"potentialAction\":[{\"@type\":\"SearchAction\",\"target\":{\"@type\":\"EntryPoint\",\"urlTemplate\":\"https:\/\/www.pmpf.rs.gov.br\/secretaria-de-desenvolvimento-economico\/?s={search_term_string}\"},\"query-input\":{\"@type\":\"PropertyValueSpecification\",\"valueRequired\":true,\"valueName\":\"search_term_string\"}}],\"inLanguage\":\"pt-BR\"},{\"@type\":\"Person\",\"@id\":\"https:\/\/www.pmpf.rs.gov.br\/secretaria-de-desenvolvimento-economico\/#\/schema\/person\/30ee1d1bd74da1469b01fcf086e43351\",\"name\":\"andressazorzetto07\",\"image\":{\"@type\":\"ImageObject\",\"inLanguage\":\"pt-BR\",\"@id\":\"https:\/\/www.pmpf.rs.gov.br\/secretaria-de-desenvolvimento-economico\/#\/schema\/person\/image\/\",\"url\":\"https:\/\/secure.gravatar.com\/avatar\/14c5458ed79dc81da99a13b9ff5f9f19?s=96&d=mm&r=g\",\"contentUrl\":\"https:\/\/secure.gravatar.com\/avatar\/14c5458ed79dc81da99a13b9ff5f9f19?s=96&d=mm&r=g\",\"caption\":\"andressazorzetto07\"},\"url\":\"https:\/\/www.pmpf.rs.gov.br\/secretaria-de-desenvolvimento-economico\/author\/andressazorzetto07\/\"}]}<\/script>\n<!-- \/ Yoast SEO plugin. -->","yoast_head_json":{"title":"Passo Fundo: um lugar para investir, crescer e inovar - Secretaria de Desenvolvimento Econ\u00f4mico","robots":{"index":"index","follow":"follow","max-snippet":"max-snippet:-1","max-image-preview":"max-image-preview:large","max-video-preview":"max-video-preview:-1"},"canonical":"https:\/\/www.pmpf.rs.gov.br\/secretaria-de-desenvolvimento-economico\/2023\/07\/31\/passo-fundo-um-lugar-para-investir-crescer-e-inovar\/","og_locale":"pt_BR","og_type":"article","og_title":"Passo Fundo: um lugar para investir, crescer e inovar - Secretaria de Desenvolvimento Econ\u00f4mico","og_description":"Livro que faz um diagn\u00f3stico das potencialidades de Passo Fundo foi lan\u00e7ado pela Prefeitura na manh\u00e3 desta segunda-feira (31), dentro das comemora\u00e7\u00f5es de 166 anos do Munic\u00edpio","og_url":"https:\/\/www.pmpf.rs.gov.br\/secretaria-de-desenvolvimento-economico\/2023\/07\/31\/passo-fundo-um-lugar-para-investir-crescer-e-inovar\/","og_site_name":"Secretaria de Desenvolvimento Econ\u00f4mico","article_published_time":"2023-07-31T13:37:45+00:00","article_modified_time":"2023-08-01T11:16:26+00:00","og_image":[{"width":1600,"height":1066,"url":"https:\/\/www.pmpf.rs.gov.br\/secretaria-de-desenvolvimento-economico\/wp-content\/uploads\/sites\/27\/2023\/07\/livro-pf.jpg","type":"image\/jpeg"}],"author":"andressazorzetto07","twitter_card":"summary_large_image","twitter_misc":{"Escrito por":"andressazorzetto07","Est. tempo de leitura":"2 minutos"},"schema":{"@context":"https:\/\/schema.org","@graph":[{"@type":"WebPage","@id":"https:\/\/www.pmpf.rs.gov.br\/secretaria-de-desenvolvimento-economico\/2023\/07\/31\/passo-fundo-um-lugar-para-investir-crescer-e-inovar\/","url":"https:\/\/www.pmpf.rs.gov.br\/secretaria-de-desenvolvimento-economico\/2023\/07\/31\/passo-fundo-um-lugar-para-investir-crescer-e-inovar\/","name":"Passo Fundo: um lugar para investir, crescer e inovar - Secretaria de Desenvolvimento Econ\u00f4mico","isPartOf":{"@id":"https:\/\/www.pmpf.rs.gov.br\/secretaria-de-desenvolvimento-economico\/#website"},"primaryImageOfPage":{"@id":"https:\/\/www.pmpf.rs.gov.br\/secretaria-de-desenvolvimento-economico\/2023\/07\/31\/passo-fundo-um-lugar-para-investir-crescer-e-inovar\/#primaryimage"},"image":{"@id":"https:\/\/www.pmpf.rs.gov.br\/secretaria-de-desenvolvimento-economico\/2023\/07\/31\/passo-fundo-um-lugar-para-investir-crescer-e-inovar\/#primaryimage"},"thumbnailUrl":"https:\/\/www.pmpf.rs.gov.br\/secretaria-de-desenvolvimento-economico\/wp-content\/uploads\/sites\/27\/2023\/07\/livro-pf.jpg","datePublished":"2023-07-31T13:37:45+00:00","dateModified":"2023-08-01T11:16:26+00:00","author":{"@id":"https:\/\/www.pmpf.rs.gov.br\/secretaria-de-desenvolvimento-economico\/#\/schema\/person\/30ee1d1bd74da1469b01fcf086e43351"},"inLanguage":"pt-BR","potentialAction":[{"@type":"ReadAction","target":["https:\/\/www.pmpf.rs.gov.br\/secretaria-de-desenvolvimento-economico\/2023\/07\/31\/passo-fundo-um-lugar-para-investir-crescer-e-inovar\/"]}]},{"@type":"ImageObject","inLanguage":"pt-BR","@id":"https:\/\/www.pmpf.rs.gov.br\/secretaria-de-desenvolvimento-economico\/2023\/07\/31\/passo-fundo-um-lugar-para-investir-crescer-e-inovar\/#primaryimage","url":"https:\/\/www.pmpf.rs.gov.br\/secretaria-de-desenvolvimento-economico\/wp-content\/uploads\/sites\/27\/2023\/07\/livro-pf.jpg","contentUrl":"https:\/\/www.pmpf.rs.gov.br\/secretaria-de-desenvolvimento-economico\/wp-content\/uploads\/sites\/27\/2023\/07\/livro-pf.jpg","width":1600,"height":1066},{"@type":"WebSite","@id":"https:\/\/www.pmpf.rs.gov.br\/secretaria-de-desenvolvimento-economico\/#website","url":"https:\/\/www.pmpf.rs.gov.br\/secretaria-de-desenvolvimento-economico\/","name":"Secretaria de Desenvolvimento Econ\u00f4mico","description":"S\u00f3 mais um site Prefeitura de Passo Fundo","potentialAction":[{"@type":"SearchAction","target":{"@type":"EntryPoint","urlTemplate":"https:\/\/www.pmpf.rs.gov.br\/secretaria-de-desenvolvimento-economico\/?s={search_term_string}"},"query-input":{"@type":"PropertyValueSpecification","valueRequired":true,"valueName":"search_term_string"}}],"inLanguage":"pt-BR"},{"@type":"Person","@id":"https:\/\/www.pmpf.rs.gov.br\/secretaria-de-desenvolvimento-economico\/#\/schema\/person\/30ee1d1bd74da1469b01fcf086e43351","name":"andressazorzetto07","image":{"@type":"ImageObject","inLanguage":"pt-BR","@id":"https:\/\/www.pmpf.rs.gov.br\/secretaria-de-desenvolvimento-economico\/#\/schema\/person\/image\/","url":"https:\/\/secure.gravatar.com\/avatar\/14c5458ed79dc81da99a13b9ff5f9f19?s=96&d=mm&r=g","contentUrl":"https:\/\/secure.gravatar.com\/avatar\/14c5458ed79dc81da99a13b9ff5f9f19?s=96&d=mm&r=g","caption":"andressazorzetto07"},"url":"https:\/\/www.pmpf.rs.gov.br\/secretaria-de-desenvolvimento-economico\/author\/andressazorzetto07\/"}]}},"_links":{"self":[{"href":"https:\/\/www.pmpf.rs.gov.br\/secretaria-de-desenvolvimento-economico\/wp-json\/wp\/v2\/posts\/2170"}],"collection":[{"href":"https:\/\/www.pmpf.rs.gov.br\/secretaria-de-desenvolvimento-economico\/wp-json\/wp\/v2\/posts"}],"about":[{"href":"https:\/\/www.pmpf.rs.gov.br\/secretaria-de-desenvolvimento-economico\/wp-json\/wp\/v2\/types\/post"}],"author":[{"embeddable":true,"href":"https:\/\/www.pmpf.rs.gov.br\/secretaria-de-desenvolvimento-economico\/wp-json\/wp\/v2\/users\/6"}],"replies":[{"embeddable":true,"href":"https:\/\/www.pmpf.rs.gov.br\/secretaria-de-desenvolvimento-economico\/wp-json\/wp\/v2\/comments?post=2170"}],"version-history":[{"count":1,"href":"https:\/\/www.pmpf.rs.gov.br\/secretaria-de-desenvolvimento-economico\/wp-json\/wp\/v2\/posts\/2170\/revisions"}],"predecessor-version":[{"id":2172,"href":"https:\/\/www.pmpf.rs.gov.br\/secretaria-de-desenvolvimento-economico\/wp-json\/wp\/v2\/posts\/2170\/revisions\/2172"}],"wp:featuredmedia":[{"embeddable":true,"href":"https:\/\/www.pmpf.rs.gov.br\/secretaria-de-desenvolvimento-economico\/wp-json\/wp\/v2\/media\/2171"}],"wp:attachment":[{"href":"https:\/\/www.pmpf.rs.gov.br\/secretaria-de-desenvolvimento-economico\/wp-json\/wp\/v2\/media?parent=2170"}],"wp:term":[{"taxonomy":"category","embeddable":true,"href":"https:\/\/www.pmpf.rs.gov.br\/secretaria-de-desenvolvimento-economico\/wp-json\/wp\/v2\/categories?post=2170"},{"taxonomy":"post_tag","embeddable":true,"href":"https:\/\/www.pmpf.rs.gov.br\/secretaria-de-desenvolvimento-economico\/wp-json\/wp\/v2\/tags?post=2170"}],"curies":[{"name":"wp","href":"https:\/\/api.w.org\/{rel}","templated":true}]}}