{"id":2154,"date":"2023-06-07T16:18:59","date_gmt":"2023-06-07T19:18:59","guid":{"rendered":"https:\/\/www.pmpf.rs.gov.br\/secretaria-de-desenvolvimento-economico\/?p=2154"},"modified":"2023-06-07T16:22:31","modified_gmt":"2023-06-07T19:22:31","slug":"prefeitura-fara-obra-de-ampliacao-de-estacionamento-no-aeroporto-lauro-kortz","status":"publish","type":"post","link":"https:\/\/www.pmpf.rs.gov.br\/secretaria-de-desenvolvimento-economico\/2023\/06\/07\/prefeitura-fara-obra-de-ampliacao-de-estacionamento-no-aeroporto-lauro-kortz\/","title":{"rendered":"Prefeitura far\u00e1 obra de amplia\u00e7\u00e3o de estacionamento no Aeroporto Lauro Kortz"},"content":{"rendered":"\n<p><br>A Prefeitura de Passo Fundo recebeu a autoriza\u00e7\u00e3o do Departamento Aeroportu\u00e1rio Estadual e dever\u00e1 iniciar, na segunda-feira (12), a amplia\u00e7\u00e3o da \u00e1rea de estacionamento no Aeroporto Lauro Kortz. Essa era uma solicita\u00e7\u00e3o do Munic\u00edpio ao Governo do Estado para assegurar mais vagas para a utiliza\u00e7\u00e3o dos usu\u00e1rios.<br><br>Em mar\u00e7o, o prefeito Pedro Almeida se reuniu com o Governo do Estado e exp\u00f4s algumas necessidades do espa\u00e7o. \u201cCom todo o investimento realizado em nosso aeroporto, tornando-o um dos principais do Estado, devemos continuar melhorando e proporcionando mais qualidade os usu\u00e1rios da infraestrutura. Por isso, nos colocamos \u00e0 disposi\u00e7\u00e3o para realizar melhorias, e o estacionamento \u00e9 imprescind\u00edvel\u201d, destaca.<br><br>Conforme o secret\u00e1rio de Desenvolvimento Econ\u00f4mico, Diorges Oliveira, a partir da inaugura\u00e7\u00e3o do novo terminal de passageiros do aeroporto Lauro Kortz, aconteceu um aumento significativo de ofertas de voos para o centro do pa\u00eds e hoje, as companhias Gol, Latam e Azul operam no local, impactando no fluxo de usu\u00e1rios do aeroporto. \u201cCom isso, o estacionamento rotativo atual n\u00e3o comportou o n\u00famero de ve\u00edculos, pois, muitas vezes, te dois voos ao mesmo tempo no terminal. Ent\u00e3o, esta alternativa de um novo espa\u00e7o para estacionamento vai desafogar este problema que hoje faz com que os usu\u00e1rios estacionem em \u00e1reas n\u00e3o permitidas\u201d, pontua.<br><br>A Secretaria de Obras do Munic\u00edpio executar\u00e1 dos servi\u00e7os necess\u00e1rios para adequar a \u00e1rea de 6.075,55 metros, paralela ao estacionamento pavimentado, localizado na frente do novo terminal de passageiros, e que ter\u00e1 seu aproveitamento de forma provis\u00f3ria como estacionamento de ve\u00edculos. As interven\u00e7\u00f5es ser\u00e3o iniciadas com o nivelamento e, ap\u00f3s a pavimenta\u00e7\u00e3o com brita graduada no acesso e estacionamento, poder\u00e3o ser comportados mais de 180 carros. A obra \u00e9 uma solu\u00e7\u00e3o emergencial enquanto n\u00e3o h\u00e1 defini\u00e7\u00e3o sobre a concess\u00e3o do aeroporto para a iniciativa privada.<\/p>\n","protected":false},"excerpt":{"rendered":"<p>Essa era uma solicita\u00e7\u00e3o do Munic\u00edpio ao Governo do Estado para assegurar mais vagas para a utiliza\u00e7\u00e3o dos usu\u00e1rios<\/p>\n","protected":false},"author":6,"featured_media":2156,"comment_status":"closed","ping_status":"closed","sticky":true,"template":"","format":"standard","meta":{"footnotes":""},"categories":[1],"tags":[],"class_list":["post-2154","post","type-post","status-publish","format-standard","has-post-thumbnail","hentry","category-sem-categoria"],"yoast_head":"<!-- This site is optimized with the Yoast SEO plugin v23.8 - https:\/\/yoast.com\/wordpress\/plugins\/seo\/ -->\n<title>Prefeitura far\u00e1 obra de amplia\u00e7\u00e3o de estacionamento no Aeroporto Lauro Kortz - Secretaria de Desenvolvimento Econ\u00f4mico<\/title>\n<meta name=\"robots\" content=\"index, follow, max-snippet:-1, max-image-preview:large, max-video-preview:-1\" \/>\n<link rel=\"canonical\" href=\"https:\/\/www.pmpf.rs.gov.br\/secretaria-de-desenvolvimento-economico\/2023\/06\/07\/prefeitura-fara-obra-de-ampliacao-de-estacionamento-no-aeroporto-lauro-kortz\/\" \/>\n<meta property=\"og:locale\" content=\"pt_BR\" \/>\n<meta property=\"og:type\" content=\"article\" \/>\n<meta property=\"og:title\" content=\"Prefeitura far\u00e1 obra de amplia\u00e7\u00e3o de estacionamento no Aeroporto Lauro Kortz - Secretaria de Desenvolvimento Econ\u00f4mico\" \/>\n<meta property=\"og:description\" content=\"Essa era uma solicita\u00e7\u00e3o do Munic\u00edpio ao Governo do Estado para assegurar mais vagas para a utiliza\u00e7\u00e3o dos usu\u00e1rios\" \/>\n<meta property=\"og:url\" content=\"https:\/\/www.pmpf.rs.gov.br\/secretaria-de-desenvolvimento-economico\/2023\/06\/07\/prefeitura-fara-obra-de-ampliacao-de-estacionamento-no-aeroporto-lauro-kortz\/\" \/>\n<meta property=\"og:site_name\" content=\"Secretaria de Desenvolvimento Econ\u00f4mico\" \/>\n<meta property=\"article:published_time\" content=\"2023-06-07T19:18:59+00:00\" \/>\n<meta property=\"article:modified_time\" content=\"2023-06-07T19:22:31+00:00\" \/>\n<meta name=\"author\" content=\"andressazorzetto07\" \/>\n<meta name=\"twitter:card\" content=\"summary_large_image\" \/>\n<meta name=\"twitter:label1\" content=\"Escrito por\" \/>\n\t<meta name=\"twitter:data1\" content=\"andressazorzetto07\" \/>\n\t<meta name=\"twitter:label2\" content=\"Est. tempo de leitura\" \/>\n\t<meta name=\"twitter:data2\" content=\"2 minutos\" \/>\n<script type=\"application\/ld+json\" class=\"yoast-schema-graph\">{\"@context\":\"https:\/\/schema.org\",\"@graph\":[{\"@type\":\"WebPage\",\"@id\":\"https:\/\/www.pmpf.rs.gov.br\/secretaria-de-desenvolvimento-economico\/2023\/06\/07\/prefeitura-fara-obra-de-ampliacao-de-estacionamento-no-aeroporto-lauro-kortz\/\",\"url\":\"https:\/\/www.pmpf.rs.gov.br\/secretaria-de-desenvolvimento-economico\/2023\/06\/07\/prefeitura-fara-obra-de-ampliacao-de-estacionamento-no-aeroporto-lauro-kortz\/\",\"name\":\"Prefeitura far\u00e1 obra de amplia\u00e7\u00e3o de estacionamento no Aeroporto Lauro Kortz - Secretaria de Desenvolvimento Econ\u00f4mico\",\"isPartOf\":{\"@id\":\"https:\/\/www.pmpf.rs.gov.br\/secretaria-de-desenvolvimento-economico\/#website\"},\"primaryImageOfPage\":{\"@id\":\"https:\/\/www.pmpf.rs.gov.br\/secretaria-de-desenvolvimento-economico\/2023\/06\/07\/prefeitura-fara-obra-de-ampliacao-de-estacionamento-no-aeroporto-lauro-kortz\/#primaryimage\"},\"image\":{\"@id\":\"https:\/\/www.pmpf.rs.gov.br\/secretaria-de-desenvolvimento-economico\/2023\/06\/07\/prefeitura-fara-obra-de-ampliacao-de-estacionamento-no-aeroporto-lauro-kortz\/#primaryimage\"},\"thumbnailUrl\":\"https:\/\/www.pmpf.rs.gov.br\/secretaria-de-desenvolvimento-economico\/wp-content\/uploads\/sites\/27\/2023\/06\/MSF07254-scaled.jpg\",\"datePublished\":\"2023-06-07T19:18:59+00:00\",\"dateModified\":\"2023-06-07T19:22:31+00:00\",\"author\":{\"@id\":\"https:\/\/www.pmpf.rs.gov.br\/secretaria-de-desenvolvimento-economico\/#\/schema\/person\/30ee1d1bd74da1469b01fcf086e43351\"},\"inLanguage\":\"pt-BR\",\"potentialAction\":[{\"@type\":\"ReadAction\",\"target\":[\"https:\/\/www.pmpf.rs.gov.br\/secretaria-de-desenvolvimento-economico\/2023\/06\/07\/prefeitura-fara-obra-de-ampliacao-de-estacionamento-no-aeroporto-lauro-kortz\/\"]}]},{\"@type\":\"ImageObject\",\"inLanguage\":\"pt-BR\",\"@id\":\"https:\/\/www.pmpf.rs.gov.br\/secretaria-de-desenvolvimento-economico\/2023\/06\/07\/prefeitura-fara-obra-de-ampliacao-de-estacionamento-no-aeroporto-lauro-kortz\/#primaryimage\",\"url\":\"https:\/\/www.pmpf.rs.gov.br\/secretaria-de-desenvolvimento-economico\/wp-content\/uploads\/sites\/27\/2023\/06\/MSF07254-scaled.jpg\",\"contentUrl\":\"https:\/\/www.pmpf.rs.gov.br\/secretaria-de-desenvolvimento-economico\/wp-content\/uploads\/sites\/27\/2023\/06\/MSF07254-scaled.jpg\",\"width\":2560,\"height\":1707},{\"@type\":\"WebSite\",\"@id\":\"https:\/\/www.pmpf.rs.gov.br\/secretaria-de-desenvolvimento-economico\/#website\",\"url\":\"https:\/\/www.pmpf.rs.gov.br\/secretaria-de-desenvolvimento-economico\/\",\"name\":\"Secretaria de Desenvolvimento Econ\u00f4mico\",\"description\":\"S\u00f3 mais um site Prefeitura de Passo Fundo\",\"potentialAction\":[{\"@type\":\"SearchAction\",\"target\":{\"@type\":\"EntryPoint\",\"urlTemplate\":\"https:\/\/www.pmpf.rs.gov.br\/secretaria-de-desenvolvimento-economico\/?s={search_term_string}\"},\"query-input\":{\"@type\":\"PropertyValueSpecification\",\"valueRequired\":true,\"valueName\":\"search_term_string\"}}],\"inLanguage\":\"pt-BR\"},{\"@type\":\"Person\",\"@id\":\"https:\/\/www.pmpf.rs.gov.br\/secretaria-de-desenvolvimento-economico\/#\/schema\/person\/30ee1d1bd74da1469b01fcf086e43351\",\"name\":\"andressazorzetto07\",\"image\":{\"@type\":\"ImageObject\",\"inLanguage\":\"pt-BR\",\"@id\":\"https:\/\/www.pmpf.rs.gov.br\/secretaria-de-desenvolvimento-economico\/#\/schema\/person\/image\/\",\"url\":\"https:\/\/secure.gravatar.com\/avatar\/14c5458ed79dc81da99a13b9ff5f9f19?s=96&d=mm&r=g\",\"contentUrl\":\"https:\/\/secure.gravatar.com\/avatar\/14c5458ed79dc81da99a13b9ff5f9f19?s=96&d=mm&r=g\",\"caption\":\"andressazorzetto07\"},\"url\":\"https:\/\/www.pmpf.rs.gov.br\/secretaria-de-desenvolvimento-economico\/author\/andressazorzetto07\/\"}]}<\/script>\n<!-- \/ Yoast SEO plugin. -->","yoast_head_json":{"title":"Prefeitura far\u00e1 obra de amplia\u00e7\u00e3o de estacionamento no Aeroporto Lauro Kortz - Secretaria de Desenvolvimento Econ\u00f4mico","robots":{"index":"index","follow":"follow","max-snippet":"max-snippet:-1","max-image-preview":"max-image-preview:large","max-video-preview":"max-video-preview:-1"},"canonical":"https:\/\/www.pmpf.rs.gov.br\/secretaria-de-desenvolvimento-economico\/2023\/06\/07\/prefeitura-fara-obra-de-ampliacao-de-estacionamento-no-aeroporto-lauro-kortz\/","og_locale":"pt_BR","og_type":"article","og_title":"Prefeitura far\u00e1 obra de amplia\u00e7\u00e3o de estacionamento no Aeroporto Lauro Kortz - Secretaria de Desenvolvimento Econ\u00f4mico","og_description":"Essa era uma solicita\u00e7\u00e3o do Munic\u00edpio ao Governo do Estado para assegurar mais vagas para a utiliza\u00e7\u00e3o dos usu\u00e1rios","og_url":"https:\/\/www.pmpf.rs.gov.br\/secretaria-de-desenvolvimento-economico\/2023\/06\/07\/prefeitura-fara-obra-de-ampliacao-de-estacionamento-no-aeroporto-lauro-kortz\/","og_site_name":"Secretaria de Desenvolvimento Econ\u00f4mico","article_published_time":"2023-06-07T19:18:59+00:00","article_modified_time":"2023-06-07T19:22:31+00:00","author":"andressazorzetto07","twitter_card":"summary_large_image","twitter_misc":{"Escrito por":"andressazorzetto07","Est. tempo de leitura":"2 minutos"},"schema":{"@context":"https:\/\/schema.org","@graph":[{"@type":"WebPage","@id":"https:\/\/www.pmpf.rs.gov.br\/secretaria-de-desenvolvimento-economico\/2023\/06\/07\/prefeitura-fara-obra-de-ampliacao-de-estacionamento-no-aeroporto-lauro-kortz\/","url":"https:\/\/www.pmpf.rs.gov.br\/secretaria-de-desenvolvimento-economico\/2023\/06\/07\/prefeitura-fara-obra-de-ampliacao-de-estacionamento-no-aeroporto-lauro-kortz\/","name":"Prefeitura far\u00e1 obra de amplia\u00e7\u00e3o de estacionamento no Aeroporto Lauro Kortz - Secretaria de Desenvolvimento Econ\u00f4mico","isPartOf":{"@id":"https:\/\/www.pmpf.rs.gov.br\/secretaria-de-desenvolvimento-economico\/#website"},"primaryImageOfPage":{"@id":"https:\/\/www.pmpf.rs.gov.br\/secretaria-de-desenvolvimento-economico\/2023\/06\/07\/prefeitura-fara-obra-de-ampliacao-de-estacionamento-no-aeroporto-lauro-kortz\/#primaryimage"},"image":{"@id":"https:\/\/www.pmpf.rs.gov.br\/secretaria-de-desenvolvimento-economico\/2023\/06\/07\/prefeitura-fara-obra-de-ampliacao-de-estacionamento-no-aeroporto-lauro-kortz\/#primaryimage"},"thumbnailUrl":"https:\/\/www.pmpf.rs.gov.br\/secretaria-de-desenvolvimento-economico\/wp-content\/uploads\/sites\/27\/2023\/06\/MSF07254-scaled.jpg","datePublished":"2023-06-07T19:18:59+00:00","dateModified":"2023-06-07T19:22:31+00:00","author":{"@id":"https:\/\/www.pmpf.rs.gov.br\/secretaria-de-desenvolvimento-economico\/#\/schema\/person\/30ee1d1bd74da1469b01fcf086e43351"},"inLanguage":"pt-BR","potentialAction":[{"@type":"ReadAction","target":["https:\/\/www.pmpf.rs.gov.br\/secretaria-de-desenvolvimento-economico\/2023\/06\/07\/prefeitura-fara-obra-de-ampliacao-de-estacionamento-no-aeroporto-lauro-kortz\/"]}]},{"@type":"ImageObject","inLanguage":"pt-BR","@id":"https:\/\/www.pmpf.rs.gov.br\/secretaria-de-desenvolvimento-economico\/2023\/06\/07\/prefeitura-fara-obra-de-ampliacao-de-estacionamento-no-aeroporto-lauro-kortz\/#primaryimage","url":"https:\/\/www.pmpf.rs.gov.br\/secretaria-de-desenvolvimento-economico\/wp-content\/uploads\/sites\/27\/2023\/06\/MSF07254-scaled.jpg","contentUrl":"https:\/\/www.pmpf.rs.gov.br\/secretaria-de-desenvolvimento-economico\/wp-content\/uploads\/sites\/27\/2023\/06\/MSF07254-scaled.jpg","width":2560,"height":1707},{"@type":"WebSite","@id":"https:\/\/www.pmpf.rs.gov.br\/secretaria-de-desenvolvimento-economico\/#website","url":"https:\/\/www.pmpf.rs.gov.br\/secretaria-de-desenvolvimento-economico\/","name":"Secretaria de Desenvolvimento Econ\u00f4mico","description":"S\u00f3 mais um site Prefeitura de Passo Fundo","potentialAction":[{"@type":"SearchAction","target":{"@type":"EntryPoint","urlTemplate":"https:\/\/www.pmpf.rs.gov.br\/secretaria-de-desenvolvimento-economico\/?s={search_term_string}"},"query-input":{"@type":"PropertyValueSpecification","valueRequired":true,"valueName":"search_term_string"}}],"inLanguage":"pt-BR"},{"@type":"Person","@id":"https:\/\/www.pmpf.rs.gov.br\/secretaria-de-desenvolvimento-economico\/#\/schema\/person\/30ee1d1bd74da1469b01fcf086e43351","name":"andressazorzetto07","image":{"@type":"ImageObject","inLanguage":"pt-BR","@id":"https:\/\/www.pmpf.rs.gov.br\/secretaria-de-desenvolvimento-economico\/#\/schema\/person\/image\/","url":"https:\/\/secure.gravatar.com\/avatar\/14c5458ed79dc81da99a13b9ff5f9f19?s=96&d=mm&r=g","contentUrl":"https:\/\/secure.gravatar.com\/avatar\/14c5458ed79dc81da99a13b9ff5f9f19?s=96&d=mm&r=g","caption":"andressazorzetto07"},"url":"https:\/\/www.pmpf.rs.gov.br\/secretaria-de-desenvolvimento-economico\/author\/andressazorzetto07\/"}]}},"_links":{"self":[{"href":"https:\/\/www.pmpf.rs.gov.br\/secretaria-de-desenvolvimento-economico\/wp-json\/wp\/v2\/posts\/2154"}],"collection":[{"href":"https:\/\/www.pmpf.rs.gov.br\/secretaria-de-desenvolvimento-economico\/wp-json\/wp\/v2\/posts"}],"about":[{"href":"https:\/\/www.pmpf.rs.gov.br\/secretaria-de-desenvolvimento-economico\/wp-json\/wp\/v2\/types\/post"}],"author":[{"embeddable":true,"href":"https:\/\/www.pmpf.rs.gov.br\/secretaria-de-desenvolvimento-economico\/wp-json\/wp\/v2\/users\/6"}],"replies":[{"embeddable":true,"href":"https:\/\/www.pmpf.rs.gov.br\/secretaria-de-desenvolvimento-economico\/wp-json\/wp\/v2\/comments?post=2154"}],"version-history":[{"count":1,"href":"https:\/\/www.pmpf.rs.gov.br\/secretaria-de-desenvolvimento-economico\/wp-json\/wp\/v2\/posts\/2154\/revisions"}],"predecessor-version":[{"id":2155,"href":"https:\/\/www.pmpf.rs.gov.br\/secretaria-de-desenvolvimento-economico\/wp-json\/wp\/v2\/posts\/2154\/revisions\/2155"}],"wp:featuredmedia":[{"embeddable":true,"href":"https:\/\/www.pmpf.rs.gov.br\/secretaria-de-desenvolvimento-economico\/wp-json\/wp\/v2\/media\/2156"}],"wp:attachment":[{"href":"https:\/\/www.pmpf.rs.gov.br\/secretaria-de-desenvolvimento-economico\/wp-json\/wp\/v2\/media?parent=2154"}],"wp:term":[{"taxonomy":"category","embeddable":true,"href":"https:\/\/www.pmpf.rs.gov.br\/secretaria-de-desenvolvimento-economico\/wp-json\/wp\/v2\/categories?post=2154"},{"taxonomy":"post_tag","embeddable":true,"href":"https:\/\/www.pmpf.rs.gov.br\/secretaria-de-desenvolvimento-economico\/wp-json\/wp\/v2\/tags?post=2154"}],"curies":[{"name":"wp","href":"https:\/\/api.w.org\/{rel}","templated":true}]}}