{"id":2151,"date":"2023-06-07T09:26:39","date_gmt":"2023-06-07T12:26:39","guid":{"rendered":"https:\/\/www.pmpf.rs.gov.br\/secretaria-de-desenvolvimento-economico\/?p=2151"},"modified":"2023-08-01T11:24:13","modified_gmt":"2023-08-01T14:24:13","slug":"prefeitura-e-sebrae-rs-apresentam-projeto-de-posicionamento-e-desenvolvimento-do-turismo-da-roselandia","status":"publish","type":"post","link":"https:\/\/www.pmpf.rs.gov.br\/secretaria-de-desenvolvimento-economico\/2023\/06\/07\/prefeitura-e-sebrae-rs-apresentam-projeto-de-posicionamento-e-desenvolvimento-do-turismo-da-roselandia\/","title":{"rendered":"Prefeitura e Sebrae RS apresentam projeto de posicionamento e desenvolvimento do turismo da Rosel\u00e2ndia"},"content":{"rendered":"\n<p><\/p>\n\n\n\n<p><\/p>\n\n\n\n<p>Integrando as iniciativas que comp\u00f5em a parceria entre a Prefeitura de Passo Fundo e o Sebrae RS, o prefeito Pedro Almeida, apresentou, durante reuni\u00e3o na noite desta ter\u00e7a-feira (06), no Odailu Centro de Eventos, o Plano de Posicionamento e Desenvolvimento do Complexo Tur\u00edstico da Rosel\u00e2ndia. O documento, explicou ele, cont\u00e9m orienta\u00e7\u00f5es e diretrizes que v\u00e3o nortear a\u00e7\u00f5es espec\u00edficas para o crescimento e o fomento do turismo nesta regi\u00e3o do munic\u00edpio, possibilitando a atra\u00e7\u00e3o de novos investimentos e a instala\u00e7\u00e3o de empreendimentos diversificados.<\/p>\n\n\n\n<p>Segundo o prefeito, o plano de reposicionamento da Rosel\u00e2ndia \u00e9 mais um dos produtos contratados pela Prefeitura ao Sebrae RS, que tem se dedicado a contribuir com a elabora\u00e7\u00e3o de atividades e programas que possam garantir a amplia\u00e7\u00e3o do potencial econ\u00f4mico da atividade tur\u00edstica em Passo Fundo. \u201cEstamos trabalhando, desde o ano passado, na formula\u00e7\u00e3o do Radar do Turismo, compreendendo em quais pontos podemos avan\u00e7ar, quais s\u00e3o as nossas melhores oportunidades e de que forma o Poder P\u00fablico pode atuar como indutor desta cadeia. Essa parceria com o Sebrae RS tem sido fundamental para que fa\u00e7amos esses movimentos tendo uma assessoria t\u00e9cnica e qualificada\u201d, descreveu Pedro.<\/p>\n\n\n\n<p>Em abril, em um ato na Secretaria de Desenvolvimento Econ\u00f4mico (SDE), o prefeito; a especialista em Competitividade Setorial do Sebrae RS, Amanda Bonotto Hoffmann Paim; e a analista de projetos do Sebrae Regi\u00e3o Norte, Aline Gross, apresentaram o Plano Municipal do Turismo e o Radar do Turismo \u2013 os dois documentos s\u00e3o resultados de diagn\u00f3sticos sobre os ativos tur\u00edsticos em funcionamento no munic\u00edpio e como as pol\u00edticas p\u00fablicas podem assegurar avan\u00e7os ao segmento. \u201cEstes estudos se configuram em ferramentas para a avalia\u00e7\u00e3o dos investimentos e apontam oportunidades importantes, como \u00e9 o caso do reposicionamento da Rosel\u00e2ndia\u201d, argumentou Pedro, citando ainda que a Prefeitura j\u00e1 vem fazendo obras de infraestrutura naquela regi\u00e3o, como a revitaliza\u00e7\u00e3o da avenida das Arauc\u00e1rias e a reforma do Parque de Rodeios.<\/p>\n\n\n\n<p>De acordo com o secret\u00e1rio de Desenvolvimento Econ\u00f4mico, Diorges Oliveira, a retomada das atividades do Conselho Municipal do Turismo e a parceria com o Sebrae RS para a formaliza\u00e7\u00e3o dos documentos contendo metodologias de trabalho para o fomento do setor s\u00e3o instrumentos que refor\u00e7am o compromisso da Administra\u00e7\u00e3o Municipal com a pauta. \u201cQueremos consolidar a Rosel\u00e2ndia como um potencial tur\u00edstico da regi\u00e3o, que foi a proposta de sua cria\u00e7\u00e3o. Para isso, a Prefeitura j\u00e1 est\u00e1 realizando obras em infraestrutura no espa\u00e7o e buscando fomentar os investimentos\u201d, ponderou Oliveira.<\/p>\n\n\n\n<p>Conhecido na regi\u00e3o por abrigar o Parque de Rodeios e \u00e1rea de ranchos, o Complexo Tur\u00edstico da Rosel\u00e2ndia concentra, tamb\u00e9m, clubes sociais, kart\u00f3dromo, recursos naturais e resid\u00eancias. \u201cUm dos objetivos do Plano de Neg\u00f3cios pensado para este local \u00e9, justamente, aproveitar os empreendimentos que j\u00e1 existem e potencializar a atra\u00e7\u00e3o de novos neg\u00f3cios\u201d, resumiu o secret\u00e1rio da SDE.<\/p>\n\n\n\n<p>Junto com a Prefeitura e o Sebrae RS, o plano de neg\u00f3cios e de reposicionamento do Complexo da Rosel\u00e2ndia contou com a atua\u00e7\u00e3o do Instituto de Pesquisa de Mercado (IPM) da Unisinos. Participaram do encontro, al\u00e9m dos t\u00e9cnicos respons\u00e1veis pelo estudo e das equipes da SDE e da Administra\u00e7\u00e3o Municipal, empres\u00e1rios e representantes dos empreendimentos instalados no local.<\/p>\n\n\n\n<p>A parceria com o Sebrae tamb\u00e9m contempla uma consultoria com 10 empresas situadas no complexo. O Espa\u00e7o Odailu \u00e9 uma dessas empresas. O propriet\u00e1rio, Odair Point, avalia a import\u00e2ncia da iniciativa em conjunto com os investimentos que s\u00e3o feitos na Rosel\u00e2ndia a fim de ampliar o turismo e o desenvolvimento no local. &#8220;Eu e minha esposa estamos com esse espa\u00e7o h\u00e1 tr\u00eas anos, sediando casamentos, formaturas, eventos corporativos, entre outras ocasi\u00f5es. Moro no Bairro Planaltina h\u00e1 35 anos e nunca tinha visto um investimento como esse aqui na Rosel\u00e2ndia. Estamos muito confiantes em todo esse projeto da Prefeitura e do Sebrae e estamos dispostos a investir nesta \u00e1rea&#8221;, contou.<\/p>\n\n\n\n<p><\/p>\n\n\n\n<p><\/p>\n","protected":false},"excerpt":{"rendered":"<p>Documento aponta a\u00e7\u00f5es, planos de investimentos e outras diretrizes focadas na promo\u00e7\u00e3o e no reposicionamento do Complexo Tur\u00edstico da Rosel\u00e2ndia<\/p>\n","protected":false},"author":6,"featured_media":2152,"comment_status":"closed","ping_status":"closed","sticky":true,"template":"","format":"standard","meta":{"footnotes":""},"categories":[1],"tags":[],"class_list":["post-2151","post","type-post","status-publish","format-standard","has-post-thumbnail","hentry","category-sem-categoria"],"yoast_head":"<!-- This site is optimized with the Yoast SEO plugin v23.8 - https:\/\/yoast.com\/wordpress\/plugins\/seo\/ -->\n<title>Prefeitura e Sebrae RS apresentam projeto de posicionamento e desenvolvimento do turismo da Rosel\u00e2ndia - Secretaria de Desenvolvimento Econ\u00f4mico<\/title>\n<meta name=\"robots\" content=\"index, follow, max-snippet:-1, max-image-preview:large, max-video-preview:-1\" \/>\n<link rel=\"canonical\" href=\"https:\/\/www.pmpf.rs.gov.br\/secretaria-de-desenvolvimento-economico\/2023\/06\/07\/prefeitura-e-sebrae-rs-apresentam-projeto-de-posicionamento-e-desenvolvimento-do-turismo-da-roselandia\/\" \/>\n<meta property=\"og:locale\" content=\"pt_BR\" \/>\n<meta property=\"og:type\" content=\"article\" \/>\n<meta property=\"og:title\" content=\"Prefeitura e Sebrae RS apresentam projeto de posicionamento e desenvolvimento do turismo da Rosel\u00e2ndia - Secretaria de Desenvolvimento Econ\u00f4mico\" \/>\n<meta property=\"og:description\" content=\"Documento aponta a\u00e7\u00f5es, planos de investimentos e outras diretrizes focadas na promo\u00e7\u00e3o e no reposicionamento do Complexo Tur\u00edstico da Rosel\u00e2ndia\" \/>\n<meta property=\"og:url\" content=\"https:\/\/www.pmpf.rs.gov.br\/secretaria-de-desenvolvimento-economico\/2023\/06\/07\/prefeitura-e-sebrae-rs-apresentam-projeto-de-posicionamento-e-desenvolvimento-do-turismo-da-roselandia\/\" \/>\n<meta property=\"og:site_name\" content=\"Secretaria de Desenvolvimento Econ\u00f4mico\" \/>\n<meta property=\"article:published_time\" content=\"2023-06-07T12:26:39+00:00\" \/>\n<meta property=\"article:modified_time\" content=\"2023-08-01T14:24:13+00:00\" \/>\n<meta property=\"og:image\" content=\"https:\/\/www.pmpf.rs.gov.br\/secretaria-de-desenvolvimento-economico\/wp-content\/uploads\/sites\/27\/2023\/06\/roselandia.jpeg\" \/>\n\t<meta property=\"og:image:width\" content=\"1024\" \/>\n\t<meta property=\"og:image:height\" content=\"685\" \/>\n\t<meta property=\"og:image:type\" content=\"image\/jpeg\" \/>\n<meta name=\"author\" content=\"andressazorzetto07\" \/>\n<meta name=\"twitter:card\" content=\"summary_large_image\" \/>\n<meta name=\"twitter:label1\" content=\"Escrito por\" \/>\n\t<meta name=\"twitter:data1\" content=\"andressazorzetto07\" \/>\n\t<meta name=\"twitter:label2\" content=\"Est. tempo de leitura\" \/>\n\t<meta name=\"twitter:data2\" content=\"3 minutos\" \/>\n<script type=\"application\/ld+json\" class=\"yoast-schema-graph\">{\"@context\":\"https:\/\/schema.org\",\"@graph\":[{\"@type\":\"WebPage\",\"@id\":\"https:\/\/www.pmpf.rs.gov.br\/secretaria-de-desenvolvimento-economico\/2023\/06\/07\/prefeitura-e-sebrae-rs-apresentam-projeto-de-posicionamento-e-desenvolvimento-do-turismo-da-roselandia\/\",\"url\":\"https:\/\/www.pmpf.rs.gov.br\/secretaria-de-desenvolvimento-economico\/2023\/06\/07\/prefeitura-e-sebrae-rs-apresentam-projeto-de-posicionamento-e-desenvolvimento-do-turismo-da-roselandia\/\",\"name\":\"Prefeitura e Sebrae RS apresentam projeto de posicionamento e desenvolvimento do turismo da Rosel\u00e2ndia - Secretaria de Desenvolvimento Econ\u00f4mico\",\"isPartOf\":{\"@id\":\"https:\/\/www.pmpf.rs.gov.br\/secretaria-de-desenvolvimento-economico\/#website\"},\"primaryImageOfPage\":{\"@id\":\"https:\/\/www.pmpf.rs.gov.br\/secretaria-de-desenvolvimento-economico\/2023\/06\/07\/prefeitura-e-sebrae-rs-apresentam-projeto-de-posicionamento-e-desenvolvimento-do-turismo-da-roselandia\/#primaryimage\"},\"image\":{\"@id\":\"https:\/\/www.pmpf.rs.gov.br\/secretaria-de-desenvolvimento-economico\/2023\/06\/07\/prefeitura-e-sebrae-rs-apresentam-projeto-de-posicionamento-e-desenvolvimento-do-turismo-da-roselandia\/#primaryimage\"},\"thumbnailUrl\":\"https:\/\/www.pmpf.rs.gov.br\/secretaria-de-desenvolvimento-economico\/wp-content\/uploads\/sites\/27\/2023\/06\/roselandia.jpeg\",\"datePublished\":\"2023-06-07T12:26:39+00:00\",\"dateModified\":\"2023-08-01T14:24:13+00:00\",\"author\":{\"@id\":\"https:\/\/www.pmpf.rs.gov.br\/secretaria-de-desenvolvimento-economico\/#\/schema\/person\/30ee1d1bd74da1469b01fcf086e43351\"},\"inLanguage\":\"pt-BR\",\"potentialAction\":[{\"@type\":\"ReadAction\",\"target\":[\"https:\/\/www.pmpf.rs.gov.br\/secretaria-de-desenvolvimento-economico\/2023\/06\/07\/prefeitura-e-sebrae-rs-apresentam-projeto-de-posicionamento-e-desenvolvimento-do-turismo-da-roselandia\/\"]}]},{\"@type\":\"ImageObject\",\"inLanguage\":\"pt-BR\",\"@id\":\"https:\/\/www.pmpf.rs.gov.br\/secretaria-de-desenvolvimento-economico\/2023\/06\/07\/prefeitura-e-sebrae-rs-apresentam-projeto-de-posicionamento-e-desenvolvimento-do-turismo-da-roselandia\/#primaryimage\",\"url\":\"https:\/\/www.pmpf.rs.gov.br\/secretaria-de-desenvolvimento-economico\/wp-content\/uploads\/sites\/27\/2023\/06\/roselandia.jpeg\",\"contentUrl\":\"https:\/\/www.pmpf.rs.gov.br\/secretaria-de-desenvolvimento-economico\/wp-content\/uploads\/sites\/27\/2023\/06\/roselandia.jpeg\",\"width\":1024,\"height\":685},{\"@type\":\"WebSite\",\"@id\":\"https:\/\/www.pmpf.rs.gov.br\/secretaria-de-desenvolvimento-economico\/#website\",\"url\":\"https:\/\/www.pmpf.rs.gov.br\/secretaria-de-desenvolvimento-economico\/\",\"name\":\"Secretaria de Desenvolvimento Econ\u00f4mico\",\"description\":\"S\u00f3 mais um site Prefeitura de Passo Fundo\",\"potentialAction\":[{\"@type\":\"SearchAction\",\"target\":{\"@type\":\"EntryPoint\",\"urlTemplate\":\"https:\/\/www.pmpf.rs.gov.br\/secretaria-de-desenvolvimento-economico\/?s={search_term_string}\"},\"query-input\":{\"@type\":\"PropertyValueSpecification\",\"valueRequired\":true,\"valueName\":\"search_term_string\"}}],\"inLanguage\":\"pt-BR\"},{\"@type\":\"Person\",\"@id\":\"https:\/\/www.pmpf.rs.gov.br\/secretaria-de-desenvolvimento-economico\/#\/schema\/person\/30ee1d1bd74da1469b01fcf086e43351\",\"name\":\"andressazorzetto07\",\"image\":{\"@type\":\"ImageObject\",\"inLanguage\":\"pt-BR\",\"@id\":\"https:\/\/www.pmpf.rs.gov.br\/secretaria-de-desenvolvimento-economico\/#\/schema\/person\/image\/\",\"url\":\"https:\/\/secure.gravatar.com\/avatar\/14c5458ed79dc81da99a13b9ff5f9f19?s=96&d=mm&r=g\",\"contentUrl\":\"https:\/\/secure.gravatar.com\/avatar\/14c5458ed79dc81da99a13b9ff5f9f19?s=96&d=mm&r=g\",\"caption\":\"andressazorzetto07\"},\"url\":\"https:\/\/www.pmpf.rs.gov.br\/secretaria-de-desenvolvimento-economico\/author\/andressazorzetto07\/\"}]}<\/script>\n<!-- \/ Yoast SEO plugin. -->","yoast_head_json":{"title":"Prefeitura e Sebrae RS apresentam projeto de posicionamento e desenvolvimento do turismo da Rosel\u00e2ndia - Secretaria de Desenvolvimento Econ\u00f4mico","robots":{"index":"index","follow":"follow","max-snippet":"max-snippet:-1","max-image-preview":"max-image-preview:large","max-video-preview":"max-video-preview:-1"},"canonical":"https:\/\/www.pmpf.rs.gov.br\/secretaria-de-desenvolvimento-economico\/2023\/06\/07\/prefeitura-e-sebrae-rs-apresentam-projeto-de-posicionamento-e-desenvolvimento-do-turismo-da-roselandia\/","og_locale":"pt_BR","og_type":"article","og_title":"Prefeitura e Sebrae RS apresentam projeto de posicionamento e desenvolvimento do turismo da Rosel\u00e2ndia - Secretaria de Desenvolvimento Econ\u00f4mico","og_description":"Documento aponta a\u00e7\u00f5es, planos de investimentos e outras diretrizes focadas na promo\u00e7\u00e3o e no reposicionamento do Complexo Tur\u00edstico da Rosel\u00e2ndia","og_url":"https:\/\/www.pmpf.rs.gov.br\/secretaria-de-desenvolvimento-economico\/2023\/06\/07\/prefeitura-e-sebrae-rs-apresentam-projeto-de-posicionamento-e-desenvolvimento-do-turismo-da-roselandia\/","og_site_name":"Secretaria de Desenvolvimento Econ\u00f4mico","article_published_time":"2023-06-07T12:26:39+00:00","article_modified_time":"2023-08-01T14:24:13+00:00","og_image":[{"width":1024,"height":685,"url":"https:\/\/www.pmpf.rs.gov.br\/secretaria-de-desenvolvimento-economico\/wp-content\/uploads\/sites\/27\/2023\/06\/roselandia.jpeg","type":"image\/jpeg"}],"author":"andressazorzetto07","twitter_card":"summary_large_image","twitter_misc":{"Escrito por":"andressazorzetto07","Est. tempo de leitura":"3 minutos"},"schema":{"@context":"https:\/\/schema.org","@graph":[{"@type":"WebPage","@id":"https:\/\/www.pmpf.rs.gov.br\/secretaria-de-desenvolvimento-economico\/2023\/06\/07\/prefeitura-e-sebrae-rs-apresentam-projeto-de-posicionamento-e-desenvolvimento-do-turismo-da-roselandia\/","url":"https:\/\/www.pmpf.rs.gov.br\/secretaria-de-desenvolvimento-economico\/2023\/06\/07\/prefeitura-e-sebrae-rs-apresentam-projeto-de-posicionamento-e-desenvolvimento-do-turismo-da-roselandia\/","name":"Prefeitura e Sebrae RS apresentam projeto de posicionamento e desenvolvimento do turismo da Rosel\u00e2ndia - Secretaria de Desenvolvimento Econ\u00f4mico","isPartOf":{"@id":"https:\/\/www.pmpf.rs.gov.br\/secretaria-de-desenvolvimento-economico\/#website"},"primaryImageOfPage":{"@id":"https:\/\/www.pmpf.rs.gov.br\/secretaria-de-desenvolvimento-economico\/2023\/06\/07\/prefeitura-e-sebrae-rs-apresentam-projeto-de-posicionamento-e-desenvolvimento-do-turismo-da-roselandia\/#primaryimage"},"image":{"@id":"https:\/\/www.pmpf.rs.gov.br\/secretaria-de-desenvolvimento-economico\/2023\/06\/07\/prefeitura-e-sebrae-rs-apresentam-projeto-de-posicionamento-e-desenvolvimento-do-turismo-da-roselandia\/#primaryimage"},"thumbnailUrl":"https:\/\/www.pmpf.rs.gov.br\/secretaria-de-desenvolvimento-economico\/wp-content\/uploads\/sites\/27\/2023\/06\/roselandia.jpeg","datePublished":"2023-06-07T12:26:39+00:00","dateModified":"2023-08-01T14:24:13+00:00","author":{"@id":"https:\/\/www.pmpf.rs.gov.br\/secretaria-de-desenvolvimento-economico\/#\/schema\/person\/30ee1d1bd74da1469b01fcf086e43351"},"inLanguage":"pt-BR","potentialAction":[{"@type":"ReadAction","target":["https:\/\/www.pmpf.rs.gov.br\/secretaria-de-desenvolvimento-economico\/2023\/06\/07\/prefeitura-e-sebrae-rs-apresentam-projeto-de-posicionamento-e-desenvolvimento-do-turismo-da-roselandia\/"]}]},{"@type":"ImageObject","inLanguage":"pt-BR","@id":"https:\/\/www.pmpf.rs.gov.br\/secretaria-de-desenvolvimento-economico\/2023\/06\/07\/prefeitura-e-sebrae-rs-apresentam-projeto-de-posicionamento-e-desenvolvimento-do-turismo-da-roselandia\/#primaryimage","url":"https:\/\/www.pmpf.rs.gov.br\/secretaria-de-desenvolvimento-economico\/wp-content\/uploads\/sites\/27\/2023\/06\/roselandia.jpeg","contentUrl":"https:\/\/www.pmpf.rs.gov.br\/secretaria-de-desenvolvimento-economico\/wp-content\/uploads\/sites\/27\/2023\/06\/roselandia.jpeg","width":1024,"height":685},{"@type":"WebSite","@id":"https:\/\/www.pmpf.rs.gov.br\/secretaria-de-desenvolvimento-economico\/#website","url":"https:\/\/www.pmpf.rs.gov.br\/secretaria-de-desenvolvimento-economico\/","name":"Secretaria de Desenvolvimento Econ\u00f4mico","description":"S\u00f3 mais um site Prefeitura de Passo Fundo","potentialAction":[{"@type":"SearchAction","target":{"@type":"EntryPoint","urlTemplate":"https:\/\/www.pmpf.rs.gov.br\/secretaria-de-desenvolvimento-economico\/?s={search_term_string}"},"query-input":{"@type":"PropertyValueSpecification","valueRequired":true,"valueName":"search_term_string"}}],"inLanguage":"pt-BR"},{"@type":"Person","@id":"https:\/\/www.pmpf.rs.gov.br\/secretaria-de-desenvolvimento-economico\/#\/schema\/person\/30ee1d1bd74da1469b01fcf086e43351","name":"andressazorzetto07","image":{"@type":"ImageObject","inLanguage":"pt-BR","@id":"https:\/\/www.pmpf.rs.gov.br\/secretaria-de-desenvolvimento-economico\/#\/schema\/person\/image\/","url":"https:\/\/secure.gravatar.com\/avatar\/14c5458ed79dc81da99a13b9ff5f9f19?s=96&d=mm&r=g","contentUrl":"https:\/\/secure.gravatar.com\/avatar\/14c5458ed79dc81da99a13b9ff5f9f19?s=96&d=mm&r=g","caption":"andressazorzetto07"},"url":"https:\/\/www.pmpf.rs.gov.br\/secretaria-de-desenvolvimento-economico\/author\/andressazorzetto07\/"}]}},"_links":{"self":[{"href":"https:\/\/www.pmpf.rs.gov.br\/secretaria-de-desenvolvimento-economico\/wp-json\/wp\/v2\/posts\/2151"}],"collection":[{"href":"https:\/\/www.pmpf.rs.gov.br\/secretaria-de-desenvolvimento-economico\/wp-json\/wp\/v2\/posts"}],"about":[{"href":"https:\/\/www.pmpf.rs.gov.br\/secretaria-de-desenvolvimento-economico\/wp-json\/wp\/v2\/types\/post"}],"author":[{"embeddable":true,"href":"https:\/\/www.pmpf.rs.gov.br\/secretaria-de-desenvolvimento-economico\/wp-json\/wp\/v2\/users\/6"}],"replies":[{"embeddable":true,"href":"https:\/\/www.pmpf.rs.gov.br\/secretaria-de-desenvolvimento-economico\/wp-json\/wp\/v2\/comments?post=2151"}],"version-history":[{"count":1,"href":"https:\/\/www.pmpf.rs.gov.br\/secretaria-de-desenvolvimento-economico\/wp-json\/wp\/v2\/posts\/2151\/revisions"}],"predecessor-version":[{"id":2153,"href":"https:\/\/www.pmpf.rs.gov.br\/secretaria-de-desenvolvimento-economico\/wp-json\/wp\/v2\/posts\/2151\/revisions\/2153"}],"wp:featuredmedia":[{"embeddable":true,"href":"https:\/\/www.pmpf.rs.gov.br\/secretaria-de-desenvolvimento-economico\/wp-json\/wp\/v2\/media\/2152"}],"wp:attachment":[{"href":"https:\/\/www.pmpf.rs.gov.br\/secretaria-de-desenvolvimento-economico\/wp-json\/wp\/v2\/media?parent=2151"}],"wp:term":[{"taxonomy":"category","embeddable":true,"href":"https:\/\/www.pmpf.rs.gov.br\/secretaria-de-desenvolvimento-economico\/wp-json\/wp\/v2\/categories?post=2151"},{"taxonomy":"post_tag","embeddable":true,"href":"https:\/\/www.pmpf.rs.gov.br\/secretaria-de-desenvolvimento-economico\/wp-json\/wp\/v2\/tags?post=2151"}],"curies":[{"name":"wp","href":"https:\/\/api.w.org\/{rel}","templated":true}]}}