{"id":2147,"date":"2023-06-06T16:20:06","date_gmt":"2023-06-06T19:20:06","guid":{"rendered":"https:\/\/www.pmpf.rs.gov.br\/secretaria-de-desenvolvimento-economico\/?p=2147"},"modified":"2023-06-06T16:27:42","modified_gmt":"2023-06-06T19:27:42","slug":"audiencia-publica-trata-da-concessao-do-aeroporto-lauro-kortz","status":"publish","type":"post","link":"https:\/\/www.pmpf.rs.gov.br\/secretaria-de-desenvolvimento-economico\/2023\/06\/06\/audiencia-publica-trata-da-concessao-do-aeroporto-lauro-kortz\/","title":{"rendered":"Audi\u00eancia p\u00fablica trata da concess\u00e3o do Aeroporto Lauro Kortz"},"content":{"rendered":"\n<p><\/p>\n\n\n\n<p><\/p>\n\n\n\n<p>O Aeroporto Lauro Kortz de Passo Fundo dever\u00e1 ser entregue \u00e0 administra\u00e7\u00e3o privada ainda em 2023. O Governo do Estado realizou, nesta ter\u00e7a-feira (6), na C\u00e2mara de Vereadores, uma audi\u00eancia p\u00fablica para a apresenta\u00e7\u00e3o e discuss\u00e3o do projeto de concess\u00e3o, que dever\u00e1 assegurar a manuten\u00e7\u00e3o do espa\u00e7o pelos pr\u00f3ximos anos. O processo foi aprovado pelo Tribunal de Contas do Estado (TCE) e segue em consulta p\u00fablica on-line at\u00e9 o dia 9 de junho.<\/p>\n\n\n\n<p>O secret\u00e1rio estadual de Parcerias e Concess\u00f5es, Pedro Capeluppi, destacou que a concess\u00e3o do Aeroporto de Passo Fundo, o segundo maior aeroporto do Rio Grande do Sul, acontece em um mesmo bloco que o de Santo \u00c2ngelo. \u201cA ideia \u00e9 garantir maior efici\u00eancia dos servi\u00e7os, nos dois casos, por um per\u00edodo de 30 anos, garantindo infraestrutura capaz de atender aos diferentes p\u00fablicos: passageiros, aeronaves, cargas e o perfil dos usu\u00e1rios\u201d, salientou.<\/p>\n\n\n\n<p>O edital para a concess\u00e3o dever\u00e1 ser aberto em agosto, estendendo um per\u00edodo de 60 a 90 dias para a manifesta\u00e7\u00e3o de empresas. A previs\u00e3o \u00e9 que o contrato com a empresa vencedora, respons\u00e1vel pela explora\u00e7\u00e3o, manuten\u00e7\u00e3o e expans\u00e3o das duas unidades, seja assinado at\u00e9 o fim do ano.<\/p>\n\n\n\n<p>O aeroporto de Passo Fundo se tornou um dos principais aeroportos comerciais do Rio Grande do Sul, com potencial para ser uma das rotas mais importantes para as companhias a\u00e9reas no interior do estado. Atualmente, operam no espa\u00e7o a Azul, Gol e Latam.<\/p>\n\n\n\n<p>O estudo de concess\u00e3o foi realizado pelo cons\u00f3rcio formado pela Terra Firme Consultoria Empresarial e de Projetos Ltda., Infraway Engenharia Ltda., Mois\u00e9s e Pires Sociedade de advogados e Bacco Arquitetos associados Ltda. Os investimentos entre obras e opera\u00e7\u00e3o pela iniciativa privada ao longo dos 30 anos s\u00e3o levantados em R$ 85 milh\u00f5es nos aeroportos de Passo Fundo e Santo \u00c2ngelo. O modelo j\u00e1 \u00e9 utilizado em parcerias p\u00fablico-privadas (PPPs) de infraestrutura de aeroportos realizadas pelo governo federal.<\/p>\n\n\n\n<p>De acordo com Capeluppi, a empresa operar\u00e1 com um Plano de Gest\u00e3o de Infraestrutura (PGI), documento que dever\u00e1 ser apresentado no in\u00edcio da vig\u00eancia do contrato. A concess\u00e3o ser\u00e1 fiscalizada pelo Governo do Estado, Ag\u00eancia Nacional de Avia\u00e7\u00e3o Civil (Anac) e Ag\u00eancia Estadual de Regula\u00e7\u00e3o dos Servi\u00e7os P\u00fablicos Delegados do Rio Grande do Sul (Agergs).<\/p>\n\n\n\n<p><\/p>\n\n\n\n<p><strong>Prefeitura cobra interven\u00e7\u00f5es como a amplia\u00e7\u00e3o do estacionamento<\/strong><\/p>\n\n\n\n<p>No m\u00eas de mar\u00e7o, o Governo do Estado havia apresentado \u00e0 Prefeitura os principais pontos do projeto. Durante a reuni\u00e3o, o prefeito Pedro Almeida cobrou interven\u00e7\u00f5es em curto prazo no local, que passou por uma grande revitaliza\u00e7\u00e3o em todo o s\u00edtio aeroportu\u00e1rio, manifestando apoio para que haja transpar\u00eancia em todas as etapas do processo de concess\u00e3o. \u201cHoje, temos um aeroporto remodelado e moderno, necess\u00e1rio para o desenvolvimento de Passo Fundo e da regi\u00e3o. A concess\u00e3o ser\u00e1 importante para a manuten\u00e7\u00e3o e amplia\u00e7\u00e3o do que j\u00e1 existe. Cabe ressaltar que a nossa urg\u00eancia \u00e9 com rela\u00e7\u00e3o ao estacionamento e extens\u00e3o de vagas. Unimos esfor\u00e7os para que o processo de concess\u00e3o seja o mais transparente poss\u00edvel, o que \u00e9 um compromisso da Prefeitura com a popula\u00e7\u00e3o\u201d, pontuou.<\/p>\n\n\n\n<p>Na audi\u00eancia, o secret\u00e1rio de Desenvolvimento Econ\u00f4mico, Diorges Oliveira, reiterou as reivindica\u00e7\u00f5es elencadas pelo Executivo. \u201cAinda temos dificuldades de estrutura no aeroporto. Al\u00e9m do estacionamento, a rede de internet e os monitores, por exemplo. Estamos em processo de transi\u00e7\u00e3o e precisamos de melhorias e manuten\u00e7\u00e3o cont\u00ednuas para garantir um espa\u00e7o que comporte as demandas dos usu\u00e1rios e que atenda \u00e0s necessidades econ\u00f4micas da regi\u00e3o\u201d, completou.<\/p>\n\n\n\n<p><strong>Consulta <\/strong><strong>p<\/strong><strong>\u00fablica em andamento<\/strong><\/p>\n\n\n\n<p>Em maio, a Secretaria de Parcerias e Concess\u00f5es (Separ) do Estado, pasta respons\u00e1vel pela modelagem da PPP, abriu o per\u00edodo de consulta p\u00fablica sobre as concess\u00f5es dos aeroportos de Passo Fundo e Santo \u00c2ngelo. A medida tem como objetivo receber sugest\u00f5es, opini\u00f5es e cr\u00edticas da popula\u00e7\u00e3o e de entidades sobre o tema. As contribui\u00e7\u00f5es podem ser enviadas para o e-mail <a href=\"mailto:consultaaeroportos@separ.rs.gov.br\">consultaaeroportos@separ.rs.gov.br<\/a> at\u00e9 9 de junho. Depois da etapa de consulta p\u00fablica, o pr\u00f3ximo passo ser\u00e1 a publica\u00e7\u00e3o do edital.<\/p>\n","protected":false},"excerpt":{"rendered":"<p>Promovido pelo Governo do Estado, o encontro foi realizado na manh\u00e3 desta ter\u00e7a-feira (6), na C\u00e2mara de Vereadores, para apresenta\u00e7\u00e3o e discuss\u00e3o do projeto de concess\u00e3o da unidade aeroportu\u00e1ria \u00e0 iniciativa privada<\/p>\n","protected":false},"author":6,"featured_media":0,"comment_status":"closed","ping_status":"closed","sticky":true,"template":"","format":"standard","meta":{"footnotes":""},"categories":[1],"tags":[],"class_list":["post-2147","post","type-post","status-publish","format-standard","hentry","category-sem-categoria"],"yoast_head":"<!-- This site is optimized with the Yoast SEO plugin v23.8 - https:\/\/yoast.com\/wordpress\/plugins\/seo\/ -->\n<title>Audi\u00eancia p\u00fablica trata da concess\u00e3o do Aeroporto Lauro Kortz - Secretaria de Desenvolvimento Econ\u00f4mico<\/title>\n<meta name=\"robots\" content=\"index, follow, max-snippet:-1, max-image-preview:large, max-video-preview:-1\" \/>\n<link rel=\"canonical\" href=\"https:\/\/www.pmpf.rs.gov.br\/secretaria-de-desenvolvimento-economico\/2023\/06\/06\/audiencia-publica-trata-da-concessao-do-aeroporto-lauro-kortz\/\" \/>\n<meta property=\"og:locale\" content=\"pt_BR\" \/>\n<meta property=\"og:type\" content=\"article\" \/>\n<meta property=\"og:title\" content=\"Audi\u00eancia p\u00fablica trata da concess\u00e3o do Aeroporto Lauro Kortz - Secretaria de Desenvolvimento Econ\u00f4mico\" \/>\n<meta property=\"og:description\" content=\"Promovido pelo Governo do Estado, o encontro foi realizado na manh\u00e3 desta ter\u00e7a-feira (6), na C\u00e2mara de Vereadores, para apresenta\u00e7\u00e3o e discuss\u00e3o do projeto de concess\u00e3o da unidade aeroportu\u00e1ria \u00e0 iniciativa privada\" \/>\n<meta property=\"og:url\" content=\"https:\/\/www.pmpf.rs.gov.br\/secretaria-de-desenvolvimento-economico\/2023\/06\/06\/audiencia-publica-trata-da-concessao-do-aeroporto-lauro-kortz\/\" \/>\n<meta property=\"og:site_name\" content=\"Secretaria de Desenvolvimento Econ\u00f4mico\" \/>\n<meta property=\"article:published_time\" content=\"2023-06-06T19:20:06+00:00\" \/>\n<meta property=\"article:modified_time\" content=\"2023-06-06T19:27:42+00:00\" \/>\n<meta name=\"author\" content=\"andressazorzetto07\" \/>\n<meta name=\"twitter:card\" content=\"summary_large_image\" \/>\n<meta name=\"twitter:label1\" content=\"Escrito por\" \/>\n\t<meta name=\"twitter:data1\" content=\"andressazorzetto07\" \/>\n\t<meta name=\"twitter:label2\" content=\"Est. tempo de leitura\" \/>\n\t<meta name=\"twitter:data2\" content=\"4 minutos\" \/>\n<script type=\"application\/ld+json\" class=\"yoast-schema-graph\">{\"@context\":\"https:\/\/schema.org\",\"@graph\":[{\"@type\":\"WebPage\",\"@id\":\"https:\/\/www.pmpf.rs.gov.br\/secretaria-de-desenvolvimento-economico\/2023\/06\/06\/audiencia-publica-trata-da-concessao-do-aeroporto-lauro-kortz\/\",\"url\":\"https:\/\/www.pmpf.rs.gov.br\/secretaria-de-desenvolvimento-economico\/2023\/06\/06\/audiencia-publica-trata-da-concessao-do-aeroporto-lauro-kortz\/\",\"name\":\"Audi\u00eancia p\u00fablica trata da concess\u00e3o do Aeroporto Lauro Kortz - Secretaria de Desenvolvimento Econ\u00f4mico\",\"isPartOf\":{\"@id\":\"https:\/\/www.pmpf.rs.gov.br\/secretaria-de-desenvolvimento-economico\/#website\"},\"datePublished\":\"2023-06-06T19:20:06+00:00\",\"dateModified\":\"2023-06-06T19:27:42+00:00\",\"author\":{\"@id\":\"https:\/\/www.pmpf.rs.gov.br\/secretaria-de-desenvolvimento-economico\/#\/schema\/person\/30ee1d1bd74da1469b01fcf086e43351\"},\"inLanguage\":\"pt-BR\",\"potentialAction\":[{\"@type\":\"ReadAction\",\"target\":[\"https:\/\/www.pmpf.rs.gov.br\/secretaria-de-desenvolvimento-economico\/2023\/06\/06\/audiencia-publica-trata-da-concessao-do-aeroporto-lauro-kortz\/\"]}]},{\"@type\":\"WebSite\",\"@id\":\"https:\/\/www.pmpf.rs.gov.br\/secretaria-de-desenvolvimento-economico\/#website\",\"url\":\"https:\/\/www.pmpf.rs.gov.br\/secretaria-de-desenvolvimento-economico\/\",\"name\":\"Secretaria de Desenvolvimento Econ\u00f4mico\",\"description\":\"S\u00f3 mais um site Prefeitura de Passo Fundo\",\"potentialAction\":[{\"@type\":\"SearchAction\",\"target\":{\"@type\":\"EntryPoint\",\"urlTemplate\":\"https:\/\/www.pmpf.rs.gov.br\/secretaria-de-desenvolvimento-economico\/?s={search_term_string}\"},\"query-input\":{\"@type\":\"PropertyValueSpecification\",\"valueRequired\":true,\"valueName\":\"search_term_string\"}}],\"inLanguage\":\"pt-BR\"},{\"@type\":\"Person\",\"@id\":\"https:\/\/www.pmpf.rs.gov.br\/secretaria-de-desenvolvimento-economico\/#\/schema\/person\/30ee1d1bd74da1469b01fcf086e43351\",\"name\":\"andressazorzetto07\",\"image\":{\"@type\":\"ImageObject\",\"inLanguage\":\"pt-BR\",\"@id\":\"https:\/\/www.pmpf.rs.gov.br\/secretaria-de-desenvolvimento-economico\/#\/schema\/person\/image\/\",\"url\":\"https:\/\/secure.gravatar.com\/avatar\/14c5458ed79dc81da99a13b9ff5f9f19?s=96&d=mm&r=g\",\"contentUrl\":\"https:\/\/secure.gravatar.com\/avatar\/14c5458ed79dc81da99a13b9ff5f9f19?s=96&d=mm&r=g\",\"caption\":\"andressazorzetto07\"},\"url\":\"https:\/\/www.pmpf.rs.gov.br\/secretaria-de-desenvolvimento-economico\/author\/andressazorzetto07\/\"}]}<\/script>\n<!-- \/ Yoast SEO plugin. -->","yoast_head_json":{"title":"Audi\u00eancia p\u00fablica trata da concess\u00e3o do Aeroporto Lauro Kortz - Secretaria de Desenvolvimento Econ\u00f4mico","robots":{"index":"index","follow":"follow","max-snippet":"max-snippet:-1","max-image-preview":"max-image-preview:large","max-video-preview":"max-video-preview:-1"},"canonical":"https:\/\/www.pmpf.rs.gov.br\/secretaria-de-desenvolvimento-economico\/2023\/06\/06\/audiencia-publica-trata-da-concessao-do-aeroporto-lauro-kortz\/","og_locale":"pt_BR","og_type":"article","og_title":"Audi\u00eancia p\u00fablica trata da concess\u00e3o do Aeroporto Lauro Kortz - Secretaria de Desenvolvimento Econ\u00f4mico","og_description":"Promovido pelo Governo do Estado, o encontro foi realizado na manh\u00e3 desta ter\u00e7a-feira (6), na C\u00e2mara de Vereadores, para apresenta\u00e7\u00e3o e discuss\u00e3o do projeto de concess\u00e3o da unidade aeroportu\u00e1ria \u00e0 iniciativa privada","og_url":"https:\/\/www.pmpf.rs.gov.br\/secretaria-de-desenvolvimento-economico\/2023\/06\/06\/audiencia-publica-trata-da-concessao-do-aeroporto-lauro-kortz\/","og_site_name":"Secretaria de Desenvolvimento Econ\u00f4mico","article_published_time":"2023-06-06T19:20:06+00:00","article_modified_time":"2023-06-06T19:27:42+00:00","author":"andressazorzetto07","twitter_card":"summary_large_image","twitter_misc":{"Escrito por":"andressazorzetto07","Est. tempo de leitura":"4 minutos"},"schema":{"@context":"https:\/\/schema.org","@graph":[{"@type":"WebPage","@id":"https:\/\/www.pmpf.rs.gov.br\/secretaria-de-desenvolvimento-economico\/2023\/06\/06\/audiencia-publica-trata-da-concessao-do-aeroporto-lauro-kortz\/","url":"https:\/\/www.pmpf.rs.gov.br\/secretaria-de-desenvolvimento-economico\/2023\/06\/06\/audiencia-publica-trata-da-concessao-do-aeroporto-lauro-kortz\/","name":"Audi\u00eancia p\u00fablica trata da concess\u00e3o do Aeroporto Lauro Kortz - Secretaria de Desenvolvimento Econ\u00f4mico","isPartOf":{"@id":"https:\/\/www.pmpf.rs.gov.br\/secretaria-de-desenvolvimento-economico\/#website"},"datePublished":"2023-06-06T19:20:06+00:00","dateModified":"2023-06-06T19:27:42+00:00","author":{"@id":"https:\/\/www.pmpf.rs.gov.br\/secretaria-de-desenvolvimento-economico\/#\/schema\/person\/30ee1d1bd74da1469b01fcf086e43351"},"inLanguage":"pt-BR","potentialAction":[{"@type":"ReadAction","target":["https:\/\/www.pmpf.rs.gov.br\/secretaria-de-desenvolvimento-economico\/2023\/06\/06\/audiencia-publica-trata-da-concessao-do-aeroporto-lauro-kortz\/"]}]},{"@type":"WebSite","@id":"https:\/\/www.pmpf.rs.gov.br\/secretaria-de-desenvolvimento-economico\/#website","url":"https:\/\/www.pmpf.rs.gov.br\/secretaria-de-desenvolvimento-economico\/","name":"Secretaria de Desenvolvimento Econ\u00f4mico","description":"S\u00f3 mais um site Prefeitura de Passo Fundo","potentialAction":[{"@type":"SearchAction","target":{"@type":"EntryPoint","urlTemplate":"https:\/\/www.pmpf.rs.gov.br\/secretaria-de-desenvolvimento-economico\/?s={search_term_string}"},"query-input":{"@type":"PropertyValueSpecification","valueRequired":true,"valueName":"search_term_string"}}],"inLanguage":"pt-BR"},{"@type":"Person","@id":"https:\/\/www.pmpf.rs.gov.br\/secretaria-de-desenvolvimento-economico\/#\/schema\/person\/30ee1d1bd74da1469b01fcf086e43351","name":"andressazorzetto07","image":{"@type":"ImageObject","inLanguage":"pt-BR","@id":"https:\/\/www.pmpf.rs.gov.br\/secretaria-de-desenvolvimento-economico\/#\/schema\/person\/image\/","url":"https:\/\/secure.gravatar.com\/avatar\/14c5458ed79dc81da99a13b9ff5f9f19?s=96&d=mm&r=g","contentUrl":"https:\/\/secure.gravatar.com\/avatar\/14c5458ed79dc81da99a13b9ff5f9f19?s=96&d=mm&r=g","caption":"andressazorzetto07"},"url":"https:\/\/www.pmpf.rs.gov.br\/secretaria-de-desenvolvimento-economico\/author\/andressazorzetto07\/"}]}},"_links":{"self":[{"href":"https:\/\/www.pmpf.rs.gov.br\/secretaria-de-desenvolvimento-economico\/wp-json\/wp\/v2\/posts\/2147"}],"collection":[{"href":"https:\/\/www.pmpf.rs.gov.br\/secretaria-de-desenvolvimento-economico\/wp-json\/wp\/v2\/posts"}],"about":[{"href":"https:\/\/www.pmpf.rs.gov.br\/secretaria-de-desenvolvimento-economico\/wp-json\/wp\/v2\/types\/post"}],"author":[{"embeddable":true,"href":"https:\/\/www.pmpf.rs.gov.br\/secretaria-de-desenvolvimento-economico\/wp-json\/wp\/v2\/users\/6"}],"replies":[{"embeddable":true,"href":"https:\/\/www.pmpf.rs.gov.br\/secretaria-de-desenvolvimento-economico\/wp-json\/wp\/v2\/comments?post=2147"}],"version-history":[{"count":2,"href":"https:\/\/www.pmpf.rs.gov.br\/secretaria-de-desenvolvimento-economico\/wp-json\/wp\/v2\/posts\/2147\/revisions"}],"predecessor-version":[{"id":2150,"href":"https:\/\/www.pmpf.rs.gov.br\/secretaria-de-desenvolvimento-economico\/wp-json\/wp\/v2\/posts\/2147\/revisions\/2150"}],"wp:attachment":[{"href":"https:\/\/www.pmpf.rs.gov.br\/secretaria-de-desenvolvimento-economico\/wp-json\/wp\/v2\/media?parent=2147"}],"wp:term":[{"taxonomy":"category","embeddable":true,"href":"https:\/\/www.pmpf.rs.gov.br\/secretaria-de-desenvolvimento-economico\/wp-json\/wp\/v2\/categories?post=2147"},{"taxonomy":"post_tag","embeddable":true,"href":"https:\/\/www.pmpf.rs.gov.br\/secretaria-de-desenvolvimento-economico\/wp-json\/wp\/v2\/tags?post=2147"}],"curies":[{"name":"wp","href":"https:\/\/api.w.org\/{rel}","templated":true}]}}