{"id":2137,"date":"2023-05-30T10:21:22","date_gmt":"2023-05-30T13:21:22","guid":{"rendered":"https:\/\/www.pmpf.rs.gov.br\/secretaria-de-desenvolvimento-economico\/?p=2137"},"modified":"2023-05-30T14:45:53","modified_gmt":"2023-05-30T17:45:53","slug":"governo-do-estado-realizara-audiencia-publica-para-a-apresentacao-de-proposta-de-concessao-do-aeroporto-de-passo-fundo-na-proxima-segunda-feira-6","status":"publish","type":"post","link":"https:\/\/www.pmpf.rs.gov.br\/secretaria-de-desenvolvimento-economico\/2023\/05\/30\/governo-do-estado-realizara-audiencia-publica-para-a-apresentacao-de-proposta-de-concessao-do-aeroporto-de-passo-fundo-na-proxima-segunda-feira-6\/","title":{"rendered":"Governo do Estado realizar\u00e1 Audi\u00eancia p\u00fablica para a apresenta\u00e7\u00e3o de proposta de concess\u00e3o do Aeroporto de Passo Fundo na pr\u00f3xima ter\u00e7a-feira (6)"},"content":{"rendered":"\n<p><br>O Governo do Estado realizar\u00e1, na pr\u00f3xima ter\u00e7a-feira (6), uma audi\u00eancia p\u00fablica para apresentar \u00e0 popula\u00e7\u00e3o o projeto de concess\u00e3o do Aeroporto Lauro Kortz, de Passo Fundo. O encontro acontecer\u00e1 na C\u00e2mara de Vereadores (Rua Dr. Jo\u00e3o Freitas, 75), das 9h30 \u00e0s 12h30. O credenciamento come\u00e7ar\u00e1 \u00e0s 9h.<br><\/p>\n\n\n\n<p>O projeto de concess\u00e3o dos aeroportos de Passo Fundo e Santo \u00c2ngelo prev\u00ea que os aeroportos sejam administrados pela iniciativa privada por 30 anos, com investimentos de R$ 85,4 milh\u00f5es. O modelo j\u00e1 \u00e9 utilizado em parcerias p\u00fablico-privadas (PPPs) de infraestrutura de aeroportos realizadas pelo governo federal. A empresa vencedora da licita\u00e7\u00e3o ser\u00e1 respons\u00e1vel pela explora\u00e7\u00e3o, manuten\u00e7\u00e3o e expans\u00e3o dos dois locais.<\/p>\n\n\n\n<p><strong>Consulta P\u00fablica em andamento<br><\/strong>No in\u00edcio do m\u00eas, a Secretaria de Parcerias e Concess\u00f5es (Separ) do Estado, pasta respons\u00e1vel pela modelagem da PPP, abriu o per\u00edodo de consulta p\u00fablica sobre as concess\u00f5es dos aeroportos dos dois munic\u00edpios. A medida tem como objetivo receber sugest\u00f5es, opini\u00f5es e cr\u00edticas da popula\u00e7\u00e3o e de entidades sobre o tema. As contribui\u00e7\u00f5es podem ser enviadas para o e-mail consultaaeroportos@separ.rs.gov.br at\u00e9 9 de junho. Depois da etapa de consulta p\u00fablica, o pr\u00f3ximo passo ser\u00e1 a publica\u00e7\u00e3o do edital, prevista para o primeiro semestre deste ano.<\/p>\n\n\n\n<p>Outras informa\u00e7\u00f5es sobre a consulta p\u00fablica podem ser obtidas no site RS Parcerias.<\/p>\n","protected":false},"excerpt":{"rendered":"<p>O projeto de concess\u00e3o dos aeroportos de Passo Fundo e Santo \u00c2ngelo prev\u00ea que os aeroportos sejam administrados pela iniciativa privada por 30 anos, com investimentos de R$ 85,4 milh\u00f5es<\/p>\n","protected":false},"author":6,"featured_media":0,"comment_status":"closed","ping_status":"closed","sticky":true,"template":"","format":"standard","meta":{"footnotes":""},"categories":[1],"tags":[],"class_list":["post-2137","post","type-post","status-publish","format-standard","hentry","category-sem-categoria"],"yoast_head":"<!-- This site is optimized with the Yoast SEO plugin v23.8 - https:\/\/yoast.com\/wordpress\/plugins\/seo\/ -->\n<title>Governo do Estado realizar\u00e1 Audi\u00eancia p\u00fablica para a apresenta\u00e7\u00e3o de proposta de concess\u00e3o do Aeroporto de Passo Fundo na pr\u00f3xima ter\u00e7a-feira (6) - Secretaria de Desenvolvimento Econ\u00f4mico<\/title>\n<meta name=\"robots\" content=\"index, follow, max-snippet:-1, max-image-preview:large, max-video-preview:-1\" \/>\n<link rel=\"canonical\" href=\"https:\/\/www.pmpf.rs.gov.br\/secretaria-de-desenvolvimento-economico\/2023\/05\/30\/governo-do-estado-realizara-audiencia-publica-para-a-apresentacao-de-proposta-de-concessao-do-aeroporto-de-passo-fundo-na-proxima-segunda-feira-6\/\" \/>\n<meta property=\"og:locale\" content=\"pt_BR\" \/>\n<meta property=\"og:type\" content=\"article\" \/>\n<meta property=\"og:title\" content=\"Governo do Estado realizar\u00e1 Audi\u00eancia p\u00fablica para a apresenta\u00e7\u00e3o de proposta de concess\u00e3o do Aeroporto de Passo Fundo na pr\u00f3xima ter\u00e7a-feira (6) - Secretaria de Desenvolvimento Econ\u00f4mico\" \/>\n<meta property=\"og:description\" content=\"O projeto de concess\u00e3o dos aeroportos de Passo Fundo e Santo \u00c2ngelo prev\u00ea que os aeroportos sejam administrados pela iniciativa privada por 30 anos, com investimentos de R$ 85,4 milh\u00f5es\" \/>\n<meta property=\"og:url\" content=\"https:\/\/www.pmpf.rs.gov.br\/secretaria-de-desenvolvimento-economico\/2023\/05\/30\/governo-do-estado-realizara-audiencia-publica-para-a-apresentacao-de-proposta-de-concessao-do-aeroporto-de-passo-fundo-na-proxima-segunda-feira-6\/\" \/>\n<meta property=\"og:site_name\" content=\"Secretaria de Desenvolvimento Econ\u00f4mico\" \/>\n<meta property=\"article:published_time\" content=\"2023-05-30T13:21:22+00:00\" \/>\n<meta property=\"article:modified_time\" content=\"2023-05-30T17:45:53+00:00\" \/>\n<meta name=\"author\" content=\"andressazorzetto07\" \/>\n<meta name=\"twitter:card\" content=\"summary_large_image\" \/>\n<meta name=\"twitter:label1\" content=\"Escrito por\" \/>\n\t<meta name=\"twitter:data1\" content=\"andressazorzetto07\" \/>\n\t<meta name=\"twitter:label2\" content=\"Est. tempo de leitura\" \/>\n\t<meta name=\"twitter:data2\" content=\"1 minuto\" \/>\n<script type=\"application\/ld+json\" class=\"yoast-schema-graph\">{\"@context\":\"https:\/\/schema.org\",\"@graph\":[{\"@type\":\"WebPage\",\"@id\":\"https:\/\/www.pmpf.rs.gov.br\/secretaria-de-desenvolvimento-economico\/2023\/05\/30\/governo-do-estado-realizara-audiencia-publica-para-a-apresentacao-de-proposta-de-concessao-do-aeroporto-de-passo-fundo-na-proxima-segunda-feira-6\/\",\"url\":\"https:\/\/www.pmpf.rs.gov.br\/secretaria-de-desenvolvimento-economico\/2023\/05\/30\/governo-do-estado-realizara-audiencia-publica-para-a-apresentacao-de-proposta-de-concessao-do-aeroporto-de-passo-fundo-na-proxima-segunda-feira-6\/\",\"name\":\"Governo do Estado realizar\u00e1 Audi\u00eancia p\u00fablica para a apresenta\u00e7\u00e3o de proposta de concess\u00e3o do Aeroporto de Passo Fundo na pr\u00f3xima ter\u00e7a-feira (6) - Secretaria de Desenvolvimento Econ\u00f4mico\",\"isPartOf\":{\"@id\":\"https:\/\/www.pmpf.rs.gov.br\/secretaria-de-desenvolvimento-economico\/#website\"},\"datePublished\":\"2023-05-30T13:21:22+00:00\",\"dateModified\":\"2023-05-30T17:45:53+00:00\",\"author\":{\"@id\":\"https:\/\/www.pmpf.rs.gov.br\/secretaria-de-desenvolvimento-economico\/#\/schema\/person\/30ee1d1bd74da1469b01fcf086e43351\"},\"inLanguage\":\"pt-BR\",\"potentialAction\":[{\"@type\":\"ReadAction\",\"target\":[\"https:\/\/www.pmpf.rs.gov.br\/secretaria-de-desenvolvimento-economico\/2023\/05\/30\/governo-do-estado-realizara-audiencia-publica-para-a-apresentacao-de-proposta-de-concessao-do-aeroporto-de-passo-fundo-na-proxima-segunda-feira-6\/\"]}]},{\"@type\":\"WebSite\",\"@id\":\"https:\/\/www.pmpf.rs.gov.br\/secretaria-de-desenvolvimento-economico\/#website\",\"url\":\"https:\/\/www.pmpf.rs.gov.br\/secretaria-de-desenvolvimento-economico\/\",\"name\":\"Secretaria de Desenvolvimento Econ\u00f4mico\",\"description\":\"S\u00f3 mais um site Prefeitura de Passo Fundo\",\"potentialAction\":[{\"@type\":\"SearchAction\",\"target\":{\"@type\":\"EntryPoint\",\"urlTemplate\":\"https:\/\/www.pmpf.rs.gov.br\/secretaria-de-desenvolvimento-economico\/?s={search_term_string}\"},\"query-input\":{\"@type\":\"PropertyValueSpecification\",\"valueRequired\":true,\"valueName\":\"search_term_string\"}}],\"inLanguage\":\"pt-BR\"},{\"@type\":\"Person\",\"@id\":\"https:\/\/www.pmpf.rs.gov.br\/secretaria-de-desenvolvimento-economico\/#\/schema\/person\/30ee1d1bd74da1469b01fcf086e43351\",\"name\":\"andressazorzetto07\",\"image\":{\"@type\":\"ImageObject\",\"inLanguage\":\"pt-BR\",\"@id\":\"https:\/\/www.pmpf.rs.gov.br\/secretaria-de-desenvolvimento-economico\/#\/schema\/person\/image\/\",\"url\":\"https:\/\/secure.gravatar.com\/avatar\/14c5458ed79dc81da99a13b9ff5f9f19?s=96&d=mm&r=g\",\"contentUrl\":\"https:\/\/secure.gravatar.com\/avatar\/14c5458ed79dc81da99a13b9ff5f9f19?s=96&d=mm&r=g\",\"caption\":\"andressazorzetto07\"},\"url\":\"https:\/\/www.pmpf.rs.gov.br\/secretaria-de-desenvolvimento-economico\/author\/andressazorzetto07\/\"}]}<\/script>\n<!-- \/ Yoast SEO plugin. -->","yoast_head_json":{"title":"Governo do Estado realizar\u00e1 Audi\u00eancia p\u00fablica para a apresenta\u00e7\u00e3o de proposta de concess\u00e3o do Aeroporto de Passo Fundo na pr\u00f3xima ter\u00e7a-feira (6) - Secretaria de Desenvolvimento Econ\u00f4mico","robots":{"index":"index","follow":"follow","max-snippet":"max-snippet:-1","max-image-preview":"max-image-preview:large","max-video-preview":"max-video-preview:-1"},"canonical":"https:\/\/www.pmpf.rs.gov.br\/secretaria-de-desenvolvimento-economico\/2023\/05\/30\/governo-do-estado-realizara-audiencia-publica-para-a-apresentacao-de-proposta-de-concessao-do-aeroporto-de-passo-fundo-na-proxima-segunda-feira-6\/","og_locale":"pt_BR","og_type":"article","og_title":"Governo do Estado realizar\u00e1 Audi\u00eancia p\u00fablica para a apresenta\u00e7\u00e3o de proposta de concess\u00e3o do Aeroporto de Passo Fundo na pr\u00f3xima ter\u00e7a-feira (6) - Secretaria de Desenvolvimento Econ\u00f4mico","og_description":"O projeto de concess\u00e3o dos aeroportos de Passo Fundo e Santo \u00c2ngelo prev\u00ea que os aeroportos sejam administrados pela iniciativa privada por 30 anos, com investimentos de R$ 85,4 milh\u00f5es","og_url":"https:\/\/www.pmpf.rs.gov.br\/secretaria-de-desenvolvimento-economico\/2023\/05\/30\/governo-do-estado-realizara-audiencia-publica-para-a-apresentacao-de-proposta-de-concessao-do-aeroporto-de-passo-fundo-na-proxima-segunda-feira-6\/","og_site_name":"Secretaria de Desenvolvimento Econ\u00f4mico","article_published_time":"2023-05-30T13:21:22+00:00","article_modified_time":"2023-05-30T17:45:53+00:00","author":"andressazorzetto07","twitter_card":"summary_large_image","twitter_misc":{"Escrito por":"andressazorzetto07","Est. tempo de leitura":"1 minuto"},"schema":{"@context":"https:\/\/schema.org","@graph":[{"@type":"WebPage","@id":"https:\/\/www.pmpf.rs.gov.br\/secretaria-de-desenvolvimento-economico\/2023\/05\/30\/governo-do-estado-realizara-audiencia-publica-para-a-apresentacao-de-proposta-de-concessao-do-aeroporto-de-passo-fundo-na-proxima-segunda-feira-6\/","url":"https:\/\/www.pmpf.rs.gov.br\/secretaria-de-desenvolvimento-economico\/2023\/05\/30\/governo-do-estado-realizara-audiencia-publica-para-a-apresentacao-de-proposta-de-concessao-do-aeroporto-de-passo-fundo-na-proxima-segunda-feira-6\/","name":"Governo do Estado realizar\u00e1 Audi\u00eancia p\u00fablica para a apresenta\u00e7\u00e3o de proposta de concess\u00e3o do Aeroporto de Passo Fundo na pr\u00f3xima ter\u00e7a-feira (6) - Secretaria de Desenvolvimento Econ\u00f4mico","isPartOf":{"@id":"https:\/\/www.pmpf.rs.gov.br\/secretaria-de-desenvolvimento-economico\/#website"},"datePublished":"2023-05-30T13:21:22+00:00","dateModified":"2023-05-30T17:45:53+00:00","author":{"@id":"https:\/\/www.pmpf.rs.gov.br\/secretaria-de-desenvolvimento-economico\/#\/schema\/person\/30ee1d1bd74da1469b01fcf086e43351"},"inLanguage":"pt-BR","potentialAction":[{"@type":"ReadAction","target":["https:\/\/www.pmpf.rs.gov.br\/secretaria-de-desenvolvimento-economico\/2023\/05\/30\/governo-do-estado-realizara-audiencia-publica-para-a-apresentacao-de-proposta-de-concessao-do-aeroporto-de-passo-fundo-na-proxima-segunda-feira-6\/"]}]},{"@type":"WebSite","@id":"https:\/\/www.pmpf.rs.gov.br\/secretaria-de-desenvolvimento-economico\/#website","url":"https:\/\/www.pmpf.rs.gov.br\/secretaria-de-desenvolvimento-economico\/","name":"Secretaria de Desenvolvimento Econ\u00f4mico","description":"S\u00f3 mais um site Prefeitura de Passo Fundo","potentialAction":[{"@type":"SearchAction","target":{"@type":"EntryPoint","urlTemplate":"https:\/\/www.pmpf.rs.gov.br\/secretaria-de-desenvolvimento-economico\/?s={search_term_string}"},"query-input":{"@type":"PropertyValueSpecification","valueRequired":true,"valueName":"search_term_string"}}],"inLanguage":"pt-BR"},{"@type":"Person","@id":"https:\/\/www.pmpf.rs.gov.br\/secretaria-de-desenvolvimento-economico\/#\/schema\/person\/30ee1d1bd74da1469b01fcf086e43351","name":"andressazorzetto07","image":{"@type":"ImageObject","inLanguage":"pt-BR","@id":"https:\/\/www.pmpf.rs.gov.br\/secretaria-de-desenvolvimento-economico\/#\/schema\/person\/image\/","url":"https:\/\/secure.gravatar.com\/avatar\/14c5458ed79dc81da99a13b9ff5f9f19?s=96&d=mm&r=g","contentUrl":"https:\/\/secure.gravatar.com\/avatar\/14c5458ed79dc81da99a13b9ff5f9f19?s=96&d=mm&r=g","caption":"andressazorzetto07"},"url":"https:\/\/www.pmpf.rs.gov.br\/secretaria-de-desenvolvimento-economico\/author\/andressazorzetto07\/"}]}},"_links":{"self":[{"href":"https:\/\/www.pmpf.rs.gov.br\/secretaria-de-desenvolvimento-economico\/wp-json\/wp\/v2\/posts\/2137"}],"collection":[{"href":"https:\/\/www.pmpf.rs.gov.br\/secretaria-de-desenvolvimento-economico\/wp-json\/wp\/v2\/posts"}],"about":[{"href":"https:\/\/www.pmpf.rs.gov.br\/secretaria-de-desenvolvimento-economico\/wp-json\/wp\/v2\/types\/post"}],"author":[{"embeddable":true,"href":"https:\/\/www.pmpf.rs.gov.br\/secretaria-de-desenvolvimento-economico\/wp-json\/wp\/v2\/users\/6"}],"replies":[{"embeddable":true,"href":"https:\/\/www.pmpf.rs.gov.br\/secretaria-de-desenvolvimento-economico\/wp-json\/wp\/v2\/comments?post=2137"}],"version-history":[{"count":3,"href":"https:\/\/www.pmpf.rs.gov.br\/secretaria-de-desenvolvimento-economico\/wp-json\/wp\/v2\/posts\/2137\/revisions"}],"predecessor-version":[{"id":2140,"href":"https:\/\/www.pmpf.rs.gov.br\/secretaria-de-desenvolvimento-economico\/wp-json\/wp\/v2\/posts\/2137\/revisions\/2140"}],"wp:attachment":[{"href":"https:\/\/www.pmpf.rs.gov.br\/secretaria-de-desenvolvimento-economico\/wp-json\/wp\/v2\/media?parent=2137"}],"wp:term":[{"taxonomy":"category","embeddable":true,"href":"https:\/\/www.pmpf.rs.gov.br\/secretaria-de-desenvolvimento-economico\/wp-json\/wp\/v2\/categories?post=2137"},{"taxonomy":"post_tag","embeddable":true,"href":"https:\/\/www.pmpf.rs.gov.br\/secretaria-de-desenvolvimento-economico\/wp-json\/wp\/v2\/tags?post=2137"}],"curies":[{"name":"wp","href":"https:\/\/api.w.org\/{rel}","templated":true}]}}