{"id":2120,"date":"2023-05-17T14:48:34","date_gmt":"2023-05-17T17:48:34","guid":{"rendered":"https:\/\/www.pmpf.rs.gov.br\/secretaria-de-desenvolvimento-economico\/?p=2120"},"modified":"2023-05-17T14:48:35","modified_gmt":"2023-05-17T17:48:35","slug":"em-mais-uma-edicao-do-cafe-com-emprego-prefeitura-e-empresas-disponibilizaram-800-vagas","status":"publish","type":"post","link":"https:\/\/www.pmpf.rs.gov.br\/secretaria-de-desenvolvimento-economico\/2023\/05\/17\/em-mais-uma-edicao-do-cafe-com-emprego-prefeitura-e-empresas-disponibilizaram-800-vagas\/","title":{"rendered":"Em mais uma edi\u00e7\u00e3o do Caf\u00e9 com Emprego, Prefeitura e empresas disponibilizaram 800 vagas"},"content":{"rendered":"\n<p><\/p>\n\n\n\n<p><\/p>\n\n\n\n<p>Nesta quarta-feira (17), a Prefeitura de Passo Fundo realizou mais uma edi\u00e7\u00e3o do programa Caf\u00e9 com Emprego. A iniciativa conecta pessoas que querem ingressar ou se recolocar no mercado de trabalho a empresas com vagas dispon\u00edveis. Foram oferecidas 600 oportunidades, em cerca de 30 empresas e entidades, al\u00e9m de 200 vagas para est\u00e1gio, jovem aprendiz e Pessoas com Defici\u00eancia.<\/p>\n\n\n\n<p>A sexta edi\u00e7\u00e3o aconteceu no Clube Comercial, das 8h \u00e0s 14h. Priscila de Oliveira foi uma das 700 pessoas que estiveram no local para apresentar o seu curr\u00edculo. \u201c\u00c9 a primeira vez que eu participo. Vim em busca de uma oportunidade espec\u00edfica, no setor administrativo. Conversei com tr\u00eas empresas e espero que, em breve, o meu telefone toque\u201d, contou.<\/p>\n\n\n\n<p>O prefeito Pedro Almeida participou do evento e reafirmou o compromisso da gest\u00e3o municipal com a gera\u00e7\u00e3o de emprego e renda para os passo-fundenses. \u201cO Caf\u00e9 com o Emprego \u00e9 um programa de governo que se tornou uma marca de Passo Fundo, difundida em outros munic\u00edpios do Estado. Queremos que as boas pr\u00e1ticas pol\u00edticas sejam levadas adiante. Estamos construindo uma cidade que \u00e9 exemplo e que se destaca quando o assunto \u00e9 oportunidade para as pessoas\u201d, disse, enfatizando que mais de 800 pessoas j\u00e1 foram contratadas a partir do programa.<\/p>\n\n\n\n<p>O secret\u00e1rio de Desenvolvimento Econ\u00f4mico, Diorges Oliveira, destacou que Passo Fundo segue, por dois anos consecutivos, sendo o quarto munic\u00edpio do Rio Grande do Sul que mais emprega. O dado evidencia o \u00eaxito dos incentivos \u00e0 economia por meio de programas como o Acelera, Passo Fundo e o Caf\u00e9 com Emprego. \u201cAs empresas continuam crescendo e procurando profissionais. Ao mesmo tempo, temos pessoas em busca de emprego. Por isso, o Caf\u00e9 com Emprego \u00e9 uma pol\u00edtica p\u00fablica efetiva, que aproxima essas pessoas das empresas\u201d, afirmou.<\/p>\n\n\n\n<p>Durante o evento, receberam uma men\u00e7\u00e3o a tr\u00eas empresas que mais contrataram pelo Caf\u00e9 com Emprego: a Kuhn, a JBS e a Grazziotin. \u201cEm nome dessas empresas, queremos fazer um agradecimento a todas as empresas e entidades parceiras, que entenderam e apoiaram a nossa proposta. Agradecemos aos empres\u00e1rios que acreditam em Passo Fundo e fazem da cidade um centro de refer\u00eancia em todos os servi\u00e7os, na Educa\u00e7\u00e3o, na Sa\u00fade e no Desenvolvimento Econ\u00f4mico\u201d, considerou o prefeito.<\/p>\n\n\n\n<p>Ant\u00f4nio Nunes \u00e9 um dos colaboradores da Kuhn e uma das primeiras pessoas contratadas atrav\u00e9s do programa Caf\u00e9 com Emprego da Prefeitura. Ele compareceu ao evento para compartilhar a sua experi\u00eancia. \u201cQuero parabenizar os idealizadores desta grande a\u00e7\u00e3o, que vem movimentando a cidade e a economia, e mostrar que o desenvolvimento econ\u00f4mico depende de todos n\u00f3s que estamos aqui, empresas e trabalhadores\u201d, salientou.<\/p>\n\n\n\n<p><\/p>\n\n\n\n<p><strong>Escola das Profiss\u00f5es<\/strong><\/p>\n\n\n\n<p>Um dos estandes mantidos pela Prefeitura no Caf\u00e9 com Emprego \u00e9 o da Escola das Profiss\u00f5es. Neste espa\u00e7o, s\u00e3o apresentados os cursos profissionalizantes gratuitos, criados para promover a capacita\u00e7\u00e3o profissional e ampliar as chances de os passo-fundenses ingressarem no mercado de trabalho.<\/p>\n\n\n\n<p>O prefeito Pedro Almeida lembrou que o programa de qualifica\u00e7\u00e3o foi articulado logo ap\u00f3s a primeira edi\u00e7\u00e3o do Caf\u00e9 com Emprego, tendo em vista a necessidade de preparar as pessoas para ocuparem as vagas dispon\u00edveis nas empresas, e implementado em agosto de 2022. Desde ent\u00e3o, mais de 2,2 mil profissionais passaram por l\u00e1 ou est\u00e3o realizando os cursos. \u201cOferecemos cursos gratuitos em diversas \u00e1reas, em servi\u00e7os, na ind\u00fastria e na tecnologia, pensando tanto em qualificar as pessoas para que elas tenham o perfil requerido pelas empresas quanto em formar os jovens que v\u00e3o assumir os desafios do futuro. Passo Fundo tamb\u00e9m aposta na Educa\u00e7\u00e3o\u201d, avaliou.<\/p>\n\n\n\n<p><strong>Foto: Michel Sanderi<\/strong><\/p>\n","protected":false},"excerpt":{"rendered":"<p>A sexta edi\u00e7\u00e3o do evento foi realizada nesta quarta-feira (17), no Clube Comercial, conectando pessoas em busca de uma oportunidade de trabalho a cerca de 30 empresas e entidades parceiras da iniciativa<\/p>\n","protected":false},"author":6,"featured_media":2121,"comment_status":"closed","ping_status":"closed","sticky":false,"template":"","format":"standard","meta":{"footnotes":""},"categories":[1],"tags":[],"class_list":["post-2120","post","type-post","status-publish","format-standard","has-post-thumbnail","hentry","category-sem-categoria"],"yoast_head":"<!-- This site is optimized with the Yoast SEO plugin v23.8 - https:\/\/yoast.com\/wordpress\/plugins\/seo\/ -->\n<title>Em mais uma edi\u00e7\u00e3o do Caf\u00e9 com Emprego, Prefeitura e empresas disponibilizaram 800 vagas - Secretaria de Desenvolvimento Econ\u00f4mico<\/title>\n<meta name=\"robots\" content=\"index, follow, max-snippet:-1, max-image-preview:large, max-video-preview:-1\" \/>\n<link rel=\"canonical\" href=\"https:\/\/www.pmpf.rs.gov.br\/secretaria-de-desenvolvimento-economico\/2023\/05\/17\/em-mais-uma-edicao-do-cafe-com-emprego-prefeitura-e-empresas-disponibilizaram-800-vagas\/\" \/>\n<meta property=\"og:locale\" content=\"pt_BR\" \/>\n<meta property=\"og:type\" content=\"article\" \/>\n<meta property=\"og:title\" content=\"Em mais uma edi\u00e7\u00e3o do Caf\u00e9 com Emprego, Prefeitura e empresas disponibilizaram 800 vagas - Secretaria de Desenvolvimento Econ\u00f4mico\" \/>\n<meta property=\"og:description\" content=\"A sexta edi\u00e7\u00e3o do evento foi realizada nesta quarta-feira (17), no Clube Comercial, conectando pessoas em busca de uma oportunidade de trabalho a cerca de 30 empresas e entidades parceiras da iniciativa\" \/>\n<meta property=\"og:url\" content=\"https:\/\/www.pmpf.rs.gov.br\/secretaria-de-desenvolvimento-economico\/2023\/05\/17\/em-mais-uma-edicao-do-cafe-com-emprego-prefeitura-e-empresas-disponibilizaram-800-vagas\/\" \/>\n<meta property=\"og:site_name\" content=\"Secretaria de Desenvolvimento Econ\u00f4mico\" \/>\n<meta property=\"article:published_time\" content=\"2023-05-17T17:48:34+00:00\" \/>\n<meta property=\"article:modified_time\" content=\"2023-05-17T17:48:35+00:00\" \/>\n<meta name=\"author\" content=\"andressazorzetto07\" \/>\n<meta name=\"twitter:card\" content=\"summary_large_image\" \/>\n<meta name=\"twitter:label1\" content=\"Escrito por\" \/>\n\t<meta name=\"twitter:data1\" content=\"andressazorzetto07\" \/>\n\t<meta name=\"twitter:label2\" content=\"Est. tempo de leitura\" \/>\n\t<meta name=\"twitter:data2\" content=\"3 minutos\" \/>\n<script type=\"application\/ld+json\" class=\"yoast-schema-graph\">{\"@context\":\"https:\/\/schema.org\",\"@graph\":[{\"@type\":\"WebPage\",\"@id\":\"https:\/\/www.pmpf.rs.gov.br\/secretaria-de-desenvolvimento-economico\/2023\/05\/17\/em-mais-uma-edicao-do-cafe-com-emprego-prefeitura-e-empresas-disponibilizaram-800-vagas\/\",\"url\":\"https:\/\/www.pmpf.rs.gov.br\/secretaria-de-desenvolvimento-economico\/2023\/05\/17\/em-mais-uma-edicao-do-cafe-com-emprego-prefeitura-e-empresas-disponibilizaram-800-vagas\/\",\"name\":\"Em mais uma edi\u00e7\u00e3o do Caf\u00e9 com Emprego, Prefeitura e empresas disponibilizaram 800 vagas - Secretaria de Desenvolvimento Econ\u00f4mico\",\"isPartOf\":{\"@id\":\"https:\/\/www.pmpf.rs.gov.br\/secretaria-de-desenvolvimento-economico\/#website\"},\"primaryImageOfPage\":{\"@id\":\"https:\/\/www.pmpf.rs.gov.br\/secretaria-de-desenvolvimento-economico\/2023\/05\/17\/em-mais-uma-edicao-do-cafe-com-emprego-prefeitura-e-empresas-disponibilizaram-800-vagas\/#primaryimage\"},\"image\":{\"@id\":\"https:\/\/www.pmpf.rs.gov.br\/secretaria-de-desenvolvimento-economico\/2023\/05\/17\/em-mais-uma-edicao-do-cafe-com-emprego-prefeitura-e-empresas-disponibilizaram-800-vagas\/#primaryimage\"},\"thumbnailUrl\":\"https:\/\/www.pmpf.rs.gov.br\/secretaria-de-desenvolvimento-economico\/wp-content\/uploads\/sites\/27\/2023\/05\/cafe-com-emprego-17.05.jpeg\",\"datePublished\":\"2023-05-17T17:48:34+00:00\",\"dateModified\":\"2023-05-17T17:48:35+00:00\",\"author\":{\"@id\":\"https:\/\/www.pmpf.rs.gov.br\/secretaria-de-desenvolvimento-economico\/#\/schema\/person\/30ee1d1bd74da1469b01fcf086e43351\"},\"inLanguage\":\"pt-BR\",\"potentialAction\":[{\"@type\":\"ReadAction\",\"target\":[\"https:\/\/www.pmpf.rs.gov.br\/secretaria-de-desenvolvimento-economico\/2023\/05\/17\/em-mais-uma-edicao-do-cafe-com-emprego-prefeitura-e-empresas-disponibilizaram-800-vagas\/\"]}]},{\"@type\":\"ImageObject\",\"inLanguage\":\"pt-BR\",\"@id\":\"https:\/\/www.pmpf.rs.gov.br\/secretaria-de-desenvolvimento-economico\/2023\/05\/17\/em-mais-uma-edicao-do-cafe-com-emprego-prefeitura-e-empresas-disponibilizaram-800-vagas\/#primaryimage\",\"url\":\"https:\/\/www.pmpf.rs.gov.br\/secretaria-de-desenvolvimento-economico\/wp-content\/uploads\/sites\/27\/2023\/05\/cafe-com-emprego-17.05.jpeg\",\"contentUrl\":\"https:\/\/www.pmpf.rs.gov.br\/secretaria-de-desenvolvimento-economico\/wp-content\/uploads\/sites\/27\/2023\/05\/cafe-com-emprego-17.05.jpeg\",\"width\":1600,\"height\":1068},{\"@type\":\"WebSite\",\"@id\":\"https:\/\/www.pmpf.rs.gov.br\/secretaria-de-desenvolvimento-economico\/#website\",\"url\":\"https:\/\/www.pmpf.rs.gov.br\/secretaria-de-desenvolvimento-economico\/\",\"name\":\"Secretaria de Desenvolvimento Econ\u00f4mico\",\"description\":\"S\u00f3 mais um site Prefeitura de Passo Fundo\",\"potentialAction\":[{\"@type\":\"SearchAction\",\"target\":{\"@type\":\"EntryPoint\",\"urlTemplate\":\"https:\/\/www.pmpf.rs.gov.br\/secretaria-de-desenvolvimento-economico\/?s={search_term_string}\"},\"query-input\":{\"@type\":\"PropertyValueSpecification\",\"valueRequired\":true,\"valueName\":\"search_term_string\"}}],\"inLanguage\":\"pt-BR\"},{\"@type\":\"Person\",\"@id\":\"https:\/\/www.pmpf.rs.gov.br\/secretaria-de-desenvolvimento-economico\/#\/schema\/person\/30ee1d1bd74da1469b01fcf086e43351\",\"name\":\"andressazorzetto07\",\"image\":{\"@type\":\"ImageObject\",\"inLanguage\":\"pt-BR\",\"@id\":\"https:\/\/www.pmpf.rs.gov.br\/secretaria-de-desenvolvimento-economico\/#\/schema\/person\/image\/\",\"url\":\"https:\/\/secure.gravatar.com\/avatar\/14c5458ed79dc81da99a13b9ff5f9f19?s=96&d=mm&r=g\",\"contentUrl\":\"https:\/\/secure.gravatar.com\/avatar\/14c5458ed79dc81da99a13b9ff5f9f19?s=96&d=mm&r=g\",\"caption\":\"andressazorzetto07\"},\"url\":\"https:\/\/www.pmpf.rs.gov.br\/secretaria-de-desenvolvimento-economico\/author\/andressazorzetto07\/\"}]}<\/script>\n<!-- \/ Yoast SEO plugin. -->","yoast_head_json":{"title":"Em mais uma edi\u00e7\u00e3o do Caf\u00e9 com Emprego, Prefeitura e empresas disponibilizaram 800 vagas - Secretaria de Desenvolvimento Econ\u00f4mico","robots":{"index":"index","follow":"follow","max-snippet":"max-snippet:-1","max-image-preview":"max-image-preview:large","max-video-preview":"max-video-preview:-1"},"canonical":"https:\/\/www.pmpf.rs.gov.br\/secretaria-de-desenvolvimento-economico\/2023\/05\/17\/em-mais-uma-edicao-do-cafe-com-emprego-prefeitura-e-empresas-disponibilizaram-800-vagas\/","og_locale":"pt_BR","og_type":"article","og_title":"Em mais uma edi\u00e7\u00e3o do Caf\u00e9 com Emprego, Prefeitura e empresas disponibilizaram 800 vagas - Secretaria de Desenvolvimento Econ\u00f4mico","og_description":"A sexta edi\u00e7\u00e3o do evento foi realizada nesta quarta-feira (17), no Clube Comercial, conectando pessoas em busca de uma oportunidade de trabalho a cerca de 30 empresas e entidades parceiras da iniciativa","og_url":"https:\/\/www.pmpf.rs.gov.br\/secretaria-de-desenvolvimento-economico\/2023\/05\/17\/em-mais-uma-edicao-do-cafe-com-emprego-prefeitura-e-empresas-disponibilizaram-800-vagas\/","og_site_name":"Secretaria de Desenvolvimento Econ\u00f4mico","article_published_time":"2023-05-17T17:48:34+00:00","article_modified_time":"2023-05-17T17:48:35+00:00","author":"andressazorzetto07","twitter_card":"summary_large_image","twitter_misc":{"Escrito por":"andressazorzetto07","Est. tempo de leitura":"3 minutos"},"schema":{"@context":"https:\/\/schema.org","@graph":[{"@type":"WebPage","@id":"https:\/\/www.pmpf.rs.gov.br\/secretaria-de-desenvolvimento-economico\/2023\/05\/17\/em-mais-uma-edicao-do-cafe-com-emprego-prefeitura-e-empresas-disponibilizaram-800-vagas\/","url":"https:\/\/www.pmpf.rs.gov.br\/secretaria-de-desenvolvimento-economico\/2023\/05\/17\/em-mais-uma-edicao-do-cafe-com-emprego-prefeitura-e-empresas-disponibilizaram-800-vagas\/","name":"Em mais uma edi\u00e7\u00e3o do Caf\u00e9 com Emprego, Prefeitura e empresas disponibilizaram 800 vagas - Secretaria de Desenvolvimento Econ\u00f4mico","isPartOf":{"@id":"https:\/\/www.pmpf.rs.gov.br\/secretaria-de-desenvolvimento-economico\/#website"},"primaryImageOfPage":{"@id":"https:\/\/www.pmpf.rs.gov.br\/secretaria-de-desenvolvimento-economico\/2023\/05\/17\/em-mais-uma-edicao-do-cafe-com-emprego-prefeitura-e-empresas-disponibilizaram-800-vagas\/#primaryimage"},"image":{"@id":"https:\/\/www.pmpf.rs.gov.br\/secretaria-de-desenvolvimento-economico\/2023\/05\/17\/em-mais-uma-edicao-do-cafe-com-emprego-prefeitura-e-empresas-disponibilizaram-800-vagas\/#primaryimage"},"thumbnailUrl":"https:\/\/www.pmpf.rs.gov.br\/secretaria-de-desenvolvimento-economico\/wp-content\/uploads\/sites\/27\/2023\/05\/cafe-com-emprego-17.05.jpeg","datePublished":"2023-05-17T17:48:34+00:00","dateModified":"2023-05-17T17:48:35+00:00","author":{"@id":"https:\/\/www.pmpf.rs.gov.br\/secretaria-de-desenvolvimento-economico\/#\/schema\/person\/30ee1d1bd74da1469b01fcf086e43351"},"inLanguage":"pt-BR","potentialAction":[{"@type":"ReadAction","target":["https:\/\/www.pmpf.rs.gov.br\/secretaria-de-desenvolvimento-economico\/2023\/05\/17\/em-mais-uma-edicao-do-cafe-com-emprego-prefeitura-e-empresas-disponibilizaram-800-vagas\/"]}]},{"@type":"ImageObject","inLanguage":"pt-BR","@id":"https:\/\/www.pmpf.rs.gov.br\/secretaria-de-desenvolvimento-economico\/2023\/05\/17\/em-mais-uma-edicao-do-cafe-com-emprego-prefeitura-e-empresas-disponibilizaram-800-vagas\/#primaryimage","url":"https:\/\/www.pmpf.rs.gov.br\/secretaria-de-desenvolvimento-economico\/wp-content\/uploads\/sites\/27\/2023\/05\/cafe-com-emprego-17.05.jpeg","contentUrl":"https:\/\/www.pmpf.rs.gov.br\/secretaria-de-desenvolvimento-economico\/wp-content\/uploads\/sites\/27\/2023\/05\/cafe-com-emprego-17.05.jpeg","width":1600,"height":1068},{"@type":"WebSite","@id":"https:\/\/www.pmpf.rs.gov.br\/secretaria-de-desenvolvimento-economico\/#website","url":"https:\/\/www.pmpf.rs.gov.br\/secretaria-de-desenvolvimento-economico\/","name":"Secretaria de Desenvolvimento Econ\u00f4mico","description":"S\u00f3 mais um site Prefeitura de Passo Fundo","potentialAction":[{"@type":"SearchAction","target":{"@type":"EntryPoint","urlTemplate":"https:\/\/www.pmpf.rs.gov.br\/secretaria-de-desenvolvimento-economico\/?s={search_term_string}"},"query-input":{"@type":"PropertyValueSpecification","valueRequired":true,"valueName":"search_term_string"}}],"inLanguage":"pt-BR"},{"@type":"Person","@id":"https:\/\/www.pmpf.rs.gov.br\/secretaria-de-desenvolvimento-economico\/#\/schema\/person\/30ee1d1bd74da1469b01fcf086e43351","name":"andressazorzetto07","image":{"@type":"ImageObject","inLanguage":"pt-BR","@id":"https:\/\/www.pmpf.rs.gov.br\/secretaria-de-desenvolvimento-economico\/#\/schema\/person\/image\/","url":"https:\/\/secure.gravatar.com\/avatar\/14c5458ed79dc81da99a13b9ff5f9f19?s=96&d=mm&r=g","contentUrl":"https:\/\/secure.gravatar.com\/avatar\/14c5458ed79dc81da99a13b9ff5f9f19?s=96&d=mm&r=g","caption":"andressazorzetto07"},"url":"https:\/\/www.pmpf.rs.gov.br\/secretaria-de-desenvolvimento-economico\/author\/andressazorzetto07\/"}]}},"_links":{"self":[{"href":"https:\/\/www.pmpf.rs.gov.br\/secretaria-de-desenvolvimento-economico\/wp-json\/wp\/v2\/posts\/2120"}],"collection":[{"href":"https:\/\/www.pmpf.rs.gov.br\/secretaria-de-desenvolvimento-economico\/wp-json\/wp\/v2\/posts"}],"about":[{"href":"https:\/\/www.pmpf.rs.gov.br\/secretaria-de-desenvolvimento-economico\/wp-json\/wp\/v2\/types\/post"}],"author":[{"embeddable":true,"href":"https:\/\/www.pmpf.rs.gov.br\/secretaria-de-desenvolvimento-economico\/wp-json\/wp\/v2\/users\/6"}],"replies":[{"embeddable":true,"href":"https:\/\/www.pmpf.rs.gov.br\/secretaria-de-desenvolvimento-economico\/wp-json\/wp\/v2\/comments?post=2120"}],"version-history":[{"count":1,"href":"https:\/\/www.pmpf.rs.gov.br\/secretaria-de-desenvolvimento-economico\/wp-json\/wp\/v2\/posts\/2120\/revisions"}],"predecessor-version":[{"id":2122,"href":"https:\/\/www.pmpf.rs.gov.br\/secretaria-de-desenvolvimento-economico\/wp-json\/wp\/v2\/posts\/2120\/revisions\/2122"}],"wp:featuredmedia":[{"embeddable":true,"href":"https:\/\/www.pmpf.rs.gov.br\/secretaria-de-desenvolvimento-economico\/wp-json\/wp\/v2\/media\/2121"}],"wp:attachment":[{"href":"https:\/\/www.pmpf.rs.gov.br\/secretaria-de-desenvolvimento-economico\/wp-json\/wp\/v2\/media?parent=2120"}],"wp:term":[{"taxonomy":"category","embeddable":true,"href":"https:\/\/www.pmpf.rs.gov.br\/secretaria-de-desenvolvimento-economico\/wp-json\/wp\/v2\/categories?post=2120"},{"taxonomy":"post_tag","embeddable":true,"href":"https:\/\/www.pmpf.rs.gov.br\/secretaria-de-desenvolvimento-economico\/wp-json\/wp\/v2\/tags?post=2120"}],"curies":[{"name":"wp","href":"https:\/\/api.w.org\/{rel}","templated":true}]}}