{"id":2115,"date":"2023-05-11T17:00:54","date_gmt":"2023-05-11T20:00:54","guid":{"rendered":"https:\/\/www.pmpf.rs.gov.br\/secretaria-de-desenvolvimento-economico\/?p=2115"},"modified":"2023-05-11T17:07:40","modified_gmt":"2023-05-11T20:07:40","slug":"em-sao-paulo-prefeito-propoe-ampliacao-de-parcerias-e-novos-negocios-para-passo-fundo","status":"publish","type":"post","link":"https:\/\/www.pmpf.rs.gov.br\/secretaria-de-desenvolvimento-economico\/2023\/05\/11\/em-sao-paulo-prefeito-propoe-ampliacao-de-parcerias-e-novos-negocios-para-passo-fundo\/","title":{"rendered":"Em S\u00e3o Paulo, prefeito prop\u00f5e amplia\u00e7\u00e3o de parcerias e novos neg\u00f3cios para Passo Fundo"},"content":{"rendered":"\n<p><\/p>\n\n\n\n<p>Em viagem a S\u00e3o Paulo, o prefeito de Passo Fundo, Pedro Almeida, realizou agendas a fim de fortalecer parcerias que tragam resultados ao munic\u00edpio. Uma das pautas tratadas foi a Escola das Profiss\u00f5es com a articula\u00e7\u00e3o de novas ideias que contribuam com a capacita\u00e7\u00e3o profissional dos passo-fundenses.<\/p>\n\n\n\n<p>Na quarta-feira (10), o prefeito esteve na sede do Google, parceira do Eixo 1 da Escola das Profiss\u00f5es, chamado de Profissionais do Futuro, que oferece cursos nas \u00e1reas da tecnologia, inova\u00e7\u00e3o e l\u00ednguas. \u201cAqui, apresentamos como ficou a sede, que inauguramos no fim de abril, e como est\u00e1 o andamento dos cursos. A Google j\u00e1 \u00e9 nossa parceira e disponibiliza uma s\u00e9rie de ferramentas que unem a tecnologia \u00e0 educa\u00e7\u00e3o\u201d, disse.<\/p>\n\n\n\n<p>Al\u00e9m disso, foram discutidas novidades em outras \u00e1reas focadas na qualifica\u00e7\u00e3o dos servi\u00e7os municipais para o atendimento da popula\u00e7\u00e3o. \u201cEstamos fechando a plataforma Google para os servidores do Munic\u00edpio. Vamos aderir a uma ata do Minist\u00e9rio da Economia com mais tecnologia e ferramentas para um melhor atendimento ao cidad\u00e3o\u201d, enfatizou.<\/p>\n\n\n\n<p>J\u00e1 quinta-feira (12), o prefeito visitou a JBS, que tem filial em Passo Fundo com mais de 2,5 mil funcion\u00e1rios, junto com o ex-ministro Francisco Turra, conselheiro da JBS, Be8 e presidente da Aprobio. \u201cViemos falar dos nossos projetos na Educa\u00e7\u00e3o e da capacita\u00e7\u00e3o de m\u00e3o de obra por meio da Escola das Profiss\u00f5es. Buscamos a amplia\u00e7\u00e3o dos neg\u00f3cios da empresa em Passo Fundo e regi\u00e3o. Uma aproxima\u00e7\u00e3o importante que, com certeza, trar\u00e1 boas not\u00edcias de novos investimentos em emprego e renda nos pr\u00f3ximos meses\u201d, salientou.<\/p>\n\n\n\n<p>As agendas s\u00e3o acompanhadas pelos secret\u00e1rios de Desenvolvimento, Diorges Oliveira, e de Rela\u00e7\u00f5es Institucionais, Josu\u00e9 Longo.<\/p>\n","protected":false},"excerpt":{"rendered":"<p>Uma das pautas tratadas foi a Escola das Profiss\u00f5es com a articula\u00e7\u00e3o de novas ideias que contribuam com a capacita\u00e7\u00e3o profissional dos passo-fundenses<\/p>\n","protected":false},"author":6,"featured_media":2117,"comment_status":"closed","ping_status":"closed","sticky":true,"template":"","format":"standard","meta":{"footnotes":""},"categories":[1],"tags":[],"class_list":["post-2115","post","type-post","status-publish","format-standard","has-post-thumbnail","hentry","category-sem-categoria"],"yoast_head":"<!-- This site is optimized with the Yoast SEO plugin v23.8 - https:\/\/yoast.com\/wordpress\/plugins\/seo\/ -->\n<title>Em S\u00e3o Paulo, prefeito prop\u00f5e amplia\u00e7\u00e3o de parcerias e novos neg\u00f3cios para Passo Fundo - Secretaria de Desenvolvimento Econ\u00f4mico<\/title>\n<meta name=\"robots\" content=\"index, follow, max-snippet:-1, max-image-preview:large, max-video-preview:-1\" \/>\n<link rel=\"canonical\" href=\"https:\/\/www.pmpf.rs.gov.br\/secretaria-de-desenvolvimento-economico\/2023\/05\/11\/em-sao-paulo-prefeito-propoe-ampliacao-de-parcerias-e-novos-negocios-para-passo-fundo\/\" \/>\n<meta property=\"og:locale\" content=\"pt_BR\" \/>\n<meta property=\"og:type\" content=\"article\" \/>\n<meta property=\"og:title\" content=\"Em S\u00e3o Paulo, prefeito prop\u00f5e amplia\u00e7\u00e3o de parcerias e novos neg\u00f3cios para Passo Fundo - Secretaria de Desenvolvimento Econ\u00f4mico\" \/>\n<meta property=\"og:description\" content=\"Uma das pautas tratadas foi a Escola das Profiss\u00f5es com a articula\u00e7\u00e3o de novas ideias que contribuam com a capacita\u00e7\u00e3o profissional dos passo-fundenses\" \/>\n<meta property=\"og:url\" content=\"https:\/\/www.pmpf.rs.gov.br\/secretaria-de-desenvolvimento-economico\/2023\/05\/11\/em-sao-paulo-prefeito-propoe-ampliacao-de-parcerias-e-novos-negocios-para-passo-fundo\/\" \/>\n<meta property=\"og:site_name\" content=\"Secretaria de Desenvolvimento Econ\u00f4mico\" \/>\n<meta property=\"article:published_time\" content=\"2023-05-11T20:00:54+00:00\" \/>\n<meta property=\"article:modified_time\" content=\"2023-05-11T20:07:40+00:00\" \/>\n<meta name=\"author\" content=\"andressazorzetto07\" \/>\n<meta name=\"twitter:card\" content=\"summary_large_image\" \/>\n<meta name=\"twitter:label1\" content=\"Escrito por\" \/>\n\t<meta name=\"twitter:data1\" content=\"andressazorzetto07\" \/>\n\t<meta name=\"twitter:label2\" content=\"Est. tempo de leitura\" \/>\n\t<meta name=\"twitter:data2\" content=\"1 minuto\" \/>\n<script type=\"application\/ld+json\" class=\"yoast-schema-graph\">{\"@context\":\"https:\/\/schema.org\",\"@graph\":[{\"@type\":\"WebPage\",\"@id\":\"https:\/\/www.pmpf.rs.gov.br\/secretaria-de-desenvolvimento-economico\/2023\/05\/11\/em-sao-paulo-prefeito-propoe-ampliacao-de-parcerias-e-novos-negocios-para-passo-fundo\/\",\"url\":\"https:\/\/www.pmpf.rs.gov.br\/secretaria-de-desenvolvimento-economico\/2023\/05\/11\/em-sao-paulo-prefeito-propoe-ampliacao-de-parcerias-e-novos-negocios-para-passo-fundo\/\",\"name\":\"Em S\u00e3o Paulo, prefeito prop\u00f5e amplia\u00e7\u00e3o de parcerias e novos neg\u00f3cios para Passo Fundo - Secretaria de Desenvolvimento Econ\u00f4mico\",\"isPartOf\":{\"@id\":\"https:\/\/www.pmpf.rs.gov.br\/secretaria-de-desenvolvimento-economico\/#website\"},\"primaryImageOfPage\":{\"@id\":\"https:\/\/www.pmpf.rs.gov.br\/secretaria-de-desenvolvimento-economico\/2023\/05\/11\/em-sao-paulo-prefeito-propoe-ampliacao-de-parcerias-e-novos-negocios-para-passo-fundo\/#primaryimage\"},\"image\":{\"@id\":\"https:\/\/www.pmpf.rs.gov.br\/secretaria-de-desenvolvimento-economico\/2023\/05\/11\/em-sao-paulo-prefeito-propoe-ampliacao-de-parcerias-e-novos-negocios-para-passo-fundo\/#primaryimage\"},\"thumbnailUrl\":\"https:\/\/www.pmpf.rs.gov.br\/secretaria-de-desenvolvimento-economico\/wp-content\/uploads\/sites\/27\/2023\/05\/google.jpeg\",\"datePublished\":\"2023-05-11T20:00:54+00:00\",\"dateModified\":\"2023-05-11T20:07:40+00:00\",\"author\":{\"@id\":\"https:\/\/www.pmpf.rs.gov.br\/secretaria-de-desenvolvimento-economico\/#\/schema\/person\/30ee1d1bd74da1469b01fcf086e43351\"},\"inLanguage\":\"pt-BR\",\"potentialAction\":[{\"@type\":\"ReadAction\",\"target\":[\"https:\/\/www.pmpf.rs.gov.br\/secretaria-de-desenvolvimento-economico\/2023\/05\/11\/em-sao-paulo-prefeito-propoe-ampliacao-de-parcerias-e-novos-negocios-para-passo-fundo\/\"]}]},{\"@type\":\"ImageObject\",\"inLanguage\":\"pt-BR\",\"@id\":\"https:\/\/www.pmpf.rs.gov.br\/secretaria-de-desenvolvimento-economico\/2023\/05\/11\/em-sao-paulo-prefeito-propoe-ampliacao-de-parcerias-e-novos-negocios-para-passo-fundo\/#primaryimage\",\"url\":\"https:\/\/www.pmpf.rs.gov.br\/secretaria-de-desenvolvimento-economico\/wp-content\/uploads\/sites\/27\/2023\/05\/google.jpeg\",\"contentUrl\":\"https:\/\/www.pmpf.rs.gov.br\/secretaria-de-desenvolvimento-economico\/wp-content\/uploads\/sites\/27\/2023\/05\/google.jpeg\",\"width\":1200,\"height\":1600},{\"@type\":\"WebSite\",\"@id\":\"https:\/\/www.pmpf.rs.gov.br\/secretaria-de-desenvolvimento-economico\/#website\",\"url\":\"https:\/\/www.pmpf.rs.gov.br\/secretaria-de-desenvolvimento-economico\/\",\"name\":\"Secretaria de Desenvolvimento Econ\u00f4mico\",\"description\":\"S\u00f3 mais um site Prefeitura de Passo Fundo\",\"potentialAction\":[{\"@type\":\"SearchAction\",\"target\":{\"@type\":\"EntryPoint\",\"urlTemplate\":\"https:\/\/www.pmpf.rs.gov.br\/secretaria-de-desenvolvimento-economico\/?s={search_term_string}\"},\"query-input\":{\"@type\":\"PropertyValueSpecification\",\"valueRequired\":true,\"valueName\":\"search_term_string\"}}],\"inLanguage\":\"pt-BR\"},{\"@type\":\"Person\",\"@id\":\"https:\/\/www.pmpf.rs.gov.br\/secretaria-de-desenvolvimento-economico\/#\/schema\/person\/30ee1d1bd74da1469b01fcf086e43351\",\"name\":\"andressazorzetto07\",\"image\":{\"@type\":\"ImageObject\",\"inLanguage\":\"pt-BR\",\"@id\":\"https:\/\/www.pmpf.rs.gov.br\/secretaria-de-desenvolvimento-economico\/#\/schema\/person\/image\/\",\"url\":\"https:\/\/secure.gravatar.com\/avatar\/14c5458ed79dc81da99a13b9ff5f9f19?s=96&d=mm&r=g\",\"contentUrl\":\"https:\/\/secure.gravatar.com\/avatar\/14c5458ed79dc81da99a13b9ff5f9f19?s=96&d=mm&r=g\",\"caption\":\"andressazorzetto07\"},\"url\":\"https:\/\/www.pmpf.rs.gov.br\/secretaria-de-desenvolvimento-economico\/author\/andressazorzetto07\/\"}]}<\/script>\n<!-- \/ Yoast SEO plugin. -->","yoast_head_json":{"title":"Em S\u00e3o Paulo, prefeito prop\u00f5e amplia\u00e7\u00e3o de parcerias e novos neg\u00f3cios para Passo Fundo - Secretaria de Desenvolvimento Econ\u00f4mico","robots":{"index":"index","follow":"follow","max-snippet":"max-snippet:-1","max-image-preview":"max-image-preview:large","max-video-preview":"max-video-preview:-1"},"canonical":"https:\/\/www.pmpf.rs.gov.br\/secretaria-de-desenvolvimento-economico\/2023\/05\/11\/em-sao-paulo-prefeito-propoe-ampliacao-de-parcerias-e-novos-negocios-para-passo-fundo\/","og_locale":"pt_BR","og_type":"article","og_title":"Em S\u00e3o Paulo, prefeito prop\u00f5e amplia\u00e7\u00e3o de parcerias e novos neg\u00f3cios para Passo Fundo - Secretaria de Desenvolvimento Econ\u00f4mico","og_description":"Uma das pautas tratadas foi a Escola das Profiss\u00f5es com a articula\u00e7\u00e3o de novas ideias que contribuam com a capacita\u00e7\u00e3o profissional dos passo-fundenses","og_url":"https:\/\/www.pmpf.rs.gov.br\/secretaria-de-desenvolvimento-economico\/2023\/05\/11\/em-sao-paulo-prefeito-propoe-ampliacao-de-parcerias-e-novos-negocios-para-passo-fundo\/","og_site_name":"Secretaria de Desenvolvimento Econ\u00f4mico","article_published_time":"2023-05-11T20:00:54+00:00","article_modified_time":"2023-05-11T20:07:40+00:00","author":"andressazorzetto07","twitter_card":"summary_large_image","twitter_misc":{"Escrito por":"andressazorzetto07","Est. tempo de leitura":"1 minuto"},"schema":{"@context":"https:\/\/schema.org","@graph":[{"@type":"WebPage","@id":"https:\/\/www.pmpf.rs.gov.br\/secretaria-de-desenvolvimento-economico\/2023\/05\/11\/em-sao-paulo-prefeito-propoe-ampliacao-de-parcerias-e-novos-negocios-para-passo-fundo\/","url":"https:\/\/www.pmpf.rs.gov.br\/secretaria-de-desenvolvimento-economico\/2023\/05\/11\/em-sao-paulo-prefeito-propoe-ampliacao-de-parcerias-e-novos-negocios-para-passo-fundo\/","name":"Em S\u00e3o Paulo, prefeito prop\u00f5e amplia\u00e7\u00e3o de parcerias e novos neg\u00f3cios para Passo Fundo - Secretaria de Desenvolvimento Econ\u00f4mico","isPartOf":{"@id":"https:\/\/www.pmpf.rs.gov.br\/secretaria-de-desenvolvimento-economico\/#website"},"primaryImageOfPage":{"@id":"https:\/\/www.pmpf.rs.gov.br\/secretaria-de-desenvolvimento-economico\/2023\/05\/11\/em-sao-paulo-prefeito-propoe-ampliacao-de-parcerias-e-novos-negocios-para-passo-fundo\/#primaryimage"},"image":{"@id":"https:\/\/www.pmpf.rs.gov.br\/secretaria-de-desenvolvimento-economico\/2023\/05\/11\/em-sao-paulo-prefeito-propoe-ampliacao-de-parcerias-e-novos-negocios-para-passo-fundo\/#primaryimage"},"thumbnailUrl":"https:\/\/www.pmpf.rs.gov.br\/secretaria-de-desenvolvimento-economico\/wp-content\/uploads\/sites\/27\/2023\/05\/google.jpeg","datePublished":"2023-05-11T20:00:54+00:00","dateModified":"2023-05-11T20:07:40+00:00","author":{"@id":"https:\/\/www.pmpf.rs.gov.br\/secretaria-de-desenvolvimento-economico\/#\/schema\/person\/30ee1d1bd74da1469b01fcf086e43351"},"inLanguage":"pt-BR","potentialAction":[{"@type":"ReadAction","target":["https:\/\/www.pmpf.rs.gov.br\/secretaria-de-desenvolvimento-economico\/2023\/05\/11\/em-sao-paulo-prefeito-propoe-ampliacao-de-parcerias-e-novos-negocios-para-passo-fundo\/"]}]},{"@type":"ImageObject","inLanguage":"pt-BR","@id":"https:\/\/www.pmpf.rs.gov.br\/secretaria-de-desenvolvimento-economico\/2023\/05\/11\/em-sao-paulo-prefeito-propoe-ampliacao-de-parcerias-e-novos-negocios-para-passo-fundo\/#primaryimage","url":"https:\/\/www.pmpf.rs.gov.br\/secretaria-de-desenvolvimento-economico\/wp-content\/uploads\/sites\/27\/2023\/05\/google.jpeg","contentUrl":"https:\/\/www.pmpf.rs.gov.br\/secretaria-de-desenvolvimento-economico\/wp-content\/uploads\/sites\/27\/2023\/05\/google.jpeg","width":1200,"height":1600},{"@type":"WebSite","@id":"https:\/\/www.pmpf.rs.gov.br\/secretaria-de-desenvolvimento-economico\/#website","url":"https:\/\/www.pmpf.rs.gov.br\/secretaria-de-desenvolvimento-economico\/","name":"Secretaria de Desenvolvimento Econ\u00f4mico","description":"S\u00f3 mais um site Prefeitura de Passo Fundo","potentialAction":[{"@type":"SearchAction","target":{"@type":"EntryPoint","urlTemplate":"https:\/\/www.pmpf.rs.gov.br\/secretaria-de-desenvolvimento-economico\/?s={search_term_string}"},"query-input":{"@type":"PropertyValueSpecification","valueRequired":true,"valueName":"search_term_string"}}],"inLanguage":"pt-BR"},{"@type":"Person","@id":"https:\/\/www.pmpf.rs.gov.br\/secretaria-de-desenvolvimento-economico\/#\/schema\/person\/30ee1d1bd74da1469b01fcf086e43351","name":"andressazorzetto07","image":{"@type":"ImageObject","inLanguage":"pt-BR","@id":"https:\/\/www.pmpf.rs.gov.br\/secretaria-de-desenvolvimento-economico\/#\/schema\/person\/image\/","url":"https:\/\/secure.gravatar.com\/avatar\/14c5458ed79dc81da99a13b9ff5f9f19?s=96&d=mm&r=g","contentUrl":"https:\/\/secure.gravatar.com\/avatar\/14c5458ed79dc81da99a13b9ff5f9f19?s=96&d=mm&r=g","caption":"andressazorzetto07"},"url":"https:\/\/www.pmpf.rs.gov.br\/secretaria-de-desenvolvimento-economico\/author\/andressazorzetto07\/"}]}},"_links":{"self":[{"href":"https:\/\/www.pmpf.rs.gov.br\/secretaria-de-desenvolvimento-economico\/wp-json\/wp\/v2\/posts\/2115"}],"collection":[{"href":"https:\/\/www.pmpf.rs.gov.br\/secretaria-de-desenvolvimento-economico\/wp-json\/wp\/v2\/posts"}],"about":[{"href":"https:\/\/www.pmpf.rs.gov.br\/secretaria-de-desenvolvimento-economico\/wp-json\/wp\/v2\/types\/post"}],"author":[{"embeddable":true,"href":"https:\/\/www.pmpf.rs.gov.br\/secretaria-de-desenvolvimento-economico\/wp-json\/wp\/v2\/users\/6"}],"replies":[{"embeddable":true,"href":"https:\/\/www.pmpf.rs.gov.br\/secretaria-de-desenvolvimento-economico\/wp-json\/wp\/v2\/comments?post=2115"}],"version-history":[{"count":1,"href":"https:\/\/www.pmpf.rs.gov.br\/secretaria-de-desenvolvimento-economico\/wp-json\/wp\/v2\/posts\/2115\/revisions"}],"predecessor-version":[{"id":2116,"href":"https:\/\/www.pmpf.rs.gov.br\/secretaria-de-desenvolvimento-economico\/wp-json\/wp\/v2\/posts\/2115\/revisions\/2116"}],"wp:featuredmedia":[{"embeddable":true,"href":"https:\/\/www.pmpf.rs.gov.br\/secretaria-de-desenvolvimento-economico\/wp-json\/wp\/v2\/media\/2117"}],"wp:attachment":[{"href":"https:\/\/www.pmpf.rs.gov.br\/secretaria-de-desenvolvimento-economico\/wp-json\/wp\/v2\/media?parent=2115"}],"wp:term":[{"taxonomy":"category","embeddable":true,"href":"https:\/\/www.pmpf.rs.gov.br\/secretaria-de-desenvolvimento-economico\/wp-json\/wp\/v2\/categories?post=2115"},{"taxonomy":"post_tag","embeddable":true,"href":"https:\/\/www.pmpf.rs.gov.br\/secretaria-de-desenvolvimento-economico\/wp-json\/wp\/v2\/tags?post=2115"}],"curies":[{"name":"wp","href":"https:\/\/api.w.org\/{rel}","templated":true}]}}