{"id":2112,"date":"2023-05-10T16:38:43","date_gmt":"2023-05-10T19:38:43","guid":{"rendered":"https:\/\/www.pmpf.rs.gov.br\/secretaria-de-desenvolvimento-economico\/?p=2112"},"modified":"2023-05-11T14:23:37","modified_gmt":"2023-05-11T17:23:37","slug":"prefeitura-fara-mais-uma-edicao-do-cafe-com-emprego-no-dia-17-de-maio","status":"publish","type":"post","link":"https:\/\/www.pmpf.rs.gov.br\/secretaria-de-desenvolvimento-economico\/2023\/05\/10\/prefeitura-fara-mais-uma-edicao-do-cafe-com-emprego-no-dia-17-de-maio\/","title":{"rendered":"Prefeitura far\u00e1 mais uma edi\u00e7\u00e3o do Caf\u00e9 com Emprego no dia 17 de maio"},"content":{"rendered":"\n<p><br>A Prefeitura de Passo Fundo far\u00e1 mais uma edi\u00e7\u00e3o do programa Caf\u00e9 com Emprego na pr\u00f3xima semana, no dia 17 de maio. Com uma mudan\u00e7a no local, o evento ser\u00e1 realizado no Clube Comercial, das 8h \u00e0s 14h. Ser\u00e3o oferecidas pelas empresas e entidades parceiras mais de 800 vagas, sendo 200 para est\u00e1gio, jovem aprendiz e Pessoas Com Defici\u00eancia (PCD).<br>O prefeito Pedro Almeida pontua que o Caf\u00e9 com Emprego \u00e9 uma pol\u00edtica p\u00fablica que conecta pessoas que est\u00e3o em busca de uma oportunidade de trabalho a empresas com vagas dispon\u00edveis. Em cinco edi\u00e7\u00f5es, mais de 800 participantes foram contratados. \u201cEssas pessoas compareceram no evento e conversaram com as empresas. Algumas j\u00e1 sa\u00edram encaminhadas para as pr\u00f3ximas etapas de sele\u00e7\u00e3o at\u00e9 serem contratadas. \u00c9 importante destacar que os participantes ficam em um banco de dados das empresas para que, em caso de surgir uma oportunidade futura e que esteja de acordo com o seu perfil, eles possam ser chamados\u201d, afirma.<br>Conforme o secret\u00e1rio de Desenvolvimento Econ\u00f4mico, Diorges Oliveira, nesta edi\u00e7\u00e3o, aproximadamente 30 empresas ir\u00e3o disponibilizar vagas para os setores de com\u00e9rcio, servi\u00e7os e ind\u00fastria, al\u00e9m de est\u00e1gios remunerados para ensino m\u00e9dio e superior. \u201cHaver\u00e1 uma rela\u00e7\u00e3o com as vagas para que os participantes visualizem e procurem as empresas, que estar\u00e3o identificadas, para direcionar o seu curr\u00edculo\u201d, enfatiza.<br>Uma equipe da Prefeitura auxiliar\u00e1 na confec\u00e7\u00e3o de curr\u00edculos antes e durante o Caf\u00e9 com Emprego. Quem precisar de ajuda e quiser antecipar o preenchimento do documento poder\u00e1 ir at\u00e9 a frente do Clube Comercial, nos dias 11, 12 e 16 de maio, das 14h \u00e0s 17h.<\/p>\n\n\n\n<p><strong>Escola das Profiss\u00f5es<br><\/strong>Durante o Caf\u00e9 com Emprego, a Prefeitura identificou a necessidade de capacitar as pessoas. Isso porque muitas vagas oferecidas acabavam n\u00e3o sendo preenchidas pela falta de qualifica\u00e7\u00e3o profissional. Em agosto do ano passado, a Prefeitura lan\u00e7ou o programa Escola das Profiss\u00f5es, abrindo os primeiros cursos gratuitos para a popula\u00e7\u00e3o. Desde ent\u00e3o, mais de 2,2 mil pessoas j\u00e1 fizeram ou est\u00e3o realizando a capacita\u00e7\u00e3o em diversas \u00e1reas.<\/p>\n\n\n\n<p>No evento, a Escola das Profiss\u00f5es estar\u00e1 presente a fim de apresentar os cursos e o funcionamento para os participantes interessados na qualifica\u00e7\u00e3o.<\/p>\n","protected":false},"excerpt":{"rendered":"<p>Evento acontecer\u00e1 no Clube Comercial, das 8h \u00e0s 14h. Ser\u00e3o disponibilizadas 800 vagas de trabalho, sendo 200 para est\u00e1gio, jovem aprendiz e Pessoas com Defici\u00eancia (PCD)<\/p>\n","protected":false},"author":6,"featured_media":2113,"comment_status":"closed","ping_status":"closed","sticky":true,"template":"","format":"standard","meta":{"footnotes":""},"categories":[1],"tags":[],"class_list":["post-2112","post","type-post","status-publish","format-standard","has-post-thumbnail","hentry","category-sem-categoria"],"yoast_head":"<!-- This site is optimized with the Yoast SEO plugin v23.8 - https:\/\/yoast.com\/wordpress\/plugins\/seo\/ -->\n<title>Prefeitura far\u00e1 mais uma edi\u00e7\u00e3o do Caf\u00e9 com Emprego no dia 17 de maio - Secretaria de Desenvolvimento Econ\u00f4mico<\/title>\n<meta name=\"robots\" content=\"index, follow, max-snippet:-1, max-image-preview:large, max-video-preview:-1\" \/>\n<link rel=\"canonical\" href=\"https:\/\/www.pmpf.rs.gov.br\/secretaria-de-desenvolvimento-economico\/2023\/05\/10\/prefeitura-fara-mais-uma-edicao-do-cafe-com-emprego-no-dia-17-de-maio\/\" \/>\n<meta property=\"og:locale\" content=\"pt_BR\" \/>\n<meta property=\"og:type\" content=\"article\" \/>\n<meta property=\"og:title\" content=\"Prefeitura far\u00e1 mais uma edi\u00e7\u00e3o do Caf\u00e9 com Emprego no dia 17 de maio - Secretaria de Desenvolvimento Econ\u00f4mico\" \/>\n<meta property=\"og:description\" content=\"Evento acontecer\u00e1 no Clube Comercial, das 8h \u00e0s 14h. Ser\u00e3o disponibilizadas 800 vagas de trabalho, sendo 200 para est\u00e1gio, jovem aprendiz e Pessoas com Defici\u00eancia (PCD)\" \/>\n<meta property=\"og:url\" content=\"https:\/\/www.pmpf.rs.gov.br\/secretaria-de-desenvolvimento-economico\/2023\/05\/10\/prefeitura-fara-mais-uma-edicao-do-cafe-com-emprego-no-dia-17-de-maio\/\" \/>\n<meta property=\"og:site_name\" content=\"Secretaria de Desenvolvimento Econ\u00f4mico\" \/>\n<meta property=\"article:published_time\" content=\"2023-05-10T19:38:43+00:00\" \/>\n<meta property=\"article:modified_time\" content=\"2023-05-11T17:23:37+00:00\" \/>\n<meta property=\"og:image\" content=\"https:\/\/www.pmpf.rs.gov.br\/secretaria-de-desenvolvimento-economico\/wp-content\/uploads\/sites\/27\/2023\/05\/cafe-com-emprego.jpeg\" \/>\n\t<meta property=\"og:image:width\" content=\"1600\" \/>\n\t<meta property=\"og:image:height\" content=\"1066\" \/>\n\t<meta property=\"og:image:type\" content=\"image\/jpeg\" \/>\n<meta name=\"author\" content=\"andressazorzetto07\" \/>\n<meta name=\"twitter:card\" content=\"summary_large_image\" \/>\n<meta name=\"twitter:label1\" content=\"Escrito por\" \/>\n\t<meta name=\"twitter:data1\" content=\"andressazorzetto07\" \/>\n\t<meta name=\"twitter:label2\" content=\"Est. tempo de leitura\" \/>\n\t<meta name=\"twitter:data2\" content=\"2 minutos\" \/>\n<script type=\"application\/ld+json\" class=\"yoast-schema-graph\">{\"@context\":\"https:\/\/schema.org\",\"@graph\":[{\"@type\":\"WebPage\",\"@id\":\"https:\/\/www.pmpf.rs.gov.br\/secretaria-de-desenvolvimento-economico\/2023\/05\/10\/prefeitura-fara-mais-uma-edicao-do-cafe-com-emprego-no-dia-17-de-maio\/\",\"url\":\"https:\/\/www.pmpf.rs.gov.br\/secretaria-de-desenvolvimento-economico\/2023\/05\/10\/prefeitura-fara-mais-uma-edicao-do-cafe-com-emprego-no-dia-17-de-maio\/\",\"name\":\"Prefeitura far\u00e1 mais uma edi\u00e7\u00e3o do Caf\u00e9 com Emprego no dia 17 de maio - Secretaria de Desenvolvimento Econ\u00f4mico\",\"isPartOf\":{\"@id\":\"https:\/\/www.pmpf.rs.gov.br\/secretaria-de-desenvolvimento-economico\/#website\"},\"primaryImageOfPage\":{\"@id\":\"https:\/\/www.pmpf.rs.gov.br\/secretaria-de-desenvolvimento-economico\/2023\/05\/10\/prefeitura-fara-mais-uma-edicao-do-cafe-com-emprego-no-dia-17-de-maio\/#primaryimage\"},\"image\":{\"@id\":\"https:\/\/www.pmpf.rs.gov.br\/secretaria-de-desenvolvimento-economico\/2023\/05\/10\/prefeitura-fara-mais-uma-edicao-do-cafe-com-emprego-no-dia-17-de-maio\/#primaryimage\"},\"thumbnailUrl\":\"https:\/\/www.pmpf.rs.gov.br\/secretaria-de-desenvolvimento-economico\/wp-content\/uploads\/sites\/27\/2023\/05\/cafe-com-emprego.jpeg\",\"datePublished\":\"2023-05-10T19:38:43+00:00\",\"dateModified\":\"2023-05-11T17:23:37+00:00\",\"author\":{\"@id\":\"https:\/\/www.pmpf.rs.gov.br\/secretaria-de-desenvolvimento-economico\/#\/schema\/person\/30ee1d1bd74da1469b01fcf086e43351\"},\"inLanguage\":\"pt-BR\",\"potentialAction\":[{\"@type\":\"ReadAction\",\"target\":[\"https:\/\/www.pmpf.rs.gov.br\/secretaria-de-desenvolvimento-economico\/2023\/05\/10\/prefeitura-fara-mais-uma-edicao-do-cafe-com-emprego-no-dia-17-de-maio\/\"]}]},{\"@type\":\"ImageObject\",\"inLanguage\":\"pt-BR\",\"@id\":\"https:\/\/www.pmpf.rs.gov.br\/secretaria-de-desenvolvimento-economico\/2023\/05\/10\/prefeitura-fara-mais-uma-edicao-do-cafe-com-emprego-no-dia-17-de-maio\/#primaryimage\",\"url\":\"https:\/\/www.pmpf.rs.gov.br\/secretaria-de-desenvolvimento-economico\/wp-content\/uploads\/sites\/27\/2023\/05\/cafe-com-emprego.jpeg\",\"contentUrl\":\"https:\/\/www.pmpf.rs.gov.br\/secretaria-de-desenvolvimento-economico\/wp-content\/uploads\/sites\/27\/2023\/05\/cafe-com-emprego.jpeg\",\"width\":1600,\"height\":1066},{\"@type\":\"WebSite\",\"@id\":\"https:\/\/www.pmpf.rs.gov.br\/secretaria-de-desenvolvimento-economico\/#website\",\"url\":\"https:\/\/www.pmpf.rs.gov.br\/secretaria-de-desenvolvimento-economico\/\",\"name\":\"Secretaria de Desenvolvimento Econ\u00f4mico\",\"description\":\"S\u00f3 mais um site Prefeitura de Passo Fundo\",\"potentialAction\":[{\"@type\":\"SearchAction\",\"target\":{\"@type\":\"EntryPoint\",\"urlTemplate\":\"https:\/\/www.pmpf.rs.gov.br\/secretaria-de-desenvolvimento-economico\/?s={search_term_string}\"},\"query-input\":{\"@type\":\"PropertyValueSpecification\",\"valueRequired\":true,\"valueName\":\"search_term_string\"}}],\"inLanguage\":\"pt-BR\"},{\"@type\":\"Person\",\"@id\":\"https:\/\/www.pmpf.rs.gov.br\/secretaria-de-desenvolvimento-economico\/#\/schema\/person\/30ee1d1bd74da1469b01fcf086e43351\",\"name\":\"andressazorzetto07\",\"image\":{\"@type\":\"ImageObject\",\"inLanguage\":\"pt-BR\",\"@id\":\"https:\/\/www.pmpf.rs.gov.br\/secretaria-de-desenvolvimento-economico\/#\/schema\/person\/image\/\",\"url\":\"https:\/\/secure.gravatar.com\/avatar\/14c5458ed79dc81da99a13b9ff5f9f19?s=96&d=mm&r=g\",\"contentUrl\":\"https:\/\/secure.gravatar.com\/avatar\/14c5458ed79dc81da99a13b9ff5f9f19?s=96&d=mm&r=g\",\"caption\":\"andressazorzetto07\"},\"url\":\"https:\/\/www.pmpf.rs.gov.br\/secretaria-de-desenvolvimento-economico\/author\/andressazorzetto07\/\"}]}<\/script>\n<!-- \/ Yoast SEO plugin. -->","yoast_head_json":{"title":"Prefeitura far\u00e1 mais uma edi\u00e7\u00e3o do Caf\u00e9 com Emprego no dia 17 de maio - Secretaria de Desenvolvimento Econ\u00f4mico","robots":{"index":"index","follow":"follow","max-snippet":"max-snippet:-1","max-image-preview":"max-image-preview:large","max-video-preview":"max-video-preview:-1"},"canonical":"https:\/\/www.pmpf.rs.gov.br\/secretaria-de-desenvolvimento-economico\/2023\/05\/10\/prefeitura-fara-mais-uma-edicao-do-cafe-com-emprego-no-dia-17-de-maio\/","og_locale":"pt_BR","og_type":"article","og_title":"Prefeitura far\u00e1 mais uma edi\u00e7\u00e3o do Caf\u00e9 com Emprego no dia 17 de maio - Secretaria de Desenvolvimento Econ\u00f4mico","og_description":"Evento acontecer\u00e1 no Clube Comercial, das 8h \u00e0s 14h. Ser\u00e3o disponibilizadas 800 vagas de trabalho, sendo 200 para est\u00e1gio, jovem aprendiz e Pessoas com Defici\u00eancia (PCD)","og_url":"https:\/\/www.pmpf.rs.gov.br\/secretaria-de-desenvolvimento-economico\/2023\/05\/10\/prefeitura-fara-mais-uma-edicao-do-cafe-com-emprego-no-dia-17-de-maio\/","og_site_name":"Secretaria de Desenvolvimento Econ\u00f4mico","article_published_time":"2023-05-10T19:38:43+00:00","article_modified_time":"2023-05-11T17:23:37+00:00","og_image":[{"width":1600,"height":1066,"url":"https:\/\/www.pmpf.rs.gov.br\/secretaria-de-desenvolvimento-economico\/wp-content\/uploads\/sites\/27\/2023\/05\/cafe-com-emprego.jpeg","type":"image\/jpeg"}],"author":"andressazorzetto07","twitter_card":"summary_large_image","twitter_misc":{"Escrito por":"andressazorzetto07","Est. tempo de leitura":"2 minutos"},"schema":{"@context":"https:\/\/schema.org","@graph":[{"@type":"WebPage","@id":"https:\/\/www.pmpf.rs.gov.br\/secretaria-de-desenvolvimento-economico\/2023\/05\/10\/prefeitura-fara-mais-uma-edicao-do-cafe-com-emprego-no-dia-17-de-maio\/","url":"https:\/\/www.pmpf.rs.gov.br\/secretaria-de-desenvolvimento-economico\/2023\/05\/10\/prefeitura-fara-mais-uma-edicao-do-cafe-com-emprego-no-dia-17-de-maio\/","name":"Prefeitura far\u00e1 mais uma edi\u00e7\u00e3o do Caf\u00e9 com Emprego no dia 17 de maio - Secretaria de Desenvolvimento Econ\u00f4mico","isPartOf":{"@id":"https:\/\/www.pmpf.rs.gov.br\/secretaria-de-desenvolvimento-economico\/#website"},"primaryImageOfPage":{"@id":"https:\/\/www.pmpf.rs.gov.br\/secretaria-de-desenvolvimento-economico\/2023\/05\/10\/prefeitura-fara-mais-uma-edicao-do-cafe-com-emprego-no-dia-17-de-maio\/#primaryimage"},"image":{"@id":"https:\/\/www.pmpf.rs.gov.br\/secretaria-de-desenvolvimento-economico\/2023\/05\/10\/prefeitura-fara-mais-uma-edicao-do-cafe-com-emprego-no-dia-17-de-maio\/#primaryimage"},"thumbnailUrl":"https:\/\/www.pmpf.rs.gov.br\/secretaria-de-desenvolvimento-economico\/wp-content\/uploads\/sites\/27\/2023\/05\/cafe-com-emprego.jpeg","datePublished":"2023-05-10T19:38:43+00:00","dateModified":"2023-05-11T17:23:37+00:00","author":{"@id":"https:\/\/www.pmpf.rs.gov.br\/secretaria-de-desenvolvimento-economico\/#\/schema\/person\/30ee1d1bd74da1469b01fcf086e43351"},"inLanguage":"pt-BR","potentialAction":[{"@type":"ReadAction","target":["https:\/\/www.pmpf.rs.gov.br\/secretaria-de-desenvolvimento-economico\/2023\/05\/10\/prefeitura-fara-mais-uma-edicao-do-cafe-com-emprego-no-dia-17-de-maio\/"]}]},{"@type":"ImageObject","inLanguage":"pt-BR","@id":"https:\/\/www.pmpf.rs.gov.br\/secretaria-de-desenvolvimento-economico\/2023\/05\/10\/prefeitura-fara-mais-uma-edicao-do-cafe-com-emprego-no-dia-17-de-maio\/#primaryimage","url":"https:\/\/www.pmpf.rs.gov.br\/secretaria-de-desenvolvimento-economico\/wp-content\/uploads\/sites\/27\/2023\/05\/cafe-com-emprego.jpeg","contentUrl":"https:\/\/www.pmpf.rs.gov.br\/secretaria-de-desenvolvimento-economico\/wp-content\/uploads\/sites\/27\/2023\/05\/cafe-com-emprego.jpeg","width":1600,"height":1066},{"@type":"WebSite","@id":"https:\/\/www.pmpf.rs.gov.br\/secretaria-de-desenvolvimento-economico\/#website","url":"https:\/\/www.pmpf.rs.gov.br\/secretaria-de-desenvolvimento-economico\/","name":"Secretaria de Desenvolvimento Econ\u00f4mico","description":"S\u00f3 mais um site Prefeitura de Passo Fundo","potentialAction":[{"@type":"SearchAction","target":{"@type":"EntryPoint","urlTemplate":"https:\/\/www.pmpf.rs.gov.br\/secretaria-de-desenvolvimento-economico\/?s={search_term_string}"},"query-input":{"@type":"PropertyValueSpecification","valueRequired":true,"valueName":"search_term_string"}}],"inLanguage":"pt-BR"},{"@type":"Person","@id":"https:\/\/www.pmpf.rs.gov.br\/secretaria-de-desenvolvimento-economico\/#\/schema\/person\/30ee1d1bd74da1469b01fcf086e43351","name":"andressazorzetto07","image":{"@type":"ImageObject","inLanguage":"pt-BR","@id":"https:\/\/www.pmpf.rs.gov.br\/secretaria-de-desenvolvimento-economico\/#\/schema\/person\/image\/","url":"https:\/\/secure.gravatar.com\/avatar\/14c5458ed79dc81da99a13b9ff5f9f19?s=96&d=mm&r=g","contentUrl":"https:\/\/secure.gravatar.com\/avatar\/14c5458ed79dc81da99a13b9ff5f9f19?s=96&d=mm&r=g","caption":"andressazorzetto07"},"url":"https:\/\/www.pmpf.rs.gov.br\/secretaria-de-desenvolvimento-economico\/author\/andressazorzetto07\/"}]}},"_links":{"self":[{"href":"https:\/\/www.pmpf.rs.gov.br\/secretaria-de-desenvolvimento-economico\/wp-json\/wp\/v2\/posts\/2112"}],"collection":[{"href":"https:\/\/www.pmpf.rs.gov.br\/secretaria-de-desenvolvimento-economico\/wp-json\/wp\/v2\/posts"}],"about":[{"href":"https:\/\/www.pmpf.rs.gov.br\/secretaria-de-desenvolvimento-economico\/wp-json\/wp\/v2\/types\/post"}],"author":[{"embeddable":true,"href":"https:\/\/www.pmpf.rs.gov.br\/secretaria-de-desenvolvimento-economico\/wp-json\/wp\/v2\/users\/6"}],"replies":[{"embeddable":true,"href":"https:\/\/www.pmpf.rs.gov.br\/secretaria-de-desenvolvimento-economico\/wp-json\/wp\/v2\/comments?post=2112"}],"version-history":[{"count":1,"href":"https:\/\/www.pmpf.rs.gov.br\/secretaria-de-desenvolvimento-economico\/wp-json\/wp\/v2\/posts\/2112\/revisions"}],"predecessor-version":[{"id":2114,"href":"https:\/\/www.pmpf.rs.gov.br\/secretaria-de-desenvolvimento-economico\/wp-json\/wp\/v2\/posts\/2112\/revisions\/2114"}],"wp:featuredmedia":[{"embeddable":true,"href":"https:\/\/www.pmpf.rs.gov.br\/secretaria-de-desenvolvimento-economico\/wp-json\/wp\/v2\/media\/2113"}],"wp:attachment":[{"href":"https:\/\/www.pmpf.rs.gov.br\/secretaria-de-desenvolvimento-economico\/wp-json\/wp\/v2\/media?parent=2112"}],"wp:term":[{"taxonomy":"category","embeddable":true,"href":"https:\/\/www.pmpf.rs.gov.br\/secretaria-de-desenvolvimento-economico\/wp-json\/wp\/v2\/categories?post=2112"},{"taxonomy":"post_tag","embeddable":true,"href":"https:\/\/www.pmpf.rs.gov.br\/secretaria-de-desenvolvimento-economico\/wp-json\/wp\/v2\/tags?post=2112"}],"curies":[{"name":"wp","href":"https:\/\/api.w.org\/{rel}","templated":true}]}}