{"id":2106,"date":"2023-04-12T11:24:03","date_gmt":"2023-04-12T14:24:03","guid":{"rendered":"https:\/\/www.pmpf.rs.gov.br\/secretaria-de-desenvolvimento-economico\/?p=2106"},"modified":"2023-04-12T14:04:13","modified_gmt":"2023-04-12T17:04:13","slug":"potencializar-um-ambiente-favoravel-a-inovacao-sera-o-desafio-de-secretaria-criada-pela-prefeitura-de-passo-fundo-avaliam-entidades-e-especialistas-do-setor","status":"publish","type":"post","link":"https:\/\/www.pmpf.rs.gov.br\/secretaria-de-desenvolvimento-economico\/2023\/04\/12\/potencializar-um-ambiente-favoravel-a-inovacao-sera-o-desafio-de-secretaria-criada-pela-prefeitura-de-passo-fundo-avaliam-entidades-e-especialistas-do-setor\/","title":{"rendered":"Potencializar um ambiente favor\u00e1vel \u00e0 inova\u00e7\u00e3o ser\u00e1 o desafio de Secretaria criada pela Prefeitura de Passo Fundo, avaliam entidades e especialistas do setor"},"content":{"rendered":"\n<p><br><br>Estimular o empreendedorismo inovador, criar um ambiente favor\u00e1vel \u00e0 inova\u00e7\u00e3o no munic\u00edpio e promover a constru\u00e7\u00e3o de um modelo de desenvolvimento econ\u00f4mico baseado no conhecimento ser\u00e3o alguns dos desafios a serem enfrentados pela Secretaria Municipal de Inova\u00e7\u00e3o, cuja cria\u00e7\u00e3o foi aprovada pela C\u00e2mara de Vereadores nesta segunda-feira (10).<br>A organiza\u00e7\u00e3o da pasta, pensada pelo governo Pedro Almeida como uma resposta aos novos modelos de neg\u00f3cios baseados em tecnologia e na coopera\u00e7\u00e3o interinstitucional, foi discutida, inicialmente, durante a realiza\u00e7\u00e3o da Semana do Desenvolvimento Econ\u00f4mico, em 2022, quando o Executivo tratou o assunto envolvendo os diferentes atores que atuam neste ecossistema. \u201cQuando reunimos lideran\u00e7as e especialistas em inova\u00e7\u00e3o para discutir o tema, j\u00e1 t\u00ednhamos uma proposta de trabalho. Foi a partir da soma e do compartilhamento de experi\u00eancias que conseguimos concretizar a ideia da Secretaria de Inova\u00e7\u00e3o, dando um passo adiante em um cen\u00e1rio de intensas movimenta\u00e7\u00f5es\u201d, avaliou o prefeito Pedro, destacando a import\u00e2ncia da compreens\u00e3o dos legisladores quanto \u00e0 aprova\u00e7\u00e3o da Secretaria. \u201cA C\u00e2mara tem sido uma parceira nos projetos que se prop\u00f5em a fomentar o crescimento de Passo Fundo\u201d.<\/p>\n\n\n\n<p>Ainda de acordo com o prefeito, a Secretaria ir\u00e1 sistematizar e coordenar as a\u00e7\u00f5es que integram o Sistema Municipal de Inova\u00e7\u00e3o, uma legisla\u00e7\u00e3o criada a partir de uma parceria entre a Prefeitura e a Alian\u00e7a Empresarial e que contou com o trabalho do consultor em Inova\u00e7\u00e3o, Paulo Renato Ardenghi, na elabora\u00e7\u00e3o de um diagn\u00f3stico sobre o contexto e as perspectivas de amplia\u00e7\u00e3o do setor em Passo Fundo. \u201cA consultoria e a experi\u00eancia do Paulo foram fundamentais para consolidarmos o Sistema Municipal de Inova\u00e7\u00e3o, envolvendo n\u00e3o apenas a esfera governamental, mas tamb\u00e9m as universidades e institui\u00e7\u00f5es de ensino, a sociedade civil organizada e as empresas que atuam neste segmento. Agora, com a Secretaria, temos convic\u00e7\u00e3o de que estamos criando as condi\u00e7\u00f5es para potencializarmos este ecossistema\u201d, declarou Pedro, apontando que a estrutura operacional da pasta ser\u00e1 bastante enxuta, uma vez que o objetivo \u00e9 dar agilidade \u00e0 tramita\u00e7\u00e3o das propostas.<\/p>\n\n\n\n<p>Para o secret\u00e1rio de Planejamento, Giezi Schneider, a cria\u00e7\u00e3o desta Secretaria ser\u00e1 importante para que a Prefeitura possa contribuir efetivamente na governan\u00e7a do ecossistema municipal, trabalhando ao lado dos atores que atuam neste segmento, e tamb\u00e9m promover a\u00e7\u00f5es que gerem benef\u00edcios para a comunidade, qualificando os servi\u00e7os prestados \u00e0 comunidade. \u201cA partir desta intera\u00e7\u00e3o com o ecossistema n\u00f3s teremos condi\u00e7\u00f5es de entender a din\u00e2mica da cidade, as demandas e as necessidades da popula\u00e7\u00e3o, gerando respostas mais eficientes\u201d, acredita ele.<\/p>\n\n\n\n<p><\/p>\n\n\n\n<p><strong>A\u00e7\u00f5es intensificadas<br><\/strong>Respons\u00e1vel pela produ\u00e7\u00e3o do diagn\u00f3stico acerca do ecossistema de inova\u00e7\u00e3o local, Ardenghi observa que a estrutura\u00e7\u00e3o de uma pasta dedicada ao tema na Administra\u00e7\u00e3o Municipal \u00e9 essencial para que o Poder P\u00fablico seja um indutor do crescimento e do empreendedorismo inovador. \u201cTecnologia, dados, sustentabilidade, transforma\u00e7\u00e3o digital: todos esses s\u00e3o desafios fundamentais para as cidades, por isso \u00e9 imprescind\u00edvel que os munic\u00edpios estejam atentos e coloquem a inova\u00e7\u00e3o na primeira p\u00e1gina de suas agendas. Ter uma estrutura que pense em pol\u00edticas p\u00fablicas de fomento ao empreendedorismo inovador e de moderniza\u00e7\u00e3o da administra\u00e7\u00e3o \u00e9 necess\u00e1rio para este processo. Passo Fundo est\u00e1 entrando em um ciclo muito importante, aprovando um ambiente regulat\u00f3rio favor\u00e1vel e uma estrutura enxuta e \u00e1gil para gerir pol\u00edticas p\u00fablicas de alto impacto\u201d, considerou.<\/p>\n\n\n\n<p>A reitora da Universidade de Passo Fundo, Bernadete Dalmolin, acredita que a estrutura da Secretaria ir\u00e1 garantir uma maior intera\u00e7\u00e3o entre o Poder P\u00fablico e os atores do ecossistema de inova\u00e7\u00e3o, incentivando a execu\u00e7\u00e3o de pol\u00edticas p\u00fablicas de fomento \u00e0 inova\u00e7\u00e3o e ao desenvolvimento cient\u00edfico e tecnol\u00f3gico da cidade e regi\u00e3o. \u201cAl\u00e9m disso, o Executivo, por meio da Secretaria, ter\u00e1 um papel importante na &nbsp;governan\u00e7a, fortalecendo converg\u00eancias em torno de projetos e investimentos na \u00e1rea, com vistas a um significativo incremento para o desenvolvimento econ\u00f4mico e social\u201d, argumentou ela.<\/p>\n\n\n\n<p>Diretora institucional da Alian\u00e7a Empresarial e s\u00f3cia na Semente Neg\u00f3cios para Inova\u00e7\u00e3o, M\u00e1rcia Capellari, acompanhou a sess\u00e3o plen\u00e1ria do Legislativo em que a proposta de cria\u00e7\u00e3o da Secretaria foi aprovada. Para ela, a uni\u00e3o de for\u00e7as e voca\u00e7\u00f5es entre os poderes p\u00fablico, privado e de pesquisa v\u00e3o oportunizar que a regi\u00e3o se torne refer\u00eancia neste modelo econ\u00f4mico que tem a base tecnol\u00f3gica como maior escala de proje\u00e7\u00e3o. \u201cO momento em que estamos vivendo na cidade e na regi\u00e3o demonstra que precisamos agir com foco em gerar evolu\u00e7\u00e3o na nossa matriz econ\u00f4mica. E isso \u00e9 poss\u00edvel por meio da tecnologia, do conhecimento, de pol\u00edticas p\u00fablicas e de alian\u00e7as estrat\u00e9gicas que proporcionem a cria\u00e7\u00e3o de um ambiente favor\u00e1vel para a gera\u00e7\u00e3o de novos neg\u00f3cios que possam ser impulsionados pela nova economia\u201d, reflete M\u00e1rcia.<\/p>\n\n\n\n<p>O presidente do instituto Alian\u00e7a Empresarial, Metasa e ARPAR Participa\u00e7\u00f5es, Ant\u00f4nio Rosso, reiterou que o Poder P\u00fablico e o setor privado est\u00e3o unindo seus esfor\u00e7os visando um objetivo comum. \u201cCertamente, as a\u00e7\u00f5es de hoje v\u00e3o repercutir no futuro pr\u00f3ximo, criando as condi\u00e7\u00f5es para o fomento de uma cidade aberta ao di\u00e1logo, com pessoas empreendedoras que transformem a hist\u00f3ria do Estado com resultados concretos\u201d, resumiu.<\/p>\n","protected":false},"excerpt":{"rendered":"<p>Projeto de Lei Complementar (PLC) aprovado pelos vereadores nesta segunda-feira (10), autoriza o Executivo a estruturar uma Secretaria dedicada \u00e0 constru\u00e7\u00e3o de programas e a\u00e7\u00f5es voltadas ao ecossistema de inova\u00e7\u00e3o no munic\u00edpio. Vota\u00e7\u00e3o foi acompanhada por entidades e especialistas do setor que elogiaram a proposta da Administra\u00e7\u00e3o e a compreens\u00e3o do legislativo acerca da import\u00e2ncia do assunto para a economia local<\/p>\n","protected":false},"author":6,"featured_media":2108,"comment_status":"closed","ping_status":"closed","sticky":true,"template":"","format":"standard","meta":{"footnotes":""},"categories":[1],"tags":[],"class_list":["post-2106","post","type-post","status-publish","format-standard","has-post-thumbnail","hentry","category-sem-categoria"],"yoast_head":"<!-- This site is optimized with the Yoast SEO plugin v23.8 - https:\/\/yoast.com\/wordpress\/plugins\/seo\/ -->\n<title>Potencializar um ambiente favor\u00e1vel \u00e0 inova\u00e7\u00e3o ser\u00e1 o desafio de Secretaria criada pela Prefeitura de Passo Fundo, avaliam entidades e especialistas do setor - Secretaria de Desenvolvimento Econ\u00f4mico<\/title>\n<meta name=\"robots\" content=\"index, follow, max-snippet:-1, max-image-preview:large, max-video-preview:-1\" \/>\n<link rel=\"canonical\" href=\"https:\/\/www.pmpf.rs.gov.br\/secretaria-de-desenvolvimento-economico\/2023\/04\/12\/potencializar-um-ambiente-favoravel-a-inovacao-sera-o-desafio-de-secretaria-criada-pela-prefeitura-de-passo-fundo-avaliam-entidades-e-especialistas-do-setor\/\" \/>\n<meta property=\"og:locale\" content=\"pt_BR\" \/>\n<meta property=\"og:type\" content=\"article\" \/>\n<meta property=\"og:title\" content=\"Potencializar um ambiente favor\u00e1vel \u00e0 inova\u00e7\u00e3o ser\u00e1 o desafio de Secretaria criada pela Prefeitura de Passo Fundo, avaliam entidades e especialistas do setor - Secretaria de Desenvolvimento Econ\u00f4mico\" \/>\n<meta property=\"og:description\" content=\"Projeto de Lei Complementar (PLC) aprovado pelos vereadores nesta segunda-feira (10), autoriza o Executivo a estruturar uma Secretaria dedicada \u00e0 constru\u00e7\u00e3o de programas e a\u00e7\u00f5es voltadas ao ecossistema de inova\u00e7\u00e3o no munic\u00edpio. Vota\u00e7\u00e3o foi acompanhada por entidades e especialistas do setor que elogiaram a proposta da Administra\u00e7\u00e3o e a compreens\u00e3o do legislativo acerca da import\u00e2ncia do assunto para a economia local\" \/>\n<meta property=\"og:url\" content=\"https:\/\/www.pmpf.rs.gov.br\/secretaria-de-desenvolvimento-economico\/2023\/04\/12\/potencializar-um-ambiente-favoravel-a-inovacao-sera-o-desafio-de-secretaria-criada-pela-prefeitura-de-passo-fundo-avaliam-entidades-e-especialistas-do-setor\/\" \/>\n<meta property=\"og:site_name\" content=\"Secretaria de Desenvolvimento Econ\u00f4mico\" \/>\n<meta property=\"article:published_time\" content=\"2023-04-12T14:24:03+00:00\" \/>\n<meta property=\"article:modified_time\" content=\"2023-04-12T17:04:13+00:00\" \/>\n<meta property=\"og:image\" content=\"https:\/\/www.pmpf.rs.gov.br\/secretaria-de-desenvolvimento-economico\/wp-content\/uploads\/sites\/27\/2023\/04\/cidadao-online.jpg\" \/>\n\t<meta property=\"og:image:width\" content=\"917\" \/>\n\t<meta property=\"og:image:height\" content=\"601\" \/>\n\t<meta property=\"og:image:type\" content=\"image\/jpeg\" \/>\n<meta name=\"author\" content=\"andressazorzetto07\" \/>\n<meta name=\"twitter:card\" content=\"summary_large_image\" \/>\n<meta name=\"twitter:label1\" content=\"Escrito por\" \/>\n\t<meta name=\"twitter:data1\" content=\"andressazorzetto07\" \/>\n\t<meta name=\"twitter:label2\" content=\"Est. tempo de leitura\" \/>\n\t<meta name=\"twitter:data2\" content=\"5 minutos\" \/>\n<script type=\"application\/ld+json\" class=\"yoast-schema-graph\">{\"@context\":\"https:\/\/schema.org\",\"@graph\":[{\"@type\":\"WebPage\",\"@id\":\"https:\/\/www.pmpf.rs.gov.br\/secretaria-de-desenvolvimento-economico\/2023\/04\/12\/potencializar-um-ambiente-favoravel-a-inovacao-sera-o-desafio-de-secretaria-criada-pela-prefeitura-de-passo-fundo-avaliam-entidades-e-especialistas-do-setor\/\",\"url\":\"https:\/\/www.pmpf.rs.gov.br\/secretaria-de-desenvolvimento-economico\/2023\/04\/12\/potencializar-um-ambiente-favoravel-a-inovacao-sera-o-desafio-de-secretaria-criada-pela-prefeitura-de-passo-fundo-avaliam-entidades-e-especialistas-do-setor\/\",\"name\":\"Potencializar um ambiente favor\u00e1vel \u00e0 inova\u00e7\u00e3o ser\u00e1 o desafio de Secretaria criada pela Prefeitura de Passo Fundo, avaliam entidades e especialistas do setor - Secretaria de Desenvolvimento Econ\u00f4mico\",\"isPartOf\":{\"@id\":\"https:\/\/www.pmpf.rs.gov.br\/secretaria-de-desenvolvimento-economico\/#website\"},\"primaryImageOfPage\":{\"@id\":\"https:\/\/www.pmpf.rs.gov.br\/secretaria-de-desenvolvimento-economico\/2023\/04\/12\/potencializar-um-ambiente-favoravel-a-inovacao-sera-o-desafio-de-secretaria-criada-pela-prefeitura-de-passo-fundo-avaliam-entidades-e-especialistas-do-setor\/#primaryimage\"},\"image\":{\"@id\":\"https:\/\/www.pmpf.rs.gov.br\/secretaria-de-desenvolvimento-economico\/2023\/04\/12\/potencializar-um-ambiente-favoravel-a-inovacao-sera-o-desafio-de-secretaria-criada-pela-prefeitura-de-passo-fundo-avaliam-entidades-e-especialistas-do-setor\/#primaryimage\"},\"thumbnailUrl\":\"https:\/\/www.pmpf.rs.gov.br\/secretaria-de-desenvolvimento-economico\/wp-content\/uploads\/sites\/27\/2023\/04\/cidadao-online.jpg\",\"datePublished\":\"2023-04-12T14:24:03+00:00\",\"dateModified\":\"2023-04-12T17:04:13+00:00\",\"author\":{\"@id\":\"https:\/\/www.pmpf.rs.gov.br\/secretaria-de-desenvolvimento-economico\/#\/schema\/person\/30ee1d1bd74da1469b01fcf086e43351\"},\"inLanguage\":\"pt-BR\",\"potentialAction\":[{\"@type\":\"ReadAction\",\"target\":[\"https:\/\/www.pmpf.rs.gov.br\/secretaria-de-desenvolvimento-economico\/2023\/04\/12\/potencializar-um-ambiente-favoravel-a-inovacao-sera-o-desafio-de-secretaria-criada-pela-prefeitura-de-passo-fundo-avaliam-entidades-e-especialistas-do-setor\/\"]}]},{\"@type\":\"ImageObject\",\"inLanguage\":\"pt-BR\",\"@id\":\"https:\/\/www.pmpf.rs.gov.br\/secretaria-de-desenvolvimento-economico\/2023\/04\/12\/potencializar-um-ambiente-favoravel-a-inovacao-sera-o-desafio-de-secretaria-criada-pela-prefeitura-de-passo-fundo-avaliam-entidades-e-especialistas-do-setor\/#primaryimage\",\"url\":\"https:\/\/www.pmpf.rs.gov.br\/secretaria-de-desenvolvimento-economico\/wp-content\/uploads\/sites\/27\/2023\/04\/cidadao-online.jpg\",\"contentUrl\":\"https:\/\/www.pmpf.rs.gov.br\/secretaria-de-desenvolvimento-economico\/wp-content\/uploads\/sites\/27\/2023\/04\/cidadao-online.jpg\",\"width\":917,\"height\":601},{\"@type\":\"WebSite\",\"@id\":\"https:\/\/www.pmpf.rs.gov.br\/secretaria-de-desenvolvimento-economico\/#website\",\"url\":\"https:\/\/www.pmpf.rs.gov.br\/secretaria-de-desenvolvimento-economico\/\",\"name\":\"Secretaria de Desenvolvimento Econ\u00f4mico\",\"description\":\"S\u00f3 mais um site Prefeitura de Passo Fundo\",\"potentialAction\":[{\"@type\":\"SearchAction\",\"target\":{\"@type\":\"EntryPoint\",\"urlTemplate\":\"https:\/\/www.pmpf.rs.gov.br\/secretaria-de-desenvolvimento-economico\/?s={search_term_string}\"},\"query-input\":{\"@type\":\"PropertyValueSpecification\",\"valueRequired\":true,\"valueName\":\"search_term_string\"}}],\"inLanguage\":\"pt-BR\"},{\"@type\":\"Person\",\"@id\":\"https:\/\/www.pmpf.rs.gov.br\/secretaria-de-desenvolvimento-economico\/#\/schema\/person\/30ee1d1bd74da1469b01fcf086e43351\",\"name\":\"andressazorzetto07\",\"image\":{\"@type\":\"ImageObject\",\"inLanguage\":\"pt-BR\",\"@id\":\"https:\/\/www.pmpf.rs.gov.br\/secretaria-de-desenvolvimento-economico\/#\/schema\/person\/image\/\",\"url\":\"https:\/\/secure.gravatar.com\/avatar\/14c5458ed79dc81da99a13b9ff5f9f19?s=96&d=mm&r=g\",\"contentUrl\":\"https:\/\/secure.gravatar.com\/avatar\/14c5458ed79dc81da99a13b9ff5f9f19?s=96&d=mm&r=g\",\"caption\":\"andressazorzetto07\"},\"url\":\"https:\/\/www.pmpf.rs.gov.br\/secretaria-de-desenvolvimento-economico\/author\/andressazorzetto07\/\"}]}<\/script>\n<!-- \/ Yoast SEO plugin. -->","yoast_head_json":{"title":"Potencializar um ambiente favor\u00e1vel \u00e0 inova\u00e7\u00e3o ser\u00e1 o desafio de Secretaria criada pela Prefeitura de Passo Fundo, avaliam entidades e especialistas do setor - Secretaria de Desenvolvimento Econ\u00f4mico","robots":{"index":"index","follow":"follow","max-snippet":"max-snippet:-1","max-image-preview":"max-image-preview:large","max-video-preview":"max-video-preview:-1"},"canonical":"https:\/\/www.pmpf.rs.gov.br\/secretaria-de-desenvolvimento-economico\/2023\/04\/12\/potencializar-um-ambiente-favoravel-a-inovacao-sera-o-desafio-de-secretaria-criada-pela-prefeitura-de-passo-fundo-avaliam-entidades-e-especialistas-do-setor\/","og_locale":"pt_BR","og_type":"article","og_title":"Potencializar um ambiente favor\u00e1vel \u00e0 inova\u00e7\u00e3o ser\u00e1 o desafio de Secretaria criada pela Prefeitura de Passo Fundo, avaliam entidades e especialistas do setor - Secretaria de Desenvolvimento Econ\u00f4mico","og_description":"Projeto de Lei Complementar (PLC) aprovado pelos vereadores nesta segunda-feira (10), autoriza o Executivo a estruturar uma Secretaria dedicada \u00e0 constru\u00e7\u00e3o de programas e a\u00e7\u00f5es voltadas ao ecossistema de inova\u00e7\u00e3o no munic\u00edpio. Vota\u00e7\u00e3o foi acompanhada por entidades e especialistas do setor que elogiaram a proposta da Administra\u00e7\u00e3o e a compreens\u00e3o do legislativo acerca da import\u00e2ncia do assunto para a economia local","og_url":"https:\/\/www.pmpf.rs.gov.br\/secretaria-de-desenvolvimento-economico\/2023\/04\/12\/potencializar-um-ambiente-favoravel-a-inovacao-sera-o-desafio-de-secretaria-criada-pela-prefeitura-de-passo-fundo-avaliam-entidades-e-especialistas-do-setor\/","og_site_name":"Secretaria de Desenvolvimento Econ\u00f4mico","article_published_time":"2023-04-12T14:24:03+00:00","article_modified_time":"2023-04-12T17:04:13+00:00","og_image":[{"width":917,"height":601,"url":"https:\/\/www.pmpf.rs.gov.br\/secretaria-de-desenvolvimento-economico\/wp-content\/uploads\/sites\/27\/2023\/04\/cidadao-online.jpg","type":"image\/jpeg"}],"author":"andressazorzetto07","twitter_card":"summary_large_image","twitter_misc":{"Escrito por":"andressazorzetto07","Est. tempo de leitura":"5 minutos"},"schema":{"@context":"https:\/\/schema.org","@graph":[{"@type":"WebPage","@id":"https:\/\/www.pmpf.rs.gov.br\/secretaria-de-desenvolvimento-economico\/2023\/04\/12\/potencializar-um-ambiente-favoravel-a-inovacao-sera-o-desafio-de-secretaria-criada-pela-prefeitura-de-passo-fundo-avaliam-entidades-e-especialistas-do-setor\/","url":"https:\/\/www.pmpf.rs.gov.br\/secretaria-de-desenvolvimento-economico\/2023\/04\/12\/potencializar-um-ambiente-favoravel-a-inovacao-sera-o-desafio-de-secretaria-criada-pela-prefeitura-de-passo-fundo-avaliam-entidades-e-especialistas-do-setor\/","name":"Potencializar um ambiente favor\u00e1vel \u00e0 inova\u00e7\u00e3o ser\u00e1 o desafio de Secretaria criada pela Prefeitura de Passo Fundo, avaliam entidades e especialistas do setor - Secretaria de Desenvolvimento Econ\u00f4mico","isPartOf":{"@id":"https:\/\/www.pmpf.rs.gov.br\/secretaria-de-desenvolvimento-economico\/#website"},"primaryImageOfPage":{"@id":"https:\/\/www.pmpf.rs.gov.br\/secretaria-de-desenvolvimento-economico\/2023\/04\/12\/potencializar-um-ambiente-favoravel-a-inovacao-sera-o-desafio-de-secretaria-criada-pela-prefeitura-de-passo-fundo-avaliam-entidades-e-especialistas-do-setor\/#primaryimage"},"image":{"@id":"https:\/\/www.pmpf.rs.gov.br\/secretaria-de-desenvolvimento-economico\/2023\/04\/12\/potencializar-um-ambiente-favoravel-a-inovacao-sera-o-desafio-de-secretaria-criada-pela-prefeitura-de-passo-fundo-avaliam-entidades-e-especialistas-do-setor\/#primaryimage"},"thumbnailUrl":"https:\/\/www.pmpf.rs.gov.br\/secretaria-de-desenvolvimento-economico\/wp-content\/uploads\/sites\/27\/2023\/04\/cidadao-online.jpg","datePublished":"2023-04-12T14:24:03+00:00","dateModified":"2023-04-12T17:04:13+00:00","author":{"@id":"https:\/\/www.pmpf.rs.gov.br\/secretaria-de-desenvolvimento-economico\/#\/schema\/person\/30ee1d1bd74da1469b01fcf086e43351"},"inLanguage":"pt-BR","potentialAction":[{"@type":"ReadAction","target":["https:\/\/www.pmpf.rs.gov.br\/secretaria-de-desenvolvimento-economico\/2023\/04\/12\/potencializar-um-ambiente-favoravel-a-inovacao-sera-o-desafio-de-secretaria-criada-pela-prefeitura-de-passo-fundo-avaliam-entidades-e-especialistas-do-setor\/"]}]},{"@type":"ImageObject","inLanguage":"pt-BR","@id":"https:\/\/www.pmpf.rs.gov.br\/secretaria-de-desenvolvimento-economico\/2023\/04\/12\/potencializar-um-ambiente-favoravel-a-inovacao-sera-o-desafio-de-secretaria-criada-pela-prefeitura-de-passo-fundo-avaliam-entidades-e-especialistas-do-setor\/#primaryimage","url":"https:\/\/www.pmpf.rs.gov.br\/secretaria-de-desenvolvimento-economico\/wp-content\/uploads\/sites\/27\/2023\/04\/cidadao-online.jpg","contentUrl":"https:\/\/www.pmpf.rs.gov.br\/secretaria-de-desenvolvimento-economico\/wp-content\/uploads\/sites\/27\/2023\/04\/cidadao-online.jpg","width":917,"height":601},{"@type":"WebSite","@id":"https:\/\/www.pmpf.rs.gov.br\/secretaria-de-desenvolvimento-economico\/#website","url":"https:\/\/www.pmpf.rs.gov.br\/secretaria-de-desenvolvimento-economico\/","name":"Secretaria de Desenvolvimento Econ\u00f4mico","description":"S\u00f3 mais um site Prefeitura de Passo Fundo","potentialAction":[{"@type":"SearchAction","target":{"@type":"EntryPoint","urlTemplate":"https:\/\/www.pmpf.rs.gov.br\/secretaria-de-desenvolvimento-economico\/?s={search_term_string}"},"query-input":{"@type":"PropertyValueSpecification","valueRequired":true,"valueName":"search_term_string"}}],"inLanguage":"pt-BR"},{"@type":"Person","@id":"https:\/\/www.pmpf.rs.gov.br\/secretaria-de-desenvolvimento-economico\/#\/schema\/person\/30ee1d1bd74da1469b01fcf086e43351","name":"andressazorzetto07","image":{"@type":"ImageObject","inLanguage":"pt-BR","@id":"https:\/\/www.pmpf.rs.gov.br\/secretaria-de-desenvolvimento-economico\/#\/schema\/person\/image\/","url":"https:\/\/secure.gravatar.com\/avatar\/14c5458ed79dc81da99a13b9ff5f9f19?s=96&d=mm&r=g","contentUrl":"https:\/\/secure.gravatar.com\/avatar\/14c5458ed79dc81da99a13b9ff5f9f19?s=96&d=mm&r=g","caption":"andressazorzetto07"},"url":"https:\/\/www.pmpf.rs.gov.br\/secretaria-de-desenvolvimento-economico\/author\/andressazorzetto07\/"}]}},"_links":{"self":[{"href":"https:\/\/www.pmpf.rs.gov.br\/secretaria-de-desenvolvimento-economico\/wp-json\/wp\/v2\/posts\/2106"}],"collection":[{"href":"https:\/\/www.pmpf.rs.gov.br\/secretaria-de-desenvolvimento-economico\/wp-json\/wp\/v2\/posts"}],"about":[{"href":"https:\/\/www.pmpf.rs.gov.br\/secretaria-de-desenvolvimento-economico\/wp-json\/wp\/v2\/types\/post"}],"author":[{"embeddable":true,"href":"https:\/\/www.pmpf.rs.gov.br\/secretaria-de-desenvolvimento-economico\/wp-json\/wp\/v2\/users\/6"}],"replies":[{"embeddable":true,"href":"https:\/\/www.pmpf.rs.gov.br\/secretaria-de-desenvolvimento-economico\/wp-json\/wp\/v2\/comments?post=2106"}],"version-history":[{"count":1,"href":"https:\/\/www.pmpf.rs.gov.br\/secretaria-de-desenvolvimento-economico\/wp-json\/wp\/v2\/posts\/2106\/revisions"}],"predecessor-version":[{"id":2107,"href":"https:\/\/www.pmpf.rs.gov.br\/secretaria-de-desenvolvimento-economico\/wp-json\/wp\/v2\/posts\/2106\/revisions\/2107"}],"wp:featuredmedia":[{"embeddable":true,"href":"https:\/\/www.pmpf.rs.gov.br\/secretaria-de-desenvolvimento-economico\/wp-json\/wp\/v2\/media\/2108"}],"wp:attachment":[{"href":"https:\/\/www.pmpf.rs.gov.br\/secretaria-de-desenvolvimento-economico\/wp-json\/wp\/v2\/media?parent=2106"}],"wp:term":[{"taxonomy":"category","embeddable":true,"href":"https:\/\/www.pmpf.rs.gov.br\/secretaria-de-desenvolvimento-economico\/wp-json\/wp\/v2\/categories?post=2106"},{"taxonomy":"post_tag","embeddable":true,"href":"https:\/\/www.pmpf.rs.gov.br\/secretaria-de-desenvolvimento-economico\/wp-json\/wp\/v2\/tags?post=2106"}],"curies":[{"name":"wp","href":"https:\/\/api.w.org\/{rel}","templated":true}]}}