{"id":2096,"date":"2023-03-15T16:55:04","date_gmt":"2023-03-15T19:55:04","guid":{"rendered":"https:\/\/www.pmpf.rs.gov.br\/secretaria-de-desenvolvimento-economico\/?p=2096"},"modified":"2023-03-15T17:12:12","modified_gmt":"2023-03-15T20:12:12","slug":"aeroporto-de-passo-fundo-tera-administracao-privada","status":"publish","type":"post","link":"https:\/\/www.pmpf.rs.gov.br\/secretaria-de-desenvolvimento-economico\/2023\/03\/15\/aeroporto-de-passo-fundo-tera-administracao-privada\/","title":{"rendered":"<strong>Aeroporto de Passo Fundo ter\u00e1 administra\u00e7\u00e3o privada<\/strong>"},"content":{"rendered":"\n<p><\/p>\n\n\n\n<p><\/p>\n\n\n\n<p>O Aeroporto Lauro Kortz de Passo Fundo dever\u00e1 ser concedido \u00e0 administra\u00e7\u00e3o privada ainda neste ano. O Governo do Estado apresentou \u00e0 Prefeitura, nesta quarta-feira (15), um projeto que ser\u00e1 adotado para a concess\u00e3o a fim de assegurar a manuten\u00e7\u00e3o do espa\u00e7o pelos pr\u00f3ximos anos. O processo foi aprovado pelo Tribunal de Contas do Estado (TCE) e dever\u00e1 passar por consulta e audi\u00eancia p\u00fablica.<\/p>\n\n\n\n<p>Ao falar sobre a conclus\u00e3o do projeto, o secret\u00e1rio estadual de Parcerias e Concess\u00f5es, Pedro Capeluppi, destacou que a concess\u00e3o do Aeroporto de Passo Fundo, o segundo maior aeroporto do Rio Grande do Sul, acontece em um mesmo bloco que o de Santo \u00c2ngelo. \u201cA ideia \u00e9 trazer benef\u00edcios para os dois munic\u00edpios com obras e melhorias em infraestrutura, estimulando a competi\u00e7\u00e3o das empresas interessadas em assumi-los\u201d, destaca.<\/p>\n\n\n\n<p>Os passos seguintes envolvem a realiza\u00e7\u00e3o de uma consulta e, posteriormente, uma audi\u00eancia p\u00fablica para que sejam apontados ajustes ao projeto. A estimativa \u00e9 que o edital para a concess\u00e3o seja aberto no m\u00eas de junho, com um per\u00edodo de 60 a 90 dias para a manifesta\u00e7\u00e3o de empresas. At\u00e9 o fim de 2023, o contato com a vencedora dever\u00e1 ser assinado.<\/p>\n\n\n\n<p>Durante a reuni\u00e3o de discuss\u00e3o sobre o projeto, o prefeito de Passo Fundo, Pedro Almeida, apontou para as interven\u00e7\u00f5es necess\u00e1rias em curto prazo no Aeropoto Lauro Kortz, que passou recentemente por obras e revitaliza\u00e7\u00e3o em todo o s\u00edtio aeroportu\u00e1rio. \u201cHoje, temos um aeroporto remodelado e moderno, necess\u00e1rio para o desenvolvimento de Passo Fundo e da regi\u00e3o. A concess\u00e3o ser\u00e1 importante para a manuten\u00e7\u00e3o e amplia\u00e7\u00e3o do que j\u00e1 existe. Cabe ressaltar que a nossa urg\u00eancia \u00e9 com rela\u00e7\u00e3o ao estacionamento e extens\u00e3o de vagas\u201d, pontuou.<\/p>\n\n\n\n<p>O aeroporto de Passo Fundo se tornou um dos principais aeroportos comerciais do Rio Grande do Sul, com potencial para se tornar uma das rotas mais importantes para as companhias a\u00e9reas no interior do estado. Atualmente, operam no espa\u00e7o duas companhias \u2013 Azul e Gol \u2013, que somaram, em 2022, 78 mil passageiros.<\/p>\n\n\n\n<p>O prefeito destaca que o Munic\u00edpio est\u00e1 dispon\u00edvel para contribuir e dar suporte ao Estado em todas as etapas do processo de concess\u00e3o. \u201cUnimos esfor\u00e7os para que seja o mais c\u00e9lere e transparente poss\u00edvel, o que \u00e9 um compromisso da Prefeitura com a popula\u00e7\u00e3o\u201d, enfatizou.<\/p>\n\n\n\n<p>O estudo de concess\u00e3o do Aeroporto Lauro Kortz foi realizado pelo cons\u00f3rcio formado pela Terra Firme Consultoria Empresarial e de Projetos Ltda., Infraway Engenharia Ltda., Mois\u00e9s e Pires Sociedade de advogados e Bacco Arquitetos associados Ltda. Os investimentos entre obras e opera\u00e7\u00e3o pela iniciativa privada ao longo de 30 anos s\u00e3o levantados em R$ 85 milh\u00f5es nos aeroportos de Passo Fundo e Santo \u00c2ngelo.<\/p>\n","protected":false},"excerpt":{"rendered":"<p>A estimativa \u00e9 que o edital para a concess\u00e3o seja aberto no m\u00eas de junho e, at\u00e9 o fim de 2023, o contato com a empresa vencedora esteja assinado<\/p>\n","protected":false},"author":6,"featured_media":2098,"comment_status":"closed","ping_status":"closed","sticky":true,"template":"","format":"standard","meta":{"footnotes":""},"categories":[1],"tags":[],"class_list":["post-2096","post","type-post","status-publish","format-standard","has-post-thumbnail","hentry","category-sem-categoria"],"yoast_head":"<!-- This site is optimized with the Yoast SEO plugin v23.8 - https:\/\/yoast.com\/wordpress\/plugins\/seo\/ -->\n<title>Aeroporto de Passo Fundo ter\u00e1 administra\u00e7\u00e3o privada - Secretaria de Desenvolvimento Econ\u00f4mico<\/title>\n<meta name=\"robots\" content=\"index, follow, max-snippet:-1, max-image-preview:large, max-video-preview:-1\" \/>\n<link rel=\"canonical\" href=\"https:\/\/www.pmpf.rs.gov.br\/secretaria-de-desenvolvimento-economico\/2023\/03\/15\/aeroporto-de-passo-fundo-tera-administracao-privada\/\" \/>\n<meta property=\"og:locale\" content=\"pt_BR\" \/>\n<meta property=\"og:type\" content=\"article\" \/>\n<meta property=\"og:title\" content=\"Aeroporto de Passo Fundo ter\u00e1 administra\u00e7\u00e3o privada - Secretaria de Desenvolvimento Econ\u00f4mico\" \/>\n<meta property=\"og:description\" content=\"A estimativa \u00e9 que o edital para a concess\u00e3o seja aberto no m\u00eas de junho e, at\u00e9 o fim de 2023, o contato com a empresa vencedora esteja assinado\" \/>\n<meta property=\"og:url\" content=\"https:\/\/www.pmpf.rs.gov.br\/secretaria-de-desenvolvimento-economico\/2023\/03\/15\/aeroporto-de-passo-fundo-tera-administracao-privada\/\" \/>\n<meta property=\"og:site_name\" content=\"Secretaria de Desenvolvimento Econ\u00f4mico\" \/>\n<meta property=\"article:published_time\" content=\"2023-03-15T19:55:04+00:00\" \/>\n<meta property=\"article:modified_time\" content=\"2023-03-15T20:12:12+00:00\" \/>\n<meta property=\"og:image\" content=\"https:\/\/www.pmpf.rs.gov.br\/secretaria-de-desenvolvimento-economico\/wp-content\/uploads\/sites\/27\/2023\/03\/aeroporto-concessao.jpeg\" \/>\n\t<meta property=\"og:image:width\" content=\"1600\" \/>\n\t<meta property=\"og:image:height\" content=\"1066\" \/>\n\t<meta property=\"og:image:type\" content=\"image\/jpeg\" \/>\n<meta name=\"author\" content=\"andressazorzetto07\" \/>\n<meta name=\"twitter:card\" content=\"summary_large_image\" \/>\n<meta name=\"twitter:label1\" content=\"Escrito por\" \/>\n\t<meta name=\"twitter:data1\" content=\"andressazorzetto07\" \/>\n\t<meta name=\"twitter:label2\" content=\"Est. tempo de leitura\" \/>\n\t<meta name=\"twitter:data2\" content=\"2 minutos\" \/>\n<script type=\"application\/ld+json\" class=\"yoast-schema-graph\">{\"@context\":\"https:\/\/schema.org\",\"@graph\":[{\"@type\":\"WebPage\",\"@id\":\"https:\/\/www.pmpf.rs.gov.br\/secretaria-de-desenvolvimento-economico\/2023\/03\/15\/aeroporto-de-passo-fundo-tera-administracao-privada\/\",\"url\":\"https:\/\/www.pmpf.rs.gov.br\/secretaria-de-desenvolvimento-economico\/2023\/03\/15\/aeroporto-de-passo-fundo-tera-administracao-privada\/\",\"name\":\"Aeroporto de Passo Fundo ter\u00e1 administra\u00e7\u00e3o privada - Secretaria de Desenvolvimento Econ\u00f4mico\",\"isPartOf\":{\"@id\":\"https:\/\/www.pmpf.rs.gov.br\/secretaria-de-desenvolvimento-economico\/#website\"},\"primaryImageOfPage\":{\"@id\":\"https:\/\/www.pmpf.rs.gov.br\/secretaria-de-desenvolvimento-economico\/2023\/03\/15\/aeroporto-de-passo-fundo-tera-administracao-privada\/#primaryimage\"},\"image\":{\"@id\":\"https:\/\/www.pmpf.rs.gov.br\/secretaria-de-desenvolvimento-economico\/2023\/03\/15\/aeroporto-de-passo-fundo-tera-administracao-privada\/#primaryimage\"},\"thumbnailUrl\":\"https:\/\/www.pmpf.rs.gov.br\/secretaria-de-desenvolvimento-economico\/wp-content\/uploads\/sites\/27\/2023\/03\/aeroporto-concessao.jpeg\",\"datePublished\":\"2023-03-15T19:55:04+00:00\",\"dateModified\":\"2023-03-15T20:12:12+00:00\",\"author\":{\"@id\":\"https:\/\/www.pmpf.rs.gov.br\/secretaria-de-desenvolvimento-economico\/#\/schema\/person\/30ee1d1bd74da1469b01fcf086e43351\"},\"inLanguage\":\"pt-BR\",\"potentialAction\":[{\"@type\":\"ReadAction\",\"target\":[\"https:\/\/www.pmpf.rs.gov.br\/secretaria-de-desenvolvimento-economico\/2023\/03\/15\/aeroporto-de-passo-fundo-tera-administracao-privada\/\"]}]},{\"@type\":\"ImageObject\",\"inLanguage\":\"pt-BR\",\"@id\":\"https:\/\/www.pmpf.rs.gov.br\/secretaria-de-desenvolvimento-economico\/2023\/03\/15\/aeroporto-de-passo-fundo-tera-administracao-privada\/#primaryimage\",\"url\":\"https:\/\/www.pmpf.rs.gov.br\/secretaria-de-desenvolvimento-economico\/wp-content\/uploads\/sites\/27\/2023\/03\/aeroporto-concessao.jpeg\",\"contentUrl\":\"https:\/\/www.pmpf.rs.gov.br\/secretaria-de-desenvolvimento-economico\/wp-content\/uploads\/sites\/27\/2023\/03\/aeroporto-concessao.jpeg\",\"width\":1600,\"height\":1066},{\"@type\":\"WebSite\",\"@id\":\"https:\/\/www.pmpf.rs.gov.br\/secretaria-de-desenvolvimento-economico\/#website\",\"url\":\"https:\/\/www.pmpf.rs.gov.br\/secretaria-de-desenvolvimento-economico\/\",\"name\":\"Secretaria de Desenvolvimento Econ\u00f4mico\",\"description\":\"S\u00f3 mais um site Prefeitura de Passo Fundo\",\"potentialAction\":[{\"@type\":\"SearchAction\",\"target\":{\"@type\":\"EntryPoint\",\"urlTemplate\":\"https:\/\/www.pmpf.rs.gov.br\/secretaria-de-desenvolvimento-economico\/?s={search_term_string}\"},\"query-input\":{\"@type\":\"PropertyValueSpecification\",\"valueRequired\":true,\"valueName\":\"search_term_string\"}}],\"inLanguage\":\"pt-BR\"},{\"@type\":\"Person\",\"@id\":\"https:\/\/www.pmpf.rs.gov.br\/secretaria-de-desenvolvimento-economico\/#\/schema\/person\/30ee1d1bd74da1469b01fcf086e43351\",\"name\":\"andressazorzetto07\",\"image\":{\"@type\":\"ImageObject\",\"inLanguage\":\"pt-BR\",\"@id\":\"https:\/\/www.pmpf.rs.gov.br\/secretaria-de-desenvolvimento-economico\/#\/schema\/person\/image\/\",\"url\":\"https:\/\/secure.gravatar.com\/avatar\/14c5458ed79dc81da99a13b9ff5f9f19?s=96&d=mm&r=g\",\"contentUrl\":\"https:\/\/secure.gravatar.com\/avatar\/14c5458ed79dc81da99a13b9ff5f9f19?s=96&d=mm&r=g\",\"caption\":\"andressazorzetto07\"},\"url\":\"https:\/\/www.pmpf.rs.gov.br\/secretaria-de-desenvolvimento-economico\/author\/andressazorzetto07\/\"}]}<\/script>\n<!-- \/ Yoast SEO plugin. -->","yoast_head_json":{"title":"Aeroporto de Passo Fundo ter\u00e1 administra\u00e7\u00e3o privada - Secretaria de Desenvolvimento Econ\u00f4mico","robots":{"index":"index","follow":"follow","max-snippet":"max-snippet:-1","max-image-preview":"max-image-preview:large","max-video-preview":"max-video-preview:-1"},"canonical":"https:\/\/www.pmpf.rs.gov.br\/secretaria-de-desenvolvimento-economico\/2023\/03\/15\/aeroporto-de-passo-fundo-tera-administracao-privada\/","og_locale":"pt_BR","og_type":"article","og_title":"Aeroporto de Passo Fundo ter\u00e1 administra\u00e7\u00e3o privada - Secretaria de Desenvolvimento Econ\u00f4mico","og_description":"A estimativa \u00e9 que o edital para a concess\u00e3o seja aberto no m\u00eas de junho e, at\u00e9 o fim de 2023, o contato com a empresa vencedora esteja assinado","og_url":"https:\/\/www.pmpf.rs.gov.br\/secretaria-de-desenvolvimento-economico\/2023\/03\/15\/aeroporto-de-passo-fundo-tera-administracao-privada\/","og_site_name":"Secretaria de Desenvolvimento Econ\u00f4mico","article_published_time":"2023-03-15T19:55:04+00:00","article_modified_time":"2023-03-15T20:12:12+00:00","og_image":[{"width":1600,"height":1066,"url":"https:\/\/www.pmpf.rs.gov.br\/secretaria-de-desenvolvimento-economico\/wp-content\/uploads\/sites\/27\/2023\/03\/aeroporto-concessao.jpeg","type":"image\/jpeg"}],"author":"andressazorzetto07","twitter_card":"summary_large_image","twitter_misc":{"Escrito por":"andressazorzetto07","Est. tempo de leitura":"2 minutos"},"schema":{"@context":"https:\/\/schema.org","@graph":[{"@type":"WebPage","@id":"https:\/\/www.pmpf.rs.gov.br\/secretaria-de-desenvolvimento-economico\/2023\/03\/15\/aeroporto-de-passo-fundo-tera-administracao-privada\/","url":"https:\/\/www.pmpf.rs.gov.br\/secretaria-de-desenvolvimento-economico\/2023\/03\/15\/aeroporto-de-passo-fundo-tera-administracao-privada\/","name":"Aeroporto de Passo Fundo ter\u00e1 administra\u00e7\u00e3o privada - Secretaria de Desenvolvimento Econ\u00f4mico","isPartOf":{"@id":"https:\/\/www.pmpf.rs.gov.br\/secretaria-de-desenvolvimento-economico\/#website"},"primaryImageOfPage":{"@id":"https:\/\/www.pmpf.rs.gov.br\/secretaria-de-desenvolvimento-economico\/2023\/03\/15\/aeroporto-de-passo-fundo-tera-administracao-privada\/#primaryimage"},"image":{"@id":"https:\/\/www.pmpf.rs.gov.br\/secretaria-de-desenvolvimento-economico\/2023\/03\/15\/aeroporto-de-passo-fundo-tera-administracao-privada\/#primaryimage"},"thumbnailUrl":"https:\/\/www.pmpf.rs.gov.br\/secretaria-de-desenvolvimento-economico\/wp-content\/uploads\/sites\/27\/2023\/03\/aeroporto-concessao.jpeg","datePublished":"2023-03-15T19:55:04+00:00","dateModified":"2023-03-15T20:12:12+00:00","author":{"@id":"https:\/\/www.pmpf.rs.gov.br\/secretaria-de-desenvolvimento-economico\/#\/schema\/person\/30ee1d1bd74da1469b01fcf086e43351"},"inLanguage":"pt-BR","potentialAction":[{"@type":"ReadAction","target":["https:\/\/www.pmpf.rs.gov.br\/secretaria-de-desenvolvimento-economico\/2023\/03\/15\/aeroporto-de-passo-fundo-tera-administracao-privada\/"]}]},{"@type":"ImageObject","inLanguage":"pt-BR","@id":"https:\/\/www.pmpf.rs.gov.br\/secretaria-de-desenvolvimento-economico\/2023\/03\/15\/aeroporto-de-passo-fundo-tera-administracao-privada\/#primaryimage","url":"https:\/\/www.pmpf.rs.gov.br\/secretaria-de-desenvolvimento-economico\/wp-content\/uploads\/sites\/27\/2023\/03\/aeroporto-concessao.jpeg","contentUrl":"https:\/\/www.pmpf.rs.gov.br\/secretaria-de-desenvolvimento-economico\/wp-content\/uploads\/sites\/27\/2023\/03\/aeroporto-concessao.jpeg","width":1600,"height":1066},{"@type":"WebSite","@id":"https:\/\/www.pmpf.rs.gov.br\/secretaria-de-desenvolvimento-economico\/#website","url":"https:\/\/www.pmpf.rs.gov.br\/secretaria-de-desenvolvimento-economico\/","name":"Secretaria de Desenvolvimento Econ\u00f4mico","description":"S\u00f3 mais um site Prefeitura de Passo Fundo","potentialAction":[{"@type":"SearchAction","target":{"@type":"EntryPoint","urlTemplate":"https:\/\/www.pmpf.rs.gov.br\/secretaria-de-desenvolvimento-economico\/?s={search_term_string}"},"query-input":{"@type":"PropertyValueSpecification","valueRequired":true,"valueName":"search_term_string"}}],"inLanguage":"pt-BR"},{"@type":"Person","@id":"https:\/\/www.pmpf.rs.gov.br\/secretaria-de-desenvolvimento-economico\/#\/schema\/person\/30ee1d1bd74da1469b01fcf086e43351","name":"andressazorzetto07","image":{"@type":"ImageObject","inLanguage":"pt-BR","@id":"https:\/\/www.pmpf.rs.gov.br\/secretaria-de-desenvolvimento-economico\/#\/schema\/person\/image\/","url":"https:\/\/secure.gravatar.com\/avatar\/14c5458ed79dc81da99a13b9ff5f9f19?s=96&d=mm&r=g","contentUrl":"https:\/\/secure.gravatar.com\/avatar\/14c5458ed79dc81da99a13b9ff5f9f19?s=96&d=mm&r=g","caption":"andressazorzetto07"},"url":"https:\/\/www.pmpf.rs.gov.br\/secretaria-de-desenvolvimento-economico\/author\/andressazorzetto07\/"}]}},"_links":{"self":[{"href":"https:\/\/www.pmpf.rs.gov.br\/secretaria-de-desenvolvimento-economico\/wp-json\/wp\/v2\/posts\/2096"}],"collection":[{"href":"https:\/\/www.pmpf.rs.gov.br\/secretaria-de-desenvolvimento-economico\/wp-json\/wp\/v2\/posts"}],"about":[{"href":"https:\/\/www.pmpf.rs.gov.br\/secretaria-de-desenvolvimento-economico\/wp-json\/wp\/v2\/types\/post"}],"author":[{"embeddable":true,"href":"https:\/\/www.pmpf.rs.gov.br\/secretaria-de-desenvolvimento-economico\/wp-json\/wp\/v2\/users\/6"}],"replies":[{"embeddable":true,"href":"https:\/\/www.pmpf.rs.gov.br\/secretaria-de-desenvolvimento-economico\/wp-json\/wp\/v2\/comments?post=2096"}],"version-history":[{"count":1,"href":"https:\/\/www.pmpf.rs.gov.br\/secretaria-de-desenvolvimento-economico\/wp-json\/wp\/v2\/posts\/2096\/revisions"}],"predecessor-version":[{"id":2097,"href":"https:\/\/www.pmpf.rs.gov.br\/secretaria-de-desenvolvimento-economico\/wp-json\/wp\/v2\/posts\/2096\/revisions\/2097"}],"wp:featuredmedia":[{"embeddable":true,"href":"https:\/\/www.pmpf.rs.gov.br\/secretaria-de-desenvolvimento-economico\/wp-json\/wp\/v2\/media\/2098"}],"wp:attachment":[{"href":"https:\/\/www.pmpf.rs.gov.br\/secretaria-de-desenvolvimento-economico\/wp-json\/wp\/v2\/media?parent=2096"}],"wp:term":[{"taxonomy":"category","embeddable":true,"href":"https:\/\/www.pmpf.rs.gov.br\/secretaria-de-desenvolvimento-economico\/wp-json\/wp\/v2\/categories?post=2096"},{"taxonomy":"post_tag","embeddable":true,"href":"https:\/\/www.pmpf.rs.gov.br\/secretaria-de-desenvolvimento-economico\/wp-json\/wp\/v2\/tags?post=2096"}],"curies":[{"name":"wp","href":"https:\/\/api.w.org\/{rel}","templated":true}]}}