{"id":2090,"date":"2023-02-23T14:32:39","date_gmt":"2023-02-23T17:32:39","guid":{"rendered":"https:\/\/www.pmpf.rs.gov.br\/secretaria-de-desenvolvimento-economico\/?p=2090"},"modified":"2023-02-23T14:32:39","modified_gmt":"2023-02-23T17:32:39","slug":"plataforma-logistica-industrial-de-passo-fundo-podera-receber-ate-100-negocios","status":"publish","type":"post","link":"https:\/\/www.pmpf.rs.gov.br\/secretaria-de-desenvolvimento-economico\/2023\/02\/23\/plataforma-logistica-industrial-de-passo-fundo-podera-receber-ate-100-negocios\/","title":{"rendered":"Plataforma Log\u00edstica Industrial de Passo Fundo poder\u00e1 receber at\u00e9 100 neg\u00f3cios"},"content":{"rendered":"\n<p><\/p>\n\n\n\n<p>O projeto para a instala\u00e7\u00e3o da Plataforma Log\u00edstica Industrial de Passo Fundo, em \u00e1rea localizada \u00e0s margens da BR-285, foi apresentado nesta quinta-feira (23) ao prefeito Pedro Almeida e aos secret\u00e1rios de Desenvolvimento Econ\u00f4mico, Diorges Oliveira, e de Planejamento, Giezi Schneider. O empres\u00e1rio Vin\u00edcius Roso, representando a empresa MWR, detalhou a proposta que envolve cerca de 55 hectares e poder\u00e1 atrair at\u00e9 100 neg\u00f3cios nas \u00e1reas de log\u00edstica, com\u00e9rcio e ind\u00fastria.<\/p>\n\n\n\n<p>\u201cEntreguei oficialmente \u00e0 Prefeitura este projeto que \u00e9 muito importante para a nossa regi\u00e3o e tamb\u00e9m para o Estado, j\u00e1 que iniciativas semelhantes acabam se concentrando na Regi\u00e3o Metropolitana de Porto Alegre. Conseguindo as aprova\u00e7\u00f5es necess\u00e1rias em n\u00edvel municipal e estadual, pretendemos come\u00e7ar as obras no in\u00edcio de 2024\u201d, afirmou o empres\u00e1rio.<\/p>\n\n\n\n<p>Atrav\u00e9s do Programa Acelera Passo Fundo, a Prefeitura tem criado um ambiente favor\u00e1vel a novos neg\u00f3cios na cidade, conforme destaca o prefeito Pedro: \u201cNosso foco na educa\u00e7\u00e3o e na forma\u00e7\u00e3o da m\u00e3o de obra, a localiza\u00e7\u00e3o geogr\u00e1fica e o apoio da Prefeitura potencializam a vinda de novos investimentos para a cidade\u201d, observou. Ele destacou, ainda, que a Plataforma Log\u00edstica ir\u00e1 impactar positivamente na comunidade do bairro Zachia, que receber\u00e1 melhorias na infraestrutura e oportunidades de emprego e qualifica\u00e7\u00e3o profissional. Segundo o prefeito, o Munic\u00edpio dever\u00e1 criar cursos ligados \u00e0 Escola das Profiss\u00f5es, que possam atender as necessidades das empresas instaladas na plataforma.<\/p>\n\n\n\n<p>Para o secret\u00e1rio de Desenvolvimento, Diorges Oliveira, o Munic\u00edpio d\u00e1 mais um passo no apoio ao empreendedorismo e atra\u00e7\u00e3o de novas empresas. \u201cA Plataforma Log\u00edstica ser\u00e1 uma oportunidade para empreendedores se instalarem em Passo Fundo e tamb\u00e9m para empresas da cidade que queiram ampliar seus neg\u00f3cios. Um investimento privado que conta com todo o apoio da Prefeitura\u201d, enfatizou.<\/p>\n\n\n\n<p>O projeto prev\u00ea 13 lotes comerciais, 18 lotes industriais\/empresariais e 70 lotes log\u00edsticos. A empresa Reiter Log j\u00e1 est\u00e1 em funcionamento na \u00e1rea. A Plataforma Log\u00edstica busca, tamb\u00e9m, contribuir com as demandas de importa\u00e7\u00e3o e exporta\u00e7\u00e3o de produtos. O plano \u00e9 que no local seja instalada uma aduana para liberar cargas que entram e saem do pa\u00eds.<\/p>\n\n\n\n<p>Atualmente, Passo Fundo possui dois distritos com infraestrutura para receber empreendimentos industriais, comerciais e de servi\u00e7os. O Distrito Invernadinha abriga cerca de 24 empresas, entre elas: BSBIOS e Kuhn do Brasil. O Distrito Paulo Rossatto possui 26 empreendimentos, tais como: Italac e Ambev.<\/p>\n","protected":false},"excerpt":{"rendered":"<p>Projeto para a \u00e1rea localizada \u00e0s margens da BR-285, pr\u00f3xima ao bairro Zacchia, foi apresentado nesta quinta-feira ao prefeito Pedro Almeida<\/p>\n","protected":false},"author":6,"featured_media":2091,"comment_status":"closed","ping_status":"closed","sticky":true,"template":"","format":"standard","meta":{"footnotes":""},"categories":[1],"tags":[],"class_list":["post-2090","post","type-post","status-publish","format-standard","has-post-thumbnail","hentry","category-sem-categoria"],"yoast_head":"<!-- This site is optimized with the Yoast SEO plugin v23.8 - https:\/\/yoast.com\/wordpress\/plugins\/seo\/ -->\n<title>Plataforma Log\u00edstica Industrial de Passo Fundo poder\u00e1 receber at\u00e9 100 neg\u00f3cios - Secretaria de Desenvolvimento Econ\u00f4mico<\/title>\n<meta name=\"robots\" content=\"index, follow, max-snippet:-1, max-image-preview:large, max-video-preview:-1\" \/>\n<link rel=\"canonical\" href=\"https:\/\/www.pmpf.rs.gov.br\/secretaria-de-desenvolvimento-economico\/2023\/02\/23\/plataforma-logistica-industrial-de-passo-fundo-podera-receber-ate-100-negocios\/\" \/>\n<meta property=\"og:locale\" content=\"pt_BR\" \/>\n<meta property=\"og:type\" content=\"article\" \/>\n<meta property=\"og:title\" content=\"Plataforma Log\u00edstica Industrial de Passo Fundo poder\u00e1 receber at\u00e9 100 neg\u00f3cios - Secretaria de Desenvolvimento Econ\u00f4mico\" \/>\n<meta property=\"og:description\" content=\"Projeto para a \u00e1rea localizada \u00e0s margens da BR-285, pr\u00f3xima ao bairro Zacchia, foi apresentado nesta quinta-feira ao prefeito Pedro Almeida\" \/>\n<meta property=\"og:url\" content=\"https:\/\/www.pmpf.rs.gov.br\/secretaria-de-desenvolvimento-economico\/2023\/02\/23\/plataforma-logistica-industrial-de-passo-fundo-podera-receber-ate-100-negocios\/\" \/>\n<meta property=\"og:site_name\" content=\"Secretaria de Desenvolvimento Econ\u00f4mico\" \/>\n<meta property=\"article:published_time\" content=\"2023-02-23T17:32:39+00:00\" \/>\n<meta name=\"author\" content=\"andressazorzetto07\" \/>\n<meta name=\"twitter:card\" content=\"summary_large_image\" \/>\n<meta name=\"twitter:label1\" content=\"Escrito por\" \/>\n\t<meta name=\"twitter:data1\" content=\"andressazorzetto07\" \/>\n\t<meta name=\"twitter:label2\" content=\"Est. tempo de leitura\" \/>\n\t<meta name=\"twitter:data2\" content=\"2 minutos\" \/>\n<script type=\"application\/ld+json\" class=\"yoast-schema-graph\">{\"@context\":\"https:\/\/schema.org\",\"@graph\":[{\"@type\":\"WebPage\",\"@id\":\"https:\/\/www.pmpf.rs.gov.br\/secretaria-de-desenvolvimento-economico\/2023\/02\/23\/plataforma-logistica-industrial-de-passo-fundo-podera-receber-ate-100-negocios\/\",\"url\":\"https:\/\/www.pmpf.rs.gov.br\/secretaria-de-desenvolvimento-economico\/2023\/02\/23\/plataforma-logistica-industrial-de-passo-fundo-podera-receber-ate-100-negocios\/\",\"name\":\"Plataforma Log\u00edstica Industrial de Passo Fundo poder\u00e1 receber at\u00e9 100 neg\u00f3cios - Secretaria de Desenvolvimento Econ\u00f4mico\",\"isPartOf\":{\"@id\":\"https:\/\/www.pmpf.rs.gov.br\/secretaria-de-desenvolvimento-economico\/#website\"},\"primaryImageOfPage\":{\"@id\":\"https:\/\/www.pmpf.rs.gov.br\/secretaria-de-desenvolvimento-economico\/2023\/02\/23\/plataforma-logistica-industrial-de-passo-fundo-podera-receber-ate-100-negocios\/#primaryimage\"},\"image\":{\"@id\":\"https:\/\/www.pmpf.rs.gov.br\/secretaria-de-desenvolvimento-economico\/2023\/02\/23\/plataforma-logistica-industrial-de-passo-fundo-podera-receber-ate-100-negocios\/#primaryimage\"},\"thumbnailUrl\":\"https:\/\/www.pmpf.rs.gov.br\/secretaria-de-desenvolvimento-economico\/wp-content\/uploads\/sites\/27\/2023\/02\/plataforma-logistica.jpg\",\"datePublished\":\"2023-02-23T17:32:39+00:00\",\"dateModified\":\"2023-02-23T17:32:39+00:00\",\"author\":{\"@id\":\"https:\/\/www.pmpf.rs.gov.br\/secretaria-de-desenvolvimento-economico\/#\/schema\/person\/30ee1d1bd74da1469b01fcf086e43351\"},\"inLanguage\":\"pt-BR\",\"potentialAction\":[{\"@type\":\"ReadAction\",\"target\":[\"https:\/\/www.pmpf.rs.gov.br\/secretaria-de-desenvolvimento-economico\/2023\/02\/23\/plataforma-logistica-industrial-de-passo-fundo-podera-receber-ate-100-negocios\/\"]}]},{\"@type\":\"ImageObject\",\"inLanguage\":\"pt-BR\",\"@id\":\"https:\/\/www.pmpf.rs.gov.br\/secretaria-de-desenvolvimento-economico\/2023\/02\/23\/plataforma-logistica-industrial-de-passo-fundo-podera-receber-ate-100-negocios\/#primaryimage\",\"url\":\"https:\/\/www.pmpf.rs.gov.br\/secretaria-de-desenvolvimento-economico\/wp-content\/uploads\/sites\/27\/2023\/02\/plataforma-logistica.jpg\",\"contentUrl\":\"https:\/\/www.pmpf.rs.gov.br\/secretaria-de-desenvolvimento-economico\/wp-content\/uploads\/sites\/27\/2023\/02\/plataforma-logistica.jpg\",\"width\":1600,\"height\":1066},{\"@type\":\"WebSite\",\"@id\":\"https:\/\/www.pmpf.rs.gov.br\/secretaria-de-desenvolvimento-economico\/#website\",\"url\":\"https:\/\/www.pmpf.rs.gov.br\/secretaria-de-desenvolvimento-economico\/\",\"name\":\"Secretaria de Desenvolvimento Econ\u00f4mico\",\"description\":\"S\u00f3 mais um site Prefeitura de Passo Fundo\",\"potentialAction\":[{\"@type\":\"SearchAction\",\"target\":{\"@type\":\"EntryPoint\",\"urlTemplate\":\"https:\/\/www.pmpf.rs.gov.br\/secretaria-de-desenvolvimento-economico\/?s={search_term_string}\"},\"query-input\":{\"@type\":\"PropertyValueSpecification\",\"valueRequired\":true,\"valueName\":\"search_term_string\"}}],\"inLanguage\":\"pt-BR\"},{\"@type\":\"Person\",\"@id\":\"https:\/\/www.pmpf.rs.gov.br\/secretaria-de-desenvolvimento-economico\/#\/schema\/person\/30ee1d1bd74da1469b01fcf086e43351\",\"name\":\"andressazorzetto07\",\"image\":{\"@type\":\"ImageObject\",\"inLanguage\":\"pt-BR\",\"@id\":\"https:\/\/www.pmpf.rs.gov.br\/secretaria-de-desenvolvimento-economico\/#\/schema\/person\/image\/\",\"url\":\"https:\/\/secure.gravatar.com\/avatar\/14c5458ed79dc81da99a13b9ff5f9f19?s=96&d=mm&r=g\",\"contentUrl\":\"https:\/\/secure.gravatar.com\/avatar\/14c5458ed79dc81da99a13b9ff5f9f19?s=96&d=mm&r=g\",\"caption\":\"andressazorzetto07\"},\"url\":\"https:\/\/www.pmpf.rs.gov.br\/secretaria-de-desenvolvimento-economico\/author\/andressazorzetto07\/\"}]}<\/script>\n<!-- \/ Yoast SEO plugin. -->","yoast_head_json":{"title":"Plataforma Log\u00edstica Industrial de Passo Fundo poder\u00e1 receber at\u00e9 100 neg\u00f3cios - Secretaria de Desenvolvimento Econ\u00f4mico","robots":{"index":"index","follow":"follow","max-snippet":"max-snippet:-1","max-image-preview":"max-image-preview:large","max-video-preview":"max-video-preview:-1"},"canonical":"https:\/\/www.pmpf.rs.gov.br\/secretaria-de-desenvolvimento-economico\/2023\/02\/23\/plataforma-logistica-industrial-de-passo-fundo-podera-receber-ate-100-negocios\/","og_locale":"pt_BR","og_type":"article","og_title":"Plataforma Log\u00edstica Industrial de Passo Fundo poder\u00e1 receber at\u00e9 100 neg\u00f3cios - Secretaria de Desenvolvimento Econ\u00f4mico","og_description":"Projeto para a \u00e1rea localizada \u00e0s margens da BR-285, pr\u00f3xima ao bairro Zacchia, foi apresentado nesta quinta-feira ao prefeito Pedro Almeida","og_url":"https:\/\/www.pmpf.rs.gov.br\/secretaria-de-desenvolvimento-economico\/2023\/02\/23\/plataforma-logistica-industrial-de-passo-fundo-podera-receber-ate-100-negocios\/","og_site_name":"Secretaria de Desenvolvimento Econ\u00f4mico","article_published_time":"2023-02-23T17:32:39+00:00","author":"andressazorzetto07","twitter_card":"summary_large_image","twitter_misc":{"Escrito por":"andressazorzetto07","Est. tempo de leitura":"2 minutos"},"schema":{"@context":"https:\/\/schema.org","@graph":[{"@type":"WebPage","@id":"https:\/\/www.pmpf.rs.gov.br\/secretaria-de-desenvolvimento-economico\/2023\/02\/23\/plataforma-logistica-industrial-de-passo-fundo-podera-receber-ate-100-negocios\/","url":"https:\/\/www.pmpf.rs.gov.br\/secretaria-de-desenvolvimento-economico\/2023\/02\/23\/plataforma-logistica-industrial-de-passo-fundo-podera-receber-ate-100-negocios\/","name":"Plataforma Log\u00edstica Industrial de Passo Fundo poder\u00e1 receber at\u00e9 100 neg\u00f3cios - Secretaria de Desenvolvimento Econ\u00f4mico","isPartOf":{"@id":"https:\/\/www.pmpf.rs.gov.br\/secretaria-de-desenvolvimento-economico\/#website"},"primaryImageOfPage":{"@id":"https:\/\/www.pmpf.rs.gov.br\/secretaria-de-desenvolvimento-economico\/2023\/02\/23\/plataforma-logistica-industrial-de-passo-fundo-podera-receber-ate-100-negocios\/#primaryimage"},"image":{"@id":"https:\/\/www.pmpf.rs.gov.br\/secretaria-de-desenvolvimento-economico\/2023\/02\/23\/plataforma-logistica-industrial-de-passo-fundo-podera-receber-ate-100-negocios\/#primaryimage"},"thumbnailUrl":"https:\/\/www.pmpf.rs.gov.br\/secretaria-de-desenvolvimento-economico\/wp-content\/uploads\/sites\/27\/2023\/02\/plataforma-logistica.jpg","datePublished":"2023-02-23T17:32:39+00:00","dateModified":"2023-02-23T17:32:39+00:00","author":{"@id":"https:\/\/www.pmpf.rs.gov.br\/secretaria-de-desenvolvimento-economico\/#\/schema\/person\/30ee1d1bd74da1469b01fcf086e43351"},"inLanguage":"pt-BR","potentialAction":[{"@type":"ReadAction","target":["https:\/\/www.pmpf.rs.gov.br\/secretaria-de-desenvolvimento-economico\/2023\/02\/23\/plataforma-logistica-industrial-de-passo-fundo-podera-receber-ate-100-negocios\/"]}]},{"@type":"ImageObject","inLanguage":"pt-BR","@id":"https:\/\/www.pmpf.rs.gov.br\/secretaria-de-desenvolvimento-economico\/2023\/02\/23\/plataforma-logistica-industrial-de-passo-fundo-podera-receber-ate-100-negocios\/#primaryimage","url":"https:\/\/www.pmpf.rs.gov.br\/secretaria-de-desenvolvimento-economico\/wp-content\/uploads\/sites\/27\/2023\/02\/plataforma-logistica.jpg","contentUrl":"https:\/\/www.pmpf.rs.gov.br\/secretaria-de-desenvolvimento-economico\/wp-content\/uploads\/sites\/27\/2023\/02\/plataforma-logistica.jpg","width":1600,"height":1066},{"@type":"WebSite","@id":"https:\/\/www.pmpf.rs.gov.br\/secretaria-de-desenvolvimento-economico\/#website","url":"https:\/\/www.pmpf.rs.gov.br\/secretaria-de-desenvolvimento-economico\/","name":"Secretaria de Desenvolvimento Econ\u00f4mico","description":"S\u00f3 mais um site Prefeitura de Passo Fundo","potentialAction":[{"@type":"SearchAction","target":{"@type":"EntryPoint","urlTemplate":"https:\/\/www.pmpf.rs.gov.br\/secretaria-de-desenvolvimento-economico\/?s={search_term_string}"},"query-input":{"@type":"PropertyValueSpecification","valueRequired":true,"valueName":"search_term_string"}}],"inLanguage":"pt-BR"},{"@type":"Person","@id":"https:\/\/www.pmpf.rs.gov.br\/secretaria-de-desenvolvimento-economico\/#\/schema\/person\/30ee1d1bd74da1469b01fcf086e43351","name":"andressazorzetto07","image":{"@type":"ImageObject","inLanguage":"pt-BR","@id":"https:\/\/www.pmpf.rs.gov.br\/secretaria-de-desenvolvimento-economico\/#\/schema\/person\/image\/","url":"https:\/\/secure.gravatar.com\/avatar\/14c5458ed79dc81da99a13b9ff5f9f19?s=96&d=mm&r=g","contentUrl":"https:\/\/secure.gravatar.com\/avatar\/14c5458ed79dc81da99a13b9ff5f9f19?s=96&d=mm&r=g","caption":"andressazorzetto07"},"url":"https:\/\/www.pmpf.rs.gov.br\/secretaria-de-desenvolvimento-economico\/author\/andressazorzetto07\/"}]}},"_links":{"self":[{"href":"https:\/\/www.pmpf.rs.gov.br\/secretaria-de-desenvolvimento-economico\/wp-json\/wp\/v2\/posts\/2090"}],"collection":[{"href":"https:\/\/www.pmpf.rs.gov.br\/secretaria-de-desenvolvimento-economico\/wp-json\/wp\/v2\/posts"}],"about":[{"href":"https:\/\/www.pmpf.rs.gov.br\/secretaria-de-desenvolvimento-economico\/wp-json\/wp\/v2\/types\/post"}],"author":[{"embeddable":true,"href":"https:\/\/www.pmpf.rs.gov.br\/secretaria-de-desenvolvimento-economico\/wp-json\/wp\/v2\/users\/6"}],"replies":[{"embeddable":true,"href":"https:\/\/www.pmpf.rs.gov.br\/secretaria-de-desenvolvimento-economico\/wp-json\/wp\/v2\/comments?post=2090"}],"version-history":[{"count":1,"href":"https:\/\/www.pmpf.rs.gov.br\/secretaria-de-desenvolvimento-economico\/wp-json\/wp\/v2\/posts\/2090\/revisions"}],"predecessor-version":[{"id":2092,"href":"https:\/\/www.pmpf.rs.gov.br\/secretaria-de-desenvolvimento-economico\/wp-json\/wp\/v2\/posts\/2090\/revisions\/2092"}],"wp:featuredmedia":[{"embeddable":true,"href":"https:\/\/www.pmpf.rs.gov.br\/secretaria-de-desenvolvimento-economico\/wp-json\/wp\/v2\/media\/2091"}],"wp:attachment":[{"href":"https:\/\/www.pmpf.rs.gov.br\/secretaria-de-desenvolvimento-economico\/wp-json\/wp\/v2\/media?parent=2090"}],"wp:term":[{"taxonomy":"category","embeddable":true,"href":"https:\/\/www.pmpf.rs.gov.br\/secretaria-de-desenvolvimento-economico\/wp-json\/wp\/v2\/categories?post=2090"},{"taxonomy":"post_tag","embeddable":true,"href":"https:\/\/www.pmpf.rs.gov.br\/secretaria-de-desenvolvimento-economico\/wp-json\/wp\/v2\/tags?post=2090"}],"curies":[{"name":"wp","href":"https:\/\/api.w.org\/{rel}","templated":true}]}}