{"id":2079,"date":"2023-01-24T15:41:27","date_gmt":"2023-01-24T18:41:27","guid":{"rendered":"https:\/\/www.pmpf.rs.gov.br\/secretaria-de-desenvolvimento-economico\/?p=2079"},"modified":"2023-01-27T09:46:49","modified_gmt":"2023-01-27T12:46:49","slug":"escola-das-profissoes-prefeitura-abre-inscricoes-para-curso-na-area-da-industria","status":"publish","type":"post","link":"https:\/\/www.pmpf.rs.gov.br\/secretaria-de-desenvolvimento-economico\/2023\/01\/24\/escola-das-profissoes-prefeitura-abre-inscricoes-para-curso-na-area-da-industria\/","title":{"rendered":"<strong>Escola das Profiss\u00f5es: Prefeitura abre inscri\u00e7\u00f5es para curso na \u00e1rea da Ind\u00fastria<\/strong>"},"content":{"rendered":"\n<p><\/p>\n\n\n\n<p><\/p>\n\n\n\n<p>Por meio da Escola das Profiss\u00f5es e de uma parceria com o Senai-RS, a Prefeitura busca formar profissionais para os diversos setores industriais e atender \u00e0s demandas das empresas por m\u00e3o de obra qualificada. Pensando nisso, o Munic\u00edpio abriu as inscri\u00e7\u00f5es para mais um curso na \u00e1rea da Ind\u00fastria, focado na Prepara\u00e7\u00e3o e Opera\u00e7\u00e3o de Torno CNC e Centro de Usinagem. As inscri\u00e7\u00f5es poder\u00e3o ser efetuadas at\u00e9 5 de fevereiro, de forma presencial, na Secretaria Municipal de Desenvolvimento Econ\u00f4mico.<\/p>\n\n\n\n<p>De acordo com o prefeito Pedro Almeida, esta \u00e9 uma grande oportunidade para que os profissionais possam garantir o aperfei\u00e7oamento. \u201cUm dos eixos da Escola das Profiss\u00f5es busca promover a capacita\u00e7\u00e3o profissional para a Ind\u00fastria, impactando em uma maior renda aos profissionais e tamb\u00e9m suprindo a lacuna de m\u00e3o de obra qualificada que, muitas vezes, \u00e9 apontada pelas empresas. A partir da Escola das Profiss\u00f5es e desta parceria com o Senai, a Prefeitura \u00e9 respons\u00e1vel por 70% do valor do curso\u201d, afirma.<\/p>\n\n\n\n<p>Neste caso, o aluno pagar\u00e1 somente 30%, tendo a possibilidade de parcelamento junto ao Senai. Ao todo, s\u00e3o disponibilizadas 14 vagas para o turno da tarde. A sele\u00e7\u00e3o ser\u00e1 por ordem de inscri\u00e7\u00e3o. O curso iniciar\u00e1 no dia 6 de fevereiro e ter\u00e1 dura\u00e7\u00e3o prevista de um m\u00eas, cumprindo 80 horas de aulas. A idade m\u00ednima para a realiza\u00e7\u00e3o \u00e9 16 anos.<br><\/p>\n\n\n\n<p>Para se inscrever, \u00e9 necess\u00e1rio se dirigir at\u00e9 a Secretaria Municipal de Desenvolvimento Econ\u00f4mico, que fica na Avenida General Neto, 443 \u2013 5\u00b0 andar (no mesmo pr\u00e9dio da CDL), portando os documentos pessoais. Mais informa\u00e7\u00f5es podem ser obtidas pelo telefone 54 3314-5546.<\/p>\n\n\n\n<p><\/p>\n\n\n\n<p><strong>75 profissionais j\u00e1 formados para a Ind\u00fastria<\/strong><\/p>\n\n\n\n<p>O curso de Prepara\u00e7\u00e3o e Opera\u00e7\u00e3o de Torno CNC e Centro de Usinagem \u00e9 o quinto realizado pela Prefeitura a partir da Escola das Profiss\u00f5es e da parceria com o Senai. Al\u00e9m deste, outros quatro j\u00e1 foram encerrados, totalizando a qualifica\u00e7\u00e3o de 75 profissionais: Eletricista Predial; Opera\u00e7\u00f5es de Repara\u00e7\u00e3o e Soldagem nos Processos Eletrodo Revestido e MAG; Pedreiro de Alvenaria; e Assentador de Revestimento Cer\u00e2mico.<\/p>\n","protected":false},"excerpt":{"rendered":"<p>Por meio da Escola das Profiss\u00f5es e de uma parceria com o Senai-RS, a Prefeitura busca formar profissionais para os diversos setores industriais e atender \u00e0s demandas das empresas por m\u00e3o de [&hellip;]<\/p>\n","protected":false},"author":6,"featured_media":0,"comment_status":"closed","ping_status":"closed","sticky":true,"template":"","format":"standard","meta":{"footnotes":""},"categories":[1],"tags":[],"class_list":["post-2079","post","type-post","status-publish","format-standard","hentry","category-sem-categoria"],"yoast_head":"<!-- This site is optimized with the Yoast SEO plugin v23.8 - https:\/\/yoast.com\/wordpress\/plugins\/seo\/ -->\n<title>Escola das Profiss\u00f5es: Prefeitura abre inscri\u00e7\u00f5es para curso na \u00e1rea da Ind\u00fastria - Secretaria de Desenvolvimento Econ\u00f4mico<\/title>\n<meta name=\"robots\" content=\"index, follow, max-snippet:-1, max-image-preview:large, max-video-preview:-1\" \/>\n<link rel=\"canonical\" href=\"https:\/\/www.pmpf.rs.gov.br\/secretaria-de-desenvolvimento-economico\/2023\/01\/24\/escola-das-profissoes-prefeitura-abre-inscricoes-para-curso-na-area-da-industria\/\" \/>\n<meta property=\"og:locale\" content=\"pt_BR\" \/>\n<meta property=\"og:type\" content=\"article\" \/>\n<meta property=\"og:title\" content=\"Escola das Profiss\u00f5es: Prefeitura abre inscri\u00e7\u00f5es para curso na \u00e1rea da Ind\u00fastria - Secretaria de Desenvolvimento Econ\u00f4mico\" \/>\n<meta property=\"og:description\" content=\"Por meio da Escola das Profiss\u00f5es e de uma parceria com o Senai-RS, a Prefeitura busca formar profissionais para os diversos setores industriais e atender \u00e0s demandas das empresas por m\u00e3o de [&hellip;]\" \/>\n<meta property=\"og:url\" content=\"https:\/\/www.pmpf.rs.gov.br\/secretaria-de-desenvolvimento-economico\/2023\/01\/24\/escola-das-profissoes-prefeitura-abre-inscricoes-para-curso-na-area-da-industria\/\" \/>\n<meta property=\"og:site_name\" content=\"Secretaria de Desenvolvimento Econ\u00f4mico\" \/>\n<meta property=\"article:published_time\" content=\"2023-01-24T18:41:27+00:00\" \/>\n<meta property=\"article:modified_time\" content=\"2023-01-27T12:46:49+00:00\" \/>\n<meta name=\"author\" content=\"andressazorzetto07\" \/>\n<meta name=\"twitter:card\" content=\"summary_large_image\" \/>\n<meta name=\"twitter:label1\" content=\"Escrito por\" \/>\n\t<meta name=\"twitter:data1\" content=\"andressazorzetto07\" \/>\n\t<meta name=\"twitter:label2\" content=\"Est. tempo de leitura\" \/>\n\t<meta name=\"twitter:data2\" content=\"2 minutos\" \/>\n<script type=\"application\/ld+json\" class=\"yoast-schema-graph\">{\"@context\":\"https:\/\/schema.org\",\"@graph\":[{\"@type\":\"WebPage\",\"@id\":\"https:\/\/www.pmpf.rs.gov.br\/secretaria-de-desenvolvimento-economico\/2023\/01\/24\/escola-das-profissoes-prefeitura-abre-inscricoes-para-curso-na-area-da-industria\/\",\"url\":\"https:\/\/www.pmpf.rs.gov.br\/secretaria-de-desenvolvimento-economico\/2023\/01\/24\/escola-das-profissoes-prefeitura-abre-inscricoes-para-curso-na-area-da-industria\/\",\"name\":\"Escola das Profiss\u00f5es: Prefeitura abre inscri\u00e7\u00f5es para curso na \u00e1rea da Ind\u00fastria - Secretaria de Desenvolvimento Econ\u00f4mico\",\"isPartOf\":{\"@id\":\"https:\/\/www.pmpf.rs.gov.br\/secretaria-de-desenvolvimento-economico\/#website\"},\"datePublished\":\"2023-01-24T18:41:27+00:00\",\"dateModified\":\"2023-01-27T12:46:49+00:00\",\"author\":{\"@id\":\"https:\/\/www.pmpf.rs.gov.br\/secretaria-de-desenvolvimento-economico\/#\/schema\/person\/30ee1d1bd74da1469b01fcf086e43351\"},\"inLanguage\":\"pt-BR\",\"potentialAction\":[{\"@type\":\"ReadAction\",\"target\":[\"https:\/\/www.pmpf.rs.gov.br\/secretaria-de-desenvolvimento-economico\/2023\/01\/24\/escola-das-profissoes-prefeitura-abre-inscricoes-para-curso-na-area-da-industria\/\"]}]},{\"@type\":\"WebSite\",\"@id\":\"https:\/\/www.pmpf.rs.gov.br\/secretaria-de-desenvolvimento-economico\/#website\",\"url\":\"https:\/\/www.pmpf.rs.gov.br\/secretaria-de-desenvolvimento-economico\/\",\"name\":\"Secretaria de Desenvolvimento Econ\u00f4mico\",\"description\":\"S\u00f3 mais um site Prefeitura de Passo Fundo\",\"potentialAction\":[{\"@type\":\"SearchAction\",\"target\":{\"@type\":\"EntryPoint\",\"urlTemplate\":\"https:\/\/www.pmpf.rs.gov.br\/secretaria-de-desenvolvimento-economico\/?s={search_term_string}\"},\"query-input\":{\"@type\":\"PropertyValueSpecification\",\"valueRequired\":true,\"valueName\":\"search_term_string\"}}],\"inLanguage\":\"pt-BR\"},{\"@type\":\"Person\",\"@id\":\"https:\/\/www.pmpf.rs.gov.br\/secretaria-de-desenvolvimento-economico\/#\/schema\/person\/30ee1d1bd74da1469b01fcf086e43351\",\"name\":\"andressazorzetto07\",\"image\":{\"@type\":\"ImageObject\",\"inLanguage\":\"pt-BR\",\"@id\":\"https:\/\/www.pmpf.rs.gov.br\/secretaria-de-desenvolvimento-economico\/#\/schema\/person\/image\/\",\"url\":\"https:\/\/secure.gravatar.com\/avatar\/14c5458ed79dc81da99a13b9ff5f9f19?s=96&d=mm&r=g\",\"contentUrl\":\"https:\/\/secure.gravatar.com\/avatar\/14c5458ed79dc81da99a13b9ff5f9f19?s=96&d=mm&r=g\",\"caption\":\"andressazorzetto07\"},\"url\":\"https:\/\/www.pmpf.rs.gov.br\/secretaria-de-desenvolvimento-economico\/author\/andressazorzetto07\/\"}]}<\/script>\n<!-- \/ Yoast SEO plugin. -->","yoast_head_json":{"title":"Escola das Profiss\u00f5es: Prefeitura abre inscri\u00e7\u00f5es para curso na \u00e1rea da Ind\u00fastria - Secretaria de Desenvolvimento Econ\u00f4mico","robots":{"index":"index","follow":"follow","max-snippet":"max-snippet:-1","max-image-preview":"max-image-preview:large","max-video-preview":"max-video-preview:-1"},"canonical":"https:\/\/www.pmpf.rs.gov.br\/secretaria-de-desenvolvimento-economico\/2023\/01\/24\/escola-das-profissoes-prefeitura-abre-inscricoes-para-curso-na-area-da-industria\/","og_locale":"pt_BR","og_type":"article","og_title":"Escola das Profiss\u00f5es: Prefeitura abre inscri\u00e7\u00f5es para curso na \u00e1rea da Ind\u00fastria - Secretaria de Desenvolvimento Econ\u00f4mico","og_description":"Por meio da Escola das Profiss\u00f5es e de uma parceria com o Senai-RS, a Prefeitura busca formar profissionais para os diversos setores industriais e atender \u00e0s demandas das empresas por m\u00e3o de [&hellip;]","og_url":"https:\/\/www.pmpf.rs.gov.br\/secretaria-de-desenvolvimento-economico\/2023\/01\/24\/escola-das-profissoes-prefeitura-abre-inscricoes-para-curso-na-area-da-industria\/","og_site_name":"Secretaria de Desenvolvimento Econ\u00f4mico","article_published_time":"2023-01-24T18:41:27+00:00","article_modified_time":"2023-01-27T12:46:49+00:00","author":"andressazorzetto07","twitter_card":"summary_large_image","twitter_misc":{"Escrito por":"andressazorzetto07","Est. tempo de leitura":"2 minutos"},"schema":{"@context":"https:\/\/schema.org","@graph":[{"@type":"WebPage","@id":"https:\/\/www.pmpf.rs.gov.br\/secretaria-de-desenvolvimento-economico\/2023\/01\/24\/escola-das-profissoes-prefeitura-abre-inscricoes-para-curso-na-area-da-industria\/","url":"https:\/\/www.pmpf.rs.gov.br\/secretaria-de-desenvolvimento-economico\/2023\/01\/24\/escola-das-profissoes-prefeitura-abre-inscricoes-para-curso-na-area-da-industria\/","name":"Escola das Profiss\u00f5es: Prefeitura abre inscri\u00e7\u00f5es para curso na \u00e1rea da Ind\u00fastria - Secretaria de Desenvolvimento Econ\u00f4mico","isPartOf":{"@id":"https:\/\/www.pmpf.rs.gov.br\/secretaria-de-desenvolvimento-economico\/#website"},"datePublished":"2023-01-24T18:41:27+00:00","dateModified":"2023-01-27T12:46:49+00:00","author":{"@id":"https:\/\/www.pmpf.rs.gov.br\/secretaria-de-desenvolvimento-economico\/#\/schema\/person\/30ee1d1bd74da1469b01fcf086e43351"},"inLanguage":"pt-BR","potentialAction":[{"@type":"ReadAction","target":["https:\/\/www.pmpf.rs.gov.br\/secretaria-de-desenvolvimento-economico\/2023\/01\/24\/escola-das-profissoes-prefeitura-abre-inscricoes-para-curso-na-area-da-industria\/"]}]},{"@type":"WebSite","@id":"https:\/\/www.pmpf.rs.gov.br\/secretaria-de-desenvolvimento-economico\/#website","url":"https:\/\/www.pmpf.rs.gov.br\/secretaria-de-desenvolvimento-economico\/","name":"Secretaria de Desenvolvimento Econ\u00f4mico","description":"S\u00f3 mais um site Prefeitura de Passo Fundo","potentialAction":[{"@type":"SearchAction","target":{"@type":"EntryPoint","urlTemplate":"https:\/\/www.pmpf.rs.gov.br\/secretaria-de-desenvolvimento-economico\/?s={search_term_string}"},"query-input":{"@type":"PropertyValueSpecification","valueRequired":true,"valueName":"search_term_string"}}],"inLanguage":"pt-BR"},{"@type":"Person","@id":"https:\/\/www.pmpf.rs.gov.br\/secretaria-de-desenvolvimento-economico\/#\/schema\/person\/30ee1d1bd74da1469b01fcf086e43351","name":"andressazorzetto07","image":{"@type":"ImageObject","inLanguage":"pt-BR","@id":"https:\/\/www.pmpf.rs.gov.br\/secretaria-de-desenvolvimento-economico\/#\/schema\/person\/image\/","url":"https:\/\/secure.gravatar.com\/avatar\/14c5458ed79dc81da99a13b9ff5f9f19?s=96&d=mm&r=g","contentUrl":"https:\/\/secure.gravatar.com\/avatar\/14c5458ed79dc81da99a13b9ff5f9f19?s=96&d=mm&r=g","caption":"andressazorzetto07"},"url":"https:\/\/www.pmpf.rs.gov.br\/secretaria-de-desenvolvimento-economico\/author\/andressazorzetto07\/"}]}},"_links":{"self":[{"href":"https:\/\/www.pmpf.rs.gov.br\/secretaria-de-desenvolvimento-economico\/wp-json\/wp\/v2\/posts\/2079"}],"collection":[{"href":"https:\/\/www.pmpf.rs.gov.br\/secretaria-de-desenvolvimento-economico\/wp-json\/wp\/v2\/posts"}],"about":[{"href":"https:\/\/www.pmpf.rs.gov.br\/secretaria-de-desenvolvimento-economico\/wp-json\/wp\/v2\/types\/post"}],"author":[{"embeddable":true,"href":"https:\/\/www.pmpf.rs.gov.br\/secretaria-de-desenvolvimento-economico\/wp-json\/wp\/v2\/users\/6"}],"replies":[{"embeddable":true,"href":"https:\/\/www.pmpf.rs.gov.br\/secretaria-de-desenvolvimento-economico\/wp-json\/wp\/v2\/comments?post=2079"}],"version-history":[{"count":1,"href":"https:\/\/www.pmpf.rs.gov.br\/secretaria-de-desenvolvimento-economico\/wp-json\/wp\/v2\/posts\/2079\/revisions"}],"predecessor-version":[{"id":2080,"href":"https:\/\/www.pmpf.rs.gov.br\/secretaria-de-desenvolvimento-economico\/wp-json\/wp\/v2\/posts\/2079\/revisions\/2080"}],"wp:attachment":[{"href":"https:\/\/www.pmpf.rs.gov.br\/secretaria-de-desenvolvimento-economico\/wp-json\/wp\/v2\/media?parent=2079"}],"wp:term":[{"taxonomy":"category","embeddable":true,"href":"https:\/\/www.pmpf.rs.gov.br\/secretaria-de-desenvolvimento-economico\/wp-json\/wp\/v2\/categories?post=2079"},{"taxonomy":"post_tag","embeddable":true,"href":"https:\/\/www.pmpf.rs.gov.br\/secretaria-de-desenvolvimento-economico\/wp-json\/wp\/v2\/tags?post=2079"}],"curies":[{"name":"wp","href":"https:\/\/api.w.org\/{rel}","templated":true}]}}