{"id":1982,"date":"2022-08-04T09:44:22","date_gmt":"2022-08-04T12:44:22","guid":{"rendered":"https:\/\/www.pmpf.rs.gov.br\/secretaria-de-desenvolvimento-economico\/?p=1982"},"modified":"2022-08-04T09:44:23","modified_gmt":"2022-08-04T12:44:23","slug":"prefeitura-apresenta-projeto-para-elaboracao-do-radar-do-turismo-e-destaca-potenciais-de-investimentos-e-incentivo-ao-setor","status":"publish","type":"post","link":"https:\/\/www.pmpf.rs.gov.br\/secretaria-de-desenvolvimento-economico\/2022\/08\/04\/prefeitura-apresenta-projeto-para-elaboracao-do-radar-do-turismo-e-destaca-potenciais-de-investimentos-e-incentivo-ao-setor\/","title":{"rendered":"Prefeitura apresenta projeto para elabora\u00e7\u00e3o do \u2018Radar do Turismo\u2019 e destaca potenciais de investimentos e incentivo ao setor"},"content":{"rendered":"\n<p><\/p>\n\n\n\n<p><\/p>\n\n\n\n<p>Promover o turismo e suas potencialidades, t\u00e3o importante para a economia local est\u00e1 entre os objetivos da constru\u00e7\u00e3o de um plano envolvendo perspectivas de fomento ao setor. O projeto Radar do Turismo, um dos produtos adquiridos pela Prefeitura de Passo Fundo com o Sebrae-RS, foi apresentado pelo prefeito, Pedro Almeida, durante a tarde desta quarta-feira (03), \u00e0s entidades de classe, empres\u00e1rios locais e demais organiza\u00e7\u00f5es que ser\u00e3o beneficiadas com a iniciativa.<\/p>\n\n\n\n<p>Conforme o prefeito, a identifica\u00e7\u00e3o do cen\u00e1rio atual do turismo no munic\u00edpio e as possibilidades de expans\u00e3o e crescimento da atividade s\u00e3o vari\u00e1veis importantes que v\u00e3o compor o documento que ser\u00e1 elaborado pelo Sebrae-RS. \u201cFirmamos este conv\u00eanio para podermos mapear quais projetos est\u00e3o sendo realizados hoje e de que maneira o Poder P\u00fablico pode incentivar e fomentar avan\u00e7os. \u00c9 um estudo que leva em considera\u00e7\u00e3o diversos contextos para apresentar caminhos poss\u00edveis de serem constru\u00eddos\u201d, avaliou Pedro.<\/p>\n\n\n\n<p>Entre as iniciativas destacadas, afirmou o chefe do Executivo, est\u00e1 a revitaliza\u00e7\u00e3o e o reposicionamento do Complexo Tur\u00edstico da Rosel\u00e2ndia. Segundo ele, a Rosel\u00e2ndia \u00e9 uma regi\u00e3o reconhecida por abrigar, al\u00e9m do Parque de Rodeios, tamb\u00e9m clubes sociais, kart\u00f3dromo, \u00e1reas residenciais e de recursos naturais que podem ser utilizados para expandir as atividades existentes no espa\u00e7o, fortalecendo o local como p\u00f3lo de atra\u00e7\u00e3o tur\u00edstica. \u201cEste \u00e9 um investimento importante para o desenvolvimento de novas atividades econ\u00f4micas. Por isso, n\u00f3s j\u00e1 estamos trabalhando na realiza\u00e7\u00e3o de obras de infraestrutura e melhorias que v\u00e3o dar mais sustentabilidade a projetos futuros\u201d, explicou o prefeito.<\/p>\n\n\n\n<p>Com o conv\u00eanio feito entre a Prefeitura e o Sebrae-RS, assegurou Pedro, ser\u00e1 poss\u00edvel ao Munic\u00edpio construir planejamentos de curto, m\u00e9dio e longo prazos para a\u00e7\u00f5es focadas em programas de expans\u00e3o do turismo. A apresenta\u00e7\u00e3o dos projetos, que contemplam ainda a constru\u00e7\u00e3o do Plano Municipal do Turismo, ocorreu na sede da Acisa e integra as programa\u00e7\u00f5es alusivas ao anivers\u00e1rio de 165 anos de Passo Fundo.<\/p>\n\n\n\n<p><\/p>\n\n\n\n<p><strong>Complexo Tur\u00edstico da Rosel\u00e2ndia<br><\/strong>O secret\u00e1rio de Planejamento, Giezi Schneider, complementou que, em fun\u00e7\u00e3o de sua relev\u00e2ncia, a Rosel\u00e2ndia foi contemplada pelo Governo do Estado no programa Avan\u00e7ar no Turismo. Com R$ 3 milh\u00f5es de recursos estaduais e R$ 2,4 milh\u00f5es de contrapartida do Munic\u00edpio, a Avenida Arauc\u00e1ria, que d\u00e1 acesso ao complexo, ser\u00e1 revitalizada em uma extens\u00e3o de 2,1 quil\u00f4metros.<\/p>\n\n\n\n<p>As obras contemplar\u00e3o drenagem, pavimenta\u00e7\u00e3o asf\u00e1ltica, implanta\u00e7\u00e3o de ciclofaixa sinalizada e de um caminh\u00f3dromo no canteiro central, al\u00e9m de nova ilumina\u00e7\u00e3o e paisagismo. \u201cA obra qualificar\u00e1 essa importante via para a comunidade que j\u00e1 reside ali e para as pessoas que utilizam os clubes e outros espa\u00e7os de lazer e turismo dispon\u00edveis. Tamb\u00e9m melhorar\u00e1 o acesso ao distrito de S\u00e3o Roque e potencializar\u00e1 a atratividade da regi\u00e3o para futuros empreendimentos\u201d, mencionou.<\/p>\n\n\n\n<p>Ainda, a Prefeitura confirmou investimentos na revitaliza\u00e7\u00e3o do Parque de Rodeios, com recupera\u00e7\u00e3o da estrutura interna e dos acessos principais e secund\u00e1rios, al\u00e9m da reforma dos banheiros, novo cercado e doca para descarga dos animais e melhorias das instala\u00e7\u00f5es administrativas.<\/p>\n\n\n\n<p><\/p>\n\n\n\n<p><strong>Potencial para o desenvolvimento<br><\/strong>Ao falar sobre o Radar do Turismo, o secret\u00e1rio de Desenvolvimento Econ\u00f4mico, Diorges Oliveira, refor\u00e7ou que o documento cumpre um importante papel de auxiliar o Munic\u00edpio na tomada de decis\u00f5es propositivas para o incentivo ao setor tur\u00edstico em Passo Fundo. \u201cEsse \u00e9 um instrumento fundamental para a inclus\u00e3o de Passo Fundo em pol\u00edticas p\u00fablicas que permitam o repasse de recursos governamentais, sobretudo, do Minist\u00e9rio do Turismo. Com o Radar, poderemos refor\u00e7ar os potenciais do munic\u00edpio a partir de um levantamento que considera o mapeamento dos atrativos tur\u00edsticos, a infraestrutura e os servi\u00e7os dispon\u00edveis. As informa\u00e7\u00f5es tamb\u00e9m ser\u00e3o utilizadas para qualifica\u00e7\u00e3o do setor com o fortalecimento da rede existente e a atra\u00e7\u00e3o de novos investimentos\u201d, apontou.<\/p>\n\n\n\n<p>O secret\u00e1rio comentou ainda que o Sebrae-RS tem experi\u00eancia em ajudar as prefeituras a visualizarem as potencialidades do turismo. \u201cEste vai ser um empenho coletivo, que conta com o poder p\u00fablico, entidades e empres\u00e1rios\u201d, argumentou Oliveira. Para a diretora do Sebrae-RS, Silvana Conterato Berguemmaier, a parceria entre a institui\u00e7\u00e3o e o Munic\u00edpio ser\u00e1 importante para mostrar as potencialidades tur\u00edsticas que podem ser exploradas para fomentar o desenvolvimento do setor.<\/p>\n\n\n\n<p>Durante a atividade, a especialista em Competitividade Setorial do Turismo do Sebrae-RS, Amanda Bonotto Hoffmann Paim, fez uma apresenta\u00e7\u00e3o sobre o plano de atividades que ser\u00e1 desenvolvido.<\/p>\n","protected":false},"excerpt":{"rendered":"<p>Projeto ser\u00e1 executado pelo Munic\u00edpio e pelo Sebrae-RS, apresentando perspectivas para a atra\u00e7\u00e3o de novos empreendimentos e projetos. Entre as iniciativas est\u00e3o a potencializa\u00e7\u00e3o do Complexo Tur\u00edstico da Rosel\u00e2ndia e o desenvolvimento de pol\u00edticas p\u00fablicas de est\u00edmulo a diferentes iniciativas tur\u00edsticas<\/p>\n","protected":false},"author":6,"featured_media":1983,"comment_status":"closed","ping_status":"closed","sticky":true,"template":"","format":"standard","meta":{"footnotes":""},"categories":[27],"tags":[],"class_list":["post-1982","post","type-post","status-publish","format-standard","has-post-thumbnail","hentry","category-turismo"],"yoast_head":"<!-- This site is optimized with the Yoast SEO plugin v23.8 - https:\/\/yoast.com\/wordpress\/plugins\/seo\/ -->\n<title>Prefeitura apresenta projeto para elabora\u00e7\u00e3o do \u2018Radar do Turismo\u2019 e destaca potenciais de investimentos e incentivo ao setor - Secretaria de Desenvolvimento Econ\u00f4mico<\/title>\n<meta name=\"robots\" content=\"index, follow, max-snippet:-1, max-image-preview:large, max-video-preview:-1\" \/>\n<link rel=\"canonical\" href=\"https:\/\/www.pmpf.rs.gov.br\/secretaria-de-desenvolvimento-economico\/2022\/08\/04\/prefeitura-apresenta-projeto-para-elaboracao-do-radar-do-turismo-e-destaca-potenciais-de-investimentos-e-incentivo-ao-setor\/\" \/>\n<meta property=\"og:locale\" content=\"pt_BR\" \/>\n<meta property=\"og:type\" content=\"article\" \/>\n<meta property=\"og:title\" content=\"Prefeitura apresenta projeto para elabora\u00e7\u00e3o do \u2018Radar do Turismo\u2019 e destaca potenciais de investimentos e incentivo ao setor - Secretaria de Desenvolvimento Econ\u00f4mico\" \/>\n<meta property=\"og:description\" content=\"Projeto ser\u00e1 executado pelo Munic\u00edpio e pelo Sebrae-RS, apresentando perspectivas para a atra\u00e7\u00e3o de novos empreendimentos e projetos. Entre as iniciativas est\u00e3o a potencializa\u00e7\u00e3o do Complexo Tur\u00edstico da Rosel\u00e2ndia e o desenvolvimento de pol\u00edticas p\u00fablicas de est\u00edmulo a diferentes iniciativas tur\u00edsticas\" \/>\n<meta property=\"og:url\" content=\"https:\/\/www.pmpf.rs.gov.br\/secretaria-de-desenvolvimento-economico\/2022\/08\/04\/prefeitura-apresenta-projeto-para-elaboracao-do-radar-do-turismo-e-destaca-potenciais-de-investimentos-e-incentivo-ao-setor\/\" \/>\n<meta property=\"og:site_name\" content=\"Secretaria de Desenvolvimento Econ\u00f4mico\" \/>\n<meta property=\"article:published_time\" content=\"2022-08-04T12:44:22+00:00\" \/>\n<meta property=\"article:modified_time\" content=\"2022-08-04T12:44:23+00:00\" \/>\n<meta name=\"author\" content=\"andressazorzetto07\" \/>\n<meta name=\"twitter:card\" content=\"summary_large_image\" \/>\n<meta name=\"twitter:label1\" content=\"Escrito por\" \/>\n\t<meta name=\"twitter:data1\" content=\"andressazorzetto07\" \/>\n\t<meta name=\"twitter:label2\" content=\"Est. tempo de leitura\" \/>\n\t<meta name=\"twitter:data2\" content=\"4 minutos\" \/>\n<script type=\"application\/ld+json\" class=\"yoast-schema-graph\">{\"@context\":\"https:\/\/schema.org\",\"@graph\":[{\"@type\":\"WebPage\",\"@id\":\"https:\/\/www.pmpf.rs.gov.br\/secretaria-de-desenvolvimento-economico\/2022\/08\/04\/prefeitura-apresenta-projeto-para-elaboracao-do-radar-do-turismo-e-destaca-potenciais-de-investimentos-e-incentivo-ao-setor\/\",\"url\":\"https:\/\/www.pmpf.rs.gov.br\/secretaria-de-desenvolvimento-economico\/2022\/08\/04\/prefeitura-apresenta-projeto-para-elaboracao-do-radar-do-turismo-e-destaca-potenciais-de-investimentos-e-incentivo-ao-setor\/\",\"name\":\"Prefeitura apresenta projeto para elabora\u00e7\u00e3o do \u2018Radar do Turismo\u2019 e destaca potenciais de investimentos e incentivo ao setor - Secretaria de Desenvolvimento Econ\u00f4mico\",\"isPartOf\":{\"@id\":\"https:\/\/www.pmpf.rs.gov.br\/secretaria-de-desenvolvimento-economico\/#website\"},\"primaryImageOfPage\":{\"@id\":\"https:\/\/www.pmpf.rs.gov.br\/secretaria-de-desenvolvimento-economico\/2022\/08\/04\/prefeitura-apresenta-projeto-para-elaboracao-do-radar-do-turismo-e-destaca-potenciais-de-investimentos-e-incentivo-ao-setor\/#primaryimage\"},\"image\":{\"@id\":\"https:\/\/www.pmpf.rs.gov.br\/secretaria-de-desenvolvimento-economico\/2022\/08\/04\/prefeitura-apresenta-projeto-para-elaboracao-do-radar-do-turismo-e-destaca-potenciais-de-investimentos-e-incentivo-ao-setor\/#primaryimage\"},\"thumbnailUrl\":\"https:\/\/www.pmpf.rs.gov.br\/secretaria-de-desenvolvimento-economico\/wp-content\/uploads\/sites\/27\/2022\/08\/2d1fdde9-fa75-4b2d-8c4f-0954e1bd2d12.jpg\",\"datePublished\":\"2022-08-04T12:44:22+00:00\",\"dateModified\":\"2022-08-04T12:44:23+00:00\",\"author\":{\"@id\":\"https:\/\/www.pmpf.rs.gov.br\/secretaria-de-desenvolvimento-economico\/#\/schema\/person\/30ee1d1bd74da1469b01fcf086e43351\"},\"inLanguage\":\"pt-BR\",\"potentialAction\":[{\"@type\":\"ReadAction\",\"target\":[\"https:\/\/www.pmpf.rs.gov.br\/secretaria-de-desenvolvimento-economico\/2022\/08\/04\/prefeitura-apresenta-projeto-para-elaboracao-do-radar-do-turismo-e-destaca-potenciais-de-investimentos-e-incentivo-ao-setor\/\"]}]},{\"@type\":\"ImageObject\",\"inLanguage\":\"pt-BR\",\"@id\":\"https:\/\/www.pmpf.rs.gov.br\/secretaria-de-desenvolvimento-economico\/2022\/08\/04\/prefeitura-apresenta-projeto-para-elaboracao-do-radar-do-turismo-e-destaca-potenciais-de-investimentos-e-incentivo-ao-setor\/#primaryimage\",\"url\":\"https:\/\/www.pmpf.rs.gov.br\/secretaria-de-desenvolvimento-economico\/wp-content\/uploads\/sites\/27\/2022\/08\/2d1fdde9-fa75-4b2d-8c4f-0954e1bd2d12.jpg\",\"contentUrl\":\"https:\/\/www.pmpf.rs.gov.br\/secretaria-de-desenvolvimento-economico\/wp-content\/uploads\/sites\/27\/2022\/08\/2d1fdde9-fa75-4b2d-8c4f-0954e1bd2d12.jpg\",\"width\":1600,\"height\":898},{\"@type\":\"WebSite\",\"@id\":\"https:\/\/www.pmpf.rs.gov.br\/secretaria-de-desenvolvimento-economico\/#website\",\"url\":\"https:\/\/www.pmpf.rs.gov.br\/secretaria-de-desenvolvimento-economico\/\",\"name\":\"Secretaria de Desenvolvimento Econ\u00f4mico\",\"description\":\"S\u00f3 mais um site Prefeitura de Passo Fundo\",\"potentialAction\":[{\"@type\":\"SearchAction\",\"target\":{\"@type\":\"EntryPoint\",\"urlTemplate\":\"https:\/\/www.pmpf.rs.gov.br\/secretaria-de-desenvolvimento-economico\/?s={search_term_string}\"},\"query-input\":{\"@type\":\"PropertyValueSpecification\",\"valueRequired\":true,\"valueName\":\"search_term_string\"}}],\"inLanguage\":\"pt-BR\"},{\"@type\":\"Person\",\"@id\":\"https:\/\/www.pmpf.rs.gov.br\/secretaria-de-desenvolvimento-economico\/#\/schema\/person\/30ee1d1bd74da1469b01fcf086e43351\",\"name\":\"andressazorzetto07\",\"image\":{\"@type\":\"ImageObject\",\"inLanguage\":\"pt-BR\",\"@id\":\"https:\/\/www.pmpf.rs.gov.br\/secretaria-de-desenvolvimento-economico\/#\/schema\/person\/image\/\",\"url\":\"https:\/\/secure.gravatar.com\/avatar\/14c5458ed79dc81da99a13b9ff5f9f19?s=96&d=mm&r=g\",\"contentUrl\":\"https:\/\/secure.gravatar.com\/avatar\/14c5458ed79dc81da99a13b9ff5f9f19?s=96&d=mm&r=g\",\"caption\":\"andressazorzetto07\"},\"url\":\"https:\/\/www.pmpf.rs.gov.br\/secretaria-de-desenvolvimento-economico\/author\/andressazorzetto07\/\"}]}<\/script>\n<!-- \/ Yoast SEO plugin. -->","yoast_head_json":{"title":"Prefeitura apresenta projeto para elabora\u00e7\u00e3o do \u2018Radar do Turismo\u2019 e destaca potenciais de investimentos e incentivo ao setor - Secretaria de Desenvolvimento Econ\u00f4mico","robots":{"index":"index","follow":"follow","max-snippet":"max-snippet:-1","max-image-preview":"max-image-preview:large","max-video-preview":"max-video-preview:-1"},"canonical":"https:\/\/www.pmpf.rs.gov.br\/secretaria-de-desenvolvimento-economico\/2022\/08\/04\/prefeitura-apresenta-projeto-para-elaboracao-do-radar-do-turismo-e-destaca-potenciais-de-investimentos-e-incentivo-ao-setor\/","og_locale":"pt_BR","og_type":"article","og_title":"Prefeitura apresenta projeto para elabora\u00e7\u00e3o do \u2018Radar do Turismo\u2019 e destaca potenciais de investimentos e incentivo ao setor - Secretaria de Desenvolvimento Econ\u00f4mico","og_description":"Projeto ser\u00e1 executado pelo Munic\u00edpio e pelo Sebrae-RS, apresentando perspectivas para a atra\u00e7\u00e3o de novos empreendimentos e projetos. Entre as iniciativas est\u00e3o a potencializa\u00e7\u00e3o do Complexo Tur\u00edstico da Rosel\u00e2ndia e o desenvolvimento de pol\u00edticas p\u00fablicas de est\u00edmulo a diferentes iniciativas tur\u00edsticas","og_url":"https:\/\/www.pmpf.rs.gov.br\/secretaria-de-desenvolvimento-economico\/2022\/08\/04\/prefeitura-apresenta-projeto-para-elaboracao-do-radar-do-turismo-e-destaca-potenciais-de-investimentos-e-incentivo-ao-setor\/","og_site_name":"Secretaria de Desenvolvimento Econ\u00f4mico","article_published_time":"2022-08-04T12:44:22+00:00","article_modified_time":"2022-08-04T12:44:23+00:00","author":"andressazorzetto07","twitter_card":"summary_large_image","twitter_misc":{"Escrito por":"andressazorzetto07","Est. tempo de leitura":"4 minutos"},"schema":{"@context":"https:\/\/schema.org","@graph":[{"@type":"WebPage","@id":"https:\/\/www.pmpf.rs.gov.br\/secretaria-de-desenvolvimento-economico\/2022\/08\/04\/prefeitura-apresenta-projeto-para-elaboracao-do-radar-do-turismo-e-destaca-potenciais-de-investimentos-e-incentivo-ao-setor\/","url":"https:\/\/www.pmpf.rs.gov.br\/secretaria-de-desenvolvimento-economico\/2022\/08\/04\/prefeitura-apresenta-projeto-para-elaboracao-do-radar-do-turismo-e-destaca-potenciais-de-investimentos-e-incentivo-ao-setor\/","name":"Prefeitura apresenta projeto para elabora\u00e7\u00e3o do \u2018Radar do Turismo\u2019 e destaca potenciais de investimentos e incentivo ao setor - Secretaria de Desenvolvimento Econ\u00f4mico","isPartOf":{"@id":"https:\/\/www.pmpf.rs.gov.br\/secretaria-de-desenvolvimento-economico\/#website"},"primaryImageOfPage":{"@id":"https:\/\/www.pmpf.rs.gov.br\/secretaria-de-desenvolvimento-economico\/2022\/08\/04\/prefeitura-apresenta-projeto-para-elaboracao-do-radar-do-turismo-e-destaca-potenciais-de-investimentos-e-incentivo-ao-setor\/#primaryimage"},"image":{"@id":"https:\/\/www.pmpf.rs.gov.br\/secretaria-de-desenvolvimento-economico\/2022\/08\/04\/prefeitura-apresenta-projeto-para-elaboracao-do-radar-do-turismo-e-destaca-potenciais-de-investimentos-e-incentivo-ao-setor\/#primaryimage"},"thumbnailUrl":"https:\/\/www.pmpf.rs.gov.br\/secretaria-de-desenvolvimento-economico\/wp-content\/uploads\/sites\/27\/2022\/08\/2d1fdde9-fa75-4b2d-8c4f-0954e1bd2d12.jpg","datePublished":"2022-08-04T12:44:22+00:00","dateModified":"2022-08-04T12:44:23+00:00","author":{"@id":"https:\/\/www.pmpf.rs.gov.br\/secretaria-de-desenvolvimento-economico\/#\/schema\/person\/30ee1d1bd74da1469b01fcf086e43351"},"inLanguage":"pt-BR","potentialAction":[{"@type":"ReadAction","target":["https:\/\/www.pmpf.rs.gov.br\/secretaria-de-desenvolvimento-economico\/2022\/08\/04\/prefeitura-apresenta-projeto-para-elaboracao-do-radar-do-turismo-e-destaca-potenciais-de-investimentos-e-incentivo-ao-setor\/"]}]},{"@type":"ImageObject","inLanguage":"pt-BR","@id":"https:\/\/www.pmpf.rs.gov.br\/secretaria-de-desenvolvimento-economico\/2022\/08\/04\/prefeitura-apresenta-projeto-para-elaboracao-do-radar-do-turismo-e-destaca-potenciais-de-investimentos-e-incentivo-ao-setor\/#primaryimage","url":"https:\/\/www.pmpf.rs.gov.br\/secretaria-de-desenvolvimento-economico\/wp-content\/uploads\/sites\/27\/2022\/08\/2d1fdde9-fa75-4b2d-8c4f-0954e1bd2d12.jpg","contentUrl":"https:\/\/www.pmpf.rs.gov.br\/secretaria-de-desenvolvimento-economico\/wp-content\/uploads\/sites\/27\/2022\/08\/2d1fdde9-fa75-4b2d-8c4f-0954e1bd2d12.jpg","width":1600,"height":898},{"@type":"WebSite","@id":"https:\/\/www.pmpf.rs.gov.br\/secretaria-de-desenvolvimento-economico\/#website","url":"https:\/\/www.pmpf.rs.gov.br\/secretaria-de-desenvolvimento-economico\/","name":"Secretaria de Desenvolvimento Econ\u00f4mico","description":"S\u00f3 mais um site Prefeitura de Passo Fundo","potentialAction":[{"@type":"SearchAction","target":{"@type":"EntryPoint","urlTemplate":"https:\/\/www.pmpf.rs.gov.br\/secretaria-de-desenvolvimento-economico\/?s={search_term_string}"},"query-input":{"@type":"PropertyValueSpecification","valueRequired":true,"valueName":"search_term_string"}}],"inLanguage":"pt-BR"},{"@type":"Person","@id":"https:\/\/www.pmpf.rs.gov.br\/secretaria-de-desenvolvimento-economico\/#\/schema\/person\/30ee1d1bd74da1469b01fcf086e43351","name":"andressazorzetto07","image":{"@type":"ImageObject","inLanguage":"pt-BR","@id":"https:\/\/www.pmpf.rs.gov.br\/secretaria-de-desenvolvimento-economico\/#\/schema\/person\/image\/","url":"https:\/\/secure.gravatar.com\/avatar\/14c5458ed79dc81da99a13b9ff5f9f19?s=96&d=mm&r=g","contentUrl":"https:\/\/secure.gravatar.com\/avatar\/14c5458ed79dc81da99a13b9ff5f9f19?s=96&d=mm&r=g","caption":"andressazorzetto07"},"url":"https:\/\/www.pmpf.rs.gov.br\/secretaria-de-desenvolvimento-economico\/author\/andressazorzetto07\/"}]}},"_links":{"self":[{"href":"https:\/\/www.pmpf.rs.gov.br\/secretaria-de-desenvolvimento-economico\/wp-json\/wp\/v2\/posts\/1982"}],"collection":[{"href":"https:\/\/www.pmpf.rs.gov.br\/secretaria-de-desenvolvimento-economico\/wp-json\/wp\/v2\/posts"}],"about":[{"href":"https:\/\/www.pmpf.rs.gov.br\/secretaria-de-desenvolvimento-economico\/wp-json\/wp\/v2\/types\/post"}],"author":[{"embeddable":true,"href":"https:\/\/www.pmpf.rs.gov.br\/secretaria-de-desenvolvimento-economico\/wp-json\/wp\/v2\/users\/6"}],"replies":[{"embeddable":true,"href":"https:\/\/www.pmpf.rs.gov.br\/secretaria-de-desenvolvimento-economico\/wp-json\/wp\/v2\/comments?post=1982"}],"version-history":[{"count":1,"href":"https:\/\/www.pmpf.rs.gov.br\/secretaria-de-desenvolvimento-economico\/wp-json\/wp\/v2\/posts\/1982\/revisions"}],"predecessor-version":[{"id":1984,"href":"https:\/\/www.pmpf.rs.gov.br\/secretaria-de-desenvolvimento-economico\/wp-json\/wp\/v2\/posts\/1982\/revisions\/1984"}],"wp:featuredmedia":[{"embeddable":true,"href":"https:\/\/www.pmpf.rs.gov.br\/secretaria-de-desenvolvimento-economico\/wp-json\/wp\/v2\/media\/1983"}],"wp:attachment":[{"href":"https:\/\/www.pmpf.rs.gov.br\/secretaria-de-desenvolvimento-economico\/wp-json\/wp\/v2\/media?parent=1982"}],"wp:term":[{"taxonomy":"category","embeddable":true,"href":"https:\/\/www.pmpf.rs.gov.br\/secretaria-de-desenvolvimento-economico\/wp-json\/wp\/v2\/categories?post=1982"},{"taxonomy":"post_tag","embeddable":true,"href":"https:\/\/www.pmpf.rs.gov.br\/secretaria-de-desenvolvimento-economico\/wp-json\/wp\/v2\/tags?post=1982"}],"curies":[{"name":"wp","href":"https:\/\/api.w.org\/{rel}","templated":true}]}}