{"id":1952,"date":"2022-07-26T15:00:57","date_gmt":"2022-07-26T18:00:57","guid":{"rendered":"https:\/\/www.pmpf.rs.gov.br\/secretaria-de-desenvolvimento-economico\/?p=1952"},"modified":"2022-07-26T15:00:58","modified_gmt":"2022-07-26T18:00:58","slug":"passo-fundo-tem-mais-de-18-mil-meis","status":"publish","type":"post","link":"https:\/\/www.pmpf.rs.gov.br\/secretaria-de-desenvolvimento-economico\/2022\/07\/26\/passo-fundo-tem-mais-de-18-mil-meis\/","title":{"rendered":"Passo Fundo tem mais de 18 mil MEIs"},"content":{"rendered":"\n<p><br>O n\u00famero de Microempreendedores Individuais (MEIs) vem batendo recordes em Passo Fundo. Conforme o Portal do Empreendedor do Governo Federal, o munic\u00edpio, que tinha 15,1 mil cadastros ativos em janeiro de 2021, hoje conta com 18,3 mil profissionais.<\/p>\n\n\n\n<p>Para o prefeito, Pedro Almeida, o crescimento das microempresas \u00e9 amparado pelas iniciativas da Prefeitura dentro do programa Acelera Passo Fundo, principalmente, com a desburocratiza\u00e7\u00e3o e a digitaliza\u00e7\u00e3o de processos. \u201cA pandemia impactou diretamente nas atividades econ\u00f4micas e, frente a isso, criamos o Acelera, que foi desdobrado para muitas a\u00e7\u00f5es de apoio e incentivo econ\u00f4mico. Uma das principais iniciativas foi facilitar a abertura de novas empresas com a gera\u00e7\u00e3o de trabalho e renda para os passo-fundenses\u201d, destaca.<\/p>\n\n\n\n<p>Al\u00e9m disso, em breve, a Prefeitura ir\u00e1 inaugurar a Escola das Profiss\u00f5es. Somando o conv\u00eanio firmado com o Senai, ser\u00e3o mais de 50 cursos gratuitos \u00e0 comunidade. \u201cEsse tamb\u00e9m \u00e9 um est\u00edmulo para que mais pessoas possam entrar no mercado de trabalho ou empreender. Haver\u00e1 a oportunidade de elas fazerem uma trilha de conhecimentos com orienta\u00e7\u00f5es de como planejar e montar seu neg\u00f3cio e demais no\u00e7\u00f5es para que possam permanecer no mercado prestando servi\u00e7os e evoluir como MEIs\u201d, considerou o prefeito.<\/p>\n\n\n\n<p>Entre os cadastros ativos na cidade, h\u00e1 10 principais atividades: com\u00e9rcio varejista de vestu\u00e1rio e acess\u00f3rios; cabeleireiro, manicure e pedicure, obras de alvenaria; promo\u00e7\u00e3o de vendas; est\u00e9tica e outros servi\u00e7os de cuidados com a beleza; instala\u00e7\u00e3o e manuten\u00e7\u00e3o el\u00e9trica; servi\u00e7os de pintura em pr\u00e9dios; alimentos preparados para consumo; lanchonete e similares; servi\u00e7os dom\u00e9sticos.<\/p>\n\n\n\n<p><\/p>\n\n\n\n<p><strong>Caminho para obter cadastro como MEI<br><\/strong>O secret\u00e1rio de Desenvolvimento, Diorges Oliveira, explica que as inscri\u00e7\u00f5es para os MEIs s\u00e3o realizadas em um sistema do Governo Federal. Em seguida, o Pedido de Alvar\u00e1 de Funcionamento \u00e9 feito pelo site da Prefeitura (www.passofundo.rs.gov.br).<\/p>\n\n\n\n<p>\u201cOs microempreendedores individuais fazem sua inscri\u00e7\u00e3o no Portal do Empreendedor do Governo Federal. Neste espa\u00e7o, efetivam a sua inscri\u00e7\u00e3o e o registro de Pessoa Jur\u00eddica e recebem o Certificado do MEI e o CNPJ. Depois, acessam o Portal da Prefeitura Municipal e, na aba \u201dServi\u00e7os&#8221;, o &#8220;Pedido de Alvar\u00e1 de Funcionamento&#8221;, tendo acesso ao protocolo eletr\u00f4nico do alvar\u00e1, que \u00e9 analisado pela Secretaria de Desenvolvimento. Ap\u00f3s o recebimento do documento de alvar\u00e1, j\u00e1 conseguem o acesso \u00e0s notas fiscais de servi\u00e7o\u201d, justifica, enfatizando que n\u00e3o existe nenhum custo para esse servi\u00e7o nem para a libera\u00e7\u00e3o de nota fiscal pela Secretaria de Finan\u00e7as.<\/p>\n","protected":false},"excerpt":{"rendered":"<p>A partir de programas como o Acelera Passo Fundo e a Escola das Profiss\u00f5es, a Prefeitura busca dar suporte aos microempreendedores individuais<\/p>\n","protected":false},"author":6,"featured_media":0,"comment_status":"closed","ping_status":"closed","sticky":true,"template":"","format":"standard","meta":{"footnotes":""},"categories":[25],"tags":[],"class_list":["post-1952","post","type-post","status-publish","format-standard","hentry","category-acelera-passo-fundo"],"yoast_head":"<!-- This site is optimized with the Yoast SEO plugin v23.8 - https:\/\/yoast.com\/wordpress\/plugins\/seo\/ -->\n<title>Passo Fundo tem mais de 18 mil MEIs - Secretaria de Desenvolvimento Econ\u00f4mico<\/title>\n<meta name=\"robots\" content=\"index, follow, max-snippet:-1, max-image-preview:large, max-video-preview:-1\" \/>\n<link rel=\"canonical\" href=\"https:\/\/www.pmpf.rs.gov.br\/secretaria-de-desenvolvimento-economico\/2022\/07\/26\/passo-fundo-tem-mais-de-18-mil-meis\/\" \/>\n<meta property=\"og:locale\" content=\"pt_BR\" \/>\n<meta property=\"og:type\" content=\"article\" \/>\n<meta property=\"og:title\" content=\"Passo Fundo tem mais de 18 mil MEIs - Secretaria de Desenvolvimento Econ\u00f4mico\" \/>\n<meta property=\"og:description\" content=\"A partir de programas como o Acelera Passo Fundo e a Escola das Profiss\u00f5es, a Prefeitura busca dar suporte aos microempreendedores individuais\" \/>\n<meta property=\"og:url\" content=\"https:\/\/www.pmpf.rs.gov.br\/secretaria-de-desenvolvimento-economico\/2022\/07\/26\/passo-fundo-tem-mais-de-18-mil-meis\/\" \/>\n<meta property=\"og:site_name\" content=\"Secretaria de Desenvolvimento Econ\u00f4mico\" \/>\n<meta property=\"article:published_time\" content=\"2022-07-26T18:00:57+00:00\" \/>\n<meta property=\"article:modified_time\" content=\"2022-07-26T18:00:58+00:00\" \/>\n<meta name=\"author\" content=\"andressazorzetto07\" \/>\n<meta name=\"twitter:card\" content=\"summary_large_image\" \/>\n<meta name=\"twitter:label1\" content=\"Escrito por\" \/>\n\t<meta name=\"twitter:data1\" content=\"andressazorzetto07\" \/>\n\t<meta name=\"twitter:label2\" content=\"Est. tempo de leitura\" \/>\n\t<meta name=\"twitter:data2\" content=\"2 minutos\" \/>\n<script type=\"application\/ld+json\" class=\"yoast-schema-graph\">{\"@context\":\"https:\/\/schema.org\",\"@graph\":[{\"@type\":\"WebPage\",\"@id\":\"https:\/\/www.pmpf.rs.gov.br\/secretaria-de-desenvolvimento-economico\/2022\/07\/26\/passo-fundo-tem-mais-de-18-mil-meis\/\",\"url\":\"https:\/\/www.pmpf.rs.gov.br\/secretaria-de-desenvolvimento-economico\/2022\/07\/26\/passo-fundo-tem-mais-de-18-mil-meis\/\",\"name\":\"Passo Fundo tem mais de 18 mil MEIs - Secretaria de Desenvolvimento Econ\u00f4mico\",\"isPartOf\":{\"@id\":\"https:\/\/www.pmpf.rs.gov.br\/secretaria-de-desenvolvimento-economico\/#website\"},\"datePublished\":\"2022-07-26T18:00:57+00:00\",\"dateModified\":\"2022-07-26T18:00:58+00:00\",\"author\":{\"@id\":\"https:\/\/www.pmpf.rs.gov.br\/secretaria-de-desenvolvimento-economico\/#\/schema\/person\/30ee1d1bd74da1469b01fcf086e43351\"},\"inLanguage\":\"pt-BR\",\"potentialAction\":[{\"@type\":\"ReadAction\",\"target\":[\"https:\/\/www.pmpf.rs.gov.br\/secretaria-de-desenvolvimento-economico\/2022\/07\/26\/passo-fundo-tem-mais-de-18-mil-meis\/\"]}]},{\"@type\":\"WebSite\",\"@id\":\"https:\/\/www.pmpf.rs.gov.br\/secretaria-de-desenvolvimento-economico\/#website\",\"url\":\"https:\/\/www.pmpf.rs.gov.br\/secretaria-de-desenvolvimento-economico\/\",\"name\":\"Secretaria de Desenvolvimento Econ\u00f4mico\",\"description\":\"S\u00f3 mais um site Prefeitura de Passo Fundo\",\"potentialAction\":[{\"@type\":\"SearchAction\",\"target\":{\"@type\":\"EntryPoint\",\"urlTemplate\":\"https:\/\/www.pmpf.rs.gov.br\/secretaria-de-desenvolvimento-economico\/?s={search_term_string}\"},\"query-input\":{\"@type\":\"PropertyValueSpecification\",\"valueRequired\":true,\"valueName\":\"search_term_string\"}}],\"inLanguage\":\"pt-BR\"},{\"@type\":\"Person\",\"@id\":\"https:\/\/www.pmpf.rs.gov.br\/secretaria-de-desenvolvimento-economico\/#\/schema\/person\/30ee1d1bd74da1469b01fcf086e43351\",\"name\":\"andressazorzetto07\",\"image\":{\"@type\":\"ImageObject\",\"inLanguage\":\"pt-BR\",\"@id\":\"https:\/\/www.pmpf.rs.gov.br\/secretaria-de-desenvolvimento-economico\/#\/schema\/person\/image\/\",\"url\":\"https:\/\/secure.gravatar.com\/avatar\/14c5458ed79dc81da99a13b9ff5f9f19?s=96&d=mm&r=g\",\"contentUrl\":\"https:\/\/secure.gravatar.com\/avatar\/14c5458ed79dc81da99a13b9ff5f9f19?s=96&d=mm&r=g\",\"caption\":\"andressazorzetto07\"},\"url\":\"https:\/\/www.pmpf.rs.gov.br\/secretaria-de-desenvolvimento-economico\/author\/andressazorzetto07\/\"}]}<\/script>\n<!-- \/ Yoast SEO plugin. -->","yoast_head_json":{"title":"Passo Fundo tem mais de 18 mil MEIs - Secretaria de Desenvolvimento Econ\u00f4mico","robots":{"index":"index","follow":"follow","max-snippet":"max-snippet:-1","max-image-preview":"max-image-preview:large","max-video-preview":"max-video-preview:-1"},"canonical":"https:\/\/www.pmpf.rs.gov.br\/secretaria-de-desenvolvimento-economico\/2022\/07\/26\/passo-fundo-tem-mais-de-18-mil-meis\/","og_locale":"pt_BR","og_type":"article","og_title":"Passo Fundo tem mais de 18 mil MEIs - Secretaria de Desenvolvimento Econ\u00f4mico","og_description":"A partir de programas como o Acelera Passo Fundo e a Escola das Profiss\u00f5es, a Prefeitura busca dar suporte aos microempreendedores individuais","og_url":"https:\/\/www.pmpf.rs.gov.br\/secretaria-de-desenvolvimento-economico\/2022\/07\/26\/passo-fundo-tem-mais-de-18-mil-meis\/","og_site_name":"Secretaria de Desenvolvimento Econ\u00f4mico","article_published_time":"2022-07-26T18:00:57+00:00","article_modified_time":"2022-07-26T18:00:58+00:00","author":"andressazorzetto07","twitter_card":"summary_large_image","twitter_misc":{"Escrito por":"andressazorzetto07","Est. tempo de leitura":"2 minutos"},"schema":{"@context":"https:\/\/schema.org","@graph":[{"@type":"WebPage","@id":"https:\/\/www.pmpf.rs.gov.br\/secretaria-de-desenvolvimento-economico\/2022\/07\/26\/passo-fundo-tem-mais-de-18-mil-meis\/","url":"https:\/\/www.pmpf.rs.gov.br\/secretaria-de-desenvolvimento-economico\/2022\/07\/26\/passo-fundo-tem-mais-de-18-mil-meis\/","name":"Passo Fundo tem mais de 18 mil MEIs - Secretaria de Desenvolvimento Econ\u00f4mico","isPartOf":{"@id":"https:\/\/www.pmpf.rs.gov.br\/secretaria-de-desenvolvimento-economico\/#website"},"datePublished":"2022-07-26T18:00:57+00:00","dateModified":"2022-07-26T18:00:58+00:00","author":{"@id":"https:\/\/www.pmpf.rs.gov.br\/secretaria-de-desenvolvimento-economico\/#\/schema\/person\/30ee1d1bd74da1469b01fcf086e43351"},"inLanguage":"pt-BR","potentialAction":[{"@type":"ReadAction","target":["https:\/\/www.pmpf.rs.gov.br\/secretaria-de-desenvolvimento-economico\/2022\/07\/26\/passo-fundo-tem-mais-de-18-mil-meis\/"]}]},{"@type":"WebSite","@id":"https:\/\/www.pmpf.rs.gov.br\/secretaria-de-desenvolvimento-economico\/#website","url":"https:\/\/www.pmpf.rs.gov.br\/secretaria-de-desenvolvimento-economico\/","name":"Secretaria de Desenvolvimento Econ\u00f4mico","description":"S\u00f3 mais um site Prefeitura de Passo Fundo","potentialAction":[{"@type":"SearchAction","target":{"@type":"EntryPoint","urlTemplate":"https:\/\/www.pmpf.rs.gov.br\/secretaria-de-desenvolvimento-economico\/?s={search_term_string}"},"query-input":{"@type":"PropertyValueSpecification","valueRequired":true,"valueName":"search_term_string"}}],"inLanguage":"pt-BR"},{"@type":"Person","@id":"https:\/\/www.pmpf.rs.gov.br\/secretaria-de-desenvolvimento-economico\/#\/schema\/person\/30ee1d1bd74da1469b01fcf086e43351","name":"andressazorzetto07","image":{"@type":"ImageObject","inLanguage":"pt-BR","@id":"https:\/\/www.pmpf.rs.gov.br\/secretaria-de-desenvolvimento-economico\/#\/schema\/person\/image\/","url":"https:\/\/secure.gravatar.com\/avatar\/14c5458ed79dc81da99a13b9ff5f9f19?s=96&d=mm&r=g","contentUrl":"https:\/\/secure.gravatar.com\/avatar\/14c5458ed79dc81da99a13b9ff5f9f19?s=96&d=mm&r=g","caption":"andressazorzetto07"},"url":"https:\/\/www.pmpf.rs.gov.br\/secretaria-de-desenvolvimento-economico\/author\/andressazorzetto07\/"}]}},"_links":{"self":[{"href":"https:\/\/www.pmpf.rs.gov.br\/secretaria-de-desenvolvimento-economico\/wp-json\/wp\/v2\/posts\/1952"}],"collection":[{"href":"https:\/\/www.pmpf.rs.gov.br\/secretaria-de-desenvolvimento-economico\/wp-json\/wp\/v2\/posts"}],"about":[{"href":"https:\/\/www.pmpf.rs.gov.br\/secretaria-de-desenvolvimento-economico\/wp-json\/wp\/v2\/types\/post"}],"author":[{"embeddable":true,"href":"https:\/\/www.pmpf.rs.gov.br\/secretaria-de-desenvolvimento-economico\/wp-json\/wp\/v2\/users\/6"}],"replies":[{"embeddable":true,"href":"https:\/\/www.pmpf.rs.gov.br\/secretaria-de-desenvolvimento-economico\/wp-json\/wp\/v2\/comments?post=1952"}],"version-history":[{"count":1,"href":"https:\/\/www.pmpf.rs.gov.br\/secretaria-de-desenvolvimento-economico\/wp-json\/wp\/v2\/posts\/1952\/revisions"}],"predecessor-version":[{"id":1953,"href":"https:\/\/www.pmpf.rs.gov.br\/secretaria-de-desenvolvimento-economico\/wp-json\/wp\/v2\/posts\/1952\/revisions\/1953"}],"wp:attachment":[{"href":"https:\/\/www.pmpf.rs.gov.br\/secretaria-de-desenvolvimento-economico\/wp-json\/wp\/v2\/media?parent=1952"}],"wp:term":[{"taxonomy":"category","embeddable":true,"href":"https:\/\/www.pmpf.rs.gov.br\/secretaria-de-desenvolvimento-economico\/wp-json\/wp\/v2\/categories?post=1952"},{"taxonomy":"post_tag","embeddable":true,"href":"https:\/\/www.pmpf.rs.gov.br\/secretaria-de-desenvolvimento-economico\/wp-json\/wp\/v2\/tags?post=1952"}],"curies":[{"name":"wp","href":"https:\/\/api.w.org\/{rel}","templated":true}]}}