{"id":1949,"date":"2022-07-21T14:05:38","date_gmt":"2022-07-21T17:05:38","guid":{"rendered":"https:\/\/www.pmpf.rs.gov.br\/secretaria-de-desenvolvimento-economico\/?p=1949"},"modified":"2022-07-21T14:05:39","modified_gmt":"2022-07-21T17:05:39","slug":"passo-fundo-e-o-4o-municipio-gaucho-que-mais-gerou-empregos-formais-no-ultimo-ano","status":"publish","type":"post","link":"https:\/\/www.pmpf.rs.gov.br\/secretaria-de-desenvolvimento-economico\/2022\/07\/21\/passo-fundo-e-o-4o-municipio-gaucho-que-mais-gerou-empregos-formais-no-ultimo-ano\/","title":{"rendered":"Passo Fundo \u00e9 o 4\u00ba munic\u00edpio ga\u00facho que mais gerou empregos formais no \u00faltimo ano"},"content":{"rendered":"\n<p><br><\/p>\n\n\n\n<p>Passo Fundo continua ocupando o quarto lugar entre os munic\u00edpios ga\u00fachos com maior crescimento na gera\u00e7\u00e3o de empregos formais. A nova edi\u00e7\u00e3o do Boletim de Trabalho do Rio Grande do Sul foi divulgada nessa ter\u00e7a-feira (19), considerando os n\u00fameros absolutos entre maio de 2021 e maio de 2022, e evidencia os resultados das a\u00e7\u00f5es da Prefeitura para a abertura de novos neg\u00f3cios e a gera\u00e7\u00e3o de trabalho e renda para a popula\u00e7\u00e3o.<\/p>\n\n\n\n<p>De acordo com a pesquisa, realizada pelo Departamento de Economia e Estat\u00edstica, vinculado \u00e0 Secretaria de Planejamento, Governan\u00e7a e Gest\u00e3o (DEE\/SPGG), Passo Fundo abriu 5,2 mil novos postos de trabalho ao longo do per\u00edodo. O munic\u00edpio, que \u00e9 o 12\u00ba mais populoso do estado, ficou somente atr\u00e1s de Porto Alegre, Caxias do Sul e Canoas.<\/p>\n\n\n\n<p>Para o prefeito, a manuten\u00e7\u00e3o da cidade como uma das mais geradoras de empregos formais \u00e9 um reflexo de a\u00e7\u00f5es consistentes da Prefeitura na \u00e1rea do desenvolvimento econ\u00f4mico, sobretudo, com o programa Acelera Passo Fundo. \u201cAcredito que a economia \u00e9 a locomotiva que puxa todas as demais \u00e1reas, possibilitando recursos e transforma\u00e7\u00f5es para a vida da popula\u00e7\u00e3o. O Acelera Passo Fundo foi o primeiro programa do nosso governo, implementado no in\u00edcio de 2021, tendo em vista a recupera\u00e7\u00e3o da economia em um cen\u00e1rio de p\u00f3s-pandemia. Com ele, j\u00e1 conseguimos alcan\u00e7ar importantes resultados, como o n\u00famero de postos de trabalho. Passo Fundo est\u00e1 entre as cidades que mais geraram empregos, e isso significa que as empresas e as pessoas est\u00e3o recebendo oportunidades\u201d, afirmou.<\/p>\n\n\n\n<p>O Acelera Passo Fundo \u00e9 um programa complexo e que teve desdobramento para in\u00fameros eixos, como menciona o gestor municipal. \u201cA partir do programa, criamos iniciativas como o Alvar\u00e1 On-line, o Mutir\u00e3o de Libera\u00e7\u00e3o de Obras e o Escrit\u00f3rio de Projetos Especiais, que desburocratizam e aceleram a instala\u00e7\u00e3o ou a expans\u00e3o de neg\u00f3cios. Tamb\u00e9m consolidamos o programa Caf\u00e9 com Emprego, conectando os passo-fundenses a empresas com vagas dispon\u00edveis. S\u00e3o a\u00e7\u00f5es concretas e que pensam no conjunto da economia\u201d, pontuou.<\/p>\n\n\n\n<p><strong>Acelera Passo Fundo e o apoio a empresas<br><\/strong><br>Conforme dados da Secretaria Municipal de Desenvolvimento, em um ano e meio de Acelera Passo Fundo, 4.307 mil empresas foram criadas na cidade. Esse n\u00famero compreende todos os neg\u00f3cios, dos micros aos grandes, que tiveram alvar\u00e1 concedido.<\/p>\n\n\n\n<p>O Alvar\u00e1 On-line \u00e9 uma das iniciativas que trouxe facilidade para quem quer empreender. Os processos podem ser feitos somente pela internet, pelo site da Prefeitura, o que tamb\u00e9m possibilita uma maior agilidade na an\u00e1lise das demandas por parte dos servidores. \u201cAo acessar a plataforma, o usu\u00e1rio anexa as documenta\u00e7\u00f5es requeridas. Os t\u00e9cnicos da Prefeitura fazem a avalia\u00e7\u00e3o necess\u00e1ria e tamb\u00e9m a emiss\u00e3o das notifica\u00e7\u00f5es, deferimentos ou indeferimentos, sinalizando poss\u00edveis inconsist\u00eancias para que sejam resolvidas\u201d, descreveu Diorges.<\/p>\n\n\n\n<p>Al\u00e9m da quantidade de empresas que abriram neste um ano e meio, h\u00e1 outro n\u00famero importante para o munic\u00edpio: 20 empresas de grande porte ampliaram as suas estruturas, tendo os processos intermediados na Prefeitura pelo Escrit\u00f3rio de Projetos Especiais, que \u00e9 respons\u00e1vel pela tramita\u00e7\u00e3o de projetos maiores junto com as demais secretarias. \u00c9 o caso da BSBios, da Disfonte, da Biotrigo, da GJG e da Kuhn, por exemplo. \u201cAl\u00e9m de empresas que est\u00e3o se instalando ou se instalaram no \u00faltimo um ano e meio, percebemos que empresas est\u00e3o ampliando a sua estrutura. \u00c9 um sinal claro de que est\u00e3o apostando no crescimento e no desenvolvimento de Passo Fundo, que \u00e9 uma cidade polo\u201d, salientou.<\/p>\n\n\n\n<p><strong>Caf\u00e9 com Emprego cria oportunidades para as pessoas<br><\/strong><br>Um grande encontro entre a popula\u00e7\u00e3o e as empresas com vagas dispon\u00edveis, o Caf\u00e9 com Emprego j\u00e1 se consolidou como uma das principais a\u00e7\u00f5es do Acelera Passo Fundo. Em quatro edi\u00e7\u00f5es, mais de 600 pessoas j\u00e1 foram contratadas. O \u00faltimo evento foi realizado no dia 30 de junho e muitos participantes seguem em processo de sele\u00e7\u00e3o.<\/p>\n\n\n\n<p>Uma das pessoas recentemente contratadas por meio do Caf\u00e9 com Emprego \u00e9 a Ang\u00e9lica Maria Laimer, de 26 anos, que hoje atua como auxiliar de Design Gr\u00e1fico no Atacarejo Compre Bem. \u201cMeu pai avisou que haveria o Caf\u00e9. Eu estava sem emprego h\u00e1 quatro meses e resolvi ir l\u00e1 conferir se tinha algo na minha \u00e1rea. Quando cheguei, perguntei sobre a vaga e me encaminharam para o estande do Compre Bem. Depois de 15 minutos que passei pelo espa\u00e7o, recebi uma mensagem de convite para a entrevista. Fui contratada e, aqui, fa\u00e7o artes para materiais impressos e digitais\u201d, contou.<\/p>\n\n\n\n<p>Para o secret\u00e1rio de Desenvolvimento, Diorges Oliveira, o Caf\u00e9 com Emprego est\u00e1 diretamente relacionado com a coloca\u00e7\u00e3o de Passo Fundo no ranking dos munic\u00edpios que mais tiveram empregos formais. \u201cA proposta do programa \u00e9 fazer uma ponte para que haja a conex\u00e3o das empresas que est\u00e3o contratando com as pessoas que querem ingressar ou retornar ao mercado de trabalho. Com certeza, ele tem uma grande contribui\u00e7\u00e3o para que tiv\u00e9ssemos esse destaque no n\u00famero de carteiras assinadas no estado\u201d, enfatizou.<\/p>\n\n\n\n<p>A pr\u00f3xima edi\u00e7\u00e3o do Caf\u00e9 com Emprego dever\u00e1 acontecer neste semestre, observando o aumento das oportunidades de trabalho no fim do ano. O foco dever\u00e1 ser nos setores de com\u00e9rcio e servi\u00e7o, que s\u00e3o os que mais contratam na \u00e9poca.<\/p>\n\n\n\n<p><strong>Apostando na profissionaliza\u00e7\u00e3o<br><\/strong><br>A fim de criar possibilidades de qualifica\u00e7\u00e3o profissional aos passo-fundenses, a Prefeitura apresentou a Escola das Profiss\u00f5es, que ser\u00e1 um centro de forma\u00e7\u00e3o com mais de 40 cursos gratuitos. Al\u00e9m disso, formalizou um conv\u00eanio com o Senai para promover a capacita\u00e7\u00e3o t\u00e9cnica nas \u00e1reas t\u00eaxtil, metal-mec\u00e2nica, constru\u00e7\u00e3o civil e mec\u00e2nica pesada.<\/p>\n\n\n\n<p>Segundo o prefeito, a necessidade de qualifica\u00e7\u00e3o dos passo-fundenses era apontada pelas empresas e se tornou ainda mais evidente no Caf\u00e9 com Emprego. \u201cA Escola das Profiss\u00f5es \u00e9 reflexo de uma demanda por trabalhadores capacitados para o mercado de trabalho. Observamos que muitas vagas oferecidas acabam n\u00e3o sendo preenchidas por falta de m\u00e3o de obra qualificada. Estamos construindo alternativas para equacionar este problema\u201d, ponderou.<\/p>\n\n\n\n<p>Emancipar os cidad\u00e3os, garantindo acesso a pol\u00edticas p\u00fablicas que ofere\u00e7am condi\u00e7\u00f5es de emprego e renda, integra os objetivos do Acelera Passo Fundo. \u201cO trabalho \u00e9 o melhor programa social que podemos criar, pois \u00e9 ele que oferece condi\u00e7\u00f5es para que as pessoas possam melhorar as suas vidas\u201d, considerou o prefeito.<br><\/p>\n\n\n\n<p><strong>Foto: Diogo Zanatta<\/strong><\/p>\n","protected":false},"excerpt":{"rendered":"<p>O novo Boletim de Trabalho do Rio Grande do Sul evidencia os resultados das a\u00e7\u00f5es da Prefeitura para abertura de neg\u00f3cios e a gera\u00e7\u00e3o de trabalho e renda para a popula\u00e7\u00e3o<\/p>\n","protected":false},"author":6,"featured_media":1950,"comment_status":"closed","ping_status":"closed","sticky":true,"template":"","format":"standard","meta":{"footnotes":""},"categories":[1],"tags":[],"class_list":["post-1949","post","type-post","status-publish","format-standard","has-post-thumbnail","hentry","category-sem-categoria"],"yoast_head":"<!-- This site is optimized with the Yoast SEO plugin v23.8 - https:\/\/yoast.com\/wordpress\/plugins\/seo\/ -->\n<title>Passo Fundo \u00e9 o 4\u00ba munic\u00edpio ga\u00facho que mais gerou empregos formais no \u00faltimo ano - Secretaria de Desenvolvimento Econ\u00f4mico<\/title>\n<meta name=\"robots\" content=\"index, follow, max-snippet:-1, max-image-preview:large, max-video-preview:-1\" \/>\n<link rel=\"canonical\" href=\"https:\/\/www.pmpf.rs.gov.br\/secretaria-de-desenvolvimento-economico\/2022\/07\/21\/passo-fundo-e-o-4o-municipio-gaucho-que-mais-gerou-empregos-formais-no-ultimo-ano\/\" \/>\n<meta property=\"og:locale\" content=\"pt_BR\" \/>\n<meta property=\"og:type\" content=\"article\" \/>\n<meta property=\"og:title\" content=\"Passo Fundo \u00e9 o 4\u00ba munic\u00edpio ga\u00facho que mais gerou empregos formais no \u00faltimo ano - Secretaria de Desenvolvimento Econ\u00f4mico\" \/>\n<meta property=\"og:description\" content=\"O novo Boletim de Trabalho do Rio Grande do Sul evidencia os resultados das a\u00e7\u00f5es da Prefeitura para abertura de neg\u00f3cios e a gera\u00e7\u00e3o de trabalho e renda para a popula\u00e7\u00e3o\" \/>\n<meta property=\"og:url\" content=\"https:\/\/www.pmpf.rs.gov.br\/secretaria-de-desenvolvimento-economico\/2022\/07\/21\/passo-fundo-e-o-4o-municipio-gaucho-que-mais-gerou-empregos-formais-no-ultimo-ano\/\" \/>\n<meta property=\"og:site_name\" content=\"Secretaria de Desenvolvimento Econ\u00f4mico\" \/>\n<meta property=\"article:published_time\" content=\"2022-07-21T17:05:38+00:00\" \/>\n<meta property=\"article:modified_time\" content=\"2022-07-21T17:05:39+00:00\" \/>\n<meta name=\"author\" content=\"andressazorzetto07\" \/>\n<meta name=\"twitter:card\" content=\"summary_large_image\" \/>\n<meta name=\"twitter:label1\" content=\"Escrito por\" \/>\n\t<meta name=\"twitter:data1\" content=\"andressazorzetto07\" \/>\n\t<meta name=\"twitter:label2\" content=\"Est. tempo de leitura\" \/>\n\t<meta name=\"twitter:data2\" content=\"5 minutos\" \/>\n<script type=\"application\/ld+json\" class=\"yoast-schema-graph\">{\"@context\":\"https:\/\/schema.org\",\"@graph\":[{\"@type\":\"WebPage\",\"@id\":\"https:\/\/www.pmpf.rs.gov.br\/secretaria-de-desenvolvimento-economico\/2022\/07\/21\/passo-fundo-e-o-4o-municipio-gaucho-que-mais-gerou-empregos-formais-no-ultimo-ano\/\",\"url\":\"https:\/\/www.pmpf.rs.gov.br\/secretaria-de-desenvolvimento-economico\/2022\/07\/21\/passo-fundo-e-o-4o-municipio-gaucho-que-mais-gerou-empregos-formais-no-ultimo-ano\/\",\"name\":\"Passo Fundo \u00e9 o 4\u00ba munic\u00edpio ga\u00facho que mais gerou empregos formais no \u00faltimo ano - Secretaria de Desenvolvimento Econ\u00f4mico\",\"isPartOf\":{\"@id\":\"https:\/\/www.pmpf.rs.gov.br\/secretaria-de-desenvolvimento-economico\/#website\"},\"primaryImageOfPage\":{\"@id\":\"https:\/\/www.pmpf.rs.gov.br\/secretaria-de-desenvolvimento-economico\/2022\/07\/21\/passo-fundo-e-o-4o-municipio-gaucho-que-mais-gerou-empregos-formais-no-ultimo-ano\/#primaryimage\"},\"image\":{\"@id\":\"https:\/\/www.pmpf.rs.gov.br\/secretaria-de-desenvolvimento-economico\/2022\/07\/21\/passo-fundo-e-o-4o-municipio-gaucho-que-mais-gerou-empregos-formais-no-ultimo-ano\/#primaryimage\"},\"thumbnailUrl\":\"https:\/\/www.pmpf.rs.gov.br\/secretaria-de-desenvolvimento-economico\/wp-content\/uploads\/sites\/27\/2022\/07\/cafe-com-emprego-carteira.jpeg\",\"datePublished\":\"2022-07-21T17:05:38+00:00\",\"dateModified\":\"2022-07-21T17:05:39+00:00\",\"author\":{\"@id\":\"https:\/\/www.pmpf.rs.gov.br\/secretaria-de-desenvolvimento-economico\/#\/schema\/person\/30ee1d1bd74da1469b01fcf086e43351\"},\"inLanguage\":\"pt-BR\",\"potentialAction\":[{\"@type\":\"ReadAction\",\"target\":[\"https:\/\/www.pmpf.rs.gov.br\/secretaria-de-desenvolvimento-economico\/2022\/07\/21\/passo-fundo-e-o-4o-municipio-gaucho-que-mais-gerou-empregos-formais-no-ultimo-ano\/\"]}]},{\"@type\":\"ImageObject\",\"inLanguage\":\"pt-BR\",\"@id\":\"https:\/\/www.pmpf.rs.gov.br\/secretaria-de-desenvolvimento-economico\/2022\/07\/21\/passo-fundo-e-o-4o-municipio-gaucho-que-mais-gerou-empregos-formais-no-ultimo-ano\/#primaryimage\",\"url\":\"https:\/\/www.pmpf.rs.gov.br\/secretaria-de-desenvolvimento-economico\/wp-content\/uploads\/sites\/27\/2022\/07\/cafe-com-emprego-carteira.jpeg\",\"contentUrl\":\"https:\/\/www.pmpf.rs.gov.br\/secretaria-de-desenvolvimento-economico\/wp-content\/uploads\/sites\/27\/2022\/07\/cafe-com-emprego-carteira.jpeg\",\"width\":1024,\"height\":683},{\"@type\":\"WebSite\",\"@id\":\"https:\/\/www.pmpf.rs.gov.br\/secretaria-de-desenvolvimento-economico\/#website\",\"url\":\"https:\/\/www.pmpf.rs.gov.br\/secretaria-de-desenvolvimento-economico\/\",\"name\":\"Secretaria de Desenvolvimento Econ\u00f4mico\",\"description\":\"S\u00f3 mais um site Prefeitura de Passo Fundo\",\"potentialAction\":[{\"@type\":\"SearchAction\",\"target\":{\"@type\":\"EntryPoint\",\"urlTemplate\":\"https:\/\/www.pmpf.rs.gov.br\/secretaria-de-desenvolvimento-economico\/?s={search_term_string}\"},\"query-input\":{\"@type\":\"PropertyValueSpecification\",\"valueRequired\":true,\"valueName\":\"search_term_string\"}}],\"inLanguage\":\"pt-BR\"},{\"@type\":\"Person\",\"@id\":\"https:\/\/www.pmpf.rs.gov.br\/secretaria-de-desenvolvimento-economico\/#\/schema\/person\/30ee1d1bd74da1469b01fcf086e43351\",\"name\":\"andressazorzetto07\",\"image\":{\"@type\":\"ImageObject\",\"inLanguage\":\"pt-BR\",\"@id\":\"https:\/\/www.pmpf.rs.gov.br\/secretaria-de-desenvolvimento-economico\/#\/schema\/person\/image\/\",\"url\":\"https:\/\/secure.gravatar.com\/avatar\/14c5458ed79dc81da99a13b9ff5f9f19?s=96&d=mm&r=g\",\"contentUrl\":\"https:\/\/secure.gravatar.com\/avatar\/14c5458ed79dc81da99a13b9ff5f9f19?s=96&d=mm&r=g\",\"caption\":\"andressazorzetto07\"},\"url\":\"https:\/\/www.pmpf.rs.gov.br\/secretaria-de-desenvolvimento-economico\/author\/andressazorzetto07\/\"}]}<\/script>\n<!-- \/ Yoast SEO plugin. -->","yoast_head_json":{"title":"Passo Fundo \u00e9 o 4\u00ba munic\u00edpio ga\u00facho que mais gerou empregos formais no \u00faltimo ano - Secretaria de Desenvolvimento Econ\u00f4mico","robots":{"index":"index","follow":"follow","max-snippet":"max-snippet:-1","max-image-preview":"max-image-preview:large","max-video-preview":"max-video-preview:-1"},"canonical":"https:\/\/www.pmpf.rs.gov.br\/secretaria-de-desenvolvimento-economico\/2022\/07\/21\/passo-fundo-e-o-4o-municipio-gaucho-que-mais-gerou-empregos-formais-no-ultimo-ano\/","og_locale":"pt_BR","og_type":"article","og_title":"Passo Fundo \u00e9 o 4\u00ba munic\u00edpio ga\u00facho que mais gerou empregos formais no \u00faltimo ano - Secretaria de Desenvolvimento Econ\u00f4mico","og_description":"O novo Boletim de Trabalho do Rio Grande do Sul evidencia os resultados das a\u00e7\u00f5es da Prefeitura para abertura de neg\u00f3cios e a gera\u00e7\u00e3o de trabalho e renda para a popula\u00e7\u00e3o","og_url":"https:\/\/www.pmpf.rs.gov.br\/secretaria-de-desenvolvimento-economico\/2022\/07\/21\/passo-fundo-e-o-4o-municipio-gaucho-que-mais-gerou-empregos-formais-no-ultimo-ano\/","og_site_name":"Secretaria de Desenvolvimento Econ\u00f4mico","article_published_time":"2022-07-21T17:05:38+00:00","article_modified_time":"2022-07-21T17:05:39+00:00","author":"andressazorzetto07","twitter_card":"summary_large_image","twitter_misc":{"Escrito por":"andressazorzetto07","Est. tempo de leitura":"5 minutos"},"schema":{"@context":"https:\/\/schema.org","@graph":[{"@type":"WebPage","@id":"https:\/\/www.pmpf.rs.gov.br\/secretaria-de-desenvolvimento-economico\/2022\/07\/21\/passo-fundo-e-o-4o-municipio-gaucho-que-mais-gerou-empregos-formais-no-ultimo-ano\/","url":"https:\/\/www.pmpf.rs.gov.br\/secretaria-de-desenvolvimento-economico\/2022\/07\/21\/passo-fundo-e-o-4o-municipio-gaucho-que-mais-gerou-empregos-formais-no-ultimo-ano\/","name":"Passo Fundo \u00e9 o 4\u00ba munic\u00edpio ga\u00facho que mais gerou empregos formais no \u00faltimo ano - Secretaria de Desenvolvimento Econ\u00f4mico","isPartOf":{"@id":"https:\/\/www.pmpf.rs.gov.br\/secretaria-de-desenvolvimento-economico\/#website"},"primaryImageOfPage":{"@id":"https:\/\/www.pmpf.rs.gov.br\/secretaria-de-desenvolvimento-economico\/2022\/07\/21\/passo-fundo-e-o-4o-municipio-gaucho-que-mais-gerou-empregos-formais-no-ultimo-ano\/#primaryimage"},"image":{"@id":"https:\/\/www.pmpf.rs.gov.br\/secretaria-de-desenvolvimento-economico\/2022\/07\/21\/passo-fundo-e-o-4o-municipio-gaucho-que-mais-gerou-empregos-formais-no-ultimo-ano\/#primaryimage"},"thumbnailUrl":"https:\/\/www.pmpf.rs.gov.br\/secretaria-de-desenvolvimento-economico\/wp-content\/uploads\/sites\/27\/2022\/07\/cafe-com-emprego-carteira.jpeg","datePublished":"2022-07-21T17:05:38+00:00","dateModified":"2022-07-21T17:05:39+00:00","author":{"@id":"https:\/\/www.pmpf.rs.gov.br\/secretaria-de-desenvolvimento-economico\/#\/schema\/person\/30ee1d1bd74da1469b01fcf086e43351"},"inLanguage":"pt-BR","potentialAction":[{"@type":"ReadAction","target":["https:\/\/www.pmpf.rs.gov.br\/secretaria-de-desenvolvimento-economico\/2022\/07\/21\/passo-fundo-e-o-4o-municipio-gaucho-que-mais-gerou-empregos-formais-no-ultimo-ano\/"]}]},{"@type":"ImageObject","inLanguage":"pt-BR","@id":"https:\/\/www.pmpf.rs.gov.br\/secretaria-de-desenvolvimento-economico\/2022\/07\/21\/passo-fundo-e-o-4o-municipio-gaucho-que-mais-gerou-empregos-formais-no-ultimo-ano\/#primaryimage","url":"https:\/\/www.pmpf.rs.gov.br\/secretaria-de-desenvolvimento-economico\/wp-content\/uploads\/sites\/27\/2022\/07\/cafe-com-emprego-carteira.jpeg","contentUrl":"https:\/\/www.pmpf.rs.gov.br\/secretaria-de-desenvolvimento-economico\/wp-content\/uploads\/sites\/27\/2022\/07\/cafe-com-emprego-carteira.jpeg","width":1024,"height":683},{"@type":"WebSite","@id":"https:\/\/www.pmpf.rs.gov.br\/secretaria-de-desenvolvimento-economico\/#website","url":"https:\/\/www.pmpf.rs.gov.br\/secretaria-de-desenvolvimento-economico\/","name":"Secretaria de Desenvolvimento Econ\u00f4mico","description":"S\u00f3 mais um site Prefeitura de Passo Fundo","potentialAction":[{"@type":"SearchAction","target":{"@type":"EntryPoint","urlTemplate":"https:\/\/www.pmpf.rs.gov.br\/secretaria-de-desenvolvimento-economico\/?s={search_term_string}"},"query-input":{"@type":"PropertyValueSpecification","valueRequired":true,"valueName":"search_term_string"}}],"inLanguage":"pt-BR"},{"@type":"Person","@id":"https:\/\/www.pmpf.rs.gov.br\/secretaria-de-desenvolvimento-economico\/#\/schema\/person\/30ee1d1bd74da1469b01fcf086e43351","name":"andressazorzetto07","image":{"@type":"ImageObject","inLanguage":"pt-BR","@id":"https:\/\/www.pmpf.rs.gov.br\/secretaria-de-desenvolvimento-economico\/#\/schema\/person\/image\/","url":"https:\/\/secure.gravatar.com\/avatar\/14c5458ed79dc81da99a13b9ff5f9f19?s=96&d=mm&r=g","contentUrl":"https:\/\/secure.gravatar.com\/avatar\/14c5458ed79dc81da99a13b9ff5f9f19?s=96&d=mm&r=g","caption":"andressazorzetto07"},"url":"https:\/\/www.pmpf.rs.gov.br\/secretaria-de-desenvolvimento-economico\/author\/andressazorzetto07\/"}]}},"_links":{"self":[{"href":"https:\/\/www.pmpf.rs.gov.br\/secretaria-de-desenvolvimento-economico\/wp-json\/wp\/v2\/posts\/1949"}],"collection":[{"href":"https:\/\/www.pmpf.rs.gov.br\/secretaria-de-desenvolvimento-economico\/wp-json\/wp\/v2\/posts"}],"about":[{"href":"https:\/\/www.pmpf.rs.gov.br\/secretaria-de-desenvolvimento-economico\/wp-json\/wp\/v2\/types\/post"}],"author":[{"embeddable":true,"href":"https:\/\/www.pmpf.rs.gov.br\/secretaria-de-desenvolvimento-economico\/wp-json\/wp\/v2\/users\/6"}],"replies":[{"embeddable":true,"href":"https:\/\/www.pmpf.rs.gov.br\/secretaria-de-desenvolvimento-economico\/wp-json\/wp\/v2\/comments?post=1949"}],"version-history":[{"count":1,"href":"https:\/\/www.pmpf.rs.gov.br\/secretaria-de-desenvolvimento-economico\/wp-json\/wp\/v2\/posts\/1949\/revisions"}],"predecessor-version":[{"id":1951,"href":"https:\/\/www.pmpf.rs.gov.br\/secretaria-de-desenvolvimento-economico\/wp-json\/wp\/v2\/posts\/1949\/revisions\/1951"}],"wp:featuredmedia":[{"embeddable":true,"href":"https:\/\/www.pmpf.rs.gov.br\/secretaria-de-desenvolvimento-economico\/wp-json\/wp\/v2\/media\/1950"}],"wp:attachment":[{"href":"https:\/\/www.pmpf.rs.gov.br\/secretaria-de-desenvolvimento-economico\/wp-json\/wp\/v2\/media?parent=1949"}],"wp:term":[{"taxonomy":"category","embeddable":true,"href":"https:\/\/www.pmpf.rs.gov.br\/secretaria-de-desenvolvimento-economico\/wp-json\/wp\/v2\/categories?post=1949"},{"taxonomy":"post_tag","embeddable":true,"href":"https:\/\/www.pmpf.rs.gov.br\/secretaria-de-desenvolvimento-economico\/wp-json\/wp\/v2\/tags?post=1949"}],"curies":[{"name":"wp","href":"https:\/\/api.w.org\/{rel}","templated":true}]}}