{"id":1945,"date":"2022-07-01T10:37:05","date_gmt":"2022-07-01T13:37:05","guid":{"rendered":"https:\/\/www.pmpf.rs.gov.br\/secretaria-de-desenvolvimento-economico\/?p=1945"},"modified":"2022-07-01T10:37:06","modified_gmt":"2022-07-01T13:37:06","slug":"prefeito-pedro-visita-espaco-que-abrigara-a-escola-das-profissoes","status":"publish","type":"post","link":"https:\/\/www.pmpf.rs.gov.br\/secretaria-de-desenvolvimento-economico\/2022\/07\/01\/prefeito-pedro-visita-espaco-que-abrigara-a-escola-das-profissoes\/","title":{"rendered":"Prefeito Pedro visita espa\u00e7o que abrigar\u00e1 a Escola das Profiss\u00f5es"},"content":{"rendered":"\n<p><\/p>\n\n\n\n<p>Emancipar os cidad\u00e3os, garantindo acesso a pol\u00edticas p\u00fablicas que ofere\u00e7am condi\u00e7\u00f5es de emprego e renda, \u00e9 um dos desafios do novo programa do governo Pedro Almeida, que ter\u00e1 as atividades iniciadas no segundo semestre. Amplamente discutida pela Administra\u00e7\u00e3o Municipal desde o segundo semestre de 2021, a Escola das Profiss\u00f5es ser\u00e1 um centro de forma\u00e7\u00e3o profissional e de qualifica\u00e7\u00e3o para o mercado formal de trabalho, atrav\u00e9s da oferta de cursos em diferentes setores produtivos e do incentivo ao empreendedorismo individual.<\/p>\n\n\n\n<p>Nesta quarta-feira (29), durante as atividades da Semana do Desenvolvimento Econ\u00f4mico, o prefeito fez uma visita t\u00e9cnica ao espa\u00e7o que abrigar\u00e1 o programa. Situado pr\u00f3ximo \u00e0 Esta\u00e7\u00e3o Rodovi\u00e1ria, o pr\u00e9dio recebeu melhorias estruturais para comportar os futuros alunos e instrutores. \u201cA Escola das Profiss\u00f5es \u00e9 reflexo de uma demanda por trabalhadores capacitados para o mercado de trabalho. Esta j\u00e1 era uma realidade manifestada pelas empresas, mas que tornou-se ainda mais evidente a partir da promo\u00e7\u00e3o do nosso Caf\u00e9 com Emprego: observamos que muitas vagas oferecidas acabam n\u00e3o sendo preenchidas por falta de m\u00e3o-de-obra qualificada. Precisamos construir alternativas para equacionar este problema\u201d, afirma Pedro.<\/p>\n\n\n\n<p>Acompanhado do secret\u00e1rio de Educa\u00e7\u00e3o, Adriano Canabarro Teixeira; e do secret\u00e1rio de Desenvolvimento Econ\u00f4mico (SDE), Diorges Oliveira, o prefeito refor\u00e7ou ainda o compromisso do programa com a multiplica\u00e7\u00e3o de a\u00e7\u00f5es pensadas para enfrentar as desigualdades sociais. \u201cA Escola das Profiss\u00f5es \u00e9 uma porta de entrada para o futuro, porque al\u00e9m da qualifica\u00e7\u00e3o para o trabalho, os participantes ter\u00e3o acesso tamb\u00e9m a projetos educacionais e a outros servi\u00e7os p\u00fablicos que v\u00e3o estimular o desenvolvimento econ\u00f4mico e social\u201d, defende o chefe do Executivo.<\/p>\n\n\n\n<p>Ainda durante a visita ao local que receber\u00e1 os cursos no segundo semestre, o prefeito destacou que o entorno do pr\u00e9dio ser\u00e1 revitalizado para aumentar a seguran\u00e7a na regi\u00e3o, com a melhoria no sistema de ilumina\u00e7\u00e3o p\u00fablica e instala\u00e7\u00e3o de c\u00e2meras de videomonitoramento. Tamb\u00e9m est\u00e3o previstas obras de recupera\u00e7\u00e3o no Largo da Literatura, com a manuten\u00e7\u00e3o do espa\u00e7o p\u00fablico para garantir mais conforto para quem utilizar o local.<\/p>\n\n\n\n<p><strong>Novas oportunidades<br><\/strong>Para o secret\u00e1rio da SDE, com a Escola das Profiss\u00f5es ser\u00e1 poss\u00edvel formar profissionais qualificados para atuar nos diferentes setores produtivos. \u201cH\u00e1 vagas de trabalho dispon\u00edveis nas \u00e1reas da constru\u00e7\u00e3o civil, t\u00eaxtil, metal-mec\u00e2nico e na presta\u00e7\u00e3o de servi\u00e7os. Mas, as empresas precisam de pessoas capacitadas para serem inseridas. Por isso, acreditamos muito neste novo programa\u201d, argumenta Oliveira.<\/p>\n\n\n\n<p>O secret\u00e1rio de Educa\u00e7\u00e3o, Adriano Canabarro Teixeira, explica que a Escola das Profiss\u00f5es est\u00e1 alicer\u00e7ada em tr\u00eas eixos centrais de forma\u00e7\u00e3o: Profissionais do Futuro, QualificaRee e UpDate. \u201cEnquanto que no Eixo QualificaRee ser\u00e3o desenvolvidas propostas de trabalho com o prop\u00f3sito de fomentar diferentes compet\u00eancias profissionais,no Profissionais do Futuro, ser\u00e3o desenvolvidas atividades envolvendo \u00e1reas tecnologia digitais e de prototipa\u00e7\u00e3o, linguagens e programa\u00e7\u00e3o, empreendedorismo e inova\u00e7\u00e3o para alunos da educa\u00e7\u00e3o b\u00e1sica, por exemplo\u201d, antecipa Teixeira, acrescentando que, por semestre, poder\u00e3o ser oferecidas, em m\u00e9dia, 2.000 vagas nos tr\u00eas eixos de qualifica\u00e7\u00e3o.<\/p>\n\n\n\n<p><strong>Conv\u00eanio com o SENAI<\/strong><br>Ainda durante esta quarta-feira (29), o prefeito Pedro assinou, ao lado do gerente de opera\u00e7\u00f5es do SENAI, Leandro Pino, um conv\u00eanio entre o Munic\u00edpio e a institui\u00e7\u00e3o para a oferta de cursos t\u00e9cnicos de qualifica\u00e7\u00e3o nas \u00e1reas de metal-mec\u00e2nica, constru\u00e7\u00e3o civil, t\u00eaxtil e mec\u00e2nica pesada, a partir do m\u00eas de agosto. \u201cO SENAI \u00e9 uma das entidades parceiras da Escola das Profiss\u00f5es e vai contribuir muito para o crescimento do nosso projeto\u201d, disse Pedro.<\/p>\n\n\n\n<p>O prefeito aproveitou a oportunidade para visitar as instala\u00e7\u00f5es do SENAI e dialogar com alunos e instrutores sobre o mercado de trabalho e ao acesso \u00e0s vagas dispon\u00edveis, al\u00e9m de divulgar a 4\u00aa edi\u00e7\u00e3o do Caf\u00e9 com Emprego, que ocorre nesta quinta-feira (30), das 8h \u00e0s 14h, no Clube Juvenil.<\/p>\n","protected":false},"excerpt":{"rendered":"<p>No local, ser\u00e3o oferecidos cursos profissionalizantes em diferentes \u00e1reas de forma\u00e7\u00e3o. Objetivo \u00e9 capacitar e qualificar os passo-fundenses para o mercado formal de trabalho, ampliando as oportunidades de inser\u00e7\u00e3o nas empresas, al\u00e9m de promover a\u00e7\u00f5es de empreendedorismo<\/p>\n","protected":false},"author":6,"featured_media":1946,"comment_status":"closed","ping_status":"closed","sticky":true,"template":"","format":"standard","meta":{"footnotes":""},"categories":[28],"tags":[],"class_list":["post-1945","post","type-post","status-publish","format-standard","has-post-thumbnail","hentry","category-escola-das-profissoes"],"yoast_head":"<!-- This site is optimized with the Yoast SEO plugin v23.8 - https:\/\/yoast.com\/wordpress\/plugins\/seo\/ -->\n<title>Prefeito Pedro visita espa\u00e7o que abrigar\u00e1 a Escola das Profiss\u00f5es - Secretaria de Desenvolvimento Econ\u00f4mico<\/title>\n<meta name=\"robots\" content=\"index, follow, max-snippet:-1, max-image-preview:large, max-video-preview:-1\" \/>\n<link rel=\"canonical\" href=\"https:\/\/www.pmpf.rs.gov.br\/secretaria-de-desenvolvimento-economico\/2022\/07\/01\/prefeito-pedro-visita-espaco-que-abrigara-a-escola-das-profissoes\/\" \/>\n<meta property=\"og:locale\" content=\"pt_BR\" \/>\n<meta property=\"og:type\" content=\"article\" \/>\n<meta property=\"og:title\" content=\"Prefeito Pedro visita espa\u00e7o que abrigar\u00e1 a Escola das Profiss\u00f5es - Secretaria de Desenvolvimento Econ\u00f4mico\" \/>\n<meta property=\"og:description\" content=\"No local, ser\u00e3o oferecidos cursos profissionalizantes em diferentes \u00e1reas de forma\u00e7\u00e3o. Objetivo \u00e9 capacitar e qualificar os passo-fundenses para o mercado formal de trabalho, ampliando as oportunidades de inser\u00e7\u00e3o nas empresas, al\u00e9m de promover a\u00e7\u00f5es de empreendedorismo\" \/>\n<meta property=\"og:url\" content=\"https:\/\/www.pmpf.rs.gov.br\/secretaria-de-desenvolvimento-economico\/2022\/07\/01\/prefeito-pedro-visita-espaco-que-abrigara-a-escola-das-profissoes\/\" \/>\n<meta property=\"og:site_name\" content=\"Secretaria de Desenvolvimento Econ\u00f4mico\" \/>\n<meta property=\"article:published_time\" content=\"2022-07-01T13:37:05+00:00\" \/>\n<meta property=\"article:modified_time\" content=\"2022-07-01T13:37:06+00:00\" \/>\n<meta name=\"author\" content=\"andressazorzetto07\" \/>\n<meta name=\"twitter:card\" content=\"summary_large_image\" \/>\n<meta name=\"twitter:label1\" content=\"Escrito por\" \/>\n\t<meta name=\"twitter:data1\" content=\"andressazorzetto07\" \/>\n\t<meta name=\"twitter:label2\" content=\"Est. tempo de leitura\" \/>\n\t<meta name=\"twitter:data2\" content=\"3 minutos\" \/>\n<script type=\"application\/ld+json\" class=\"yoast-schema-graph\">{\"@context\":\"https:\/\/schema.org\",\"@graph\":[{\"@type\":\"WebPage\",\"@id\":\"https:\/\/www.pmpf.rs.gov.br\/secretaria-de-desenvolvimento-economico\/2022\/07\/01\/prefeito-pedro-visita-espaco-que-abrigara-a-escola-das-profissoes\/\",\"url\":\"https:\/\/www.pmpf.rs.gov.br\/secretaria-de-desenvolvimento-economico\/2022\/07\/01\/prefeito-pedro-visita-espaco-que-abrigara-a-escola-das-profissoes\/\",\"name\":\"Prefeito Pedro visita espa\u00e7o que abrigar\u00e1 a Escola das Profiss\u00f5es - Secretaria de Desenvolvimento Econ\u00f4mico\",\"isPartOf\":{\"@id\":\"https:\/\/www.pmpf.rs.gov.br\/secretaria-de-desenvolvimento-economico\/#website\"},\"primaryImageOfPage\":{\"@id\":\"https:\/\/www.pmpf.rs.gov.br\/secretaria-de-desenvolvimento-economico\/2022\/07\/01\/prefeito-pedro-visita-espaco-que-abrigara-a-escola-das-profissoes\/#primaryimage\"},\"image\":{\"@id\":\"https:\/\/www.pmpf.rs.gov.br\/secretaria-de-desenvolvimento-economico\/2022\/07\/01\/prefeito-pedro-visita-espaco-que-abrigara-a-escola-das-profissoes\/#primaryimage\"},\"thumbnailUrl\":\"https:\/\/www.pmpf.rs.gov.br\/secretaria-de-desenvolvimento-economico\/wp-content\/uploads\/sites\/27\/2022\/07\/escola-das-profissoes.jpg\",\"datePublished\":\"2022-07-01T13:37:05+00:00\",\"dateModified\":\"2022-07-01T13:37:06+00:00\",\"author\":{\"@id\":\"https:\/\/www.pmpf.rs.gov.br\/secretaria-de-desenvolvimento-economico\/#\/schema\/person\/30ee1d1bd74da1469b01fcf086e43351\"},\"inLanguage\":\"pt-BR\",\"potentialAction\":[{\"@type\":\"ReadAction\",\"target\":[\"https:\/\/www.pmpf.rs.gov.br\/secretaria-de-desenvolvimento-economico\/2022\/07\/01\/prefeito-pedro-visita-espaco-que-abrigara-a-escola-das-profissoes\/\"]}]},{\"@type\":\"ImageObject\",\"inLanguage\":\"pt-BR\",\"@id\":\"https:\/\/www.pmpf.rs.gov.br\/secretaria-de-desenvolvimento-economico\/2022\/07\/01\/prefeito-pedro-visita-espaco-que-abrigara-a-escola-das-profissoes\/#primaryimage\",\"url\":\"https:\/\/www.pmpf.rs.gov.br\/secretaria-de-desenvolvimento-economico\/wp-content\/uploads\/sites\/27\/2022\/07\/escola-das-profissoes.jpg\",\"contentUrl\":\"https:\/\/www.pmpf.rs.gov.br\/secretaria-de-desenvolvimento-economico\/wp-content\/uploads\/sites\/27\/2022\/07\/escola-das-profissoes.jpg\",\"width\":1600,\"height\":1066},{\"@type\":\"WebSite\",\"@id\":\"https:\/\/www.pmpf.rs.gov.br\/secretaria-de-desenvolvimento-economico\/#website\",\"url\":\"https:\/\/www.pmpf.rs.gov.br\/secretaria-de-desenvolvimento-economico\/\",\"name\":\"Secretaria de Desenvolvimento Econ\u00f4mico\",\"description\":\"S\u00f3 mais um site Prefeitura de Passo Fundo\",\"potentialAction\":[{\"@type\":\"SearchAction\",\"target\":{\"@type\":\"EntryPoint\",\"urlTemplate\":\"https:\/\/www.pmpf.rs.gov.br\/secretaria-de-desenvolvimento-economico\/?s={search_term_string}\"},\"query-input\":{\"@type\":\"PropertyValueSpecification\",\"valueRequired\":true,\"valueName\":\"search_term_string\"}}],\"inLanguage\":\"pt-BR\"},{\"@type\":\"Person\",\"@id\":\"https:\/\/www.pmpf.rs.gov.br\/secretaria-de-desenvolvimento-economico\/#\/schema\/person\/30ee1d1bd74da1469b01fcf086e43351\",\"name\":\"andressazorzetto07\",\"image\":{\"@type\":\"ImageObject\",\"inLanguage\":\"pt-BR\",\"@id\":\"https:\/\/www.pmpf.rs.gov.br\/secretaria-de-desenvolvimento-economico\/#\/schema\/person\/image\/\",\"url\":\"https:\/\/secure.gravatar.com\/avatar\/14c5458ed79dc81da99a13b9ff5f9f19?s=96&d=mm&r=g\",\"contentUrl\":\"https:\/\/secure.gravatar.com\/avatar\/14c5458ed79dc81da99a13b9ff5f9f19?s=96&d=mm&r=g\",\"caption\":\"andressazorzetto07\"},\"url\":\"https:\/\/www.pmpf.rs.gov.br\/secretaria-de-desenvolvimento-economico\/author\/andressazorzetto07\/\"}]}<\/script>\n<!-- \/ Yoast SEO plugin. -->","yoast_head_json":{"title":"Prefeito Pedro visita espa\u00e7o que abrigar\u00e1 a Escola das Profiss\u00f5es - Secretaria de Desenvolvimento Econ\u00f4mico","robots":{"index":"index","follow":"follow","max-snippet":"max-snippet:-1","max-image-preview":"max-image-preview:large","max-video-preview":"max-video-preview:-1"},"canonical":"https:\/\/www.pmpf.rs.gov.br\/secretaria-de-desenvolvimento-economico\/2022\/07\/01\/prefeito-pedro-visita-espaco-que-abrigara-a-escola-das-profissoes\/","og_locale":"pt_BR","og_type":"article","og_title":"Prefeito Pedro visita espa\u00e7o que abrigar\u00e1 a Escola das Profiss\u00f5es - Secretaria de Desenvolvimento Econ\u00f4mico","og_description":"No local, ser\u00e3o oferecidos cursos profissionalizantes em diferentes \u00e1reas de forma\u00e7\u00e3o. Objetivo \u00e9 capacitar e qualificar os passo-fundenses para o mercado formal de trabalho, ampliando as oportunidades de inser\u00e7\u00e3o nas empresas, al\u00e9m de promover a\u00e7\u00f5es de empreendedorismo","og_url":"https:\/\/www.pmpf.rs.gov.br\/secretaria-de-desenvolvimento-economico\/2022\/07\/01\/prefeito-pedro-visita-espaco-que-abrigara-a-escola-das-profissoes\/","og_site_name":"Secretaria de Desenvolvimento Econ\u00f4mico","article_published_time":"2022-07-01T13:37:05+00:00","article_modified_time":"2022-07-01T13:37:06+00:00","author":"andressazorzetto07","twitter_card":"summary_large_image","twitter_misc":{"Escrito por":"andressazorzetto07","Est. tempo de leitura":"3 minutos"},"schema":{"@context":"https:\/\/schema.org","@graph":[{"@type":"WebPage","@id":"https:\/\/www.pmpf.rs.gov.br\/secretaria-de-desenvolvimento-economico\/2022\/07\/01\/prefeito-pedro-visita-espaco-que-abrigara-a-escola-das-profissoes\/","url":"https:\/\/www.pmpf.rs.gov.br\/secretaria-de-desenvolvimento-economico\/2022\/07\/01\/prefeito-pedro-visita-espaco-que-abrigara-a-escola-das-profissoes\/","name":"Prefeito Pedro visita espa\u00e7o que abrigar\u00e1 a Escola das Profiss\u00f5es - Secretaria de Desenvolvimento Econ\u00f4mico","isPartOf":{"@id":"https:\/\/www.pmpf.rs.gov.br\/secretaria-de-desenvolvimento-economico\/#website"},"primaryImageOfPage":{"@id":"https:\/\/www.pmpf.rs.gov.br\/secretaria-de-desenvolvimento-economico\/2022\/07\/01\/prefeito-pedro-visita-espaco-que-abrigara-a-escola-das-profissoes\/#primaryimage"},"image":{"@id":"https:\/\/www.pmpf.rs.gov.br\/secretaria-de-desenvolvimento-economico\/2022\/07\/01\/prefeito-pedro-visita-espaco-que-abrigara-a-escola-das-profissoes\/#primaryimage"},"thumbnailUrl":"https:\/\/www.pmpf.rs.gov.br\/secretaria-de-desenvolvimento-economico\/wp-content\/uploads\/sites\/27\/2022\/07\/escola-das-profissoes.jpg","datePublished":"2022-07-01T13:37:05+00:00","dateModified":"2022-07-01T13:37:06+00:00","author":{"@id":"https:\/\/www.pmpf.rs.gov.br\/secretaria-de-desenvolvimento-economico\/#\/schema\/person\/30ee1d1bd74da1469b01fcf086e43351"},"inLanguage":"pt-BR","potentialAction":[{"@type":"ReadAction","target":["https:\/\/www.pmpf.rs.gov.br\/secretaria-de-desenvolvimento-economico\/2022\/07\/01\/prefeito-pedro-visita-espaco-que-abrigara-a-escola-das-profissoes\/"]}]},{"@type":"ImageObject","inLanguage":"pt-BR","@id":"https:\/\/www.pmpf.rs.gov.br\/secretaria-de-desenvolvimento-economico\/2022\/07\/01\/prefeito-pedro-visita-espaco-que-abrigara-a-escola-das-profissoes\/#primaryimage","url":"https:\/\/www.pmpf.rs.gov.br\/secretaria-de-desenvolvimento-economico\/wp-content\/uploads\/sites\/27\/2022\/07\/escola-das-profissoes.jpg","contentUrl":"https:\/\/www.pmpf.rs.gov.br\/secretaria-de-desenvolvimento-economico\/wp-content\/uploads\/sites\/27\/2022\/07\/escola-das-profissoes.jpg","width":1600,"height":1066},{"@type":"WebSite","@id":"https:\/\/www.pmpf.rs.gov.br\/secretaria-de-desenvolvimento-economico\/#website","url":"https:\/\/www.pmpf.rs.gov.br\/secretaria-de-desenvolvimento-economico\/","name":"Secretaria de Desenvolvimento Econ\u00f4mico","description":"S\u00f3 mais um site Prefeitura de Passo Fundo","potentialAction":[{"@type":"SearchAction","target":{"@type":"EntryPoint","urlTemplate":"https:\/\/www.pmpf.rs.gov.br\/secretaria-de-desenvolvimento-economico\/?s={search_term_string}"},"query-input":{"@type":"PropertyValueSpecification","valueRequired":true,"valueName":"search_term_string"}}],"inLanguage":"pt-BR"},{"@type":"Person","@id":"https:\/\/www.pmpf.rs.gov.br\/secretaria-de-desenvolvimento-economico\/#\/schema\/person\/30ee1d1bd74da1469b01fcf086e43351","name":"andressazorzetto07","image":{"@type":"ImageObject","inLanguage":"pt-BR","@id":"https:\/\/www.pmpf.rs.gov.br\/secretaria-de-desenvolvimento-economico\/#\/schema\/person\/image\/","url":"https:\/\/secure.gravatar.com\/avatar\/14c5458ed79dc81da99a13b9ff5f9f19?s=96&d=mm&r=g","contentUrl":"https:\/\/secure.gravatar.com\/avatar\/14c5458ed79dc81da99a13b9ff5f9f19?s=96&d=mm&r=g","caption":"andressazorzetto07"},"url":"https:\/\/www.pmpf.rs.gov.br\/secretaria-de-desenvolvimento-economico\/author\/andressazorzetto07\/"}]}},"_links":{"self":[{"href":"https:\/\/www.pmpf.rs.gov.br\/secretaria-de-desenvolvimento-economico\/wp-json\/wp\/v2\/posts\/1945"}],"collection":[{"href":"https:\/\/www.pmpf.rs.gov.br\/secretaria-de-desenvolvimento-economico\/wp-json\/wp\/v2\/posts"}],"about":[{"href":"https:\/\/www.pmpf.rs.gov.br\/secretaria-de-desenvolvimento-economico\/wp-json\/wp\/v2\/types\/post"}],"author":[{"embeddable":true,"href":"https:\/\/www.pmpf.rs.gov.br\/secretaria-de-desenvolvimento-economico\/wp-json\/wp\/v2\/users\/6"}],"replies":[{"embeddable":true,"href":"https:\/\/www.pmpf.rs.gov.br\/secretaria-de-desenvolvimento-economico\/wp-json\/wp\/v2\/comments?post=1945"}],"version-history":[{"count":1,"href":"https:\/\/www.pmpf.rs.gov.br\/secretaria-de-desenvolvimento-economico\/wp-json\/wp\/v2\/posts\/1945\/revisions"}],"predecessor-version":[{"id":1947,"href":"https:\/\/www.pmpf.rs.gov.br\/secretaria-de-desenvolvimento-economico\/wp-json\/wp\/v2\/posts\/1945\/revisions\/1947"}],"wp:featuredmedia":[{"embeddable":true,"href":"https:\/\/www.pmpf.rs.gov.br\/secretaria-de-desenvolvimento-economico\/wp-json\/wp\/v2\/media\/1946"}],"wp:attachment":[{"href":"https:\/\/www.pmpf.rs.gov.br\/secretaria-de-desenvolvimento-economico\/wp-json\/wp\/v2\/media?parent=1945"}],"wp:term":[{"taxonomy":"category","embeddable":true,"href":"https:\/\/www.pmpf.rs.gov.br\/secretaria-de-desenvolvimento-economico\/wp-json\/wp\/v2\/categories?post=1945"},{"taxonomy":"post_tag","embeddable":true,"href":"https:\/\/www.pmpf.rs.gov.br\/secretaria-de-desenvolvimento-economico\/wp-json\/wp\/v2\/tags?post=1945"}],"curies":[{"name":"wp","href":"https:\/\/api.w.org\/{rel}","templated":true}]}}