{"id":1941,"date":"2022-06-30T16:36:09","date_gmt":"2022-06-30T19:36:09","guid":{"rendered":"https:\/\/www.pmpf.rs.gov.br\/secretaria-de-desenvolvimento-economico\/?p=1941"},"modified":"2022-06-30T16:41:34","modified_gmt":"2022-06-30T19:41:34","slug":"prefeitura-e-sebrae-rs-assinam-contrato-para-potencializar-o-turismo-no-municipio","status":"publish","type":"post","link":"https:\/\/www.pmpf.rs.gov.br\/secretaria-de-desenvolvimento-economico\/2022\/06\/30\/prefeitura-e-sebrae-rs-assinam-contrato-para-potencializar-o-turismo-no-municipio\/","title":{"rendered":"Prefeitura e Sebrae RS assinam contrato para potencializar o turismo no munic\u00edpio"},"content":{"rendered":"\n<p>O turismo valoriza a cultura local e fomenta o desenvolvimento e novos investimentos. Mas ele n\u00e3o depende somente de pontos atrativos: \u00e9 o resultado de um empenho coletivo. Pensando nisso, a Prefeitura firmou, nesta quinta-feira (30), um contrato com o Sebrae RS que fornecer\u00e1 importantes ferramentas para explorar as potencialidades tur\u00edsticas de Passo Fundo. A partir do conv\u00eanio, o Munic\u00edpio adquire com a entidade a execu\u00e7\u00e3o do Radar do Turismo, uma assessoria para a constru\u00e7\u00e3o do Plano Municipal de Turismo e um Plano de Neg\u00f3cios para a revitaliza\u00e7\u00e3o do Complexo da Rosel\u00e2ndia.<\/p>\n\n\n\n<p>A assinatura foi realizada em Porto Alegre, na sede do Sebrae, e marca a Semana do Desenvolvimento de Passo Fundo. Para o prefeito, Pedro Almeida, os avan\u00e7os do setor demandam a\u00e7\u00f5es integradas, e esse \u00e9 um importante passo. \u201cDiariamente, milhares de pessoas j\u00e1 v\u00eam para Passo Fundo para acessar, principalmente, os servi\u00e7os e o com\u00e9rcio. A cidade pode ir al\u00e9m e ser destaque no turismo regional, contando com atividades que favore\u00e7am a perman\u00eancia das pessoas. Para isso, temos de ter o envolvimento do poder p\u00fablico, de entidades e da iniciativa privada\u201d, afirmou.<\/p>\n\n\n\n<p>Para o secret\u00e1rio de Desenvolvimento, Diorges Oliveira, os tr\u00eas produtos viabilizados pelo contrato com o Sebrae s\u00e3o necess\u00e1rios para que Passo Fundo articule e execute a\u00e7\u00f5es que tenham em vista as contribui\u00e7\u00f5es do turismo para o crescimento do munic\u00edpio.<\/p>\n\n\n\n<p>O diretor superintendente do Sebrae RS, Andr\u00e9 Vanoni de Godoy, afirmou que as a\u00e7\u00f5es junto \u00e0s Prefeituras buscam a qualifica\u00e7\u00e3o das gest\u00f5es municipais. \u201cO Turismo \u00e9 um dos eixos econ\u00f4micos com maior potencial de gera\u00e7\u00e3o de desenvolvimento. Estamos muito felizes em poder auxiliar Passo Fundo nessa miss\u00e3o de criar uma cultura do Turismo para termos excelentes resultados a longo prazo\u201d, observou.<\/p>\n\n\n\n<p>Tamb\u00e9m participaram do ato o Diretor do Sebrae RS, Marco Aur\u00e9lio Vieira Paradeda; a especialista em Competitividade Setorial do Sebrae, Amanda Bonotto Hoffmann Paim; a analista em Articula\u00e7\u00e3o de Projetos do Sebrae, Aline Gross Souza; o presidente da CDL Passo Fundo, Fernando de Carli; o ex-secret\u00e1rio de Desenvolvimento, Carlos Eduardo Lopes da Silva; e empres\u00e1rios de Passo Fundo.<\/p>\n\n\n\n<p><\/p>\n\n\n\n<p><strong>Radar do Turismo e Plano Municipal do Turismo<\/strong><\/p>\n\n\n\n<p>Em 2021, o Munic\u00edpio reativou o Conselho Municipal de Turismo a fim de unir o poder p\u00fablico, entidades e a iniciativa privada em iniciativas que estimulem o setor. Al\u00e9m disso, est\u00e1 trabalhando na consolida\u00e7\u00e3o do Plano Municipal do Turismo, que, com a assessoria do Sebrae, tem previs\u00e3o para ser conclu\u00eddo at\u00e9 dezembro de 2022.<\/p>\n\n\n\n<p>O documento \u00e9 uma ferramenta essencial para a proje\u00e7\u00e3o do setor. Ele dever\u00e1 reunir diretrizes para a condu\u00e7\u00e3o do turismo de forma compartilhada, respeitando a compet\u00eancia de cada \u00f3rg\u00e3o e entidade para o posicionamento de Passo Fundo como destino de eventos, neg\u00f3cios e lazer.<\/p>\n\n\n\n<p>Conforme Diorges, o plano \u00e9 fundamental para que o Munic\u00edpio seja contemplado com verbas para o setor, podendo, assim, qualificar a sua infraestrutura. \u201cEsse \u00e9 um instrumento b\u00e1sico para a inclus\u00e3o de Passo Fundo em pol\u00edticas p\u00fablicas que permitam o repasse de recursos governamentais, sobretudo, do Minist\u00e9rio do Turismo\u201d, enfatizou.<\/p>\n\n\n\n<p>J\u00e1 o Radar do Turismo refor\u00e7ar\u00e1 os potenciais tur\u00edsticos do munic\u00edpio a partir de um levantamento que considera o mapeamento dos atrativos tur\u00edsticos, a infraestrutura e os servi\u00e7os dispon\u00edveis. As informa\u00e7\u00f5es tamb\u00e9m ser\u00e3o utilizadas para qualifica\u00e7\u00e3o do setor com o fortalecimento da rede existente e a atra\u00e7\u00e3o de novos investimentos.<\/p>\n\n\n\n<p><\/p>\n\n\n\n<p><strong>Complexo da Rosel\u00e2ndia<\/strong><\/p>\n\n\n\n<p>O Complexo Tur\u00edstico da Rosel\u00e2ndia \u00e9 conhecido na regi\u00e3o por abrigar o Parque de Rodeios e \u00e1rea de ranchos. Ele concentra, ainda, clubes sociais, kart\u00f3dromo, recursos naturais e resid\u00eancias. Um dos objetivos do Plano de Neg\u00f3cios \u00e9 expandir as atividades existentes no espa\u00e7o para que ele receba mais pessoas.<\/p>\n\n\n\n<p>De acordo com prefeito, o Munic\u00edpio dever\u00e1 reposicionar o complexo, qualificando a sua infraestrutura e atraindo empreendimentos. \u201cQueremos consolidar a Rosel\u00e2ndia como um potencial tur\u00edstico da regi\u00e3o, que foi a proposta de sua cria\u00e7\u00e3o. Para isso, a Prefeitura j\u00e1 est\u00e1 realizando obras em infraestrutura no espa\u00e7o e buscando fomentar os investimentos\u201d, disse.<\/p>\n\n\n\n<p>A coordenadora Estadual da Economia Criativa e Turismo do Sebrae RS, Amanda Paim, enfatiza a import\u00e2ncia da elabora\u00e7\u00e3o de um Plano de Neg\u00f3cios que considere as caracter\u00edsticas n\u00e3o s\u00f3 da Rosel\u00e2ndia, mas da cidade e que pense nos desafios para que o espa\u00e7o se configure como uma potencialidade no turismo. \u201cEssa \u00e9 uma oportunidade de Passo Fundo trazer esse espa\u00e7o diferente para a utiliza\u00e7\u00e3o da comunidade, tamb\u00e9m enxergando o potencial da cidade no turismo regional. Um projeto estrat\u00e9gico possibilitar\u00e1 reposicionar o complexo e dar\u00e1 seguran\u00e7a aos investidores\u201d, afirmou.<\/p>\n\n\n\n<p>Pela sua import\u00e2ncia, a Rosel\u00e2ndia foi contemplada pelo Governo do Estado no programa Avan\u00e7ar no Turismo. Com R$ 3 milh\u00f5es de recursos estaduais e R$ 2,4 milh\u00f5es de contrapartida do Munic\u00edpio, a Avenida Arauc\u00e1ria, que d\u00e1 acesso ao complexo, ser\u00e1 revitalizada em uma extens\u00e3o de quatro quil\u00f4metros.<\/p>\n\n\n\n<p>De acordo com o secret\u00e1rio de Planejamento, Giezi Schneider, as obras contemplar\u00e3o drenagem, pavimenta\u00e7\u00e3o asf\u00e1ltica, implementa\u00e7\u00e3o de ciclofaixa sinalizada e de um caminh\u00f3dromo no canteiro central, al\u00e9m de nova ilumina\u00e7\u00e3o e paisagismo. \u201cA obra qualificar\u00e1 essa importante via para a comunidade que j\u00e1 reside ali e para as pessoas que utilizam os clubes e outros espa\u00e7os de lazer e turismo dispon\u00edveis. Tamb\u00e9m melhorar\u00e1 o acesso ao distrito de S\u00e3o Roque e potencializar\u00e1 a atratividade da regi\u00e3o para futuros empreendimentos\u201d, mencionou.<\/p>\n\n\n\n<p>O edital de licita\u00e7\u00e3o para a obra est\u00e1 em fase de prepara\u00e7\u00e3o pela Central de Licita\u00e7\u00f5es e Contratos (CLC) da Prefeitura e a estimativa \u00e9 que seja publicado no pr\u00f3ximo m\u00eas. \u201cTemos os projetos prontos e os recursos garantidos. O in\u00edcio das obras depende somente do processo licitat\u00f3rio\u201d, ponderou Giezi.<\/p>\n","protected":false},"excerpt":{"rendered":"<p>A partir do conv\u00eanio, o Munic\u00edpio adquire com a entidade a execu\u00e7\u00e3o do Radar do Turismo, uma assessoria para a constru\u00e7\u00e3o do Plano Municipal de Turismo e um Plano de Neg\u00f3cios para a revitaliza\u00e7\u00e3o do Complexo da Rosel\u00e2ndia<\/p>\n","protected":false},"author":6,"featured_media":1944,"comment_status":"closed","ping_status":"closed","sticky":true,"template":"","format":"standard","meta":{"footnotes":""},"categories":[27],"tags":[],"class_list":["post-1941","post","type-post","status-publish","format-standard","has-post-thumbnail","hentry","category-turismo"],"yoast_head":"<!-- This site is optimized with the Yoast SEO plugin v23.8 - https:\/\/yoast.com\/wordpress\/plugins\/seo\/ -->\n<title>Prefeitura e Sebrae RS assinam contrato para potencializar o turismo no munic\u00edpio - Secretaria de Desenvolvimento Econ\u00f4mico<\/title>\n<meta name=\"robots\" content=\"index, follow, max-snippet:-1, max-image-preview:large, max-video-preview:-1\" \/>\n<link rel=\"canonical\" href=\"https:\/\/www.pmpf.rs.gov.br\/secretaria-de-desenvolvimento-economico\/2022\/06\/30\/prefeitura-e-sebrae-rs-assinam-contrato-para-potencializar-o-turismo-no-municipio\/\" \/>\n<meta property=\"og:locale\" content=\"pt_BR\" \/>\n<meta property=\"og:type\" content=\"article\" \/>\n<meta property=\"og:title\" content=\"Prefeitura e Sebrae RS assinam contrato para potencializar o turismo no munic\u00edpio - Secretaria de Desenvolvimento Econ\u00f4mico\" \/>\n<meta property=\"og:description\" content=\"A partir do conv\u00eanio, o Munic\u00edpio adquire com a entidade a execu\u00e7\u00e3o do Radar do Turismo, uma assessoria para a constru\u00e7\u00e3o do Plano Municipal de Turismo e um Plano de Neg\u00f3cios para a revitaliza\u00e7\u00e3o do Complexo da Rosel\u00e2ndia\" \/>\n<meta property=\"og:url\" content=\"https:\/\/www.pmpf.rs.gov.br\/secretaria-de-desenvolvimento-economico\/2022\/06\/30\/prefeitura-e-sebrae-rs-assinam-contrato-para-potencializar-o-turismo-no-municipio\/\" \/>\n<meta property=\"og:site_name\" content=\"Secretaria de Desenvolvimento Econ\u00f4mico\" \/>\n<meta property=\"article:published_time\" content=\"2022-06-30T19:36:09+00:00\" \/>\n<meta property=\"article:modified_time\" content=\"2022-06-30T19:41:34+00:00\" \/>\n<meta name=\"author\" content=\"andressazorzetto07\" \/>\n<meta name=\"twitter:card\" content=\"summary_large_image\" \/>\n<meta name=\"twitter:label1\" content=\"Escrito por\" \/>\n\t<meta name=\"twitter:data1\" content=\"andressazorzetto07\" \/>\n\t<meta name=\"twitter:label2\" content=\"Est. tempo de leitura\" \/>\n\t<meta name=\"twitter:data2\" content=\"5 minutos\" \/>\n<script type=\"application\/ld+json\" class=\"yoast-schema-graph\">{\"@context\":\"https:\/\/schema.org\",\"@graph\":[{\"@type\":\"WebPage\",\"@id\":\"https:\/\/www.pmpf.rs.gov.br\/secretaria-de-desenvolvimento-economico\/2022\/06\/30\/prefeitura-e-sebrae-rs-assinam-contrato-para-potencializar-o-turismo-no-municipio\/\",\"url\":\"https:\/\/www.pmpf.rs.gov.br\/secretaria-de-desenvolvimento-economico\/2022\/06\/30\/prefeitura-e-sebrae-rs-assinam-contrato-para-potencializar-o-turismo-no-municipio\/\",\"name\":\"Prefeitura e Sebrae RS assinam contrato para potencializar o turismo no munic\u00edpio - Secretaria de Desenvolvimento Econ\u00f4mico\",\"isPartOf\":{\"@id\":\"https:\/\/www.pmpf.rs.gov.br\/secretaria-de-desenvolvimento-economico\/#website\"},\"primaryImageOfPage\":{\"@id\":\"https:\/\/www.pmpf.rs.gov.br\/secretaria-de-desenvolvimento-economico\/2022\/06\/30\/prefeitura-e-sebrae-rs-assinam-contrato-para-potencializar-o-turismo-no-municipio\/#primaryimage\"},\"image\":{\"@id\":\"https:\/\/www.pmpf.rs.gov.br\/secretaria-de-desenvolvimento-economico\/2022\/06\/30\/prefeitura-e-sebrae-rs-assinam-contrato-para-potencializar-o-turismo-no-municipio\/#primaryimage\"},\"thumbnailUrl\":\"https:\/\/www.pmpf.rs.gov.br\/secretaria-de-desenvolvimento-economico\/wp-content\/uploads\/sites\/27\/2022\/06\/Prefeitura-e-Sebrae.jpg\",\"datePublished\":\"2022-06-30T19:36:09+00:00\",\"dateModified\":\"2022-06-30T19:41:34+00:00\",\"author\":{\"@id\":\"https:\/\/www.pmpf.rs.gov.br\/secretaria-de-desenvolvimento-economico\/#\/schema\/person\/30ee1d1bd74da1469b01fcf086e43351\"},\"inLanguage\":\"pt-BR\",\"potentialAction\":[{\"@type\":\"ReadAction\",\"target\":[\"https:\/\/www.pmpf.rs.gov.br\/secretaria-de-desenvolvimento-economico\/2022\/06\/30\/prefeitura-e-sebrae-rs-assinam-contrato-para-potencializar-o-turismo-no-municipio\/\"]}]},{\"@type\":\"ImageObject\",\"inLanguage\":\"pt-BR\",\"@id\":\"https:\/\/www.pmpf.rs.gov.br\/secretaria-de-desenvolvimento-economico\/2022\/06\/30\/prefeitura-e-sebrae-rs-assinam-contrato-para-potencializar-o-turismo-no-municipio\/#primaryimage\",\"url\":\"https:\/\/www.pmpf.rs.gov.br\/secretaria-de-desenvolvimento-economico\/wp-content\/uploads\/sites\/27\/2022\/06\/Prefeitura-e-Sebrae.jpg\",\"contentUrl\":\"https:\/\/www.pmpf.rs.gov.br\/secretaria-de-desenvolvimento-economico\/wp-content\/uploads\/sites\/27\/2022\/06\/Prefeitura-e-Sebrae.jpg\",\"width\":1280,\"height\":852},{\"@type\":\"WebSite\",\"@id\":\"https:\/\/www.pmpf.rs.gov.br\/secretaria-de-desenvolvimento-economico\/#website\",\"url\":\"https:\/\/www.pmpf.rs.gov.br\/secretaria-de-desenvolvimento-economico\/\",\"name\":\"Secretaria de Desenvolvimento Econ\u00f4mico\",\"description\":\"S\u00f3 mais um site Prefeitura de Passo Fundo\",\"potentialAction\":[{\"@type\":\"SearchAction\",\"target\":{\"@type\":\"EntryPoint\",\"urlTemplate\":\"https:\/\/www.pmpf.rs.gov.br\/secretaria-de-desenvolvimento-economico\/?s={search_term_string}\"},\"query-input\":{\"@type\":\"PropertyValueSpecification\",\"valueRequired\":true,\"valueName\":\"search_term_string\"}}],\"inLanguage\":\"pt-BR\"},{\"@type\":\"Person\",\"@id\":\"https:\/\/www.pmpf.rs.gov.br\/secretaria-de-desenvolvimento-economico\/#\/schema\/person\/30ee1d1bd74da1469b01fcf086e43351\",\"name\":\"andressazorzetto07\",\"image\":{\"@type\":\"ImageObject\",\"inLanguage\":\"pt-BR\",\"@id\":\"https:\/\/www.pmpf.rs.gov.br\/secretaria-de-desenvolvimento-economico\/#\/schema\/person\/image\/\",\"url\":\"https:\/\/secure.gravatar.com\/avatar\/14c5458ed79dc81da99a13b9ff5f9f19?s=96&d=mm&r=g\",\"contentUrl\":\"https:\/\/secure.gravatar.com\/avatar\/14c5458ed79dc81da99a13b9ff5f9f19?s=96&d=mm&r=g\",\"caption\":\"andressazorzetto07\"},\"url\":\"https:\/\/www.pmpf.rs.gov.br\/secretaria-de-desenvolvimento-economico\/author\/andressazorzetto07\/\"}]}<\/script>\n<!-- \/ Yoast SEO plugin. -->","yoast_head_json":{"title":"Prefeitura e Sebrae RS assinam contrato para potencializar o turismo no munic\u00edpio - Secretaria de Desenvolvimento Econ\u00f4mico","robots":{"index":"index","follow":"follow","max-snippet":"max-snippet:-1","max-image-preview":"max-image-preview:large","max-video-preview":"max-video-preview:-1"},"canonical":"https:\/\/www.pmpf.rs.gov.br\/secretaria-de-desenvolvimento-economico\/2022\/06\/30\/prefeitura-e-sebrae-rs-assinam-contrato-para-potencializar-o-turismo-no-municipio\/","og_locale":"pt_BR","og_type":"article","og_title":"Prefeitura e Sebrae RS assinam contrato para potencializar o turismo no munic\u00edpio - Secretaria de Desenvolvimento Econ\u00f4mico","og_description":"A partir do conv\u00eanio, o Munic\u00edpio adquire com a entidade a execu\u00e7\u00e3o do Radar do Turismo, uma assessoria para a constru\u00e7\u00e3o do Plano Municipal de Turismo e um Plano de Neg\u00f3cios para a revitaliza\u00e7\u00e3o do Complexo da Rosel\u00e2ndia","og_url":"https:\/\/www.pmpf.rs.gov.br\/secretaria-de-desenvolvimento-economico\/2022\/06\/30\/prefeitura-e-sebrae-rs-assinam-contrato-para-potencializar-o-turismo-no-municipio\/","og_site_name":"Secretaria de Desenvolvimento Econ\u00f4mico","article_published_time":"2022-06-30T19:36:09+00:00","article_modified_time":"2022-06-30T19:41:34+00:00","author":"andressazorzetto07","twitter_card":"summary_large_image","twitter_misc":{"Escrito por":"andressazorzetto07","Est. tempo de leitura":"5 minutos"},"schema":{"@context":"https:\/\/schema.org","@graph":[{"@type":"WebPage","@id":"https:\/\/www.pmpf.rs.gov.br\/secretaria-de-desenvolvimento-economico\/2022\/06\/30\/prefeitura-e-sebrae-rs-assinam-contrato-para-potencializar-o-turismo-no-municipio\/","url":"https:\/\/www.pmpf.rs.gov.br\/secretaria-de-desenvolvimento-economico\/2022\/06\/30\/prefeitura-e-sebrae-rs-assinam-contrato-para-potencializar-o-turismo-no-municipio\/","name":"Prefeitura e Sebrae RS assinam contrato para potencializar o turismo no munic\u00edpio - Secretaria de Desenvolvimento Econ\u00f4mico","isPartOf":{"@id":"https:\/\/www.pmpf.rs.gov.br\/secretaria-de-desenvolvimento-economico\/#website"},"primaryImageOfPage":{"@id":"https:\/\/www.pmpf.rs.gov.br\/secretaria-de-desenvolvimento-economico\/2022\/06\/30\/prefeitura-e-sebrae-rs-assinam-contrato-para-potencializar-o-turismo-no-municipio\/#primaryimage"},"image":{"@id":"https:\/\/www.pmpf.rs.gov.br\/secretaria-de-desenvolvimento-economico\/2022\/06\/30\/prefeitura-e-sebrae-rs-assinam-contrato-para-potencializar-o-turismo-no-municipio\/#primaryimage"},"thumbnailUrl":"https:\/\/www.pmpf.rs.gov.br\/secretaria-de-desenvolvimento-economico\/wp-content\/uploads\/sites\/27\/2022\/06\/Prefeitura-e-Sebrae.jpg","datePublished":"2022-06-30T19:36:09+00:00","dateModified":"2022-06-30T19:41:34+00:00","author":{"@id":"https:\/\/www.pmpf.rs.gov.br\/secretaria-de-desenvolvimento-economico\/#\/schema\/person\/30ee1d1bd74da1469b01fcf086e43351"},"inLanguage":"pt-BR","potentialAction":[{"@type":"ReadAction","target":["https:\/\/www.pmpf.rs.gov.br\/secretaria-de-desenvolvimento-economico\/2022\/06\/30\/prefeitura-e-sebrae-rs-assinam-contrato-para-potencializar-o-turismo-no-municipio\/"]}]},{"@type":"ImageObject","inLanguage":"pt-BR","@id":"https:\/\/www.pmpf.rs.gov.br\/secretaria-de-desenvolvimento-economico\/2022\/06\/30\/prefeitura-e-sebrae-rs-assinam-contrato-para-potencializar-o-turismo-no-municipio\/#primaryimage","url":"https:\/\/www.pmpf.rs.gov.br\/secretaria-de-desenvolvimento-economico\/wp-content\/uploads\/sites\/27\/2022\/06\/Prefeitura-e-Sebrae.jpg","contentUrl":"https:\/\/www.pmpf.rs.gov.br\/secretaria-de-desenvolvimento-economico\/wp-content\/uploads\/sites\/27\/2022\/06\/Prefeitura-e-Sebrae.jpg","width":1280,"height":852},{"@type":"WebSite","@id":"https:\/\/www.pmpf.rs.gov.br\/secretaria-de-desenvolvimento-economico\/#website","url":"https:\/\/www.pmpf.rs.gov.br\/secretaria-de-desenvolvimento-economico\/","name":"Secretaria de Desenvolvimento Econ\u00f4mico","description":"S\u00f3 mais um site Prefeitura de Passo Fundo","potentialAction":[{"@type":"SearchAction","target":{"@type":"EntryPoint","urlTemplate":"https:\/\/www.pmpf.rs.gov.br\/secretaria-de-desenvolvimento-economico\/?s={search_term_string}"},"query-input":{"@type":"PropertyValueSpecification","valueRequired":true,"valueName":"search_term_string"}}],"inLanguage":"pt-BR"},{"@type":"Person","@id":"https:\/\/www.pmpf.rs.gov.br\/secretaria-de-desenvolvimento-economico\/#\/schema\/person\/30ee1d1bd74da1469b01fcf086e43351","name":"andressazorzetto07","image":{"@type":"ImageObject","inLanguage":"pt-BR","@id":"https:\/\/www.pmpf.rs.gov.br\/secretaria-de-desenvolvimento-economico\/#\/schema\/person\/image\/","url":"https:\/\/secure.gravatar.com\/avatar\/14c5458ed79dc81da99a13b9ff5f9f19?s=96&d=mm&r=g","contentUrl":"https:\/\/secure.gravatar.com\/avatar\/14c5458ed79dc81da99a13b9ff5f9f19?s=96&d=mm&r=g","caption":"andressazorzetto07"},"url":"https:\/\/www.pmpf.rs.gov.br\/secretaria-de-desenvolvimento-economico\/author\/andressazorzetto07\/"}]}},"_links":{"self":[{"href":"https:\/\/www.pmpf.rs.gov.br\/secretaria-de-desenvolvimento-economico\/wp-json\/wp\/v2\/posts\/1941"}],"collection":[{"href":"https:\/\/www.pmpf.rs.gov.br\/secretaria-de-desenvolvimento-economico\/wp-json\/wp\/v2\/posts"}],"about":[{"href":"https:\/\/www.pmpf.rs.gov.br\/secretaria-de-desenvolvimento-economico\/wp-json\/wp\/v2\/types\/post"}],"author":[{"embeddable":true,"href":"https:\/\/www.pmpf.rs.gov.br\/secretaria-de-desenvolvimento-economico\/wp-json\/wp\/v2\/users\/6"}],"replies":[{"embeddable":true,"href":"https:\/\/www.pmpf.rs.gov.br\/secretaria-de-desenvolvimento-economico\/wp-json\/wp\/v2\/comments?post=1941"}],"version-history":[{"count":2,"href":"https:\/\/www.pmpf.rs.gov.br\/secretaria-de-desenvolvimento-economico\/wp-json\/wp\/v2\/posts\/1941\/revisions"}],"predecessor-version":[{"id":1943,"href":"https:\/\/www.pmpf.rs.gov.br\/secretaria-de-desenvolvimento-economico\/wp-json\/wp\/v2\/posts\/1941\/revisions\/1943"}],"wp:featuredmedia":[{"embeddable":true,"href":"https:\/\/www.pmpf.rs.gov.br\/secretaria-de-desenvolvimento-economico\/wp-json\/wp\/v2\/media\/1944"}],"wp:attachment":[{"href":"https:\/\/www.pmpf.rs.gov.br\/secretaria-de-desenvolvimento-economico\/wp-json\/wp\/v2\/media?parent=1941"}],"wp:term":[{"taxonomy":"category","embeddable":true,"href":"https:\/\/www.pmpf.rs.gov.br\/secretaria-de-desenvolvimento-economico\/wp-json\/wp\/v2\/categories?post=1941"},{"taxonomy":"post_tag","embeddable":true,"href":"https:\/\/www.pmpf.rs.gov.br\/secretaria-de-desenvolvimento-economico\/wp-json\/wp\/v2\/tags?post=1941"}],"curies":[{"name":"wp","href":"https:\/\/api.w.org\/{rel}","templated":true}]}}