{"id":1930,"date":"2022-06-28T11:00:24","date_gmt":"2022-06-28T14:00:24","guid":{"rendered":"https:\/\/www.pmpf.rs.gov.br\/secretaria-de-desenvolvimento-economico\/?p=1930"},"modified":"2022-06-29T15:08:51","modified_gmt":"2022-06-29T18:08:51","slug":"cafe-com-emprego-oferecera-mais-de-840-vagas-de-trabalho","status":"publish","type":"post","link":"https:\/\/www.pmpf.rs.gov.br\/secretaria-de-desenvolvimento-economico\/2022\/06\/28\/cafe-com-emprego-oferecera-mais-de-840-vagas-de-trabalho\/","title":{"rendered":"Caf\u00e9 com Emprego oferecer\u00e1 mais de 840 vagas de trabalho"},"content":{"rendered":"\n<p><em><br><\/em><br>Promovida pela Prefeitura de Passo Fundo, a quarta edi\u00e7\u00e3o do programa Caf\u00e9 com Emprego ser\u00e1 realizada nesta quinta-feira (30), das 8h \u00e0s 14h, no Clube Juvenil. O evento ter\u00e1 o maior n\u00famero de vagas dispon\u00edveis com rela\u00e7\u00e3o aos anteriores: ser\u00e3o mais de 840 postos de trabalho oferecidos por 21 empresas e 7 entidades parceiras.<\/p>\n\n\n\n<p>O prefeito, Pedro Almeida, destacou a import\u00e2ncia do programa para a vida dos passo-fundenses, enfatizando que aproximadamente 500 pessoas conseguiram se inserir no mercado a partir das oportunidades criadas por ele. \u201cO Caf\u00e9 com Emprego \u00e9 uma das maiores a\u00e7\u00f5es do programa Acelera Passo Fundo, que implementamos no ano passado com foco na retomada econ\u00f4mica, em investimentos para a cidade, na gera\u00e7\u00e3o de emprego e renda. Ele se consolidou e tem feito a diferen\u00e7a direta no dia a dia do cidad\u00e3o. No ano passado, Passo Fundo chegou \u00e0 quarta posi\u00e7\u00e3o entre as cidades ga\u00fachas que mais empregam, dado que projeta a cidade com uma das que mais oferecem oportunidades\u201d, afirmou.<\/p>\n\n\n\n<p>De acordo com o secret\u00e1rio de Desenvolvimento Econ\u00f4mico, Diorges de Oliveira, um dos grandes diferencias da edi\u00e7\u00e3o \u00e9 o n\u00famero de empresas participantes. \u201cO Caf\u00e9 com Emprego tomou uma grande dimens\u00e3o e tamb\u00e9m \u00e9 reconhecido na regi\u00e3o. Empresas de fora de Passo Fundo disponibilizar\u00e3o vagas junto com as locais\u201d, pontuou.<\/p>\n\n\n\n<p><strong>Empresas<br><\/strong>Farm\u00e1cias S\u00e3o Jo\u00e3o<br>Atacarejo Compre Bem<br>JBS\/Seara<br>Comercial Zaffari<br>GSI \u2013 Passo Fundo e Marau<br>Castor Sul<br>JR Cimento<br>Automasul<br>Mega Atacado<br>Tiaraju Engenharia<br>Resiplan \u2013 Serrana<br>Somave<br>Italac<br>Hospital de Cl\u00ednicas<br>Metasa<br>Aurora Alimentos<br>Pietrobom<br>Kuhn do Brasil<\/p>\n\n\n\n<p><strong>Entidades<br><\/strong>Acisa<br>CDL<br>Sine<br>Sinduscon<br>Sindivest<br>Sesi<br>Senai<\/p>\n\n\n\n<p><strong>Endere\u00e7o<br><\/strong>O Clube Juvenil est\u00e1 localizado na Rua Benjamin Constant, 286, Centro.<\/p>\n\n\n\n<p><strong>Escola das Profiss\u00f5es<br><\/strong>At\u00e9 o dia 1\u00ba de julho, acontece a Semana de Desenvolvimento do Munic\u00edpio. Com o objetivo de oportunizar aos passo-fundenses a capacita\u00e7\u00e3o profissional, a Prefeitura aproveitar\u00e1 o momento para apresentar o projeto da Escola das Profiss\u00f5es, que contar\u00e1 com cerca de 100 cursos gratuitos \u00e0 popula\u00e7\u00e3o.<\/p>\n\n\n\n<p>A assinatura do contrato com o Senai, que vai viabilizar as capacita\u00e7\u00f5es, ser\u00e1 efetuada nesta quarta-feira (29). \u201cSentimos essa necessidade de profissionalizar os passo-fundenses para que eles tenham mais oportunidades e para que as empresas garantam aqui a m\u00e3o de obra qualificada. Ent\u00e3o, apostamos na Escola das Profiss\u00f5es para que tenhamos ainda mais resultados positivos para Passo Fundo\u201d, salientou o prefeito.<\/p>\n\n\n\n<p><strong>Foto: Michel Sanderi<\/strong><\/p>\n","protected":false},"excerpt":{"rendered":"<p>A quarta edi\u00e7\u00e3o do evento ser\u00e1 realizada pela Prefeitura nesta quinta-feira (30), das 8h \u00e0s 14h, no Clube Juvenil<\/p>\n","protected":false},"author":6,"featured_media":1931,"comment_status":"closed","ping_status":"closed","sticky":true,"template":"","format":"standard","meta":{"footnotes":""},"categories":[1],"tags":[],"class_list":["post-1930","post","type-post","status-publish","format-standard","has-post-thumbnail","hentry","category-sem-categoria"],"yoast_head":"<!-- This site is optimized with the Yoast SEO plugin v23.8 - https:\/\/yoast.com\/wordpress\/plugins\/seo\/ -->\n<title>Caf\u00e9 com Emprego oferecer\u00e1 mais de 840 vagas de trabalho - Secretaria de Desenvolvimento Econ\u00f4mico<\/title>\n<meta name=\"robots\" content=\"index, follow, max-snippet:-1, max-image-preview:large, max-video-preview:-1\" \/>\n<link rel=\"canonical\" href=\"https:\/\/www.pmpf.rs.gov.br\/secretaria-de-desenvolvimento-economico\/2022\/06\/28\/cafe-com-emprego-oferecera-mais-de-840-vagas-de-trabalho\/\" \/>\n<meta property=\"og:locale\" content=\"pt_BR\" \/>\n<meta property=\"og:type\" content=\"article\" \/>\n<meta property=\"og:title\" content=\"Caf\u00e9 com Emprego oferecer\u00e1 mais de 840 vagas de trabalho - Secretaria de Desenvolvimento Econ\u00f4mico\" \/>\n<meta property=\"og:description\" content=\"A quarta edi\u00e7\u00e3o do evento ser\u00e1 realizada pela Prefeitura nesta quinta-feira (30), das 8h \u00e0s 14h, no Clube Juvenil\" \/>\n<meta property=\"og:url\" content=\"https:\/\/www.pmpf.rs.gov.br\/secretaria-de-desenvolvimento-economico\/2022\/06\/28\/cafe-com-emprego-oferecera-mais-de-840-vagas-de-trabalho\/\" \/>\n<meta property=\"og:site_name\" content=\"Secretaria de Desenvolvimento Econ\u00f4mico\" \/>\n<meta property=\"article:published_time\" content=\"2022-06-28T14:00:24+00:00\" \/>\n<meta property=\"article:modified_time\" content=\"2022-06-29T18:08:51+00:00\" \/>\n<meta property=\"og:image\" content=\"https:\/\/www.pmpf.rs.gov.br\/secretaria-de-desenvolvimento-economico\/wp-content\/uploads\/sites\/27\/2022\/06\/cafe-com-emprego-30-de-junho.jpg\" \/>\n\t<meta property=\"og:image:width\" content=\"1280\" \/>\n\t<meta property=\"og:image:height\" content=\"853\" \/>\n\t<meta property=\"og:image:type\" content=\"image\/jpeg\" \/>\n<meta name=\"author\" content=\"andressazorzetto07\" \/>\n<meta name=\"twitter:card\" content=\"summary_large_image\" \/>\n<meta name=\"twitter:label1\" content=\"Escrito por\" \/>\n\t<meta name=\"twitter:data1\" content=\"andressazorzetto07\" \/>\n\t<meta name=\"twitter:label2\" content=\"Est. tempo de leitura\" \/>\n\t<meta name=\"twitter:data2\" content=\"2 minutos\" \/>\n<script type=\"application\/ld+json\" class=\"yoast-schema-graph\">{\"@context\":\"https:\/\/schema.org\",\"@graph\":[{\"@type\":\"WebPage\",\"@id\":\"https:\/\/www.pmpf.rs.gov.br\/secretaria-de-desenvolvimento-economico\/2022\/06\/28\/cafe-com-emprego-oferecera-mais-de-840-vagas-de-trabalho\/\",\"url\":\"https:\/\/www.pmpf.rs.gov.br\/secretaria-de-desenvolvimento-economico\/2022\/06\/28\/cafe-com-emprego-oferecera-mais-de-840-vagas-de-trabalho\/\",\"name\":\"Caf\u00e9 com Emprego oferecer\u00e1 mais de 840 vagas de trabalho - Secretaria de Desenvolvimento Econ\u00f4mico\",\"isPartOf\":{\"@id\":\"https:\/\/www.pmpf.rs.gov.br\/secretaria-de-desenvolvimento-economico\/#website\"},\"primaryImageOfPage\":{\"@id\":\"https:\/\/www.pmpf.rs.gov.br\/secretaria-de-desenvolvimento-economico\/2022\/06\/28\/cafe-com-emprego-oferecera-mais-de-840-vagas-de-trabalho\/#primaryimage\"},\"image\":{\"@id\":\"https:\/\/www.pmpf.rs.gov.br\/secretaria-de-desenvolvimento-economico\/2022\/06\/28\/cafe-com-emprego-oferecera-mais-de-840-vagas-de-trabalho\/#primaryimage\"},\"thumbnailUrl\":\"https:\/\/www.pmpf.rs.gov.br\/secretaria-de-desenvolvimento-economico\/wp-content\/uploads\/sites\/27\/2022\/06\/cafe-com-emprego-30-de-junho.jpg\",\"datePublished\":\"2022-06-28T14:00:24+00:00\",\"dateModified\":\"2022-06-29T18:08:51+00:00\",\"author\":{\"@id\":\"https:\/\/www.pmpf.rs.gov.br\/secretaria-de-desenvolvimento-economico\/#\/schema\/person\/30ee1d1bd74da1469b01fcf086e43351\"},\"inLanguage\":\"pt-BR\",\"potentialAction\":[{\"@type\":\"ReadAction\",\"target\":[\"https:\/\/www.pmpf.rs.gov.br\/secretaria-de-desenvolvimento-economico\/2022\/06\/28\/cafe-com-emprego-oferecera-mais-de-840-vagas-de-trabalho\/\"]}]},{\"@type\":\"ImageObject\",\"inLanguage\":\"pt-BR\",\"@id\":\"https:\/\/www.pmpf.rs.gov.br\/secretaria-de-desenvolvimento-economico\/2022\/06\/28\/cafe-com-emprego-oferecera-mais-de-840-vagas-de-trabalho\/#primaryimage\",\"url\":\"https:\/\/www.pmpf.rs.gov.br\/secretaria-de-desenvolvimento-economico\/wp-content\/uploads\/sites\/27\/2022\/06\/cafe-com-emprego-30-de-junho.jpg\",\"contentUrl\":\"https:\/\/www.pmpf.rs.gov.br\/secretaria-de-desenvolvimento-economico\/wp-content\/uploads\/sites\/27\/2022\/06\/cafe-com-emprego-30-de-junho.jpg\",\"width\":1280,\"height\":853},{\"@type\":\"WebSite\",\"@id\":\"https:\/\/www.pmpf.rs.gov.br\/secretaria-de-desenvolvimento-economico\/#website\",\"url\":\"https:\/\/www.pmpf.rs.gov.br\/secretaria-de-desenvolvimento-economico\/\",\"name\":\"Secretaria de Desenvolvimento Econ\u00f4mico\",\"description\":\"S\u00f3 mais um site Prefeitura de Passo Fundo\",\"potentialAction\":[{\"@type\":\"SearchAction\",\"target\":{\"@type\":\"EntryPoint\",\"urlTemplate\":\"https:\/\/www.pmpf.rs.gov.br\/secretaria-de-desenvolvimento-economico\/?s={search_term_string}\"},\"query-input\":{\"@type\":\"PropertyValueSpecification\",\"valueRequired\":true,\"valueName\":\"search_term_string\"}}],\"inLanguage\":\"pt-BR\"},{\"@type\":\"Person\",\"@id\":\"https:\/\/www.pmpf.rs.gov.br\/secretaria-de-desenvolvimento-economico\/#\/schema\/person\/30ee1d1bd74da1469b01fcf086e43351\",\"name\":\"andressazorzetto07\",\"image\":{\"@type\":\"ImageObject\",\"inLanguage\":\"pt-BR\",\"@id\":\"https:\/\/www.pmpf.rs.gov.br\/secretaria-de-desenvolvimento-economico\/#\/schema\/person\/image\/\",\"url\":\"https:\/\/secure.gravatar.com\/avatar\/14c5458ed79dc81da99a13b9ff5f9f19?s=96&d=mm&r=g\",\"contentUrl\":\"https:\/\/secure.gravatar.com\/avatar\/14c5458ed79dc81da99a13b9ff5f9f19?s=96&d=mm&r=g\",\"caption\":\"andressazorzetto07\"},\"url\":\"https:\/\/www.pmpf.rs.gov.br\/secretaria-de-desenvolvimento-economico\/author\/andressazorzetto07\/\"}]}<\/script>\n<!-- \/ Yoast SEO plugin. -->","yoast_head_json":{"title":"Caf\u00e9 com Emprego oferecer\u00e1 mais de 840 vagas de trabalho - Secretaria de Desenvolvimento Econ\u00f4mico","robots":{"index":"index","follow":"follow","max-snippet":"max-snippet:-1","max-image-preview":"max-image-preview:large","max-video-preview":"max-video-preview:-1"},"canonical":"https:\/\/www.pmpf.rs.gov.br\/secretaria-de-desenvolvimento-economico\/2022\/06\/28\/cafe-com-emprego-oferecera-mais-de-840-vagas-de-trabalho\/","og_locale":"pt_BR","og_type":"article","og_title":"Caf\u00e9 com Emprego oferecer\u00e1 mais de 840 vagas de trabalho - Secretaria de Desenvolvimento Econ\u00f4mico","og_description":"A quarta edi\u00e7\u00e3o do evento ser\u00e1 realizada pela Prefeitura nesta quinta-feira (30), das 8h \u00e0s 14h, no Clube Juvenil","og_url":"https:\/\/www.pmpf.rs.gov.br\/secretaria-de-desenvolvimento-economico\/2022\/06\/28\/cafe-com-emprego-oferecera-mais-de-840-vagas-de-trabalho\/","og_site_name":"Secretaria de Desenvolvimento Econ\u00f4mico","article_published_time":"2022-06-28T14:00:24+00:00","article_modified_time":"2022-06-29T18:08:51+00:00","og_image":[{"width":1280,"height":853,"url":"https:\/\/www.pmpf.rs.gov.br\/secretaria-de-desenvolvimento-economico\/wp-content\/uploads\/sites\/27\/2022\/06\/cafe-com-emprego-30-de-junho.jpg","type":"image\/jpeg"}],"author":"andressazorzetto07","twitter_card":"summary_large_image","twitter_misc":{"Escrito por":"andressazorzetto07","Est. tempo de leitura":"2 minutos"},"schema":{"@context":"https:\/\/schema.org","@graph":[{"@type":"WebPage","@id":"https:\/\/www.pmpf.rs.gov.br\/secretaria-de-desenvolvimento-economico\/2022\/06\/28\/cafe-com-emprego-oferecera-mais-de-840-vagas-de-trabalho\/","url":"https:\/\/www.pmpf.rs.gov.br\/secretaria-de-desenvolvimento-economico\/2022\/06\/28\/cafe-com-emprego-oferecera-mais-de-840-vagas-de-trabalho\/","name":"Caf\u00e9 com Emprego oferecer\u00e1 mais de 840 vagas de trabalho - Secretaria de Desenvolvimento Econ\u00f4mico","isPartOf":{"@id":"https:\/\/www.pmpf.rs.gov.br\/secretaria-de-desenvolvimento-economico\/#website"},"primaryImageOfPage":{"@id":"https:\/\/www.pmpf.rs.gov.br\/secretaria-de-desenvolvimento-economico\/2022\/06\/28\/cafe-com-emprego-oferecera-mais-de-840-vagas-de-trabalho\/#primaryimage"},"image":{"@id":"https:\/\/www.pmpf.rs.gov.br\/secretaria-de-desenvolvimento-economico\/2022\/06\/28\/cafe-com-emprego-oferecera-mais-de-840-vagas-de-trabalho\/#primaryimage"},"thumbnailUrl":"https:\/\/www.pmpf.rs.gov.br\/secretaria-de-desenvolvimento-economico\/wp-content\/uploads\/sites\/27\/2022\/06\/cafe-com-emprego-30-de-junho.jpg","datePublished":"2022-06-28T14:00:24+00:00","dateModified":"2022-06-29T18:08:51+00:00","author":{"@id":"https:\/\/www.pmpf.rs.gov.br\/secretaria-de-desenvolvimento-economico\/#\/schema\/person\/30ee1d1bd74da1469b01fcf086e43351"},"inLanguage":"pt-BR","potentialAction":[{"@type":"ReadAction","target":["https:\/\/www.pmpf.rs.gov.br\/secretaria-de-desenvolvimento-economico\/2022\/06\/28\/cafe-com-emprego-oferecera-mais-de-840-vagas-de-trabalho\/"]}]},{"@type":"ImageObject","inLanguage":"pt-BR","@id":"https:\/\/www.pmpf.rs.gov.br\/secretaria-de-desenvolvimento-economico\/2022\/06\/28\/cafe-com-emprego-oferecera-mais-de-840-vagas-de-trabalho\/#primaryimage","url":"https:\/\/www.pmpf.rs.gov.br\/secretaria-de-desenvolvimento-economico\/wp-content\/uploads\/sites\/27\/2022\/06\/cafe-com-emprego-30-de-junho.jpg","contentUrl":"https:\/\/www.pmpf.rs.gov.br\/secretaria-de-desenvolvimento-economico\/wp-content\/uploads\/sites\/27\/2022\/06\/cafe-com-emprego-30-de-junho.jpg","width":1280,"height":853},{"@type":"WebSite","@id":"https:\/\/www.pmpf.rs.gov.br\/secretaria-de-desenvolvimento-economico\/#website","url":"https:\/\/www.pmpf.rs.gov.br\/secretaria-de-desenvolvimento-economico\/","name":"Secretaria de Desenvolvimento Econ\u00f4mico","description":"S\u00f3 mais um site Prefeitura de Passo Fundo","potentialAction":[{"@type":"SearchAction","target":{"@type":"EntryPoint","urlTemplate":"https:\/\/www.pmpf.rs.gov.br\/secretaria-de-desenvolvimento-economico\/?s={search_term_string}"},"query-input":{"@type":"PropertyValueSpecification","valueRequired":true,"valueName":"search_term_string"}}],"inLanguage":"pt-BR"},{"@type":"Person","@id":"https:\/\/www.pmpf.rs.gov.br\/secretaria-de-desenvolvimento-economico\/#\/schema\/person\/30ee1d1bd74da1469b01fcf086e43351","name":"andressazorzetto07","image":{"@type":"ImageObject","inLanguage":"pt-BR","@id":"https:\/\/www.pmpf.rs.gov.br\/secretaria-de-desenvolvimento-economico\/#\/schema\/person\/image\/","url":"https:\/\/secure.gravatar.com\/avatar\/14c5458ed79dc81da99a13b9ff5f9f19?s=96&d=mm&r=g","contentUrl":"https:\/\/secure.gravatar.com\/avatar\/14c5458ed79dc81da99a13b9ff5f9f19?s=96&d=mm&r=g","caption":"andressazorzetto07"},"url":"https:\/\/www.pmpf.rs.gov.br\/secretaria-de-desenvolvimento-economico\/author\/andressazorzetto07\/"}]}},"_links":{"self":[{"href":"https:\/\/www.pmpf.rs.gov.br\/secretaria-de-desenvolvimento-economico\/wp-json\/wp\/v2\/posts\/1930"}],"collection":[{"href":"https:\/\/www.pmpf.rs.gov.br\/secretaria-de-desenvolvimento-economico\/wp-json\/wp\/v2\/posts"}],"about":[{"href":"https:\/\/www.pmpf.rs.gov.br\/secretaria-de-desenvolvimento-economico\/wp-json\/wp\/v2\/types\/post"}],"author":[{"embeddable":true,"href":"https:\/\/www.pmpf.rs.gov.br\/secretaria-de-desenvolvimento-economico\/wp-json\/wp\/v2\/users\/6"}],"replies":[{"embeddable":true,"href":"https:\/\/www.pmpf.rs.gov.br\/secretaria-de-desenvolvimento-economico\/wp-json\/wp\/v2\/comments?post=1930"}],"version-history":[{"count":1,"href":"https:\/\/www.pmpf.rs.gov.br\/secretaria-de-desenvolvimento-economico\/wp-json\/wp\/v2\/posts\/1930\/revisions"}],"predecessor-version":[{"id":1932,"href":"https:\/\/www.pmpf.rs.gov.br\/secretaria-de-desenvolvimento-economico\/wp-json\/wp\/v2\/posts\/1930\/revisions\/1932"}],"wp:featuredmedia":[{"embeddable":true,"href":"https:\/\/www.pmpf.rs.gov.br\/secretaria-de-desenvolvimento-economico\/wp-json\/wp\/v2\/media\/1931"}],"wp:attachment":[{"href":"https:\/\/www.pmpf.rs.gov.br\/secretaria-de-desenvolvimento-economico\/wp-json\/wp\/v2\/media?parent=1930"}],"wp:term":[{"taxonomy":"category","embeddable":true,"href":"https:\/\/www.pmpf.rs.gov.br\/secretaria-de-desenvolvimento-economico\/wp-json\/wp\/v2\/categories?post=1930"},{"taxonomy":"post_tag","embeddable":true,"href":"https:\/\/www.pmpf.rs.gov.br\/secretaria-de-desenvolvimento-economico\/wp-json\/wp\/v2\/tags?post=1930"}],"curies":[{"name":"wp","href":"https:\/\/api.w.org\/{rel}","templated":true}]}}