{"id":1923,"date":"2022-06-27T11:39:02","date_gmt":"2022-06-27T14:39:02","guid":{"rendered":"https:\/\/www.pmpf.rs.gov.br\/secretaria-de-desenvolvimento-economico\/?p=1923"},"modified":"2022-06-27T11:39:03","modified_gmt":"2022-06-27T14:39:03","slug":"prefeito-pedro-almeida-anuncia-incentivo-financeiro-para-feiras-de-negocios","status":"publish","type":"post","link":"https:\/\/www.pmpf.rs.gov.br\/secretaria-de-desenvolvimento-economico\/2022\/06\/27\/prefeito-pedro-almeida-anuncia-incentivo-financeiro-para-feiras-de-negocios\/","title":{"rendered":"Prefeito Pedro Almeida anuncia incentivo financeiro para feiras de neg\u00f3cios"},"content":{"rendered":"\n<p><\/p>\n\n\n\n<p>O prefeito, Pedro Almeida, anunciou, na manh\u00e3 desta segunda-feira (27), um importante apoio para as feiras de neg\u00f3cios realizadas na cidade: a Prefeitura viabilizar\u00e1 um incentivo financeiro aos eventos promovidos por entidades empresariais. A iniciativa foi a primeira a\u00e7\u00e3o apresentada durante a Semana do Desenvolvimento do Munic\u00edpio, que seguir\u00e1 at\u00e9 sexta-feira, 1 de julho.<\/p>\n\n\n\n<p>Conforme o prefeito, essa \u00e9 mais uma articula\u00e7\u00e3o dentro do programa Acelera Passo Fundo e que dever\u00e1 impulsionar novos investimentos. \u201cQueremos estar ao lado das entidades e ajudar a construir os eventos como a Liquidapasso, a Feitech e Construim\u00f3veis. Somos parceiros para que eles sejam, cada vez mais, fortalecidos. As feiras movimentam a economia e contribuem com a potencializa\u00e7\u00e3o do emprego e da renda\u201d, disse.<\/p>\n\n\n\n<p>O secret\u00e1rio de Desenvolvimento, Diorges Oliveira, destacou que um edital de chamamento p\u00fablico de apoio \u00e0s feiras de neg\u00f3cio ser\u00e1 publicado pelo Munic\u00edpio para a participa\u00e7\u00e3o das entidades. \u201cEstamos criando uma pol\u00edtica p\u00fablica de apoio com incentivo financeiro para fortalecer o empreendorismo, que j\u00e1 \u00e9 uma marca da cidade\u201d, enfatizou.<\/p>\n\n\n\n<p>Para o presidente da Associa\u00e7\u00e3o Comercial, Industrial, de Servi\u00e7os e Agroneg\u00f3cio (Acisa), C\u00e1ssio Roberto Gon\u00e7alves, a uni\u00e3o de for\u00e7as resulta em avan\u00e7os para toda a cidade. A entidade realizar\u00e1, em setembro deste ano, a primeira edi\u00e7\u00e3o da Feitech. \u201cEsse apoio construir\u00e1 pontes para que possamos trazer mais inova\u00e7\u00f5es e fomentar a gera\u00e7\u00e3o de emprego e renda e o desenvolvimento de Passo Fundo. N\u00f3s falamos de uma cidade com muito potencial, e, com a Feitech, n\u00f3s queremos inovar e conectar toda a cadeia e os neg\u00f3cios para que a cidade possa convergir para o mesmo sentido\u201d, considerou.<\/p>\n\n\n\n<p><strong>Falando sobre Desenvolvimento<\/strong><br>O Acelera Passo Fundo foi o primeiro programa implementado pelo atual governo municipal, evidenciando a preocupa\u00e7\u00e3o com a retomada econ\u00f4mica durante e ap\u00f3s a pandemia. Os seus desdobramentos t\u00eam como objetivos estimular o desenvolvimento da cidade, facilitar processos para empresas e gerar postos de trabalho aos passo-fundenses. \u201cDesde o in\u00edcio da nossa gest\u00e3o, procuramos apoiar a Secretaria de Desenvolvimento porque a consideramos vital para todas as conquistas nas demais \u00e1reas da cidade. No ano passado, ocupamos a quarta posi\u00e7\u00e3o entre os munic\u00edpios ga\u00fachos que mais geraram empregos, n\u00famero que mostra que todos os esfor\u00e7os impactaram na vida dos cidad\u00e3os. Al\u00e9m de diminuirmos as burocracias para quem quer empreender, criamos o Caf\u00e9 com Emprego, ligando as pessoas \u00e0s empresas\u201d, avaliou o prefeito, Pedro Almeida.<\/p>\n\n\n\n<p>A Semana do Desenvolvimento est\u00e1 sendo realizada pela Prefeitura para dialogar com a popula\u00e7\u00e3o sobre as a\u00e7\u00f5es j\u00e1 criadas e tamb\u00e9m para apresentar novas iniciativas. At\u00e9 sexta-feira, diversas atividades ser\u00e3o desenvolvidas.<\/p>\n\n\n\n<p>Entre as a\u00e7\u00f5es, est\u00e1 a quarta edi\u00e7\u00e3o do Caf\u00e9 Com Emprego, que acontecer\u00e1 na quinta-feira (30), das 8h \u00e0s 14h, no Clube Juvenil. De acordo com o secret\u00e1rio de Desenvolvimento, Diorges Oliveira, ser\u00e3o oferecidas cerca de 800 vagas, nos mais variados setores. \u201cO Caf\u00e9 com Emprego tomou uma grande dimens\u00e3o, j\u00e1 empregando cerca de 500 pessoas. Essa edi\u00e7\u00e3o ser\u00e1 regional, com a participa\u00e7\u00e3o de empresas de fora, que est\u00e3o vindo a Passo Fundo para oferecer empregos. Essa \u00e9 uma pol\u00edtica p\u00fablica que estamos tratando com muito cuidado e responsabilidade\u201d, ponderou.<\/p>\n\n\n\n<p>Na Semana do Desenvolvimento, tamb\u00e9m se destaca a assinatura de um contrato entre a Prefeitura e o Senai, na quarta-feira (29), para a implementa\u00e7\u00e3o da Escola das Profiss\u00f5es. Segundo o prefeito, a escola dever\u00e1 entrar em funcionamento no m\u00eas de agosto com o oferecimento de mais de 100 cursos gratuitos para a popula\u00e7\u00e3o. \u201cSentimos essa necessidade de profissionalizarmos os passo-fundenses para que eles tenham mais oportunidades e para que as empresas garantam aqui a m\u00e3o e obra qualificada. Ent\u00e3o, essa \u00e9 mais uma iniciativa que vai trazer muitos resultados positivos\u201d, adiantou.<\/p>\n\n\n\n<p><strong>Fotos; Michel Sanderi<\/strong><\/p>\n","protected":false},"excerpt":{"rendered":"<p>A Prefeitura publicar\u00e1 um edital de chamamento p\u00fablico de apoio a eventos promovidos por entidades empresariais<\/p>\n","protected":false},"author":6,"featured_media":1924,"comment_status":"closed","ping_status":"closed","sticky":true,"template":"","format":"standard","meta":{"footnotes":""},"categories":[19],"tags":[],"class_list":["post-1923","post","type-post","status-publish","format-standard","has-post-thumbnail","hentry","category-desenvolvimento"],"yoast_head":"<!-- This site is optimized with the Yoast SEO plugin v23.8 - https:\/\/yoast.com\/wordpress\/plugins\/seo\/ -->\n<title>Prefeito Pedro Almeida anuncia incentivo financeiro para feiras de neg\u00f3cios - Secretaria de Desenvolvimento Econ\u00f4mico<\/title>\n<meta name=\"robots\" content=\"index, follow, max-snippet:-1, max-image-preview:large, max-video-preview:-1\" \/>\n<link rel=\"canonical\" href=\"https:\/\/www.pmpf.rs.gov.br\/secretaria-de-desenvolvimento-economico\/2022\/06\/27\/prefeito-pedro-almeida-anuncia-incentivo-financeiro-para-feiras-de-negocios\/\" \/>\n<meta property=\"og:locale\" content=\"pt_BR\" \/>\n<meta property=\"og:type\" content=\"article\" \/>\n<meta property=\"og:title\" content=\"Prefeito Pedro Almeida anuncia incentivo financeiro para feiras de neg\u00f3cios - Secretaria de Desenvolvimento Econ\u00f4mico\" \/>\n<meta property=\"og:description\" content=\"A Prefeitura publicar\u00e1 um edital de chamamento p\u00fablico de apoio a eventos promovidos por entidades empresariais\" \/>\n<meta property=\"og:url\" content=\"https:\/\/www.pmpf.rs.gov.br\/secretaria-de-desenvolvimento-economico\/2022\/06\/27\/prefeito-pedro-almeida-anuncia-incentivo-financeiro-para-feiras-de-negocios\/\" \/>\n<meta property=\"og:site_name\" content=\"Secretaria de Desenvolvimento Econ\u00f4mico\" \/>\n<meta property=\"article:published_time\" content=\"2022-06-27T14:39:02+00:00\" \/>\n<meta property=\"article:modified_time\" content=\"2022-06-27T14:39:03+00:00\" \/>\n<meta name=\"author\" content=\"andressazorzetto07\" \/>\n<meta name=\"twitter:card\" content=\"summary_large_image\" \/>\n<meta name=\"twitter:label1\" content=\"Escrito por\" \/>\n\t<meta name=\"twitter:data1\" content=\"andressazorzetto07\" \/>\n\t<meta name=\"twitter:label2\" content=\"Est. tempo de leitura\" \/>\n\t<meta name=\"twitter:data2\" content=\"3 minutos\" \/>\n<script type=\"application\/ld+json\" class=\"yoast-schema-graph\">{\"@context\":\"https:\/\/schema.org\",\"@graph\":[{\"@type\":\"WebPage\",\"@id\":\"https:\/\/www.pmpf.rs.gov.br\/secretaria-de-desenvolvimento-economico\/2022\/06\/27\/prefeito-pedro-almeida-anuncia-incentivo-financeiro-para-feiras-de-negocios\/\",\"url\":\"https:\/\/www.pmpf.rs.gov.br\/secretaria-de-desenvolvimento-economico\/2022\/06\/27\/prefeito-pedro-almeida-anuncia-incentivo-financeiro-para-feiras-de-negocios\/\",\"name\":\"Prefeito Pedro Almeida anuncia incentivo financeiro para feiras de neg\u00f3cios - Secretaria de Desenvolvimento Econ\u00f4mico\",\"isPartOf\":{\"@id\":\"https:\/\/www.pmpf.rs.gov.br\/secretaria-de-desenvolvimento-economico\/#website\"},\"primaryImageOfPage\":{\"@id\":\"https:\/\/www.pmpf.rs.gov.br\/secretaria-de-desenvolvimento-economico\/2022\/06\/27\/prefeito-pedro-almeida-anuncia-incentivo-financeiro-para-feiras-de-negocios\/#primaryimage\"},\"image\":{\"@id\":\"https:\/\/www.pmpf.rs.gov.br\/secretaria-de-desenvolvimento-economico\/2022\/06\/27\/prefeito-pedro-almeida-anuncia-incentivo-financeiro-para-feiras-de-negocios\/#primaryimage\"},\"thumbnailUrl\":\"https:\/\/www.pmpf.rs.gov.br\/secretaria-de-desenvolvimento-economico\/wp-content\/uploads\/sites\/27\/2022\/06\/feiras-2.jpg\",\"datePublished\":\"2022-06-27T14:39:02+00:00\",\"dateModified\":\"2022-06-27T14:39:03+00:00\",\"author\":{\"@id\":\"https:\/\/www.pmpf.rs.gov.br\/secretaria-de-desenvolvimento-economico\/#\/schema\/person\/30ee1d1bd74da1469b01fcf086e43351\"},\"inLanguage\":\"pt-BR\",\"potentialAction\":[{\"@type\":\"ReadAction\",\"target\":[\"https:\/\/www.pmpf.rs.gov.br\/secretaria-de-desenvolvimento-economico\/2022\/06\/27\/prefeito-pedro-almeida-anuncia-incentivo-financeiro-para-feiras-de-negocios\/\"]}]},{\"@type\":\"ImageObject\",\"inLanguage\":\"pt-BR\",\"@id\":\"https:\/\/www.pmpf.rs.gov.br\/secretaria-de-desenvolvimento-economico\/2022\/06\/27\/prefeito-pedro-almeida-anuncia-incentivo-financeiro-para-feiras-de-negocios\/#primaryimage\",\"url\":\"https:\/\/www.pmpf.rs.gov.br\/secretaria-de-desenvolvimento-economico\/wp-content\/uploads\/sites\/27\/2022\/06\/feiras-2.jpg\",\"contentUrl\":\"https:\/\/www.pmpf.rs.gov.br\/secretaria-de-desenvolvimento-economico\/wp-content\/uploads\/sites\/27\/2022\/06\/feiras-2.jpg\",\"width\":1600,\"height\":1066},{\"@type\":\"WebSite\",\"@id\":\"https:\/\/www.pmpf.rs.gov.br\/secretaria-de-desenvolvimento-economico\/#website\",\"url\":\"https:\/\/www.pmpf.rs.gov.br\/secretaria-de-desenvolvimento-economico\/\",\"name\":\"Secretaria de Desenvolvimento Econ\u00f4mico\",\"description\":\"S\u00f3 mais um site Prefeitura de Passo Fundo\",\"potentialAction\":[{\"@type\":\"SearchAction\",\"target\":{\"@type\":\"EntryPoint\",\"urlTemplate\":\"https:\/\/www.pmpf.rs.gov.br\/secretaria-de-desenvolvimento-economico\/?s={search_term_string}\"},\"query-input\":{\"@type\":\"PropertyValueSpecification\",\"valueRequired\":true,\"valueName\":\"search_term_string\"}}],\"inLanguage\":\"pt-BR\"},{\"@type\":\"Person\",\"@id\":\"https:\/\/www.pmpf.rs.gov.br\/secretaria-de-desenvolvimento-economico\/#\/schema\/person\/30ee1d1bd74da1469b01fcf086e43351\",\"name\":\"andressazorzetto07\",\"image\":{\"@type\":\"ImageObject\",\"inLanguage\":\"pt-BR\",\"@id\":\"https:\/\/www.pmpf.rs.gov.br\/secretaria-de-desenvolvimento-economico\/#\/schema\/person\/image\/\",\"url\":\"https:\/\/secure.gravatar.com\/avatar\/14c5458ed79dc81da99a13b9ff5f9f19?s=96&d=mm&r=g\",\"contentUrl\":\"https:\/\/secure.gravatar.com\/avatar\/14c5458ed79dc81da99a13b9ff5f9f19?s=96&d=mm&r=g\",\"caption\":\"andressazorzetto07\"},\"url\":\"https:\/\/www.pmpf.rs.gov.br\/secretaria-de-desenvolvimento-economico\/author\/andressazorzetto07\/\"}]}<\/script>\n<!-- \/ Yoast SEO plugin. -->","yoast_head_json":{"title":"Prefeito Pedro Almeida anuncia incentivo financeiro para feiras de neg\u00f3cios - Secretaria de Desenvolvimento Econ\u00f4mico","robots":{"index":"index","follow":"follow","max-snippet":"max-snippet:-1","max-image-preview":"max-image-preview:large","max-video-preview":"max-video-preview:-1"},"canonical":"https:\/\/www.pmpf.rs.gov.br\/secretaria-de-desenvolvimento-economico\/2022\/06\/27\/prefeito-pedro-almeida-anuncia-incentivo-financeiro-para-feiras-de-negocios\/","og_locale":"pt_BR","og_type":"article","og_title":"Prefeito Pedro Almeida anuncia incentivo financeiro para feiras de neg\u00f3cios - Secretaria de Desenvolvimento Econ\u00f4mico","og_description":"A Prefeitura publicar\u00e1 um edital de chamamento p\u00fablico de apoio a eventos promovidos por entidades empresariais","og_url":"https:\/\/www.pmpf.rs.gov.br\/secretaria-de-desenvolvimento-economico\/2022\/06\/27\/prefeito-pedro-almeida-anuncia-incentivo-financeiro-para-feiras-de-negocios\/","og_site_name":"Secretaria de Desenvolvimento Econ\u00f4mico","article_published_time":"2022-06-27T14:39:02+00:00","article_modified_time":"2022-06-27T14:39:03+00:00","author":"andressazorzetto07","twitter_card":"summary_large_image","twitter_misc":{"Escrito por":"andressazorzetto07","Est. tempo de leitura":"3 minutos"},"schema":{"@context":"https:\/\/schema.org","@graph":[{"@type":"WebPage","@id":"https:\/\/www.pmpf.rs.gov.br\/secretaria-de-desenvolvimento-economico\/2022\/06\/27\/prefeito-pedro-almeida-anuncia-incentivo-financeiro-para-feiras-de-negocios\/","url":"https:\/\/www.pmpf.rs.gov.br\/secretaria-de-desenvolvimento-economico\/2022\/06\/27\/prefeito-pedro-almeida-anuncia-incentivo-financeiro-para-feiras-de-negocios\/","name":"Prefeito Pedro Almeida anuncia incentivo financeiro para feiras de neg\u00f3cios - Secretaria de Desenvolvimento Econ\u00f4mico","isPartOf":{"@id":"https:\/\/www.pmpf.rs.gov.br\/secretaria-de-desenvolvimento-economico\/#website"},"primaryImageOfPage":{"@id":"https:\/\/www.pmpf.rs.gov.br\/secretaria-de-desenvolvimento-economico\/2022\/06\/27\/prefeito-pedro-almeida-anuncia-incentivo-financeiro-para-feiras-de-negocios\/#primaryimage"},"image":{"@id":"https:\/\/www.pmpf.rs.gov.br\/secretaria-de-desenvolvimento-economico\/2022\/06\/27\/prefeito-pedro-almeida-anuncia-incentivo-financeiro-para-feiras-de-negocios\/#primaryimage"},"thumbnailUrl":"https:\/\/www.pmpf.rs.gov.br\/secretaria-de-desenvolvimento-economico\/wp-content\/uploads\/sites\/27\/2022\/06\/feiras-2.jpg","datePublished":"2022-06-27T14:39:02+00:00","dateModified":"2022-06-27T14:39:03+00:00","author":{"@id":"https:\/\/www.pmpf.rs.gov.br\/secretaria-de-desenvolvimento-economico\/#\/schema\/person\/30ee1d1bd74da1469b01fcf086e43351"},"inLanguage":"pt-BR","potentialAction":[{"@type":"ReadAction","target":["https:\/\/www.pmpf.rs.gov.br\/secretaria-de-desenvolvimento-economico\/2022\/06\/27\/prefeito-pedro-almeida-anuncia-incentivo-financeiro-para-feiras-de-negocios\/"]}]},{"@type":"ImageObject","inLanguage":"pt-BR","@id":"https:\/\/www.pmpf.rs.gov.br\/secretaria-de-desenvolvimento-economico\/2022\/06\/27\/prefeito-pedro-almeida-anuncia-incentivo-financeiro-para-feiras-de-negocios\/#primaryimage","url":"https:\/\/www.pmpf.rs.gov.br\/secretaria-de-desenvolvimento-economico\/wp-content\/uploads\/sites\/27\/2022\/06\/feiras-2.jpg","contentUrl":"https:\/\/www.pmpf.rs.gov.br\/secretaria-de-desenvolvimento-economico\/wp-content\/uploads\/sites\/27\/2022\/06\/feiras-2.jpg","width":1600,"height":1066},{"@type":"WebSite","@id":"https:\/\/www.pmpf.rs.gov.br\/secretaria-de-desenvolvimento-economico\/#website","url":"https:\/\/www.pmpf.rs.gov.br\/secretaria-de-desenvolvimento-economico\/","name":"Secretaria de Desenvolvimento Econ\u00f4mico","description":"S\u00f3 mais um site Prefeitura de Passo Fundo","potentialAction":[{"@type":"SearchAction","target":{"@type":"EntryPoint","urlTemplate":"https:\/\/www.pmpf.rs.gov.br\/secretaria-de-desenvolvimento-economico\/?s={search_term_string}"},"query-input":{"@type":"PropertyValueSpecification","valueRequired":true,"valueName":"search_term_string"}}],"inLanguage":"pt-BR"},{"@type":"Person","@id":"https:\/\/www.pmpf.rs.gov.br\/secretaria-de-desenvolvimento-economico\/#\/schema\/person\/30ee1d1bd74da1469b01fcf086e43351","name":"andressazorzetto07","image":{"@type":"ImageObject","inLanguage":"pt-BR","@id":"https:\/\/www.pmpf.rs.gov.br\/secretaria-de-desenvolvimento-economico\/#\/schema\/person\/image\/","url":"https:\/\/secure.gravatar.com\/avatar\/14c5458ed79dc81da99a13b9ff5f9f19?s=96&d=mm&r=g","contentUrl":"https:\/\/secure.gravatar.com\/avatar\/14c5458ed79dc81da99a13b9ff5f9f19?s=96&d=mm&r=g","caption":"andressazorzetto07"},"url":"https:\/\/www.pmpf.rs.gov.br\/secretaria-de-desenvolvimento-economico\/author\/andressazorzetto07\/"}]}},"_links":{"self":[{"href":"https:\/\/www.pmpf.rs.gov.br\/secretaria-de-desenvolvimento-economico\/wp-json\/wp\/v2\/posts\/1923"}],"collection":[{"href":"https:\/\/www.pmpf.rs.gov.br\/secretaria-de-desenvolvimento-economico\/wp-json\/wp\/v2\/posts"}],"about":[{"href":"https:\/\/www.pmpf.rs.gov.br\/secretaria-de-desenvolvimento-economico\/wp-json\/wp\/v2\/types\/post"}],"author":[{"embeddable":true,"href":"https:\/\/www.pmpf.rs.gov.br\/secretaria-de-desenvolvimento-economico\/wp-json\/wp\/v2\/users\/6"}],"replies":[{"embeddable":true,"href":"https:\/\/www.pmpf.rs.gov.br\/secretaria-de-desenvolvimento-economico\/wp-json\/wp\/v2\/comments?post=1923"}],"version-history":[{"count":1,"href":"https:\/\/www.pmpf.rs.gov.br\/secretaria-de-desenvolvimento-economico\/wp-json\/wp\/v2\/posts\/1923\/revisions"}],"predecessor-version":[{"id":1925,"href":"https:\/\/www.pmpf.rs.gov.br\/secretaria-de-desenvolvimento-economico\/wp-json\/wp\/v2\/posts\/1923\/revisions\/1925"}],"wp:featuredmedia":[{"embeddable":true,"href":"https:\/\/www.pmpf.rs.gov.br\/secretaria-de-desenvolvimento-economico\/wp-json\/wp\/v2\/media\/1924"}],"wp:attachment":[{"href":"https:\/\/www.pmpf.rs.gov.br\/secretaria-de-desenvolvimento-economico\/wp-json\/wp\/v2\/media?parent=1923"}],"wp:term":[{"taxonomy":"category","embeddable":true,"href":"https:\/\/www.pmpf.rs.gov.br\/secretaria-de-desenvolvimento-economico\/wp-json\/wp\/v2\/categories?post=1923"},{"taxonomy":"post_tag","embeddable":true,"href":"https:\/\/www.pmpf.rs.gov.br\/secretaria-de-desenvolvimento-economico\/wp-json\/wp\/v2\/tags?post=1923"}],"curies":[{"name":"wp","href":"https:\/\/api.w.org\/{rel}","templated":true}]}}