{"id":1918,"date":"2022-06-24T16:34:13","date_gmt":"2022-06-24T19:34:13","guid":{"rendered":"https:\/\/www.pmpf.rs.gov.br\/secretaria-de-desenvolvimento-economico\/?p=1918"},"modified":"2022-06-24T16:34:14","modified_gmt":"2022-06-24T19:34:14","slug":"prefeitura-promove-acoes-dedicadas-ao-empreendedorismo-a-inovacao-e-ao-fomento-economico","status":"publish","type":"post","link":"https:\/\/www.pmpf.rs.gov.br\/secretaria-de-desenvolvimento-economico\/2022\/06\/24\/prefeitura-promove-acoes-dedicadas-ao-empreendedorismo-a-inovacao-e-ao-fomento-economico\/","title":{"rendered":"Prefeitura promove a\u00e7\u00f5es dedicadas ao empreendedorismo, \u00e0 inova\u00e7\u00e3o e ao fomento econ\u00f4mico"},"content":{"rendered":"\n<p><\/p>\n\n\n\n<p>Entre a segunda-feira (27) e a sexta-feira (01), a Prefeitura de Passo Fundo promove uma s\u00e9rie de a\u00e7\u00f5es focadas no incentivo ao empreendedorismo, \u00e0 inova\u00e7\u00e3o e ao fomento econ\u00f4mico. As iniciativas integram a Semana de Desenvolvimento Econ\u00f4mico, constru\u00edda pela Administra\u00e7\u00e3o Municipal como uma ferramenta para discutir o crescimento da cidade e prospectar novos neg\u00f3cios. Al\u00e9m de reuni\u00f5es com o setor produtivo e a visita a diferentes empresas, a Semana vai contar ainda com a 4\u00aa edi\u00e7\u00e3o do Caf\u00e9 com Emprego, que ocorre na quinta-feira, dia 30.<\/p>\n\n\n\n<p>Para o prefeito, Pedro Almeida, a exemplo de programa\u00e7\u00f5es no mesmo formato ocorridas na Educa\u00e7\u00e3o e na Sa\u00fade, a promo\u00e7\u00e3o de uma semana dedicada ao Desenvolvimento Econ\u00f4mico refor\u00e7a o compromisso do governo com a constru\u00e7\u00e3o de alternativas que projetem o avan\u00e7o do Munic\u00edpio. \u201cVamos ter uma s\u00e9rie de eventos para mostrar a pujan\u00e7a dos setores produtivos em Passo Fundo, incluindo tamb\u00e9m a participa\u00e7\u00e3o social e o acesso \u00e0s oportunidades de inclus\u00e3o no mercado formal de trabalho, por meio do Caf\u00e9 com Emprego. Nesta edi\u00e7\u00e3o, ser\u00e3o mais de 850 vagas dispon\u00edveis\u201d, revela Pedro.<\/p>\n\n\n\n<p>Com tr\u00eas edi\u00e7\u00f5es realizadas, o Caf\u00e9 com Empregou tornou-se um dos principais vetores para alavancar o preenchimento de postos de trabalho no munic\u00edpio, colaborando para que Passo Fundo ocupasse, em 2021, a quarta posi\u00e7\u00e3o no ranking estadual de gera\u00e7\u00e3o de emprego. \u201cQueremos repetir estes bons indicadores, porque o aumento de pessoas empregadas representa um incremento na renda das fam\u00edlias, o que reflete em toda a economia\u201d, avalia Pedro, refor\u00e7ando o convite para que toda a comunidade participe do evento, que inicia \u00e0s 8h, no Clube Juvenil. \u201cOs recrutadores das empresas parceiras estar\u00e3o at\u00e9 \u00e0s 14h recebendo os curr\u00edculos e conversando com quem est\u00e1 procurando emprego. Para participar basta apresentar os documentos de identifica\u00e7\u00e3o\u201d.<\/p>\n\n\n\n<p><\/p>\n\n\n\n<p><strong>Foco na inova\u00e7\u00e3o<br><\/strong>Uma das atividades programadas para ocorrer durante a Semana de Desenvolvimento Econ\u00f4mico \u00e9 o encontro que vai tratar da formata\u00e7\u00e3o do ecossistema de inova\u00e7\u00e3o de Passo Fundo. O assunto j\u00e1 vem sendo discutido pelo prefeito com universidades, \u00f3rg\u00e3os de governo e empresas para alavancar o setor no munic\u00edpio. \u201cEsta \u00e9 uma oportunidade de mobilizarmos nossos parceiros e conhecer um pouco mais das iniciativas que est\u00e3o sendo realizadas e que podem ser apoiadas pela Prefeitura\u201d, comenta Pedro, afirmando que a expectativa em torno desta atividade \u00e9 bastante positiva. \u201cIsso vai nos ajudar a prospectar novos cen\u00e1rios e inserir a inova\u00e7\u00e3o nos processos administrativos\u201d.<\/p>\n\n\n\n<p>Abrindo as a\u00e7\u00f5es da Semana, a Prefeitura vai apresentar na manh\u00e3 da segunda-feira (27), no Audit\u00f3rio da Secretaria de Desenvolvimento Econ\u00f4mico (SDE), um projeto para o apoio \u00e0s feiras empresariais e de neg\u00f3cios locais, ampliando e fortalecendo o segmento. \u201cQueremos construir espa\u00e7os de promo\u00e7\u00e3o e divulga\u00e7\u00e3o de feiras e eventos, potencializando o setor. Acreditamos muito nesta Semana de Desenvolvimento Econ\u00f4mico como um ponto de partida para diversas iniciativas que v\u00e3o trazer in\u00fameros resultados positivos para a cidade\u201d, diz o secret\u00e1rio de Desenvolvimento, Diorges Oliveira.<\/p>\n","protected":false},"excerpt":{"rendered":"<p>Atividades da Semana de Desenvolvimento Econ\u00f4mico v\u00e3o promover o debate sobre a gera\u00e7\u00e3o de emprego e renda, est\u00edmulo ao setor produtivo e tamb\u00e9m ampliar o acesso ao mercado de trabalho, atrav\u00e9s da 4\u00aa edi\u00e7\u00e3o do Caf\u00e9 com Emprego, que ser\u00e1 realizado no dia 30 de junho<\/p>\n","protected":false},"author":6,"featured_media":0,"comment_status":"closed","ping_status":"closed","sticky":true,"template":"","format":"standard","meta":{"footnotes":""},"categories":[19],"tags":[],"class_list":["post-1918","post","type-post","status-publish","format-standard","hentry","category-desenvolvimento"],"yoast_head":"<!-- This site is optimized with the Yoast SEO plugin v23.8 - https:\/\/yoast.com\/wordpress\/plugins\/seo\/ -->\n<title>Prefeitura promove a\u00e7\u00f5es dedicadas ao empreendedorismo, \u00e0 inova\u00e7\u00e3o e ao fomento econ\u00f4mico - Secretaria de Desenvolvimento Econ\u00f4mico<\/title>\n<meta name=\"robots\" content=\"index, follow, max-snippet:-1, max-image-preview:large, max-video-preview:-1\" \/>\n<link rel=\"canonical\" href=\"https:\/\/www.pmpf.rs.gov.br\/secretaria-de-desenvolvimento-economico\/2022\/06\/24\/prefeitura-promove-acoes-dedicadas-ao-empreendedorismo-a-inovacao-e-ao-fomento-economico\/\" \/>\n<meta property=\"og:locale\" content=\"pt_BR\" \/>\n<meta property=\"og:type\" content=\"article\" \/>\n<meta property=\"og:title\" content=\"Prefeitura promove a\u00e7\u00f5es dedicadas ao empreendedorismo, \u00e0 inova\u00e7\u00e3o e ao fomento econ\u00f4mico - Secretaria de Desenvolvimento Econ\u00f4mico\" \/>\n<meta property=\"og:description\" content=\"Atividades da Semana de Desenvolvimento Econ\u00f4mico v\u00e3o promover o debate sobre a gera\u00e7\u00e3o de emprego e renda, est\u00edmulo ao setor produtivo e tamb\u00e9m ampliar o acesso ao mercado de trabalho, atrav\u00e9s da 4\u00aa edi\u00e7\u00e3o do Caf\u00e9 com Emprego, que ser\u00e1 realizado no dia 30 de junho\" \/>\n<meta property=\"og:url\" content=\"https:\/\/www.pmpf.rs.gov.br\/secretaria-de-desenvolvimento-economico\/2022\/06\/24\/prefeitura-promove-acoes-dedicadas-ao-empreendedorismo-a-inovacao-e-ao-fomento-economico\/\" \/>\n<meta property=\"og:site_name\" content=\"Secretaria de Desenvolvimento Econ\u00f4mico\" \/>\n<meta property=\"article:published_time\" content=\"2022-06-24T19:34:13+00:00\" \/>\n<meta property=\"article:modified_time\" content=\"2022-06-24T19:34:14+00:00\" \/>\n<meta name=\"author\" content=\"andressazorzetto07\" \/>\n<meta name=\"twitter:card\" content=\"summary_large_image\" \/>\n<meta name=\"twitter:label1\" content=\"Escrito por\" \/>\n\t<meta name=\"twitter:data1\" content=\"andressazorzetto07\" \/>\n\t<meta name=\"twitter:label2\" content=\"Est. tempo de leitura\" \/>\n\t<meta name=\"twitter:data2\" content=\"3 minutos\" \/>\n<script type=\"application\/ld+json\" class=\"yoast-schema-graph\">{\"@context\":\"https:\/\/schema.org\",\"@graph\":[{\"@type\":\"WebPage\",\"@id\":\"https:\/\/www.pmpf.rs.gov.br\/secretaria-de-desenvolvimento-economico\/2022\/06\/24\/prefeitura-promove-acoes-dedicadas-ao-empreendedorismo-a-inovacao-e-ao-fomento-economico\/\",\"url\":\"https:\/\/www.pmpf.rs.gov.br\/secretaria-de-desenvolvimento-economico\/2022\/06\/24\/prefeitura-promove-acoes-dedicadas-ao-empreendedorismo-a-inovacao-e-ao-fomento-economico\/\",\"name\":\"Prefeitura promove a\u00e7\u00f5es dedicadas ao empreendedorismo, \u00e0 inova\u00e7\u00e3o e ao fomento econ\u00f4mico - Secretaria de Desenvolvimento Econ\u00f4mico\",\"isPartOf\":{\"@id\":\"https:\/\/www.pmpf.rs.gov.br\/secretaria-de-desenvolvimento-economico\/#website\"},\"datePublished\":\"2022-06-24T19:34:13+00:00\",\"dateModified\":\"2022-06-24T19:34:14+00:00\",\"author\":{\"@id\":\"https:\/\/www.pmpf.rs.gov.br\/secretaria-de-desenvolvimento-economico\/#\/schema\/person\/30ee1d1bd74da1469b01fcf086e43351\"},\"inLanguage\":\"pt-BR\",\"potentialAction\":[{\"@type\":\"ReadAction\",\"target\":[\"https:\/\/www.pmpf.rs.gov.br\/secretaria-de-desenvolvimento-economico\/2022\/06\/24\/prefeitura-promove-acoes-dedicadas-ao-empreendedorismo-a-inovacao-e-ao-fomento-economico\/\"]}]},{\"@type\":\"WebSite\",\"@id\":\"https:\/\/www.pmpf.rs.gov.br\/secretaria-de-desenvolvimento-economico\/#website\",\"url\":\"https:\/\/www.pmpf.rs.gov.br\/secretaria-de-desenvolvimento-economico\/\",\"name\":\"Secretaria de Desenvolvimento Econ\u00f4mico\",\"description\":\"S\u00f3 mais um site Prefeitura de Passo Fundo\",\"potentialAction\":[{\"@type\":\"SearchAction\",\"target\":{\"@type\":\"EntryPoint\",\"urlTemplate\":\"https:\/\/www.pmpf.rs.gov.br\/secretaria-de-desenvolvimento-economico\/?s={search_term_string}\"},\"query-input\":{\"@type\":\"PropertyValueSpecification\",\"valueRequired\":true,\"valueName\":\"search_term_string\"}}],\"inLanguage\":\"pt-BR\"},{\"@type\":\"Person\",\"@id\":\"https:\/\/www.pmpf.rs.gov.br\/secretaria-de-desenvolvimento-economico\/#\/schema\/person\/30ee1d1bd74da1469b01fcf086e43351\",\"name\":\"andressazorzetto07\",\"image\":{\"@type\":\"ImageObject\",\"inLanguage\":\"pt-BR\",\"@id\":\"https:\/\/www.pmpf.rs.gov.br\/secretaria-de-desenvolvimento-economico\/#\/schema\/person\/image\/\",\"url\":\"https:\/\/secure.gravatar.com\/avatar\/14c5458ed79dc81da99a13b9ff5f9f19?s=96&d=mm&r=g\",\"contentUrl\":\"https:\/\/secure.gravatar.com\/avatar\/14c5458ed79dc81da99a13b9ff5f9f19?s=96&d=mm&r=g\",\"caption\":\"andressazorzetto07\"},\"url\":\"https:\/\/www.pmpf.rs.gov.br\/secretaria-de-desenvolvimento-economico\/author\/andressazorzetto07\/\"}]}<\/script>\n<!-- \/ Yoast SEO plugin. -->","yoast_head_json":{"title":"Prefeitura promove a\u00e7\u00f5es dedicadas ao empreendedorismo, \u00e0 inova\u00e7\u00e3o e ao fomento econ\u00f4mico - Secretaria de Desenvolvimento Econ\u00f4mico","robots":{"index":"index","follow":"follow","max-snippet":"max-snippet:-1","max-image-preview":"max-image-preview:large","max-video-preview":"max-video-preview:-1"},"canonical":"https:\/\/www.pmpf.rs.gov.br\/secretaria-de-desenvolvimento-economico\/2022\/06\/24\/prefeitura-promove-acoes-dedicadas-ao-empreendedorismo-a-inovacao-e-ao-fomento-economico\/","og_locale":"pt_BR","og_type":"article","og_title":"Prefeitura promove a\u00e7\u00f5es dedicadas ao empreendedorismo, \u00e0 inova\u00e7\u00e3o e ao fomento econ\u00f4mico - Secretaria de Desenvolvimento Econ\u00f4mico","og_description":"Atividades da Semana de Desenvolvimento Econ\u00f4mico v\u00e3o promover o debate sobre a gera\u00e7\u00e3o de emprego e renda, est\u00edmulo ao setor produtivo e tamb\u00e9m ampliar o acesso ao mercado de trabalho, atrav\u00e9s da 4\u00aa edi\u00e7\u00e3o do Caf\u00e9 com Emprego, que ser\u00e1 realizado no dia 30 de junho","og_url":"https:\/\/www.pmpf.rs.gov.br\/secretaria-de-desenvolvimento-economico\/2022\/06\/24\/prefeitura-promove-acoes-dedicadas-ao-empreendedorismo-a-inovacao-e-ao-fomento-economico\/","og_site_name":"Secretaria de Desenvolvimento Econ\u00f4mico","article_published_time":"2022-06-24T19:34:13+00:00","article_modified_time":"2022-06-24T19:34:14+00:00","author":"andressazorzetto07","twitter_card":"summary_large_image","twitter_misc":{"Escrito por":"andressazorzetto07","Est. tempo de leitura":"3 minutos"},"schema":{"@context":"https:\/\/schema.org","@graph":[{"@type":"WebPage","@id":"https:\/\/www.pmpf.rs.gov.br\/secretaria-de-desenvolvimento-economico\/2022\/06\/24\/prefeitura-promove-acoes-dedicadas-ao-empreendedorismo-a-inovacao-e-ao-fomento-economico\/","url":"https:\/\/www.pmpf.rs.gov.br\/secretaria-de-desenvolvimento-economico\/2022\/06\/24\/prefeitura-promove-acoes-dedicadas-ao-empreendedorismo-a-inovacao-e-ao-fomento-economico\/","name":"Prefeitura promove a\u00e7\u00f5es dedicadas ao empreendedorismo, \u00e0 inova\u00e7\u00e3o e ao fomento econ\u00f4mico - Secretaria de Desenvolvimento Econ\u00f4mico","isPartOf":{"@id":"https:\/\/www.pmpf.rs.gov.br\/secretaria-de-desenvolvimento-economico\/#website"},"datePublished":"2022-06-24T19:34:13+00:00","dateModified":"2022-06-24T19:34:14+00:00","author":{"@id":"https:\/\/www.pmpf.rs.gov.br\/secretaria-de-desenvolvimento-economico\/#\/schema\/person\/30ee1d1bd74da1469b01fcf086e43351"},"inLanguage":"pt-BR","potentialAction":[{"@type":"ReadAction","target":["https:\/\/www.pmpf.rs.gov.br\/secretaria-de-desenvolvimento-economico\/2022\/06\/24\/prefeitura-promove-acoes-dedicadas-ao-empreendedorismo-a-inovacao-e-ao-fomento-economico\/"]}]},{"@type":"WebSite","@id":"https:\/\/www.pmpf.rs.gov.br\/secretaria-de-desenvolvimento-economico\/#website","url":"https:\/\/www.pmpf.rs.gov.br\/secretaria-de-desenvolvimento-economico\/","name":"Secretaria de Desenvolvimento Econ\u00f4mico","description":"S\u00f3 mais um site Prefeitura de Passo Fundo","potentialAction":[{"@type":"SearchAction","target":{"@type":"EntryPoint","urlTemplate":"https:\/\/www.pmpf.rs.gov.br\/secretaria-de-desenvolvimento-economico\/?s={search_term_string}"},"query-input":{"@type":"PropertyValueSpecification","valueRequired":true,"valueName":"search_term_string"}}],"inLanguage":"pt-BR"},{"@type":"Person","@id":"https:\/\/www.pmpf.rs.gov.br\/secretaria-de-desenvolvimento-economico\/#\/schema\/person\/30ee1d1bd74da1469b01fcf086e43351","name":"andressazorzetto07","image":{"@type":"ImageObject","inLanguage":"pt-BR","@id":"https:\/\/www.pmpf.rs.gov.br\/secretaria-de-desenvolvimento-economico\/#\/schema\/person\/image\/","url":"https:\/\/secure.gravatar.com\/avatar\/14c5458ed79dc81da99a13b9ff5f9f19?s=96&d=mm&r=g","contentUrl":"https:\/\/secure.gravatar.com\/avatar\/14c5458ed79dc81da99a13b9ff5f9f19?s=96&d=mm&r=g","caption":"andressazorzetto07"},"url":"https:\/\/www.pmpf.rs.gov.br\/secretaria-de-desenvolvimento-economico\/author\/andressazorzetto07\/"}]}},"_links":{"self":[{"href":"https:\/\/www.pmpf.rs.gov.br\/secretaria-de-desenvolvimento-economico\/wp-json\/wp\/v2\/posts\/1918"}],"collection":[{"href":"https:\/\/www.pmpf.rs.gov.br\/secretaria-de-desenvolvimento-economico\/wp-json\/wp\/v2\/posts"}],"about":[{"href":"https:\/\/www.pmpf.rs.gov.br\/secretaria-de-desenvolvimento-economico\/wp-json\/wp\/v2\/types\/post"}],"author":[{"embeddable":true,"href":"https:\/\/www.pmpf.rs.gov.br\/secretaria-de-desenvolvimento-economico\/wp-json\/wp\/v2\/users\/6"}],"replies":[{"embeddable":true,"href":"https:\/\/www.pmpf.rs.gov.br\/secretaria-de-desenvolvimento-economico\/wp-json\/wp\/v2\/comments?post=1918"}],"version-history":[{"count":2,"href":"https:\/\/www.pmpf.rs.gov.br\/secretaria-de-desenvolvimento-economico\/wp-json\/wp\/v2\/posts\/1918\/revisions"}],"predecessor-version":[{"id":1920,"href":"https:\/\/www.pmpf.rs.gov.br\/secretaria-de-desenvolvimento-economico\/wp-json\/wp\/v2\/posts\/1918\/revisions\/1920"}],"wp:attachment":[{"href":"https:\/\/www.pmpf.rs.gov.br\/secretaria-de-desenvolvimento-economico\/wp-json\/wp\/v2\/media?parent=1918"}],"wp:term":[{"taxonomy":"category","embeddable":true,"href":"https:\/\/www.pmpf.rs.gov.br\/secretaria-de-desenvolvimento-economico\/wp-json\/wp\/v2\/categories?post=1918"},{"taxonomy":"post_tag","embeddable":true,"href":"https:\/\/www.pmpf.rs.gov.br\/secretaria-de-desenvolvimento-economico\/wp-json\/wp\/v2\/tags?post=1918"}],"curies":[{"name":"wp","href":"https:\/\/api.w.org\/{rel}","templated":true}]}}