{"id":1909,"date":"2022-03-30T14:03:51","date_gmt":"2022-03-30T17:03:51","guid":{"rendered":"https:\/\/www.pmpf.rs.gov.br\/secretaria-de-desenvolvimento-economico\/?p=1909"},"modified":"2022-03-30T14:03:52","modified_gmt":"2022-03-30T17:03:52","slug":"passo-fundo-e-finalista-em-premio-de-empreendedorismo-economico-promovido-pelo-sebrae","status":"publish","type":"post","link":"https:\/\/www.pmpf.rs.gov.br\/secretaria-de-desenvolvimento-economico\/2022\/03\/30\/passo-fundo-e-finalista-em-premio-de-empreendedorismo-economico-promovido-pelo-sebrae\/","title":{"rendered":"Passo Fundo \u00e9 finalista em pr\u00eamio de empreendedorismo econ\u00f4mico promovido pelo Sebrae"},"content":{"rendered":"\n<p><br>A constru\u00e7\u00e3o de pol\u00edticas p\u00fablicas focadas na retomada da economia e nas iniciativas de fomento ao empreendedorismo local e moderniza\u00e7\u00e3o da gest\u00e3o p\u00fablica na \u00e1rea do desenvolvimento econ\u00f4mico, levou a Prefeitura de Passo Fundo a ser destaque entre os munic\u00edpios inscritos no 11\u00ba Pr\u00eamio Sebrae Prefeito Empreendedor. Indicada como finalista na categoria Cidade Empreendedora, a Administra\u00e7\u00e3o aguarda com expectativa o resultado da premia\u00e7\u00e3o, que ser\u00e1 divulgado no dia 19 de abril em uma cerim\u00f4nia programada para ocorrer na Assembleia Legislativa do Estado.<\/p>\n\n\n\n<p>Para o prefeito de Passo Fundo, Pedro Almeida, o pr\u00eamio do Sebrae \u00e9 um est\u00edmulo \u00e0s a\u00e7\u00f5es de promo\u00e7\u00e3o da economia, fomentadas pela Prefeitura desde janeiro de 2021 com o lan\u00e7amento do programa \u2018Acelera Passo Fundo\u2019. Segundo Pedro, o Acelera tornou-se refer\u00eancia em inova\u00e7\u00e3o e moderniza\u00e7\u00e3o das estruturas administrativas no Munic\u00edpio. \u201cTrabalhamos com foco na desburocratiza\u00e7\u00e3o de diversos processos internos, agilizamos a libera\u00e7\u00e3o de obras por meio de mutir\u00f5es, digitalizamos servi\u00e7os p\u00fablicos e estimulamos o empreendedorismo local com atividades como o Caf\u00e9 com Emprego, por exemplo\u201d, citou Pedro.<\/p>\n\n\n\n<p>Ao inscrever as a\u00e7\u00f5es trabalhadas nos 10 eixos do programa Acelera Passo Fundo, a Administra\u00e7\u00e3o buscou refor\u00e7ar a import\u00e2ncia do projeto como vetor do desenvolvimento em um per\u00edodo de recupera\u00e7\u00e3o econ\u00f4mica em decorr\u00eancia dos efeitos provocados pela pandemia do Coronav\u00edrus na economia local. \u201cGerar emprego e renda \u00e9 garantir a retomada da economia. A Prefeitura pode e precisa ser um elo entre quem quer empreender e quem vai se beneficiar desses novos investimentos. Por isso, o Acelera foi concebido n\u00e3o apenas por uma secretaria espec\u00edfica do nosso governo. Ele \u00e9 um programa transversal, constru\u00eddo de maneira plural e conectado a toda a estrutura da gest\u00e3o\u201d, reiterou o prefeito.<\/p>\n\n\n\n<p><strong>Resultados positivos<br><\/strong>O secret\u00e1rio de Desenvolvimento Econ\u00f4mico, Diorges Oliveira, analisa que os resultados obtidos pelo Acelera Passo Fundo demonstram a relev\u00e2ncia do programa para o munic\u00edpio. \u201cEm um dos eixos, por exemplo, foram liberadas mais de tr\u00eas mil obras da constru\u00e7\u00e3o civil. Isso gerou efeitos positivos em diferentes segmentos ligados ao setor, aumentando o n\u00famero de postos de trabalho, o movimento no com\u00e9rcio e tamb\u00e9m a renda de centenas de fam\u00edlias\u201d, argumentou Oliveira, citando tamb\u00e9m que foram aplicadas inova\u00e7\u00f5es importantes na Administra\u00e7\u00e3o Municipal, como a digitaliza\u00e7\u00e3o e a desburocratiza\u00e7\u00e3o de in\u00fameros processos. \u201cEsse contexto envolvendo a moderniza\u00e7\u00e3o administrativa, gera\u00e7\u00e3o de emprego e renda, a inova\u00e7\u00e3o e o incentivo ao empreendedorismo est\u00e1 sendo reconhecido pelo Sebrae\u201d.<\/p>\n\n\n\n<p><strong>A\u00e7\u00f5es do programa<br><\/strong>O Acelera Passo Fundo foi o primeiro programa estruturante apresentado pela gest\u00e3o Pedro Almeida, em janeiro de 2021. Alocada na Secretaria de Desenvolvimento Econ\u00f4mico, a iniciativa dialoga com as demais \u00e1reas da Administra\u00e7\u00e3o Municipal, promovendo a\u00e7\u00f5es que tem como objetivo fomentar a retomada da economia, ampliar a gera\u00e7\u00e3o de emprego e renda e incentivar a moderniza\u00e7\u00e3o dos processos administrativos. Para o 11\u00ba Pr\u00eamio Sebrae Prefeito Empreendedor foram descritas 10 a\u00e7\u00f5es e seus resultados. S\u00e3o elas: Mutir\u00f5es de Libera\u00e7\u00e3o de Obras, Alvar\u00e1 Online, Acelera ITBI, Capta\u00e7\u00e3o de Recursos, Obra F\u00e1cil, Juro Zero, Cria\u00e7\u00e3o de Projeto de Lei de Desburocratiza\u00e7\u00e3o, Campo Conectado, Escrit\u00f3rio de Projetos Especiais e o Caf\u00e9 com Emprego.<\/p>\n\n\n\n<p><strong>Foto: Michel Sanderi<\/strong><\/p>\n","protected":false},"excerpt":{"rendered":"<p>11\u00aa edi\u00e7\u00e3o do Pr\u00eamio Sebrae Prefeito Empreendedor reconhece iniciativas de fomento \u00e0 economia local e a valoriza\u00e7\u00e3o de programas que incentivem a inova\u00e7\u00e3o e a moderniza\u00e7\u00e3o da gest\u00e3o p\u00fablica. Munic\u00edpio participa na categoria Cidade Empreendedora, com o programa Acelera Passo Fundo<\/p>\n","protected":false},"author":6,"featured_media":1910,"comment_status":"closed","ping_status":"closed","sticky":true,"template":"","format":"standard","meta":{"footnotes":""},"categories":[25],"tags":[],"class_list":["post-1909","post","type-post","status-publish","format-standard","has-post-thumbnail","hentry","category-acelera-passo-fundo"],"yoast_head":"<!-- This site is optimized with the Yoast SEO plugin v23.8 - https:\/\/yoast.com\/wordpress\/plugins\/seo\/ -->\n<title>Passo Fundo \u00e9 finalista em pr\u00eamio de empreendedorismo econ\u00f4mico promovido pelo Sebrae - Secretaria de Desenvolvimento Econ\u00f4mico<\/title>\n<meta name=\"robots\" content=\"index, follow, max-snippet:-1, max-image-preview:large, max-video-preview:-1\" \/>\n<link rel=\"canonical\" href=\"https:\/\/www.pmpf.rs.gov.br\/secretaria-de-desenvolvimento-economico\/2022\/03\/30\/passo-fundo-e-finalista-em-premio-de-empreendedorismo-economico-promovido-pelo-sebrae\/\" \/>\n<meta property=\"og:locale\" content=\"pt_BR\" \/>\n<meta property=\"og:type\" content=\"article\" \/>\n<meta property=\"og:title\" content=\"Passo Fundo \u00e9 finalista em pr\u00eamio de empreendedorismo econ\u00f4mico promovido pelo Sebrae - Secretaria de Desenvolvimento Econ\u00f4mico\" \/>\n<meta property=\"og:description\" content=\"11\u00aa edi\u00e7\u00e3o do Pr\u00eamio Sebrae Prefeito Empreendedor reconhece iniciativas de fomento \u00e0 economia local e a valoriza\u00e7\u00e3o de programas que incentivem a inova\u00e7\u00e3o e a moderniza\u00e7\u00e3o da gest\u00e3o p\u00fablica. Munic\u00edpio participa na categoria Cidade Empreendedora, com o programa Acelera Passo Fundo\" \/>\n<meta property=\"og:url\" content=\"https:\/\/www.pmpf.rs.gov.br\/secretaria-de-desenvolvimento-economico\/2022\/03\/30\/passo-fundo-e-finalista-em-premio-de-empreendedorismo-economico-promovido-pelo-sebrae\/\" \/>\n<meta property=\"og:site_name\" content=\"Secretaria de Desenvolvimento Econ\u00f4mico\" \/>\n<meta property=\"article:published_time\" content=\"2022-03-30T17:03:51+00:00\" \/>\n<meta property=\"article:modified_time\" content=\"2022-03-30T17:03:52+00:00\" \/>\n<meta name=\"author\" content=\"andressazorzetto07\" \/>\n<meta name=\"twitter:card\" content=\"summary_large_image\" \/>\n<meta name=\"twitter:label1\" content=\"Escrito por\" \/>\n\t<meta name=\"twitter:data1\" content=\"andressazorzetto07\" \/>\n\t<meta name=\"twitter:label2\" content=\"Est. tempo de leitura\" \/>\n\t<meta name=\"twitter:data2\" content=\"3 minutos\" \/>\n<script type=\"application\/ld+json\" class=\"yoast-schema-graph\">{\"@context\":\"https:\/\/schema.org\",\"@graph\":[{\"@type\":\"WebPage\",\"@id\":\"https:\/\/www.pmpf.rs.gov.br\/secretaria-de-desenvolvimento-economico\/2022\/03\/30\/passo-fundo-e-finalista-em-premio-de-empreendedorismo-economico-promovido-pelo-sebrae\/\",\"url\":\"https:\/\/www.pmpf.rs.gov.br\/secretaria-de-desenvolvimento-economico\/2022\/03\/30\/passo-fundo-e-finalista-em-premio-de-empreendedorismo-economico-promovido-pelo-sebrae\/\",\"name\":\"Passo Fundo \u00e9 finalista em pr\u00eamio de empreendedorismo econ\u00f4mico promovido pelo Sebrae - Secretaria de Desenvolvimento Econ\u00f4mico\",\"isPartOf\":{\"@id\":\"https:\/\/www.pmpf.rs.gov.br\/secretaria-de-desenvolvimento-economico\/#website\"},\"primaryImageOfPage\":{\"@id\":\"https:\/\/www.pmpf.rs.gov.br\/secretaria-de-desenvolvimento-economico\/2022\/03\/30\/passo-fundo-e-finalista-em-premio-de-empreendedorismo-economico-promovido-pelo-sebrae\/#primaryimage\"},\"image\":{\"@id\":\"https:\/\/www.pmpf.rs.gov.br\/secretaria-de-desenvolvimento-economico\/2022\/03\/30\/passo-fundo-e-finalista-em-premio-de-empreendedorismo-economico-promovido-pelo-sebrae\/#primaryimage\"},\"thumbnailUrl\":\"https:\/\/www.pmpf.rs.gov.br\/secretaria-de-desenvolvimento-economico\/wp-content\/uploads\/sites\/27\/2022\/03\/cafe-com-emprego-premio-acelera.jpg\",\"datePublished\":\"2022-03-30T17:03:51+00:00\",\"dateModified\":\"2022-03-30T17:03:52+00:00\",\"author\":{\"@id\":\"https:\/\/www.pmpf.rs.gov.br\/secretaria-de-desenvolvimento-economico\/#\/schema\/person\/30ee1d1bd74da1469b01fcf086e43351\"},\"inLanguage\":\"pt-BR\",\"potentialAction\":[{\"@type\":\"ReadAction\",\"target\":[\"https:\/\/www.pmpf.rs.gov.br\/secretaria-de-desenvolvimento-economico\/2022\/03\/30\/passo-fundo-e-finalista-em-premio-de-empreendedorismo-economico-promovido-pelo-sebrae\/\"]}]},{\"@type\":\"ImageObject\",\"inLanguage\":\"pt-BR\",\"@id\":\"https:\/\/www.pmpf.rs.gov.br\/secretaria-de-desenvolvimento-economico\/2022\/03\/30\/passo-fundo-e-finalista-em-premio-de-empreendedorismo-economico-promovido-pelo-sebrae\/#primaryimage\",\"url\":\"https:\/\/www.pmpf.rs.gov.br\/secretaria-de-desenvolvimento-economico\/wp-content\/uploads\/sites\/27\/2022\/03\/cafe-com-emprego-premio-acelera.jpg\",\"contentUrl\":\"https:\/\/www.pmpf.rs.gov.br\/secretaria-de-desenvolvimento-economico\/wp-content\/uploads\/sites\/27\/2022\/03\/cafe-com-emprego-premio-acelera.jpg\",\"width\":1280,\"height\":853},{\"@type\":\"WebSite\",\"@id\":\"https:\/\/www.pmpf.rs.gov.br\/secretaria-de-desenvolvimento-economico\/#website\",\"url\":\"https:\/\/www.pmpf.rs.gov.br\/secretaria-de-desenvolvimento-economico\/\",\"name\":\"Secretaria de Desenvolvimento Econ\u00f4mico\",\"description\":\"S\u00f3 mais um site Prefeitura de Passo Fundo\",\"potentialAction\":[{\"@type\":\"SearchAction\",\"target\":{\"@type\":\"EntryPoint\",\"urlTemplate\":\"https:\/\/www.pmpf.rs.gov.br\/secretaria-de-desenvolvimento-economico\/?s={search_term_string}\"},\"query-input\":{\"@type\":\"PropertyValueSpecification\",\"valueRequired\":true,\"valueName\":\"search_term_string\"}}],\"inLanguage\":\"pt-BR\"},{\"@type\":\"Person\",\"@id\":\"https:\/\/www.pmpf.rs.gov.br\/secretaria-de-desenvolvimento-economico\/#\/schema\/person\/30ee1d1bd74da1469b01fcf086e43351\",\"name\":\"andressazorzetto07\",\"image\":{\"@type\":\"ImageObject\",\"inLanguage\":\"pt-BR\",\"@id\":\"https:\/\/www.pmpf.rs.gov.br\/secretaria-de-desenvolvimento-economico\/#\/schema\/person\/image\/\",\"url\":\"https:\/\/secure.gravatar.com\/avatar\/14c5458ed79dc81da99a13b9ff5f9f19?s=96&d=mm&r=g\",\"contentUrl\":\"https:\/\/secure.gravatar.com\/avatar\/14c5458ed79dc81da99a13b9ff5f9f19?s=96&d=mm&r=g\",\"caption\":\"andressazorzetto07\"},\"url\":\"https:\/\/www.pmpf.rs.gov.br\/secretaria-de-desenvolvimento-economico\/author\/andressazorzetto07\/\"}]}<\/script>\n<!-- \/ Yoast SEO plugin. -->","yoast_head_json":{"title":"Passo Fundo \u00e9 finalista em pr\u00eamio de empreendedorismo econ\u00f4mico promovido pelo Sebrae - Secretaria de Desenvolvimento Econ\u00f4mico","robots":{"index":"index","follow":"follow","max-snippet":"max-snippet:-1","max-image-preview":"max-image-preview:large","max-video-preview":"max-video-preview:-1"},"canonical":"https:\/\/www.pmpf.rs.gov.br\/secretaria-de-desenvolvimento-economico\/2022\/03\/30\/passo-fundo-e-finalista-em-premio-de-empreendedorismo-economico-promovido-pelo-sebrae\/","og_locale":"pt_BR","og_type":"article","og_title":"Passo Fundo \u00e9 finalista em pr\u00eamio de empreendedorismo econ\u00f4mico promovido pelo Sebrae - Secretaria de Desenvolvimento Econ\u00f4mico","og_description":"11\u00aa edi\u00e7\u00e3o do Pr\u00eamio Sebrae Prefeito Empreendedor reconhece iniciativas de fomento \u00e0 economia local e a valoriza\u00e7\u00e3o de programas que incentivem a inova\u00e7\u00e3o e a moderniza\u00e7\u00e3o da gest\u00e3o p\u00fablica. Munic\u00edpio participa na categoria Cidade Empreendedora, com o programa Acelera Passo Fundo","og_url":"https:\/\/www.pmpf.rs.gov.br\/secretaria-de-desenvolvimento-economico\/2022\/03\/30\/passo-fundo-e-finalista-em-premio-de-empreendedorismo-economico-promovido-pelo-sebrae\/","og_site_name":"Secretaria de Desenvolvimento Econ\u00f4mico","article_published_time":"2022-03-30T17:03:51+00:00","article_modified_time":"2022-03-30T17:03:52+00:00","author":"andressazorzetto07","twitter_card":"summary_large_image","twitter_misc":{"Escrito por":"andressazorzetto07","Est. tempo de leitura":"3 minutos"},"schema":{"@context":"https:\/\/schema.org","@graph":[{"@type":"WebPage","@id":"https:\/\/www.pmpf.rs.gov.br\/secretaria-de-desenvolvimento-economico\/2022\/03\/30\/passo-fundo-e-finalista-em-premio-de-empreendedorismo-economico-promovido-pelo-sebrae\/","url":"https:\/\/www.pmpf.rs.gov.br\/secretaria-de-desenvolvimento-economico\/2022\/03\/30\/passo-fundo-e-finalista-em-premio-de-empreendedorismo-economico-promovido-pelo-sebrae\/","name":"Passo Fundo \u00e9 finalista em pr\u00eamio de empreendedorismo econ\u00f4mico promovido pelo Sebrae - Secretaria de Desenvolvimento Econ\u00f4mico","isPartOf":{"@id":"https:\/\/www.pmpf.rs.gov.br\/secretaria-de-desenvolvimento-economico\/#website"},"primaryImageOfPage":{"@id":"https:\/\/www.pmpf.rs.gov.br\/secretaria-de-desenvolvimento-economico\/2022\/03\/30\/passo-fundo-e-finalista-em-premio-de-empreendedorismo-economico-promovido-pelo-sebrae\/#primaryimage"},"image":{"@id":"https:\/\/www.pmpf.rs.gov.br\/secretaria-de-desenvolvimento-economico\/2022\/03\/30\/passo-fundo-e-finalista-em-premio-de-empreendedorismo-economico-promovido-pelo-sebrae\/#primaryimage"},"thumbnailUrl":"https:\/\/www.pmpf.rs.gov.br\/secretaria-de-desenvolvimento-economico\/wp-content\/uploads\/sites\/27\/2022\/03\/cafe-com-emprego-premio-acelera.jpg","datePublished":"2022-03-30T17:03:51+00:00","dateModified":"2022-03-30T17:03:52+00:00","author":{"@id":"https:\/\/www.pmpf.rs.gov.br\/secretaria-de-desenvolvimento-economico\/#\/schema\/person\/30ee1d1bd74da1469b01fcf086e43351"},"inLanguage":"pt-BR","potentialAction":[{"@type":"ReadAction","target":["https:\/\/www.pmpf.rs.gov.br\/secretaria-de-desenvolvimento-economico\/2022\/03\/30\/passo-fundo-e-finalista-em-premio-de-empreendedorismo-economico-promovido-pelo-sebrae\/"]}]},{"@type":"ImageObject","inLanguage":"pt-BR","@id":"https:\/\/www.pmpf.rs.gov.br\/secretaria-de-desenvolvimento-economico\/2022\/03\/30\/passo-fundo-e-finalista-em-premio-de-empreendedorismo-economico-promovido-pelo-sebrae\/#primaryimage","url":"https:\/\/www.pmpf.rs.gov.br\/secretaria-de-desenvolvimento-economico\/wp-content\/uploads\/sites\/27\/2022\/03\/cafe-com-emprego-premio-acelera.jpg","contentUrl":"https:\/\/www.pmpf.rs.gov.br\/secretaria-de-desenvolvimento-economico\/wp-content\/uploads\/sites\/27\/2022\/03\/cafe-com-emprego-premio-acelera.jpg","width":1280,"height":853},{"@type":"WebSite","@id":"https:\/\/www.pmpf.rs.gov.br\/secretaria-de-desenvolvimento-economico\/#website","url":"https:\/\/www.pmpf.rs.gov.br\/secretaria-de-desenvolvimento-economico\/","name":"Secretaria de Desenvolvimento Econ\u00f4mico","description":"S\u00f3 mais um site Prefeitura de Passo Fundo","potentialAction":[{"@type":"SearchAction","target":{"@type":"EntryPoint","urlTemplate":"https:\/\/www.pmpf.rs.gov.br\/secretaria-de-desenvolvimento-economico\/?s={search_term_string}"},"query-input":{"@type":"PropertyValueSpecification","valueRequired":true,"valueName":"search_term_string"}}],"inLanguage":"pt-BR"},{"@type":"Person","@id":"https:\/\/www.pmpf.rs.gov.br\/secretaria-de-desenvolvimento-economico\/#\/schema\/person\/30ee1d1bd74da1469b01fcf086e43351","name":"andressazorzetto07","image":{"@type":"ImageObject","inLanguage":"pt-BR","@id":"https:\/\/www.pmpf.rs.gov.br\/secretaria-de-desenvolvimento-economico\/#\/schema\/person\/image\/","url":"https:\/\/secure.gravatar.com\/avatar\/14c5458ed79dc81da99a13b9ff5f9f19?s=96&d=mm&r=g","contentUrl":"https:\/\/secure.gravatar.com\/avatar\/14c5458ed79dc81da99a13b9ff5f9f19?s=96&d=mm&r=g","caption":"andressazorzetto07"},"url":"https:\/\/www.pmpf.rs.gov.br\/secretaria-de-desenvolvimento-economico\/author\/andressazorzetto07\/"}]}},"_links":{"self":[{"href":"https:\/\/www.pmpf.rs.gov.br\/secretaria-de-desenvolvimento-economico\/wp-json\/wp\/v2\/posts\/1909"}],"collection":[{"href":"https:\/\/www.pmpf.rs.gov.br\/secretaria-de-desenvolvimento-economico\/wp-json\/wp\/v2\/posts"}],"about":[{"href":"https:\/\/www.pmpf.rs.gov.br\/secretaria-de-desenvolvimento-economico\/wp-json\/wp\/v2\/types\/post"}],"author":[{"embeddable":true,"href":"https:\/\/www.pmpf.rs.gov.br\/secretaria-de-desenvolvimento-economico\/wp-json\/wp\/v2\/users\/6"}],"replies":[{"embeddable":true,"href":"https:\/\/www.pmpf.rs.gov.br\/secretaria-de-desenvolvimento-economico\/wp-json\/wp\/v2\/comments?post=1909"}],"version-history":[{"count":1,"href":"https:\/\/www.pmpf.rs.gov.br\/secretaria-de-desenvolvimento-economico\/wp-json\/wp\/v2\/posts\/1909\/revisions"}],"predecessor-version":[{"id":1911,"href":"https:\/\/www.pmpf.rs.gov.br\/secretaria-de-desenvolvimento-economico\/wp-json\/wp\/v2\/posts\/1909\/revisions\/1911"}],"wp:featuredmedia":[{"embeddable":true,"href":"https:\/\/www.pmpf.rs.gov.br\/secretaria-de-desenvolvimento-economico\/wp-json\/wp\/v2\/media\/1910"}],"wp:attachment":[{"href":"https:\/\/www.pmpf.rs.gov.br\/secretaria-de-desenvolvimento-economico\/wp-json\/wp\/v2\/media?parent=1909"}],"wp:term":[{"taxonomy":"category","embeddable":true,"href":"https:\/\/www.pmpf.rs.gov.br\/secretaria-de-desenvolvimento-economico\/wp-json\/wp\/v2\/categories?post=1909"},{"taxonomy":"post_tag","embeddable":true,"href":"https:\/\/www.pmpf.rs.gov.br\/secretaria-de-desenvolvimento-economico\/wp-json\/wp\/v2\/tags?post=1909"}],"curies":[{"name":"wp","href":"https:\/\/api.w.org\/{rel}","templated":true}]}}