{"id":1890,"date":"2022-03-11T14:52:02","date_gmt":"2022-03-11T17:52:02","guid":{"rendered":"https:\/\/www.pmpf.rs.gov.br\/secretaria-de-desenvolvimento-economico\/?p=1890"},"modified":"2022-03-11T14:54:36","modified_gmt":"2022-03-11T17:54:36","slug":"cafe-com-emprego-terceira-edicao-e-direcionada-aos-jovens-de-14-a-24-anos","status":"publish","type":"post","link":"https:\/\/www.pmpf.rs.gov.br\/secretaria-de-desenvolvimento-economico\/2022\/03\/11\/cafe-com-emprego-terceira-edicao-e-direcionada-aos-jovens-de-14-a-24-anos\/","title":{"rendered":"Caf\u00e9 com Emprego: terceira edi\u00e7\u00e3o \u00e9 direcionada aos jovens de 14 a 24 anos"},"content":{"rendered":"\n<p><\/p>\n\n\n\n<p>A terceira edi\u00e7\u00e3o do programa Caf\u00e9 Com Emprego, criado pela Prefeitura para conectar pessoas ao mercado de trabalho, ser\u00e1 realizada no dia 15 de mar\u00e7o. Desta vez, o foco ser\u00e1 nos jovens de 14 a 24 anos, que poder\u00e3o comparecer no Clube Juvenil, das 8h \u00e0s 14h, para buscar o primeiro emprego ou oportunidades para est\u00e1gio e Menor Aprendiz. Ao todo, ser\u00e3o disponibilizadas 530 vagas.<\/p>\n\n\n\n<p>O prefeito, Pedro Almeida, afirma que o Caf\u00e9 com Emprego \u00e9 uma das principais a\u00e7\u00f5es do programa Acelera Passo Fundo e que tem como objetivo a gera\u00e7\u00e3o de emprego e renda. \u201cQueremos oportunidades para todos. Mais de 300 pessoas foram contratadas por empresas parceiras nas duas edi\u00e7\u00f5es j\u00e1 realizadas. Agora, a Prefeitura tamb\u00e9m quer oportunizar os jovens que est\u00e3o iniciando uma trajet\u00f3ria profissional\u201d, destaca.<\/p>\n\n\n\n<p>Al\u00e9m de vagas para primeiro emprego e est\u00e1gio, de acordo com o secret\u00e1rio de Desenvolvimento Econ\u00f4mico, Diorges Oliveira, as entidades parceiras da iniciativa disponibilizar\u00e3o 400 vagas em cursos profissionalizantes de forma gratuita. \u201cS\u00e3o cursos de capacita\u00e7\u00e3o em diversas \u00e1reas e que significam um importante passo para a forma\u00e7\u00e3o profissional dos jovens\u201d, menciona, enfatizando que, no local, tamb\u00e9m ser\u00e3o realizadas inscri\u00e7\u00f5es para a conclus\u00e3o do Ensino M\u00e9dio a partir do EJA.<\/p>\n\n\n\n<p><strong>Entidades e empresas parceiras confirmadas<\/strong><\/p>\n\n\n\n<p>Muitas entidades e empresas se somaram \u00e0 terceira edi\u00e7\u00e3o do Caf\u00e9 Com Emprego. Entre elas: 7\u00aa CRE, CIEE, Sine, Ifsul, Senac, Senai, Sim, CDL, Acisa, Instituto Mix, Microlins, Disfonte, Grazziotin, Farm\u00e1cias S\u00e3o Jo\u00e3o, GSI, Zaffari, Castor e JBS.<\/p>\n","protected":false},"excerpt":{"rendered":"<p>A\u00e7\u00e3o que ser\u00e1 promovida pela Prefeitura no dia 15 de mar\u00e7o contar\u00e1 com oportunidades para primeiro emprego e vagas para est\u00e1gio e Menor Aprendiz, al\u00e9m da disponibiliza\u00e7\u00e3o de cursos profissionalizantes gratuitos<\/p>\n","protected":false},"author":6,"featured_media":1892,"comment_status":"closed","ping_status":"closed","sticky":true,"template":"","format":"standard","meta":{"footnotes":""},"categories":[19],"tags":[20,21,22],"class_list":["post-1890","post","type-post","status-publish","format-standard","has-post-thumbnail","hentry","category-desenvolvimento","tag-cafe-com-emprego","tag-estagio","tag-menor-aprendiz"],"yoast_head":"<!-- This site is optimized with the Yoast SEO plugin v23.8 - https:\/\/yoast.com\/wordpress\/plugins\/seo\/ -->\n<title>Caf\u00e9 com Emprego: terceira edi\u00e7\u00e3o \u00e9 direcionada aos jovens de 14 a 24 anos - Secretaria de Desenvolvimento Econ\u00f4mico<\/title>\n<meta name=\"robots\" content=\"index, follow, max-snippet:-1, max-image-preview:large, max-video-preview:-1\" \/>\n<link rel=\"canonical\" href=\"https:\/\/www.pmpf.rs.gov.br\/secretaria-de-desenvolvimento-economico\/2022\/03\/11\/cafe-com-emprego-terceira-edicao-e-direcionada-aos-jovens-de-14-a-24-anos\/\" \/>\n<meta property=\"og:locale\" content=\"pt_BR\" \/>\n<meta property=\"og:type\" content=\"article\" \/>\n<meta property=\"og:title\" content=\"Caf\u00e9 com Emprego: terceira edi\u00e7\u00e3o \u00e9 direcionada aos jovens de 14 a 24 anos - Secretaria de Desenvolvimento Econ\u00f4mico\" \/>\n<meta property=\"og:description\" content=\"A\u00e7\u00e3o que ser\u00e1 promovida pela Prefeitura no dia 15 de mar\u00e7o contar\u00e1 com oportunidades para primeiro emprego e vagas para est\u00e1gio e Menor Aprendiz, al\u00e9m da disponibiliza\u00e7\u00e3o de cursos profissionalizantes gratuitos\" \/>\n<meta property=\"og:url\" content=\"https:\/\/www.pmpf.rs.gov.br\/secretaria-de-desenvolvimento-economico\/2022\/03\/11\/cafe-com-emprego-terceira-edicao-e-direcionada-aos-jovens-de-14-a-24-anos\/\" \/>\n<meta property=\"og:site_name\" content=\"Secretaria de Desenvolvimento Econ\u00f4mico\" \/>\n<meta property=\"article:published_time\" content=\"2022-03-11T17:52:02+00:00\" \/>\n<meta property=\"article:modified_time\" content=\"2022-03-11T17:54:36+00:00\" \/>\n<meta property=\"og:image\" content=\"https:\/\/www.pmpf.rs.gov.br\/secretaria-de-desenvolvimento-economico\/wp-content\/uploads\/sites\/27\/2022\/03\/cafe-com-emprego-jovens.jpg\" \/>\n\t<meta property=\"og:image:width\" content=\"1280\" \/>\n\t<meta property=\"og:image:height\" content=\"853\" \/>\n\t<meta property=\"og:image:type\" content=\"image\/jpeg\" \/>\n<meta name=\"author\" content=\"andressazorzetto07\" \/>\n<meta name=\"twitter:card\" content=\"summary_large_image\" \/>\n<meta name=\"twitter:label1\" content=\"Escrito por\" \/>\n\t<meta name=\"twitter:data1\" content=\"andressazorzetto07\" \/>\n\t<meta name=\"twitter:label2\" content=\"Est. tempo de leitura\" \/>\n\t<meta name=\"twitter:data2\" content=\"1 minuto\" \/>\n<script type=\"application\/ld+json\" class=\"yoast-schema-graph\">{\"@context\":\"https:\/\/schema.org\",\"@graph\":[{\"@type\":\"WebPage\",\"@id\":\"https:\/\/www.pmpf.rs.gov.br\/secretaria-de-desenvolvimento-economico\/2022\/03\/11\/cafe-com-emprego-terceira-edicao-e-direcionada-aos-jovens-de-14-a-24-anos\/\",\"url\":\"https:\/\/www.pmpf.rs.gov.br\/secretaria-de-desenvolvimento-economico\/2022\/03\/11\/cafe-com-emprego-terceira-edicao-e-direcionada-aos-jovens-de-14-a-24-anos\/\",\"name\":\"Caf\u00e9 com Emprego: terceira edi\u00e7\u00e3o \u00e9 direcionada aos jovens de 14 a 24 anos - Secretaria de Desenvolvimento Econ\u00f4mico\",\"isPartOf\":{\"@id\":\"https:\/\/www.pmpf.rs.gov.br\/secretaria-de-desenvolvimento-economico\/#website\"},\"primaryImageOfPage\":{\"@id\":\"https:\/\/www.pmpf.rs.gov.br\/secretaria-de-desenvolvimento-economico\/2022\/03\/11\/cafe-com-emprego-terceira-edicao-e-direcionada-aos-jovens-de-14-a-24-anos\/#primaryimage\"},\"image\":{\"@id\":\"https:\/\/www.pmpf.rs.gov.br\/secretaria-de-desenvolvimento-economico\/2022\/03\/11\/cafe-com-emprego-terceira-edicao-e-direcionada-aos-jovens-de-14-a-24-anos\/#primaryimage\"},\"thumbnailUrl\":\"https:\/\/www.pmpf.rs.gov.br\/secretaria-de-desenvolvimento-economico\/wp-content\/uploads\/sites\/27\/2022\/03\/cafe-com-emprego-jovens.jpg\",\"datePublished\":\"2022-03-11T17:52:02+00:00\",\"dateModified\":\"2022-03-11T17:54:36+00:00\",\"author\":{\"@id\":\"https:\/\/www.pmpf.rs.gov.br\/secretaria-de-desenvolvimento-economico\/#\/schema\/person\/30ee1d1bd74da1469b01fcf086e43351\"},\"inLanguage\":\"pt-BR\",\"potentialAction\":[{\"@type\":\"ReadAction\",\"target\":[\"https:\/\/www.pmpf.rs.gov.br\/secretaria-de-desenvolvimento-economico\/2022\/03\/11\/cafe-com-emprego-terceira-edicao-e-direcionada-aos-jovens-de-14-a-24-anos\/\"]}]},{\"@type\":\"ImageObject\",\"inLanguage\":\"pt-BR\",\"@id\":\"https:\/\/www.pmpf.rs.gov.br\/secretaria-de-desenvolvimento-economico\/2022\/03\/11\/cafe-com-emprego-terceira-edicao-e-direcionada-aos-jovens-de-14-a-24-anos\/#primaryimage\",\"url\":\"https:\/\/www.pmpf.rs.gov.br\/secretaria-de-desenvolvimento-economico\/wp-content\/uploads\/sites\/27\/2022\/03\/cafe-com-emprego-jovens.jpg\",\"contentUrl\":\"https:\/\/www.pmpf.rs.gov.br\/secretaria-de-desenvolvimento-economico\/wp-content\/uploads\/sites\/27\/2022\/03\/cafe-com-emprego-jovens.jpg\",\"width\":1280,\"height\":853},{\"@type\":\"WebSite\",\"@id\":\"https:\/\/www.pmpf.rs.gov.br\/secretaria-de-desenvolvimento-economico\/#website\",\"url\":\"https:\/\/www.pmpf.rs.gov.br\/secretaria-de-desenvolvimento-economico\/\",\"name\":\"Secretaria de Desenvolvimento Econ\u00f4mico\",\"description\":\"S\u00f3 mais um site Prefeitura de Passo Fundo\",\"potentialAction\":[{\"@type\":\"SearchAction\",\"target\":{\"@type\":\"EntryPoint\",\"urlTemplate\":\"https:\/\/www.pmpf.rs.gov.br\/secretaria-de-desenvolvimento-economico\/?s={search_term_string}\"},\"query-input\":{\"@type\":\"PropertyValueSpecification\",\"valueRequired\":true,\"valueName\":\"search_term_string\"}}],\"inLanguage\":\"pt-BR\"},{\"@type\":\"Person\",\"@id\":\"https:\/\/www.pmpf.rs.gov.br\/secretaria-de-desenvolvimento-economico\/#\/schema\/person\/30ee1d1bd74da1469b01fcf086e43351\",\"name\":\"andressazorzetto07\",\"image\":{\"@type\":\"ImageObject\",\"inLanguage\":\"pt-BR\",\"@id\":\"https:\/\/www.pmpf.rs.gov.br\/secretaria-de-desenvolvimento-economico\/#\/schema\/person\/image\/\",\"url\":\"https:\/\/secure.gravatar.com\/avatar\/14c5458ed79dc81da99a13b9ff5f9f19?s=96&d=mm&r=g\",\"contentUrl\":\"https:\/\/secure.gravatar.com\/avatar\/14c5458ed79dc81da99a13b9ff5f9f19?s=96&d=mm&r=g\",\"caption\":\"andressazorzetto07\"},\"url\":\"https:\/\/www.pmpf.rs.gov.br\/secretaria-de-desenvolvimento-economico\/author\/andressazorzetto07\/\"}]}<\/script>\n<!-- \/ Yoast SEO plugin. -->","yoast_head_json":{"title":"Caf\u00e9 com Emprego: terceira edi\u00e7\u00e3o \u00e9 direcionada aos jovens de 14 a 24 anos - Secretaria de Desenvolvimento Econ\u00f4mico","robots":{"index":"index","follow":"follow","max-snippet":"max-snippet:-1","max-image-preview":"max-image-preview:large","max-video-preview":"max-video-preview:-1"},"canonical":"https:\/\/www.pmpf.rs.gov.br\/secretaria-de-desenvolvimento-economico\/2022\/03\/11\/cafe-com-emprego-terceira-edicao-e-direcionada-aos-jovens-de-14-a-24-anos\/","og_locale":"pt_BR","og_type":"article","og_title":"Caf\u00e9 com Emprego: terceira edi\u00e7\u00e3o \u00e9 direcionada aos jovens de 14 a 24 anos - Secretaria de Desenvolvimento Econ\u00f4mico","og_description":"A\u00e7\u00e3o que ser\u00e1 promovida pela Prefeitura no dia 15 de mar\u00e7o contar\u00e1 com oportunidades para primeiro emprego e vagas para est\u00e1gio e Menor Aprendiz, al\u00e9m da disponibiliza\u00e7\u00e3o de cursos profissionalizantes gratuitos","og_url":"https:\/\/www.pmpf.rs.gov.br\/secretaria-de-desenvolvimento-economico\/2022\/03\/11\/cafe-com-emprego-terceira-edicao-e-direcionada-aos-jovens-de-14-a-24-anos\/","og_site_name":"Secretaria de Desenvolvimento Econ\u00f4mico","article_published_time":"2022-03-11T17:52:02+00:00","article_modified_time":"2022-03-11T17:54:36+00:00","og_image":[{"width":1280,"height":853,"url":"https:\/\/www.pmpf.rs.gov.br\/secretaria-de-desenvolvimento-economico\/wp-content\/uploads\/sites\/27\/2022\/03\/cafe-com-emprego-jovens.jpg","type":"image\/jpeg"}],"author":"andressazorzetto07","twitter_card":"summary_large_image","twitter_misc":{"Escrito por":"andressazorzetto07","Est. tempo de leitura":"1 minuto"},"schema":{"@context":"https:\/\/schema.org","@graph":[{"@type":"WebPage","@id":"https:\/\/www.pmpf.rs.gov.br\/secretaria-de-desenvolvimento-economico\/2022\/03\/11\/cafe-com-emprego-terceira-edicao-e-direcionada-aos-jovens-de-14-a-24-anos\/","url":"https:\/\/www.pmpf.rs.gov.br\/secretaria-de-desenvolvimento-economico\/2022\/03\/11\/cafe-com-emprego-terceira-edicao-e-direcionada-aos-jovens-de-14-a-24-anos\/","name":"Caf\u00e9 com Emprego: terceira edi\u00e7\u00e3o \u00e9 direcionada aos jovens de 14 a 24 anos - Secretaria de Desenvolvimento Econ\u00f4mico","isPartOf":{"@id":"https:\/\/www.pmpf.rs.gov.br\/secretaria-de-desenvolvimento-economico\/#website"},"primaryImageOfPage":{"@id":"https:\/\/www.pmpf.rs.gov.br\/secretaria-de-desenvolvimento-economico\/2022\/03\/11\/cafe-com-emprego-terceira-edicao-e-direcionada-aos-jovens-de-14-a-24-anos\/#primaryimage"},"image":{"@id":"https:\/\/www.pmpf.rs.gov.br\/secretaria-de-desenvolvimento-economico\/2022\/03\/11\/cafe-com-emprego-terceira-edicao-e-direcionada-aos-jovens-de-14-a-24-anos\/#primaryimage"},"thumbnailUrl":"https:\/\/www.pmpf.rs.gov.br\/secretaria-de-desenvolvimento-economico\/wp-content\/uploads\/sites\/27\/2022\/03\/cafe-com-emprego-jovens.jpg","datePublished":"2022-03-11T17:52:02+00:00","dateModified":"2022-03-11T17:54:36+00:00","author":{"@id":"https:\/\/www.pmpf.rs.gov.br\/secretaria-de-desenvolvimento-economico\/#\/schema\/person\/30ee1d1bd74da1469b01fcf086e43351"},"inLanguage":"pt-BR","potentialAction":[{"@type":"ReadAction","target":["https:\/\/www.pmpf.rs.gov.br\/secretaria-de-desenvolvimento-economico\/2022\/03\/11\/cafe-com-emprego-terceira-edicao-e-direcionada-aos-jovens-de-14-a-24-anos\/"]}]},{"@type":"ImageObject","inLanguage":"pt-BR","@id":"https:\/\/www.pmpf.rs.gov.br\/secretaria-de-desenvolvimento-economico\/2022\/03\/11\/cafe-com-emprego-terceira-edicao-e-direcionada-aos-jovens-de-14-a-24-anos\/#primaryimage","url":"https:\/\/www.pmpf.rs.gov.br\/secretaria-de-desenvolvimento-economico\/wp-content\/uploads\/sites\/27\/2022\/03\/cafe-com-emprego-jovens.jpg","contentUrl":"https:\/\/www.pmpf.rs.gov.br\/secretaria-de-desenvolvimento-economico\/wp-content\/uploads\/sites\/27\/2022\/03\/cafe-com-emprego-jovens.jpg","width":1280,"height":853},{"@type":"WebSite","@id":"https:\/\/www.pmpf.rs.gov.br\/secretaria-de-desenvolvimento-economico\/#website","url":"https:\/\/www.pmpf.rs.gov.br\/secretaria-de-desenvolvimento-economico\/","name":"Secretaria de Desenvolvimento Econ\u00f4mico","description":"S\u00f3 mais um site Prefeitura de Passo Fundo","potentialAction":[{"@type":"SearchAction","target":{"@type":"EntryPoint","urlTemplate":"https:\/\/www.pmpf.rs.gov.br\/secretaria-de-desenvolvimento-economico\/?s={search_term_string}"},"query-input":{"@type":"PropertyValueSpecification","valueRequired":true,"valueName":"search_term_string"}}],"inLanguage":"pt-BR"},{"@type":"Person","@id":"https:\/\/www.pmpf.rs.gov.br\/secretaria-de-desenvolvimento-economico\/#\/schema\/person\/30ee1d1bd74da1469b01fcf086e43351","name":"andressazorzetto07","image":{"@type":"ImageObject","inLanguage":"pt-BR","@id":"https:\/\/www.pmpf.rs.gov.br\/secretaria-de-desenvolvimento-economico\/#\/schema\/person\/image\/","url":"https:\/\/secure.gravatar.com\/avatar\/14c5458ed79dc81da99a13b9ff5f9f19?s=96&d=mm&r=g","contentUrl":"https:\/\/secure.gravatar.com\/avatar\/14c5458ed79dc81da99a13b9ff5f9f19?s=96&d=mm&r=g","caption":"andressazorzetto07"},"url":"https:\/\/www.pmpf.rs.gov.br\/secretaria-de-desenvolvimento-economico\/author\/andressazorzetto07\/"}]}},"_links":{"self":[{"href":"https:\/\/www.pmpf.rs.gov.br\/secretaria-de-desenvolvimento-economico\/wp-json\/wp\/v2\/posts\/1890"}],"collection":[{"href":"https:\/\/www.pmpf.rs.gov.br\/secretaria-de-desenvolvimento-economico\/wp-json\/wp\/v2\/posts"}],"about":[{"href":"https:\/\/www.pmpf.rs.gov.br\/secretaria-de-desenvolvimento-economico\/wp-json\/wp\/v2\/types\/post"}],"author":[{"embeddable":true,"href":"https:\/\/www.pmpf.rs.gov.br\/secretaria-de-desenvolvimento-economico\/wp-json\/wp\/v2\/users\/6"}],"replies":[{"embeddable":true,"href":"https:\/\/www.pmpf.rs.gov.br\/secretaria-de-desenvolvimento-economico\/wp-json\/wp\/v2\/comments?post=1890"}],"version-history":[{"count":2,"href":"https:\/\/www.pmpf.rs.gov.br\/secretaria-de-desenvolvimento-economico\/wp-json\/wp\/v2\/posts\/1890\/revisions"}],"predecessor-version":[{"id":1894,"href":"https:\/\/www.pmpf.rs.gov.br\/secretaria-de-desenvolvimento-economico\/wp-json\/wp\/v2\/posts\/1890\/revisions\/1894"}],"wp:featuredmedia":[{"embeddable":true,"href":"https:\/\/www.pmpf.rs.gov.br\/secretaria-de-desenvolvimento-economico\/wp-json\/wp\/v2\/media\/1892"}],"wp:attachment":[{"href":"https:\/\/www.pmpf.rs.gov.br\/secretaria-de-desenvolvimento-economico\/wp-json\/wp\/v2\/media?parent=1890"}],"wp:term":[{"taxonomy":"category","embeddable":true,"href":"https:\/\/www.pmpf.rs.gov.br\/secretaria-de-desenvolvimento-economico\/wp-json\/wp\/v2\/categories?post=1890"},{"taxonomy":"post_tag","embeddable":true,"href":"https:\/\/www.pmpf.rs.gov.br\/secretaria-de-desenvolvimento-economico\/wp-json\/wp\/v2\/tags?post=1890"}],"curies":[{"name":"wp","href":"https:\/\/api.w.org\/{rel}","templated":true}]}}