{"id":1579,"date":"2005-03-16T03:00:00","date_gmt":"2005-03-16T06:00:00","guid":{"rendered":"https:\/\/www.pmpf.rs.gov.br\/secretaria-de-desenvolvimento-economico\/2005\/03\/16\/empresarios-vao-integrar-o-polo-de-informatica\/"},"modified":"2005-03-16T03:00:00","modified_gmt":"2005-03-16T06:00:00","slug":"empresarios-vao-integrar-o-polo-de-informatica","status":"publish","type":"post","link":"https:\/\/www.pmpf.rs.gov.br\/secretaria-de-desenvolvimento-economico\/2005\/03\/16\/empresarios-vao-integrar-o-polo-de-informatica\/","title":{"rendered":"Empres\u00e1rios v\u00e3o integrar o P\u00f3lo de Inform\u00e1tica"},"content":{"rendered":"<div style=\"text-align: justify; \">\n<p>A partir da reuni\u00e3o de ter\u00e7a-feira, na ACISA, provocada pelo Conselho de Desenvolvimento de Passo Fundo, sob a presid\u00eancia do empres\u00e1rio Jo\u00e3o Beine, ficou deflagrado na  comunidade empreendedora o projeto do p\u00f3lo tecnol\u00f3gico. O prefeito Airton Dipp esteve presente \u00e0 reuni\u00e3o de trabalho e explicou a forma  de participa\u00e7\u00e3o da Prefeitura, iniciadora do empreendimento, que ter\u00e1 participa\u00e7\u00e3o indutora no processo de desenvolvimento da id\u00e9ia, para alavancar meios e  recursos p\u00fablicos federais. Sintetizou dizendo que a administra\u00e7\u00e3o municipal est\u00e1 formando o suporte para o P\u00f3lo de Inform\u00e1tica e que gradualmente dever\u00e1 afastar-se de sua administra\u00e7\u00e3o, na medida  em que a iniciativa privada estiver em condi\u00e7\u00f5es de assumir o empreendimento.<br \/> Na exposi\u00e7\u00e3o sobre a forma\u00e7\u00e3o do p\u00f3lo de software de exporta\u00e7\u00e3o o especialista e doutor em engenharia de sistema, Roberto Tom Price, contratado pela municipalidade pra estrutura\u00e7\u00e3o do projeto, informou sobre as previs\u00f5es na agrega\u00e7\u00e3o de valores. Citou que \u201co objetivo do esfor\u00e7o da prefeitura \u00e9 dar condi\u00e7\u00f5es \u00e0s empresas, de trabalharem juntas em sinergia para trazer projetos maiores e desenvolver sistemas em Passo Fundo\u201d. Para o doutor Price,  o p\u00f3lo emprega programadores e projetistas de um sistema, oportunizando tamb\u00e9m aos t\u00e9cnicos treinados pelo Senai com esse perfil. \u201cAs  empresas vender\u00e3o mais, juntos com o desenvolvimento para estrutura\u00e7\u00e3o desse p\u00f3lo, a fim de buscarem recursos federais  e  regionais; tornar-se-\u00e3o mais competitivas e melhor gerenciadas\u201d, orientou o professor Tom Price.<br \/> O empres\u00e1rio Al\u00e9xis Rockembach, dono da empresa de software \u2013 Compasso, ilustrou a proje\u00e7\u00e3o com a possibilidade concreta de tornar o investimento participativo no mercado regional e internacional, ao lembrar que a UPF fornece engenheiros para a produ\u00e7\u00e3o.<br \/><b>Novo conceito<\/b><br \/>  O secret\u00e1rio do Desenvolvimento Econ\u00f4mico do Munic\u00edpio, advogado Marcos Cittolin, que coordena o projeto, disse que Passo Fundo se insere nesse novo contexto de desenvolvimento. \u201cN\u00f3s, na  verdade, n\u00e3o estamos inventando, \u00e9 conceito que no mundo inteiro tem se estabelecido. \u00c9 uma associa\u00e7\u00e3o de interesses onde o poder p\u00fablico participa desse primeiro momento como \u00f3rg\u00e3o alavancador\u201d, explica Cittolin. Num segundo momento se criou uma institui\u00e7\u00e3o, entidade sem fins lucrativos, que faz o gerenciamento num processo de aproxima\u00e7\u00e3o de empresas de software e a ind\u00fastria que dele se beneficia. Define como momento onde todos os interesses se juntam para poder disputar o mercado local, principalmente o internacional, com recursos da iniciativa privada, mas  tamb\u00e9m com recursos p\u00fablicos do munic\u00edpio. A iniciativa serve-se dos incentivos da lei de  desenvolvimento tecnol\u00f3gico do munic\u00edpio, aprovada no final do ano passado \u201cbuscando recursos federais junto ao Finepe e Bndes\u201d, destacou o secret\u00e1rio Marcos Cittolin. Define o empreendimento como um distrito industrial sem chamin\u00e9, \u201conde se est\u00e1 produzindo conhecimento, onde o produto \u00e9 o software, programa  de computador que se torna solu\u00e7\u00e3o para a empresa; e \u00e9 dinheiro. \u00c9 o que as empresas hoje buscam, na informatiza\u00e7\u00e3o para melhoria de seus procedimentos\u201d expressou-se o secret\u00e1rio. Concluiu dizendo estar convicto  de que damos o mais importante passo no desenvolvimento do perfil de nossa  cidade e que muitas empresas desenvolvem essa nova tecnologia no munic\u00edpio. Entende, ainda, que o poder p\u00fablico cumpre sua parte ao dar \u201co ponta p\u00e9 inicial\u201d para que se consolide o p\u00f3lo de inform\u00e1tica em Passo Fundo.<br \/> A prefeitura tem \u00e1rea locada para o projeto e j\u00e1 pagou a consultoria e agora tem o conselho de Desenvolvimento que passa  a fazer parte do processo. Nesta quita-feira Cittolin vai a Bras\u00edlia para encaminhar pedido de recursos federais, com a colabora\u00e7\u00e3o do deputado Beto Albuquerque.<\/p>\n<\/p><\/div>\n<div style=\"text-align: justify; \"> <\/div>\n<p style=\"text-align: center;\"><img decoding=\"async\" src=\"..\/..\/..\/servicos\/geral\/img\/portal\/semic002.jpg\" \/><br \/><span style=\"\">Prefeito Airton Dipp.<\/span><\/p>\n<div style=\"text-align: justify; \">\n<p><\/p>\n<\/p><\/div>\n<div style=\"text-align: justify; \"> <\/div>\n<p style=\"text-align: center;\"><img decoding=\"async\" src=\"..\/..\/..\/servicos\/geral\/img\/portal\/semic003.jpg\" \/><br \/><span style=\"\">Secret\u00e1rio Cittolin.<\/span><\/p>\n","protected":false},"excerpt":{"rendered":"<p>Empres\u00e1rios v\u00e3o integrar o P\u00f3lo de Inform\u00e1tica<\/p>\n","protected":false},"author":1,"featured_media":0,"comment_status":"open","ping_status":"open","sticky":false,"template":"","format":"standard","meta":{"footnotes":""},"categories":[],"tags":[],"class_list":["post-1579","post","type-post","status-publish","format-standard","hentry"],"yoast_head":"<!-- This site is optimized with the Yoast SEO plugin v23.8 - https:\/\/yoast.com\/wordpress\/plugins\/seo\/ -->\n<title>Empres\u00e1rios v\u00e3o integrar o P\u00f3lo de Inform\u00e1tica - Secretaria de Desenvolvimento Econ\u00f4mico<\/title>\n<meta name=\"robots\" content=\"index, follow, max-snippet:-1, max-image-preview:large, max-video-preview:-1\" \/>\n<link rel=\"canonical\" href=\"https:\/\/www.pmpf.rs.gov.br\/secretaria-de-desenvolvimento-economico\/2005\/03\/16\/empresarios-vao-integrar-o-polo-de-informatica\/\" \/>\n<meta property=\"og:locale\" content=\"pt_BR\" \/>\n<meta property=\"og:type\" content=\"article\" \/>\n<meta property=\"og:title\" content=\"Empres\u00e1rios v\u00e3o integrar o P\u00f3lo de Inform\u00e1tica - Secretaria de Desenvolvimento Econ\u00f4mico\" \/>\n<meta property=\"og:description\" content=\"Empres\u00e1rios v\u00e3o integrar o P\u00f3lo de Inform\u00e1tica\" \/>\n<meta property=\"og:url\" content=\"https:\/\/www.pmpf.rs.gov.br\/secretaria-de-desenvolvimento-economico\/2005\/03\/16\/empresarios-vao-integrar-o-polo-de-informatica\/\" \/>\n<meta property=\"og:site_name\" content=\"Secretaria de Desenvolvimento Econ\u00f4mico\" \/>\n<meta property=\"article:published_time\" content=\"2005-03-16T06:00:00+00:00\" \/>\n<meta property=\"og:image\" content=\"http:\/\/..\/..\/..\/servicos\/geral\/img\/portal\/semic002.jpg\" \/>\n<meta name=\"author\" content=\"mosite\" \/>\n<meta name=\"twitter:card\" content=\"summary_large_image\" \/>\n<meta name=\"twitter:label1\" content=\"Escrito por\" \/>\n\t<meta name=\"twitter:data1\" content=\"mosite\" \/>\n\t<meta name=\"twitter:label2\" content=\"Est. tempo de leitura\" \/>\n\t<meta name=\"twitter:data2\" content=\"3 minutos\" \/>\n<script type=\"application\/ld+json\" class=\"yoast-schema-graph\">{\"@context\":\"https:\/\/schema.org\",\"@graph\":[{\"@type\":\"WebPage\",\"@id\":\"https:\/\/www.pmpf.rs.gov.br\/secretaria-de-desenvolvimento-economico\/2005\/03\/16\/empresarios-vao-integrar-o-polo-de-informatica\/\",\"url\":\"https:\/\/www.pmpf.rs.gov.br\/secretaria-de-desenvolvimento-economico\/2005\/03\/16\/empresarios-vao-integrar-o-polo-de-informatica\/\",\"name\":\"Empres\u00e1rios v\u00e3o integrar o P\u00f3lo de Inform\u00e1tica - Secretaria de Desenvolvimento Econ\u00f4mico\",\"isPartOf\":{\"@id\":\"https:\/\/www.pmpf.rs.gov.br\/secretaria-de-desenvolvimento-economico\/#website\"},\"datePublished\":\"2005-03-16T06:00:00+00:00\",\"dateModified\":\"2005-03-16T06:00:00+00:00\",\"author\":{\"@id\":\"https:\/\/www.pmpf.rs.gov.br\/secretaria-de-desenvolvimento-economico\/#\/schema\/person\/0c355b0fa68a7aa986c8594f7a60a2d7\"},\"inLanguage\":\"pt-BR\",\"potentialAction\":[{\"@type\":\"ReadAction\",\"target\":[\"https:\/\/www.pmpf.rs.gov.br\/secretaria-de-desenvolvimento-economico\/2005\/03\/16\/empresarios-vao-integrar-o-polo-de-informatica\/\"]}]},{\"@type\":\"WebSite\",\"@id\":\"https:\/\/www.pmpf.rs.gov.br\/secretaria-de-desenvolvimento-economico\/#website\",\"url\":\"https:\/\/www.pmpf.rs.gov.br\/secretaria-de-desenvolvimento-economico\/\",\"name\":\"Secretaria de Desenvolvimento Econ\u00f4mico\",\"description\":\"S\u00f3 mais um site Prefeitura de Passo Fundo\",\"potentialAction\":[{\"@type\":\"SearchAction\",\"target\":{\"@type\":\"EntryPoint\",\"urlTemplate\":\"https:\/\/www.pmpf.rs.gov.br\/secretaria-de-desenvolvimento-economico\/?s={search_term_string}\"},\"query-input\":{\"@type\":\"PropertyValueSpecification\",\"valueRequired\":true,\"valueName\":\"search_term_string\"}}],\"inLanguage\":\"pt-BR\"},{\"@type\":\"Person\",\"@id\":\"https:\/\/www.pmpf.rs.gov.br\/secretaria-de-desenvolvimento-economico\/#\/schema\/person\/0c355b0fa68a7aa986c8594f7a60a2d7\",\"name\":\"mosite\",\"image\":{\"@type\":\"ImageObject\",\"inLanguage\":\"pt-BR\",\"@id\":\"https:\/\/www.pmpf.rs.gov.br\/secretaria-de-desenvolvimento-economico\/#\/schema\/person\/image\/\",\"url\":\"https:\/\/secure.gravatar.com\/avatar\/63d72595d6cecfe12bd8a94829d5a26c?s=96&d=mm&r=g\",\"contentUrl\":\"https:\/\/secure.gravatar.com\/avatar\/63d72595d6cecfe12bd8a94829d5a26c?s=96&d=mm&r=g\",\"caption\":\"mosite\"},\"sameAs\":[\"http:\/\/example.com\"],\"url\":\"https:\/\/www.pmpf.rs.gov.br\/secretaria-de-desenvolvimento-economico\/author\/mosite\/\"}]}<\/script>\n<!-- \/ Yoast SEO plugin. -->","yoast_head_json":{"title":"Empres\u00e1rios v\u00e3o integrar o P\u00f3lo de Inform\u00e1tica - Secretaria de Desenvolvimento Econ\u00f4mico","robots":{"index":"index","follow":"follow","max-snippet":"max-snippet:-1","max-image-preview":"max-image-preview:large","max-video-preview":"max-video-preview:-1"},"canonical":"https:\/\/www.pmpf.rs.gov.br\/secretaria-de-desenvolvimento-economico\/2005\/03\/16\/empresarios-vao-integrar-o-polo-de-informatica\/","og_locale":"pt_BR","og_type":"article","og_title":"Empres\u00e1rios v\u00e3o integrar o P\u00f3lo de Inform\u00e1tica - Secretaria de Desenvolvimento Econ\u00f4mico","og_description":"Empres\u00e1rios v\u00e3o integrar o P\u00f3lo de Inform\u00e1tica","og_url":"https:\/\/www.pmpf.rs.gov.br\/secretaria-de-desenvolvimento-economico\/2005\/03\/16\/empresarios-vao-integrar-o-polo-de-informatica\/","og_site_name":"Secretaria de Desenvolvimento Econ\u00f4mico","article_published_time":"2005-03-16T06:00:00+00:00","og_image":[{"url":"..\/..\/..\/servicos\/geral\/img\/portal\/semic002.jpg"}],"author":"mosite","twitter_card":"summary_large_image","twitter_misc":{"Escrito por":"mosite","Est. tempo de leitura":"3 minutos"},"schema":{"@context":"https:\/\/schema.org","@graph":[{"@type":"WebPage","@id":"https:\/\/www.pmpf.rs.gov.br\/secretaria-de-desenvolvimento-economico\/2005\/03\/16\/empresarios-vao-integrar-o-polo-de-informatica\/","url":"https:\/\/www.pmpf.rs.gov.br\/secretaria-de-desenvolvimento-economico\/2005\/03\/16\/empresarios-vao-integrar-o-polo-de-informatica\/","name":"Empres\u00e1rios v\u00e3o integrar o P\u00f3lo de Inform\u00e1tica - Secretaria de Desenvolvimento Econ\u00f4mico","isPartOf":{"@id":"https:\/\/www.pmpf.rs.gov.br\/secretaria-de-desenvolvimento-economico\/#website"},"datePublished":"2005-03-16T06:00:00+00:00","dateModified":"2005-03-16T06:00:00+00:00","author":{"@id":"https:\/\/www.pmpf.rs.gov.br\/secretaria-de-desenvolvimento-economico\/#\/schema\/person\/0c355b0fa68a7aa986c8594f7a60a2d7"},"inLanguage":"pt-BR","potentialAction":[{"@type":"ReadAction","target":["https:\/\/www.pmpf.rs.gov.br\/secretaria-de-desenvolvimento-economico\/2005\/03\/16\/empresarios-vao-integrar-o-polo-de-informatica\/"]}]},{"@type":"WebSite","@id":"https:\/\/www.pmpf.rs.gov.br\/secretaria-de-desenvolvimento-economico\/#website","url":"https:\/\/www.pmpf.rs.gov.br\/secretaria-de-desenvolvimento-economico\/","name":"Secretaria de Desenvolvimento Econ\u00f4mico","description":"S\u00f3 mais um site Prefeitura de Passo Fundo","potentialAction":[{"@type":"SearchAction","target":{"@type":"EntryPoint","urlTemplate":"https:\/\/www.pmpf.rs.gov.br\/secretaria-de-desenvolvimento-economico\/?s={search_term_string}"},"query-input":{"@type":"PropertyValueSpecification","valueRequired":true,"valueName":"search_term_string"}}],"inLanguage":"pt-BR"},{"@type":"Person","@id":"https:\/\/www.pmpf.rs.gov.br\/secretaria-de-desenvolvimento-economico\/#\/schema\/person\/0c355b0fa68a7aa986c8594f7a60a2d7","name":"mosite","image":{"@type":"ImageObject","inLanguage":"pt-BR","@id":"https:\/\/www.pmpf.rs.gov.br\/secretaria-de-desenvolvimento-economico\/#\/schema\/person\/image\/","url":"https:\/\/secure.gravatar.com\/avatar\/63d72595d6cecfe12bd8a94829d5a26c?s=96&d=mm&r=g","contentUrl":"https:\/\/secure.gravatar.com\/avatar\/63d72595d6cecfe12bd8a94829d5a26c?s=96&d=mm&r=g","caption":"mosite"},"sameAs":["http:\/\/example.com"],"url":"https:\/\/www.pmpf.rs.gov.br\/secretaria-de-desenvolvimento-economico\/author\/mosite\/"}]}},"_links":{"self":[{"href":"https:\/\/www.pmpf.rs.gov.br\/secretaria-de-desenvolvimento-economico\/wp-json\/wp\/v2\/posts\/1579"}],"collection":[{"href":"https:\/\/www.pmpf.rs.gov.br\/secretaria-de-desenvolvimento-economico\/wp-json\/wp\/v2\/posts"}],"about":[{"href":"https:\/\/www.pmpf.rs.gov.br\/secretaria-de-desenvolvimento-economico\/wp-json\/wp\/v2\/types\/post"}],"author":[{"embeddable":true,"href":"https:\/\/www.pmpf.rs.gov.br\/secretaria-de-desenvolvimento-economico\/wp-json\/wp\/v2\/users\/1"}],"replies":[{"embeddable":true,"href":"https:\/\/www.pmpf.rs.gov.br\/secretaria-de-desenvolvimento-economico\/wp-json\/wp\/v2\/comments?post=1579"}],"version-history":[{"count":0,"href":"https:\/\/www.pmpf.rs.gov.br\/secretaria-de-desenvolvimento-economico\/wp-json\/wp\/v2\/posts\/1579\/revisions"}],"wp:attachment":[{"href":"https:\/\/www.pmpf.rs.gov.br\/secretaria-de-desenvolvimento-economico\/wp-json\/wp\/v2\/media?parent=1579"}],"wp:term":[{"taxonomy":"category","embeddable":true,"href":"https:\/\/www.pmpf.rs.gov.br\/secretaria-de-desenvolvimento-economico\/wp-json\/wp\/v2\/categories?post=1579"},{"taxonomy":"post_tag","embeddable":true,"href":"https:\/\/www.pmpf.rs.gov.br\/secretaria-de-desenvolvimento-economico\/wp-json\/wp\/v2\/tags?post=1579"}],"curies":[{"name":"wp","href":"https:\/\/api.w.org\/{rel}","templated":true}]}}