{"id":1534,"date":"2005-03-08T03:00:00","date_gmt":"2005-03-08T06:00:00","guid":{"rendered":"https:\/\/www.pmpf.rs.gov.br\/secretaria-de-desenvolvimento-economico\/2005\/03\/08\/estado-estuda-criacao-da-plataforma-de-passo-fundo\/"},"modified":"2005-03-08T03:00:00","modified_gmt":"2005-03-08T06:00:00","slug":"estado-estuda-criacao-da-plataforma-de-passo-fundo","status":"publish","type":"post","link":"https:\/\/www.pmpf.rs.gov.br\/secretaria-de-desenvolvimento-economico\/2005\/03\/08\/estado-estuda-criacao-da-plataforma-de-passo-fundo\/","title":{"rendered":"Estado estuda cria\u00e7\u00e3o da Plataforma de Passo Fundo"},"content":{"rendered":"<div style=\"text-align: justify; \">\n<p>O Prefeito Municipal de Passo Fundo, Airton Dipp (PDT), recebeu em seu gabinete, na ter\u00e7a-feira, 08, o diretor de Planejamento da Secretaria dos Transportes do Rio Grande do Sul, Wilson Ghignatti acompanhado do secret\u00e1rio municipal do Planejamento (SMDE), Marcos Alexandre Cittolin (PSB) e do diretor de divis\u00e3o de Ind\u00fastria da SEPLAN, Nestor Alejandro Luna.<br \/> O diretor de Planejamento,  Wilson Ghignatti, tratou com o Executivo Municipal sobre a fase inicial de um estudo para a implanta\u00e7\u00e3o da Plataforma Log\u00edstica na regi\u00e3o, em parceria com o governo da Espanha. Os estudos para a defini\u00e7\u00e3o dos munic\u00edpios p\u00f3los da rede Log\u00edstica do Rio Grande do Sul, ser\u00e3o definidos atrav\u00e9s do estudo profundo das potencialidades de cada munic\u00edpio por uma empresa espanhola. Primeiramente o trabalho ser\u00e1 de identificar as possibilidades para uma Plataforma no Estado, em segundo ser\u00e1 definido o local para instala\u00e7\u00e3o da Plataforma \u2013 sistema controlador, e em terceiro quais ser\u00e3o as cidades p\u00f3los, formadoras da rede.<br \/>  A Plataforma Log\u00edstica \u00e9 um ponto de refer\u00eancia, que centraliza todo o sistema de informa\u00e7\u00f5es, na qual ter\u00e1 controle dos p\u00f3los constru\u00eddos nos munic\u00edpios. Cidades como Passo Fundo e Canoas s\u00e3o fortes candidatas a sediar este projeto.<br \/> \u201cEm fun\u00e7\u00e3o da globaliza\u00e7\u00e3o temos que desenvolver nossas atividades com otimiza\u00e7\u00e3o. Existe um envolvimento amplo com prefeituras, Federa\u00e7\u00e3o das Ind\u00fastrias do Estado do Rio Grande do Sul (FIERGS), Organiza\u00e7\u00e3o das Cooperativas do Estado do Rio Grande do Sul (OCERGS), empresas transportadoras e outras parcerias, como as universidades. O trabalho inicial \u00e9 o de conscientiza\u00e7\u00e3o, motiva\u00e7\u00e3o e confiabilidade no processo que pretendemos desenvolver\u201d comenta o diretor do Planejamento, Ghignatti.<br \/> No momento o objetivo maior \u00e9 o Semin\u00e1rio que tratar\u00e1 da otimiza\u00e7\u00e3o desta Plataforma, que dever\u00e1 acontecer em abril deste ano.<br \/>  Durante sua visita a Passo Fundo o diretor de Planejamento da Secretaria dos Transportes do Estado, Wilson Ghignatti, tamb\u00e9m desenvolveu contatos com lideran\u00e7as e institui\u00e7\u00f5es comunit\u00e1rias.<\/p>\n<\/p><\/div>\n<div style=\"text-align: justify; \"> <\/div>\n<p style=\"text-align: center;\"><img decoding=\"async\" src=\"..\/..\/..\/servicos\/geral\/img\/portal\/semic001.jpg\" style=\"width: 394px; height: 295px;\" \/><br \/><span style=\"\">Plataforma Log\u00edstica trar\u00e1 o desenvolvimento econ\u00f4mico para regi\u00e3o.<\/span><\/p>\n<div style=\"text-align: justify;\"><\/div>\n","protected":false},"excerpt":{"rendered":"<p>Estado estuda cria\u00e7\u00e3o da Plataforma de Passo Fundo<\/p>\n","protected":false},"author":1,"featured_media":0,"comment_status":"open","ping_status":"open","sticky":false,"template":"","format":"standard","meta":{"footnotes":""},"categories":[],"tags":[],"class_list":["post-1534","post","type-post","status-publish","format-standard","hentry"],"yoast_head":"<!-- This site is optimized with the Yoast SEO plugin v23.8 - https:\/\/yoast.com\/wordpress\/plugins\/seo\/ -->\n<title>Estado estuda cria\u00e7\u00e3o da Plataforma de Passo Fundo - Secretaria de Desenvolvimento Econ\u00f4mico<\/title>\n<meta name=\"robots\" content=\"index, follow, max-snippet:-1, max-image-preview:large, max-video-preview:-1\" \/>\n<link rel=\"canonical\" href=\"https:\/\/www.pmpf.rs.gov.br\/secretaria-de-desenvolvimento-economico\/2005\/03\/08\/estado-estuda-criacao-da-plataforma-de-passo-fundo\/\" \/>\n<meta property=\"og:locale\" content=\"pt_BR\" \/>\n<meta property=\"og:type\" content=\"article\" \/>\n<meta property=\"og:title\" content=\"Estado estuda cria\u00e7\u00e3o da Plataforma de Passo Fundo - Secretaria de Desenvolvimento Econ\u00f4mico\" \/>\n<meta property=\"og:description\" content=\"Estado estuda cria\u00e7\u00e3o da Plataforma de Passo Fundo\" \/>\n<meta property=\"og:url\" content=\"https:\/\/www.pmpf.rs.gov.br\/secretaria-de-desenvolvimento-economico\/2005\/03\/08\/estado-estuda-criacao-da-plataforma-de-passo-fundo\/\" \/>\n<meta property=\"og:site_name\" content=\"Secretaria de Desenvolvimento Econ\u00f4mico\" \/>\n<meta property=\"article:published_time\" content=\"2005-03-08T06:00:00+00:00\" \/>\n<meta property=\"og:image\" content=\"http:\/\/..\/..\/..\/servicos\/geral\/img\/portal\/semic001.jpg\" \/>\n<meta name=\"author\" content=\"mosite\" \/>\n<meta name=\"twitter:card\" content=\"summary_large_image\" \/>\n<meta name=\"twitter:label1\" content=\"Escrito por\" \/>\n\t<meta name=\"twitter:data1\" content=\"mosite\" \/>\n\t<meta name=\"twitter:label2\" content=\"Est. tempo de leitura\" \/>\n\t<meta name=\"twitter:data2\" content=\"2 minutos\" \/>\n<script type=\"application\/ld+json\" class=\"yoast-schema-graph\">{\"@context\":\"https:\/\/schema.org\",\"@graph\":[{\"@type\":\"WebPage\",\"@id\":\"https:\/\/www.pmpf.rs.gov.br\/secretaria-de-desenvolvimento-economico\/2005\/03\/08\/estado-estuda-criacao-da-plataforma-de-passo-fundo\/\",\"url\":\"https:\/\/www.pmpf.rs.gov.br\/secretaria-de-desenvolvimento-economico\/2005\/03\/08\/estado-estuda-criacao-da-plataforma-de-passo-fundo\/\",\"name\":\"Estado estuda cria\u00e7\u00e3o da Plataforma de Passo Fundo - Secretaria de Desenvolvimento Econ\u00f4mico\",\"isPartOf\":{\"@id\":\"https:\/\/www.pmpf.rs.gov.br\/secretaria-de-desenvolvimento-economico\/#website\"},\"datePublished\":\"2005-03-08T06:00:00+00:00\",\"dateModified\":\"2005-03-08T06:00:00+00:00\",\"author\":{\"@id\":\"https:\/\/www.pmpf.rs.gov.br\/secretaria-de-desenvolvimento-economico\/#\/schema\/person\/0c355b0fa68a7aa986c8594f7a60a2d7\"},\"inLanguage\":\"pt-BR\",\"potentialAction\":[{\"@type\":\"ReadAction\",\"target\":[\"https:\/\/www.pmpf.rs.gov.br\/secretaria-de-desenvolvimento-economico\/2005\/03\/08\/estado-estuda-criacao-da-plataforma-de-passo-fundo\/\"]}]},{\"@type\":\"WebSite\",\"@id\":\"https:\/\/www.pmpf.rs.gov.br\/secretaria-de-desenvolvimento-economico\/#website\",\"url\":\"https:\/\/www.pmpf.rs.gov.br\/secretaria-de-desenvolvimento-economico\/\",\"name\":\"Secretaria de Desenvolvimento Econ\u00f4mico\",\"description\":\"S\u00f3 mais um site Prefeitura de Passo Fundo\",\"potentialAction\":[{\"@type\":\"SearchAction\",\"target\":{\"@type\":\"EntryPoint\",\"urlTemplate\":\"https:\/\/www.pmpf.rs.gov.br\/secretaria-de-desenvolvimento-economico\/?s={search_term_string}\"},\"query-input\":{\"@type\":\"PropertyValueSpecification\",\"valueRequired\":true,\"valueName\":\"search_term_string\"}}],\"inLanguage\":\"pt-BR\"},{\"@type\":\"Person\",\"@id\":\"https:\/\/www.pmpf.rs.gov.br\/secretaria-de-desenvolvimento-economico\/#\/schema\/person\/0c355b0fa68a7aa986c8594f7a60a2d7\",\"name\":\"mosite\",\"image\":{\"@type\":\"ImageObject\",\"inLanguage\":\"pt-BR\",\"@id\":\"https:\/\/www.pmpf.rs.gov.br\/secretaria-de-desenvolvimento-economico\/#\/schema\/person\/image\/\",\"url\":\"https:\/\/secure.gravatar.com\/avatar\/63d72595d6cecfe12bd8a94829d5a26c?s=96&d=mm&r=g\",\"contentUrl\":\"https:\/\/secure.gravatar.com\/avatar\/63d72595d6cecfe12bd8a94829d5a26c?s=96&d=mm&r=g\",\"caption\":\"mosite\"},\"sameAs\":[\"http:\/\/example.com\"],\"url\":\"https:\/\/www.pmpf.rs.gov.br\/secretaria-de-desenvolvimento-economico\/author\/mosite\/\"}]}<\/script>\n<!-- \/ Yoast SEO plugin. -->","yoast_head_json":{"title":"Estado estuda cria\u00e7\u00e3o da Plataforma de Passo Fundo - Secretaria de Desenvolvimento Econ\u00f4mico","robots":{"index":"index","follow":"follow","max-snippet":"max-snippet:-1","max-image-preview":"max-image-preview:large","max-video-preview":"max-video-preview:-1"},"canonical":"https:\/\/www.pmpf.rs.gov.br\/secretaria-de-desenvolvimento-economico\/2005\/03\/08\/estado-estuda-criacao-da-plataforma-de-passo-fundo\/","og_locale":"pt_BR","og_type":"article","og_title":"Estado estuda cria\u00e7\u00e3o da Plataforma de Passo Fundo - Secretaria de Desenvolvimento Econ\u00f4mico","og_description":"Estado estuda cria\u00e7\u00e3o da Plataforma de Passo Fundo","og_url":"https:\/\/www.pmpf.rs.gov.br\/secretaria-de-desenvolvimento-economico\/2005\/03\/08\/estado-estuda-criacao-da-plataforma-de-passo-fundo\/","og_site_name":"Secretaria de Desenvolvimento Econ\u00f4mico","article_published_time":"2005-03-08T06:00:00+00:00","og_image":[{"url":"..\/..\/..\/servicos\/geral\/img\/portal\/semic001.jpg"}],"author":"mosite","twitter_card":"summary_large_image","twitter_misc":{"Escrito por":"mosite","Est. tempo de leitura":"2 minutos"},"schema":{"@context":"https:\/\/schema.org","@graph":[{"@type":"WebPage","@id":"https:\/\/www.pmpf.rs.gov.br\/secretaria-de-desenvolvimento-economico\/2005\/03\/08\/estado-estuda-criacao-da-plataforma-de-passo-fundo\/","url":"https:\/\/www.pmpf.rs.gov.br\/secretaria-de-desenvolvimento-economico\/2005\/03\/08\/estado-estuda-criacao-da-plataforma-de-passo-fundo\/","name":"Estado estuda cria\u00e7\u00e3o da Plataforma de Passo Fundo - Secretaria de Desenvolvimento Econ\u00f4mico","isPartOf":{"@id":"https:\/\/www.pmpf.rs.gov.br\/secretaria-de-desenvolvimento-economico\/#website"},"datePublished":"2005-03-08T06:00:00+00:00","dateModified":"2005-03-08T06:00:00+00:00","author":{"@id":"https:\/\/www.pmpf.rs.gov.br\/secretaria-de-desenvolvimento-economico\/#\/schema\/person\/0c355b0fa68a7aa986c8594f7a60a2d7"},"inLanguage":"pt-BR","potentialAction":[{"@type":"ReadAction","target":["https:\/\/www.pmpf.rs.gov.br\/secretaria-de-desenvolvimento-economico\/2005\/03\/08\/estado-estuda-criacao-da-plataforma-de-passo-fundo\/"]}]},{"@type":"WebSite","@id":"https:\/\/www.pmpf.rs.gov.br\/secretaria-de-desenvolvimento-economico\/#website","url":"https:\/\/www.pmpf.rs.gov.br\/secretaria-de-desenvolvimento-economico\/","name":"Secretaria de Desenvolvimento Econ\u00f4mico","description":"S\u00f3 mais um site Prefeitura de Passo Fundo","potentialAction":[{"@type":"SearchAction","target":{"@type":"EntryPoint","urlTemplate":"https:\/\/www.pmpf.rs.gov.br\/secretaria-de-desenvolvimento-economico\/?s={search_term_string}"},"query-input":{"@type":"PropertyValueSpecification","valueRequired":true,"valueName":"search_term_string"}}],"inLanguage":"pt-BR"},{"@type":"Person","@id":"https:\/\/www.pmpf.rs.gov.br\/secretaria-de-desenvolvimento-economico\/#\/schema\/person\/0c355b0fa68a7aa986c8594f7a60a2d7","name":"mosite","image":{"@type":"ImageObject","inLanguage":"pt-BR","@id":"https:\/\/www.pmpf.rs.gov.br\/secretaria-de-desenvolvimento-economico\/#\/schema\/person\/image\/","url":"https:\/\/secure.gravatar.com\/avatar\/63d72595d6cecfe12bd8a94829d5a26c?s=96&d=mm&r=g","contentUrl":"https:\/\/secure.gravatar.com\/avatar\/63d72595d6cecfe12bd8a94829d5a26c?s=96&d=mm&r=g","caption":"mosite"},"sameAs":["http:\/\/example.com"],"url":"https:\/\/www.pmpf.rs.gov.br\/secretaria-de-desenvolvimento-economico\/author\/mosite\/"}]}},"_links":{"self":[{"href":"https:\/\/www.pmpf.rs.gov.br\/secretaria-de-desenvolvimento-economico\/wp-json\/wp\/v2\/posts\/1534"}],"collection":[{"href":"https:\/\/www.pmpf.rs.gov.br\/secretaria-de-desenvolvimento-economico\/wp-json\/wp\/v2\/posts"}],"about":[{"href":"https:\/\/www.pmpf.rs.gov.br\/secretaria-de-desenvolvimento-economico\/wp-json\/wp\/v2\/types\/post"}],"author":[{"embeddable":true,"href":"https:\/\/www.pmpf.rs.gov.br\/secretaria-de-desenvolvimento-economico\/wp-json\/wp\/v2\/users\/1"}],"replies":[{"embeddable":true,"href":"https:\/\/www.pmpf.rs.gov.br\/secretaria-de-desenvolvimento-economico\/wp-json\/wp\/v2\/comments?post=1534"}],"version-history":[{"count":0,"href":"https:\/\/www.pmpf.rs.gov.br\/secretaria-de-desenvolvimento-economico\/wp-json\/wp\/v2\/posts\/1534\/revisions"}],"wp:attachment":[{"href":"https:\/\/www.pmpf.rs.gov.br\/secretaria-de-desenvolvimento-economico\/wp-json\/wp\/v2\/media?parent=1534"}],"wp:term":[{"taxonomy":"category","embeddable":true,"href":"https:\/\/www.pmpf.rs.gov.br\/secretaria-de-desenvolvimento-economico\/wp-json\/wp\/v2\/categories?post=1534"},{"taxonomy":"post_tag","embeddable":true,"href":"https:\/\/www.pmpf.rs.gov.br\/secretaria-de-desenvolvimento-economico\/wp-json\/wp\/v2\/tags?post=1534"}],"curies":[{"name":"wp","href":"https:\/\/api.w.org\/{rel}","templated":true}]}}