{"id":1850,"date":"2026-09-02T14:58:46","date_gmt":"2026-09-02T17:58:46","guid":{"rendered":"https:\/\/www.pmpf.rs.gov.br\/secretaria-de-cidadania-e-assistencia-social\/?p=1850"},"modified":"2026-09-02T14:58:53","modified_gmt":"2026-09-02T17:58:53","slug":"familia-acolhedora-prefeitura-busca-ampliar-participacao-de-novas-familias","status":"publish","type":"post","link":"https:\/\/www.pmpf.rs.gov.br\/secretaria-de-cidadania-e-assistencia-social\/2026\/09\/02\/familia-acolhedora-prefeitura-busca-ampliar-participacao-de-novas-familias\/","title":{"rendered":"Fam\u00edlia Acolhedora: Prefeitura busca ampliar participa\u00e7\u00e3o de novas fam\u00edlias"},"content":{"rendered":"\n<p class=\"wp-block-paragraph\"><\/p>\n\n\n\n<p class=\"wp-block-paragraph\">A Prefeitura de Passo Fundo reuniu, nesta ter\u00e7a-feira (1\u00ba), representantes do sistema de Justi\u00e7a e da rede de prote\u00e7\u00e3o para discutir estrat\u00e9gias de fortalecimento do Servi\u00e7o de Fam\u00edlia Acolhedora no munic\u00edpio. O encontro aconteceu no Gabinete do Prefeito e contou com a participa\u00e7\u00e3o do prefeito Pedro Almeida, da secret\u00e1ria de Cidadania e Assist\u00eancia Social, Elenir Chapuis, da ju\u00edza da Inf\u00e2ncia e Juventude, Lisiane Sasso, do promotor da Inf\u00e2ncia e Juventude, Jo\u00e3o Paulo Bitencourt Cardozo, e da defensora p\u00fablica Anelise Sturm. Uma fam\u00edlia que participa do servi\u00e7o tamb\u00e9m acompanhou a reuni\u00e3o.<\/p>\n\n\n\n<p class=\"wp-block-paragraph\">A iniciativa busca ampliar e qualificar o servi\u00e7o, que oferece acolhimento tempor\u00e1rio a crian\u00e7as e adolescentes que precisam ser afastados de suas fam\u00edlias de origem por determina\u00e7\u00e3o judicial. Diferentemente do acolhimento institucional, a modalidade permite que a crian\u00e7a ou adolescente permane\u00e7a em um ambiente familiar, com aten\u00e7\u00e3o individualizada, conviv\u00eancia comunit\u00e1ria e acompanhamento t\u00e9cnico, enquanto s\u00e3o trabalhadas as possibilidades de retorno \u00e0 fam\u00edlia de origem ou encaminhamento para uma fam\u00edlia substituta. \u201cO Servi\u00e7o de Fam\u00edlia Acolhedora representa uma pol\u00edtica de prote\u00e7\u00e3o que coloca a crian\u00e7a e o adolescente no centro das decis\u00f5es. Quando conseguimos oferecer um ambiente familiar seguro, com afeto e acompanhamento, estamos criando melhores condi\u00e7\u00f5es para que esse per\u00edodo de afastamento seja vivido de forma mais humanizada\u201d, destacou o prefeito Pedro Almeida.<\/p>\n\n\n\n<p class=\"wp-block-paragraph\">Em Passo Fundo, o servi\u00e7o come\u00e7ou a ser implantado em 2013, a partir de um diagn\u00f3stico que apontava a exist\u00eancia de quatro casas de acolhimento institucional e 101 crian\u00e7as e adolescentes acolhidos. A implanta\u00e7\u00e3o da Fam\u00edlia Acolhedora integrou um processo de reordenamento da rede de prote\u00e7\u00e3o, com a perspectiva de reduzir a institucionaliza\u00e7\u00e3o e ampliar as possibilidades de cuidado individualizado.<\/p>\n\n\n\n<p class=\"wp-block-paragraph\">Ao longo dos anos, o munic\u00edpio adotou novas estrat\u00e9gias para qualificar a rede, incluindo a formaliza\u00e7\u00e3o do Termo de Integra\u00e7\u00e3o Operacional, a implanta\u00e7\u00e3o dos Planos de Atendimento Familiar, capacita\u00e7\u00f5es conjuntas com \u00f3rg\u00e3os do sistema de Justi\u00e7a e o fortalecimento do acompanhamento realizado pelo CREAS. O processo tamb\u00e9m contribuiu para a redu\u00e7\u00e3o de estruturas de acolhimento institucional no munic\u00edpio.<\/p>\n\n\n\n<p class=\"wp-block-paragraph\">Em 2023, o Munic\u00edpio ampliou o recurso destinado \u00e0s fam\u00edlias acolhedoras, passando a garantir um sal\u00e1rio m\u00ednimo e meio por crian\u00e7a acolhida ao m\u00eas e dois sal\u00e1rios m\u00ednimos nos casos de crian\u00e7as com defici\u00eancia. O servi\u00e7o \u00e9 remunerado pelo Munic\u00edpio, que oferece o subs\u00eddio \u00e0s fam\u00edlias habilitadas como forma de garantir condi\u00e7\u00f5es para o acolhimento e o cuidado durante o per\u00edodo em que a crian\u00e7a ou adolescente permanece sob sua responsabilidade.<\/p>\n\n\n\n<p class=\"wp-block-paragraph\">Atualmente, o hist\u00f3rico apresentado pela Secretaria de Cidadania e Assist\u00eancia Social registra 51 crian\u00e7as e adolescentes que j\u00e1 foram acolhidos por fam\u00edlias acolhedoras e 36 fam\u00edlias cadastradas e capacitadas. Hoje, h\u00e1 seis fam\u00edlias acolhedoras, duas acolhendo cada uma, uma crian\u00e7a. Para a secret\u00e1ria Elenir Chapuis, ampliar o servi\u00e7o depende tamb\u00e9m da mobiliza\u00e7\u00e3o da comunidade para que novas fam\u00edlias conhe\u00e7am a proposta e possam participar do processo de habilita\u00e7\u00e3o. \u201cPrecisamos ampliar o conhecimento da popula\u00e7\u00e3o sobre o que significa ser uma fam\u00edlia acolhedora e mostrar que esse gesto pode transformar a trajet\u00f3ria de uma crian\u00e7a ou adolescente. \u00c9 um trabalho que exige responsabilidade, prepara\u00e7\u00e3o e acompanhamento, mas que oferece uma experi\u00eancia de cuidado fundamental durante um momento de vulnerabilidade\u201d, afirmou.<\/p>\n\n\n\n<p class=\"wp-block-paragraph\">A import\u00e2ncia do v\u00ednculo afetivo proporcionado pelo acolhimento familiar tamb\u00e9m foi destacada pela ju\u00edza da Inf\u00e2ncia e Juventude, Lisiane Sasso. Segundo ela, a conviv\u00eancia em um ambiente familiar e a constru\u00e7\u00e3o de v\u00ednculos s\u00e3o elementos fundamentais para o desenvolvimento da crian\u00e7a. \u201cO apego \u00e9 essencial para o desenvolvimento. Quando pensamos em uma crian\u00e7a que precisa passar por uma separa\u00e7\u00e3o, ter uma refer\u00eancia, ter algu\u00e9m que ofere\u00e7a cuidado, conforto e seguran\u00e7a faz toda a diferen\u00e7a. O v\u00ednculo \u00e9 t\u00e3o importante para o desenvolvimento quanto outros elementos b\u00e1sicos da vida da crian\u00e7a\u201d, afirmou a magistrada.<\/p>\n\n\n\n<p class=\"wp-block-paragraph\">A experi\u00eancia de quem j\u00e1 participa do servi\u00e7o ajuda a dimensionar esse impacto. Isabel Machado est\u00e1 no quarto acolhimento e conta que decidiu se tornar uma fam\u00edlia acolhedora por ter um forte v\u00ednculo com crian\u00e7as. Ela havia se inscrito pela primeira vez em 2010, mas precisou interromper o processo por quest\u00f5es pessoais. H\u00e1 cerca de dois anos, voltou a se inscrever e passou a integrar novamente o servi\u00e7o. \u201cEst\u00e1 sendo uma experi\u00eancia \u00f3tima, muito boa. Eu tenho um amor pelas crian\u00e7as\u201d, conta Isabel. Em seus acolhimentos anteriores, recebeu crian\u00e7as por per\u00edodos que variaram de dez dias a quase dois meses. Atualmente, acolhe uma crian\u00e7a que completa cinco meses sob seus cuidados. \u201cEu me sinto muito bem. Muito bem. \u00c9 uma alegria imensa, n\u00e3o tem como descrever, mas \u00e9 uma alegria\u201d, relata.<\/p>\n\n\n\n<p class=\"wp-block-paragraph\">Entre os desafios identificados para os pr\u00f3ximos anos est\u00e3o o relan\u00e7amento de campanhas institucionais para a busca cont\u00ednua por novas fam\u00edlias, a qualifica\u00e7\u00e3o do fluxo de habilita\u00e7\u00e3o e o avan\u00e7o na profissionaliza\u00e7\u00e3o das fam\u00edlias habilitadas.<\/p>\n\n\n\n<p class=\"wp-block-paragraph\"><strong>Como ser uma fam\u00edlia acolhedora<br><\/strong>Fam\u00edlias interessadas em conhecer e participar do Servi\u00e7o de Fam\u00edlia Acolhedora podem fazer uma pr\u00e9-inscri\u00e7\u00e3o pelo link https:\/\/encurtador.com.br\/JAtB. Ap\u00f3s o preenchimento do formul\u00e1rio, a equipe respons\u00e1vel pelo servi\u00e7o entra em contato para orientar sobre as pr\u00f3ximas etapas, os crit\u00e9rios e o processo de habilita\u00e7\u00e3o.<\/p>\n\n\n\n<p class=\"wp-block-paragraph\">Ser uma fam\u00edlia acolhedora n\u00e3o significa adotar. A fam\u00edlia recebe temporariamente uma crian\u00e7a ou adolescente, oferecendo cuidado, prote\u00e7\u00e3o, afeto e conviv\u00eancia familiar durante o per\u00edodo em que a medida de acolhimento for necess\u00e1ria. Todo o processo \u00e9 acompanhado pela equipe t\u00e9cnica do servi\u00e7o.<\/p>\n\n\n\n<p class=\"wp-block-paragraph\">O acolhimento familiar possibilita que crian\u00e7as e adolescentes permane\u00e7am em comunidade, em um ambiente de afeto e prote\u00e7\u00e3o, enquanto s\u00e3o trabalhadas as condi\u00e7\u00f5es para o retorno \u00e0 fam\u00edlia de origem ou o encaminhamento para uma fam\u00edlia substituta.<\/p>\n","protected":false},"excerpt":{"rendered":"<p>Reuni\u00e3o com Judici\u00e1rio, Minist\u00e9rio P\u00fablico e Defensoria P\u00fablica tratou do fortalecimento do servi\u00e7o no munic\u00edpio<\/p>\n","protected":false},"author":24,"featured_media":0,"comment_status":"closed","ping_status":"closed","sticky":false,"template":"","format":"standard","meta":{"footnotes":""},"categories":[1],"tags":[],"class_list":["post-1850","post","type-post","status-publish","format-standard","hentry","category-sem-categoria"],"yoast_head":"<!-- This site is optimized with the Yoast SEO plugin v28.1 - https:\/\/yoast.com\/product\/yoast-seo-wordpress\/ -->\n<title>Fam\u00edlia Acolhedora: Prefeitura busca ampliar participa\u00e7\u00e3o de novas fam\u00edlias - Secretaria de Cidadania e Assist\u00eancia Social<\/title>\n<meta name=\"robots\" content=\"index, follow, max-snippet:-1, max-image-preview:large, max-video-preview:-1\" \/>\n<link rel=\"canonical\" href=\"https:\/\/www.pmpf.rs.gov.br\/secretaria-de-cidadania-e-assistencia-social\/2026\/09\/02\/familia-acolhedora-prefeitura-busca-ampliar-participacao-de-novas-familias\/\" \/>\n<meta property=\"og:locale\" content=\"pt_BR\" \/>\n<meta property=\"og:type\" content=\"article\" \/>\n<meta property=\"og:title\" content=\"Fam\u00edlia Acolhedora: Prefeitura busca ampliar participa\u00e7\u00e3o de novas fam\u00edlias - Secretaria de Cidadania e Assist\u00eancia Social\" \/>\n<meta property=\"og:description\" content=\"Reuni\u00e3o com Judici\u00e1rio, Minist\u00e9rio P\u00fablico e Defensoria P\u00fablica tratou do fortalecimento do servi\u00e7o no munic\u00edpio\" \/>\n<meta property=\"og:url\" content=\"https:\/\/www.pmpf.rs.gov.br\/secretaria-de-cidadania-e-assistencia-social\/2026\/09\/02\/familia-acolhedora-prefeitura-busca-ampliar-participacao-de-novas-familias\/\" \/>\n<meta property=\"og:site_name\" content=\"Secretaria de Cidadania e Assist\u00eancia Social\" \/>\n<meta property=\"article:published_time\" content=\"2026-09-02T17:58:46+00:00\" \/>\n<meta property=\"article:modified_time\" content=\"2026-09-02T17:58:53+00:00\" \/>\n<meta name=\"author\" content=\"lilicrivello\" \/>\n<meta name=\"twitter:card\" content=\"summary_large_image\" \/>\n<meta name=\"twitter:label1\" content=\"Escrito por\" \/>\n\t<meta name=\"twitter:data1\" content=\"lilicrivello\" \/>\n\t<meta name=\"twitter:label2\" content=\"Est. tempo de leitura\" \/>\n\t<meta name=\"twitter:data2\" content=\"5 minutos\" \/>\n<script type=\"application\/ld+json\" class=\"yoast-schema-graph\">{\"@context\":\"https:\\\/\\\/schema.org\",\"@graph\":[{\"@type\":\"Article\",\"@id\":\"https:\\\/\\\/www.pmpf.rs.gov.br\\\/secretaria-de-cidadania-e-assistencia-social\\\/2026\\\/09\\\/02\\\/familia-acolhedora-prefeitura-busca-ampliar-participacao-de-novas-familias\\\/#article\",\"isPartOf\":{\"@id\":\"https:\\\/\\\/www.pmpf.rs.gov.br\\\/secretaria-de-cidadania-e-assistencia-social\\\/2026\\\/09\\\/02\\\/familia-acolhedora-prefeitura-busca-ampliar-participacao-de-novas-familias\\\/\"},\"author\":{\"name\":\"lilicrivello\",\"@id\":\"https:\\\/\\\/www.pmpf.rs.gov.br\\\/secretaria-de-cidadania-e-assistencia-social\\\/#\\\/schema\\\/person\\\/6e93b0ab2174b69f691ac4f278ba2d0a\"},\"headline\":\"Fam\u00edlia Acolhedora: Prefeitura busca ampliar participa\u00e7\u00e3o de novas fam\u00edlias\",\"datePublished\":\"2026-09-02T17:58:46+00:00\",\"dateModified\":\"2026-09-02T17:58:53+00:00\",\"mainEntityOfPage\":{\"@id\":\"https:\\\/\\\/www.pmpf.rs.gov.br\\\/secretaria-de-cidadania-e-assistencia-social\\\/2026\\\/09\\\/02\\\/familia-acolhedora-prefeitura-busca-ampliar-participacao-de-novas-familias\\\/\"},\"wordCount\":1081,\"inLanguage\":\"pt-BR\"},{\"@type\":\"WebPage\",\"@id\":\"https:\\\/\\\/www.pmpf.rs.gov.br\\\/secretaria-de-cidadania-e-assistencia-social\\\/2026\\\/09\\\/02\\\/familia-acolhedora-prefeitura-busca-ampliar-participacao-de-novas-familias\\\/\",\"url\":\"https:\\\/\\\/www.pmpf.rs.gov.br\\\/secretaria-de-cidadania-e-assistencia-social\\\/2026\\\/09\\\/02\\\/familia-acolhedora-prefeitura-busca-ampliar-participacao-de-novas-familias\\\/\",\"name\":\"Fam\u00edlia Acolhedora: Prefeitura busca ampliar participa\u00e7\u00e3o de novas fam\u00edlias - Secretaria de Cidadania e Assist\u00eancia Social\",\"isPartOf\":{\"@id\":\"https:\\\/\\\/www.pmpf.rs.gov.br\\\/secretaria-de-cidadania-e-assistencia-social\\\/#website\"},\"datePublished\":\"2026-09-02T17:58:46+00:00\",\"dateModified\":\"2026-09-02T17:58:53+00:00\",\"author\":{\"@id\":\"https:\\\/\\\/www.pmpf.rs.gov.br\\\/secretaria-de-cidadania-e-assistencia-social\\\/#\\\/schema\\\/person\\\/6e93b0ab2174b69f691ac4f278ba2d0a\"},\"inLanguage\":\"pt-BR\",\"potentialAction\":[{\"@type\":\"ReadAction\",\"target\":[\"https:\\\/\\\/www.pmpf.rs.gov.br\\\/secretaria-de-cidadania-e-assistencia-social\\\/2026\\\/09\\\/02\\\/familia-acolhedora-prefeitura-busca-ampliar-participacao-de-novas-familias\\\/\"]}]},{\"@type\":\"WebSite\",\"@id\":\"https:\\\/\\\/www.pmpf.rs.gov.br\\\/secretaria-de-cidadania-e-assistencia-social\\\/#website\",\"url\":\"https:\\\/\\\/www.pmpf.rs.gov.br\\\/secretaria-de-cidadania-e-assistencia-social\\\/\",\"name\":\"Secretaria de Cidadania e Assist\u00eancia Social\",\"description\":\"S\u00f3 mais um site Prefeitura de Passo Fundo\",\"potentialAction\":[{\"@type\":\"SearchAction\",\"target\":{\"@type\":\"EntryPoint\",\"urlTemplate\":\"https:\\\/\\\/www.pmpf.rs.gov.br\\\/secretaria-de-cidadania-e-assistencia-social\\\/?s={search_term_string}\"},\"query-input\":{\"@type\":\"PropertyValueSpecification\",\"valueRequired\":true,\"valueName\":\"search_term_string\"}}],\"inLanguage\":\"pt-BR\"},{\"@type\":\"Person\",\"@id\":\"https:\\\/\\\/www.pmpf.rs.gov.br\\\/secretaria-de-cidadania-e-assistencia-social\\\/#\\\/schema\\\/person\\\/6e93b0ab2174b69f691ac4f278ba2d0a\",\"name\":\"lilicrivello\",\"image\":{\"@type\":\"ImageObject\",\"inLanguage\":\"pt-BR\",\"@id\":\"https:\\\/\\\/secure.gravatar.com\\\/avatar\\\/2d7d1b74ed39cacb62203880e0370d16df2765b1ae7d6da8beb6c43e087a0b1d?s=96&d=mm&r=g\",\"url\":\"https:\\\/\\\/secure.gravatar.com\\\/avatar\\\/2d7d1b74ed39cacb62203880e0370d16df2765b1ae7d6da8beb6c43e087a0b1d?s=96&d=mm&r=g\",\"contentUrl\":\"https:\\\/\\\/secure.gravatar.com\\\/avatar\\\/2d7d1b74ed39cacb62203880e0370d16df2765b1ae7d6da8beb6c43e087a0b1d?s=96&d=mm&r=g\",\"caption\":\"lilicrivello\"},\"url\":\"https:\\\/\\\/www.pmpf.rs.gov.br\\\/secretaria-de-cidadania-e-assistencia-social\\\/author\\\/lilicrivello\\\/\"}]}<\/script>\n<!-- \/ Yoast SEO plugin. -->","yoast_head_json":{"title":"Fam\u00edlia Acolhedora: Prefeitura busca ampliar participa\u00e7\u00e3o de novas fam\u00edlias - Secretaria de Cidadania e Assist\u00eancia Social","robots":{"index":"index","follow":"follow","max-snippet":"max-snippet:-1","max-image-preview":"max-image-preview:large","max-video-preview":"max-video-preview:-1"},"canonical":"https:\/\/www.pmpf.rs.gov.br\/secretaria-de-cidadania-e-assistencia-social\/2026\/09\/02\/familia-acolhedora-prefeitura-busca-ampliar-participacao-de-novas-familias\/","og_locale":"pt_BR","og_type":"article","og_title":"Fam\u00edlia Acolhedora: Prefeitura busca ampliar participa\u00e7\u00e3o de novas fam\u00edlias - Secretaria de Cidadania e Assist\u00eancia Social","og_description":"Reuni\u00e3o com Judici\u00e1rio, Minist\u00e9rio P\u00fablico e Defensoria P\u00fablica tratou do fortalecimento do servi\u00e7o no munic\u00edpio","og_url":"https:\/\/www.pmpf.rs.gov.br\/secretaria-de-cidadania-e-assistencia-social\/2026\/09\/02\/familia-acolhedora-prefeitura-busca-ampliar-participacao-de-novas-familias\/","og_site_name":"Secretaria de Cidadania e Assist\u00eancia Social","article_published_time":"2026-09-02T17:58:46+00:00","article_modified_time":"2026-09-02T17:58:53+00:00","author":"lilicrivello","twitter_card":"summary_large_image","twitter_misc":{"Escrito por":"lilicrivello","Est. tempo de leitura":"5 minutos"},"schema":{"@context":"https:\/\/schema.org","@graph":[{"@type":"Article","@id":"https:\/\/www.pmpf.rs.gov.br\/secretaria-de-cidadania-e-assistencia-social\/2026\/09\/02\/familia-acolhedora-prefeitura-busca-ampliar-participacao-de-novas-familias\/#article","isPartOf":{"@id":"https:\/\/www.pmpf.rs.gov.br\/secretaria-de-cidadania-e-assistencia-social\/2026\/09\/02\/familia-acolhedora-prefeitura-busca-ampliar-participacao-de-novas-familias\/"},"author":{"name":"lilicrivello","@id":"https:\/\/www.pmpf.rs.gov.br\/secretaria-de-cidadania-e-assistencia-social\/#\/schema\/person\/6e93b0ab2174b69f691ac4f278ba2d0a"},"headline":"Fam\u00edlia Acolhedora: Prefeitura busca ampliar participa\u00e7\u00e3o de novas fam\u00edlias","datePublished":"2026-09-02T17:58:46+00:00","dateModified":"2026-09-02T17:58:53+00:00","mainEntityOfPage":{"@id":"https:\/\/www.pmpf.rs.gov.br\/secretaria-de-cidadania-e-assistencia-social\/2026\/09\/02\/familia-acolhedora-prefeitura-busca-ampliar-participacao-de-novas-familias\/"},"wordCount":1081,"inLanguage":"pt-BR"},{"@type":"WebPage","@id":"https:\/\/www.pmpf.rs.gov.br\/secretaria-de-cidadania-e-assistencia-social\/2026\/09\/02\/familia-acolhedora-prefeitura-busca-ampliar-participacao-de-novas-familias\/","url":"https:\/\/www.pmpf.rs.gov.br\/secretaria-de-cidadania-e-assistencia-social\/2026\/09\/02\/familia-acolhedora-prefeitura-busca-ampliar-participacao-de-novas-familias\/","name":"Fam\u00edlia Acolhedora: Prefeitura busca ampliar participa\u00e7\u00e3o de novas fam\u00edlias - Secretaria de Cidadania e Assist\u00eancia Social","isPartOf":{"@id":"https:\/\/www.pmpf.rs.gov.br\/secretaria-de-cidadania-e-assistencia-social\/#website"},"datePublished":"2026-09-02T17:58:46+00:00","dateModified":"2026-09-02T17:58:53+00:00","author":{"@id":"https:\/\/www.pmpf.rs.gov.br\/secretaria-de-cidadania-e-assistencia-social\/#\/schema\/person\/6e93b0ab2174b69f691ac4f278ba2d0a"},"inLanguage":"pt-BR","potentialAction":[{"@type":"ReadAction","target":["https:\/\/www.pmpf.rs.gov.br\/secretaria-de-cidadania-e-assistencia-social\/2026\/09\/02\/familia-acolhedora-prefeitura-busca-ampliar-participacao-de-novas-familias\/"]}]},{"@type":"WebSite","@id":"https:\/\/www.pmpf.rs.gov.br\/secretaria-de-cidadania-e-assistencia-social\/#website","url":"https:\/\/www.pmpf.rs.gov.br\/secretaria-de-cidadania-e-assistencia-social\/","name":"Secretaria de Cidadania e Assist\u00eancia Social","description":"S\u00f3 mais um site Prefeitura de Passo Fundo","potentialAction":[{"@type":"SearchAction","target":{"@type":"EntryPoint","urlTemplate":"https:\/\/www.pmpf.rs.gov.br\/secretaria-de-cidadania-e-assistencia-social\/?s={search_term_string}"},"query-input":{"@type":"PropertyValueSpecification","valueRequired":true,"valueName":"search_term_string"}}],"inLanguage":"pt-BR"},{"@type":"Person","@id":"https:\/\/www.pmpf.rs.gov.br\/secretaria-de-cidadania-e-assistencia-social\/#\/schema\/person\/6e93b0ab2174b69f691ac4f278ba2d0a","name":"lilicrivello","image":{"@type":"ImageObject","inLanguage":"pt-BR","@id":"https:\/\/secure.gravatar.com\/avatar\/2d7d1b74ed39cacb62203880e0370d16df2765b1ae7d6da8beb6c43e087a0b1d?s=96&d=mm&r=g","url":"https:\/\/secure.gravatar.com\/avatar\/2d7d1b74ed39cacb62203880e0370d16df2765b1ae7d6da8beb6c43e087a0b1d?s=96&d=mm&r=g","contentUrl":"https:\/\/secure.gravatar.com\/avatar\/2d7d1b74ed39cacb62203880e0370d16df2765b1ae7d6da8beb6c43e087a0b1d?s=96&d=mm&r=g","caption":"lilicrivello"},"url":"https:\/\/www.pmpf.rs.gov.br\/secretaria-de-cidadania-e-assistencia-social\/author\/lilicrivello\/"}]}},"_links":{"self":[{"href":"https:\/\/www.pmpf.rs.gov.br\/secretaria-de-cidadania-e-assistencia-social\/wp-json\/wp\/v2\/posts\/1850","targetHints":{"allow":["GET"]}}],"collection":[{"href":"https:\/\/www.pmpf.rs.gov.br\/secretaria-de-cidadania-e-assistencia-social\/wp-json\/wp\/v2\/posts"}],"about":[{"href":"https:\/\/www.pmpf.rs.gov.br\/secretaria-de-cidadania-e-assistencia-social\/wp-json\/wp\/v2\/types\/post"}],"author":[{"embeddable":true,"href":"https:\/\/www.pmpf.rs.gov.br\/secretaria-de-cidadania-e-assistencia-social\/wp-json\/wp\/v2\/users\/24"}],"replies":[{"embeddable":true,"href":"https:\/\/www.pmpf.rs.gov.br\/secretaria-de-cidadania-e-assistencia-social\/wp-json\/wp\/v2\/comments?post=1850"}],"version-history":[{"count":1,"href":"https:\/\/www.pmpf.rs.gov.br\/secretaria-de-cidadania-e-assistencia-social\/wp-json\/wp\/v2\/posts\/1850\/revisions"}],"predecessor-version":[{"id":1851,"href":"https:\/\/www.pmpf.rs.gov.br\/secretaria-de-cidadania-e-assistencia-social\/wp-json\/wp\/v2\/posts\/1850\/revisions\/1851"}],"wp:attachment":[{"href":"https:\/\/www.pmpf.rs.gov.br\/secretaria-de-cidadania-e-assistencia-social\/wp-json\/wp\/v2\/media?parent=1850"}],"wp:term":[{"taxonomy":"category","embeddable":true,"href":"https:\/\/www.pmpf.rs.gov.br\/secretaria-de-cidadania-e-assistencia-social\/wp-json\/wp\/v2\/categories?post=1850"},{"taxonomy":"post_tag","embeddable":true,"href":"https:\/\/www.pmpf.rs.gov.br\/secretaria-de-cidadania-e-assistencia-social\/wp-json\/wp\/v2\/tags?post=1850"}],"curies":[{"name":"wp","href":"https:\/\/api.w.org\/{rel}","templated":true}]}}