{"id":1752,"date":"2025-07-08T10:11:51","date_gmt":"2025-07-08T13:11:51","guid":{"rendered":"https:\/\/www.pmpf.rs.gov.br\/secretaria-de-cidadania-e-assistencia-social\/?p=1752"},"modified":"2025-07-08T10:11:58","modified_gmt":"2025-07-08T13:11:58","slug":"prefeitura-intensifica-atendimento-a-populacao-em-situacao-de-rua-durante-o-inverno","status":"publish","type":"post","link":"https:\/\/www.pmpf.rs.gov.br\/secretaria-de-cidadania-e-assistencia-social\/2025\/07\/08\/prefeitura-intensifica-atendimento-a-populacao-em-situacao-de-rua-durante-o-inverno\/","title":{"rendered":"Prefeitura intensifica atendimento \u00e0 popula\u00e7\u00e3o em situa\u00e7\u00e3o de rua durante o inverno"},"content":{"rendered":"\n<p><\/p>\n\n\n\n<p>A Prefeitura de Passo Fundo, por meio da Secretaria de Cidadania e Assist\u00eancia Social (SEMCAS), tem refor\u00e7ado as a\u00e7\u00f5es de abordagem social e acolhimento \u00e0 popula\u00e7\u00e3o em situa\u00e7\u00e3o de rua. Mesmo enfrentando a resist\u00eancia de alguns indiv\u00edduos, principalmente no que se refere \u00e0 aceita\u00e7\u00e3o de abrigo, as equipes t\u00eam atuado com foco na redu\u00e7\u00e3o de danos e na prote\u00e7\u00e3o contra o frio extremo.<\/p>\n\n\n\n<p>Durante o m\u00eas de junho, o principal equipamento de atendimento t\u00e9cnico da SEMCAS, o Centro Pop, registrou 182 pessoas atendidas, entre elas 16 imigrantes ou estrangeiros. A estrutura ofereceu 551 lanches, realizou 167 encaminhamentos para pernoite, al\u00e9m de 5 visitas domiciliares e 6 visitas institucionais.<\/p>\n\n\n\n<p>Outras a\u00e7\u00f5es importantes inclu\u00edram a oferta de 20 passagens intermunicipais e interestaduais, atendimentos familiares, oficinas em grupo, encaminhamentos para documenta\u00e7\u00e3o (27 no total) e atendimentos voltados ao trabalho, com 10 pessoas encaminhadas para oportunidades, sendo 3 por meio do Programa de Apoio \u00e0 Contrata\u00e7\u00e3o (PAC) e 7 via SINE.<\/p>\n\n\n\n<p>Tamb\u00e9m foram realizados encaminhamentos nas \u00e1reas de sa\u00fade (34 ao todo), com destaque para atendimentos em ambulat\u00f3rios, unidades b\u00e1sicas de sa\u00fade, hospitais, CAPS AD e II, e comunidades terap\u00eauticas. Al\u00e9m disso, 13 pessoas foram inseridas ou atualizadas no Cadastro \u00danico e outras 6 tiveram demandas relacionadas ao sistema de justi\u00e7a.<\/p>\n\n\n\n<p>Apesar dos desafios, a secret\u00e1ria de Cidadania e Assist\u00eancia Social, Elenir Chapuis, avalia que os resultados s\u00e3o positivos, especialmente considerando o rigor do inverno.<br>\u201cSeguimos trabalhando com a popula\u00e7\u00e3o de rua, mesmo com a resist\u00eancia de alguns em aceitar o acolhimento. Nosso foco \u00e9 sempre a prote\u00e7\u00e3o da vida. Conseguimos manter as abordagens noturnas todos os dias da semana, e mesmo nos fins de semana, quando n\u00e3o h\u00e1 equipes de dia, conseguimos atender situa\u00e7\u00f5es emergenciais por meio da gest\u00e3o. O ponto mais importante \u00e9 que, at\u00e9 agora, n\u00e3o tivemos nenhum caso grave de exposi\u00e7\u00e3o ao frio ou \u00f3bito, o que mostra que nossas a\u00e7\u00f5es est\u00e3o sendo efetivas\u201d, destacou Elenir.<\/p>\n\n\n\n<p>As a\u00e7\u00f5es seguem intensificadas neste per\u00edodo do ano, com a integra\u00e7\u00e3o de diferentes servi\u00e7os da rede de assist\u00eancia e sa\u00fade, buscando n\u00e3o apenas o acolhimento emergencial, mas tamb\u00e9m o acompanhamento e reinser\u00e7\u00e3o social desses cidad\u00e3os.<\/p>\n","protected":false},"excerpt":{"rendered":"<p>A Prefeitura de Passo Fundo, por meio da Secretaria de Cidadania e Assist\u00eancia Social (SEMCAS), tem refor\u00e7ado as a\u00e7\u00f5es de abordagem social e acolhimento \u00e0 popula\u00e7\u00e3o em situa\u00e7\u00e3o de rua. Mesmo enfrentando [&hellip;]<\/p>\n","protected":false},"author":24,"featured_media":1753,"comment_status":"closed","ping_status":"closed","sticky":false,"template":"","format":"standard","meta":{"footnotes":""},"categories":[1],"tags":[],"class_list":["post-1752","post","type-post","status-publish","format-standard","has-post-thumbnail","hentry","category-sem-categoria"],"yoast_head":"<!-- This site is optimized with the Yoast SEO plugin v23.8 - https:\/\/yoast.com\/wordpress\/plugins\/seo\/ -->\n<title>Prefeitura intensifica atendimento \u00e0 popula\u00e7\u00e3o em situa\u00e7\u00e3o de rua durante o inverno - Secretaria de Cidadania e Assist\u00eancia Social<\/title>\n<meta name=\"robots\" content=\"index, follow, max-snippet:-1, max-image-preview:large, max-video-preview:-1\" \/>\n<link rel=\"canonical\" href=\"https:\/\/www.pmpf.rs.gov.br\/secretaria-de-cidadania-e-assistencia-social\/2025\/07\/08\/prefeitura-intensifica-atendimento-a-populacao-em-situacao-de-rua-durante-o-inverno\/\" \/>\n<meta property=\"og:locale\" content=\"pt_BR\" \/>\n<meta property=\"og:type\" content=\"article\" \/>\n<meta property=\"og:title\" content=\"Prefeitura intensifica atendimento \u00e0 popula\u00e7\u00e3o em situa\u00e7\u00e3o de rua durante o inverno - Secretaria de Cidadania e Assist\u00eancia Social\" \/>\n<meta property=\"og:description\" content=\"A Prefeitura de Passo Fundo, por meio da Secretaria de Cidadania e Assist\u00eancia Social (SEMCAS), tem refor\u00e7ado as a\u00e7\u00f5es de abordagem social e acolhimento \u00e0 popula\u00e7\u00e3o em situa\u00e7\u00e3o de rua. Mesmo enfrentando [&hellip;]\" \/>\n<meta property=\"og:url\" content=\"https:\/\/www.pmpf.rs.gov.br\/secretaria-de-cidadania-e-assistencia-social\/2025\/07\/08\/prefeitura-intensifica-atendimento-a-populacao-em-situacao-de-rua-durante-o-inverno\/\" \/>\n<meta property=\"og:site_name\" content=\"Secretaria de Cidadania e Assist\u00eancia Social\" \/>\n<meta property=\"article:published_time\" content=\"2025-07-08T13:11:51+00:00\" \/>\n<meta property=\"article:modified_time\" content=\"2025-07-08T13:11:58+00:00\" \/>\n<meta name=\"author\" content=\"lilicrivello\" \/>\n<meta name=\"twitter:card\" content=\"summary_large_image\" \/>\n<meta name=\"twitter:label1\" content=\"Escrito por\" \/>\n\t<meta name=\"twitter:data1\" content=\"lilicrivello\" \/>\n\t<meta name=\"twitter:label2\" content=\"Est. tempo de leitura\" \/>\n\t<meta name=\"twitter:data2\" content=\"2 minutos\" \/>\n<script type=\"application\/ld+json\" class=\"yoast-schema-graph\">{\"@context\":\"https:\/\/schema.org\",\"@graph\":[{\"@type\":\"WebPage\",\"@id\":\"https:\/\/www.pmpf.rs.gov.br\/secretaria-de-cidadania-e-assistencia-social\/2025\/07\/08\/prefeitura-intensifica-atendimento-a-populacao-em-situacao-de-rua-durante-o-inverno\/\",\"url\":\"https:\/\/www.pmpf.rs.gov.br\/secretaria-de-cidadania-e-assistencia-social\/2025\/07\/08\/prefeitura-intensifica-atendimento-a-populacao-em-situacao-de-rua-durante-o-inverno\/\",\"name\":\"Prefeitura intensifica atendimento \u00e0 popula\u00e7\u00e3o em situa\u00e7\u00e3o de rua durante o inverno - Secretaria de Cidadania e Assist\u00eancia Social\",\"isPartOf\":{\"@id\":\"https:\/\/www.pmpf.rs.gov.br\/secretaria-de-cidadania-e-assistencia-social\/#website\"},\"primaryImageOfPage\":{\"@id\":\"https:\/\/www.pmpf.rs.gov.br\/secretaria-de-cidadania-e-assistencia-social\/2025\/07\/08\/prefeitura-intensifica-atendimento-a-populacao-em-situacao-de-rua-durante-o-inverno\/#primaryimage\"},\"image\":{\"@id\":\"https:\/\/www.pmpf.rs.gov.br\/secretaria-de-cidadania-e-assistencia-social\/2025\/07\/08\/prefeitura-intensifica-atendimento-a-populacao-em-situacao-de-rua-durante-o-inverno\/#primaryimage\"},\"thumbnailUrl\":\"https:\/\/www.pmpf.rs.gov.br\/secretaria-de-cidadania-e-assistencia-social\/wp-content\/uploads\/sites\/24\/2025\/07\/Captura-de-tela-2025-07-08-100332.png\",\"datePublished\":\"2025-07-08T13:11:51+00:00\",\"dateModified\":\"2025-07-08T13:11:58+00:00\",\"author\":{\"@id\":\"https:\/\/www.pmpf.rs.gov.br\/secretaria-de-cidadania-e-assistencia-social\/#\/schema\/person\/6e93b0ab2174b69f691ac4f278ba2d0a\"},\"inLanguage\":\"pt-BR\",\"potentialAction\":[{\"@type\":\"ReadAction\",\"target\":[\"https:\/\/www.pmpf.rs.gov.br\/secretaria-de-cidadania-e-assistencia-social\/2025\/07\/08\/prefeitura-intensifica-atendimento-a-populacao-em-situacao-de-rua-durante-o-inverno\/\"]}]},{\"@type\":\"ImageObject\",\"inLanguage\":\"pt-BR\",\"@id\":\"https:\/\/www.pmpf.rs.gov.br\/secretaria-de-cidadania-e-assistencia-social\/2025\/07\/08\/prefeitura-intensifica-atendimento-a-populacao-em-situacao-de-rua-durante-o-inverno\/#primaryimage\",\"url\":\"https:\/\/www.pmpf.rs.gov.br\/secretaria-de-cidadania-e-assistencia-social\/wp-content\/uploads\/sites\/24\/2025\/07\/Captura-de-tela-2025-07-08-100332.png\",\"contentUrl\":\"https:\/\/www.pmpf.rs.gov.br\/secretaria-de-cidadania-e-assistencia-social\/wp-content\/uploads\/sites\/24\/2025\/07\/Captura-de-tela-2025-07-08-100332.png\",\"width\":1390,\"height\":925},{\"@type\":\"WebSite\",\"@id\":\"https:\/\/www.pmpf.rs.gov.br\/secretaria-de-cidadania-e-assistencia-social\/#website\",\"url\":\"https:\/\/www.pmpf.rs.gov.br\/secretaria-de-cidadania-e-assistencia-social\/\",\"name\":\"Secretaria de Cidadania e Assist\u00eancia Social\",\"description\":\"S\u00f3 mais um site Prefeitura de Passo Fundo\",\"potentialAction\":[{\"@type\":\"SearchAction\",\"target\":{\"@type\":\"EntryPoint\",\"urlTemplate\":\"https:\/\/www.pmpf.rs.gov.br\/secretaria-de-cidadania-e-assistencia-social\/?s={search_term_string}\"},\"query-input\":{\"@type\":\"PropertyValueSpecification\",\"valueRequired\":true,\"valueName\":\"search_term_string\"}}],\"inLanguage\":\"pt-BR\"},{\"@type\":\"Person\",\"@id\":\"https:\/\/www.pmpf.rs.gov.br\/secretaria-de-cidadania-e-assistencia-social\/#\/schema\/person\/6e93b0ab2174b69f691ac4f278ba2d0a\",\"name\":\"lilicrivello\",\"image\":{\"@type\":\"ImageObject\",\"inLanguage\":\"pt-BR\",\"@id\":\"https:\/\/www.pmpf.rs.gov.br\/secretaria-de-cidadania-e-assistencia-social\/#\/schema\/person\/image\/\",\"url\":\"https:\/\/secure.gravatar.com\/avatar\/0b546b667388f8edb7b67d70a57b5e46?s=96&d=mm&r=g\",\"contentUrl\":\"https:\/\/secure.gravatar.com\/avatar\/0b546b667388f8edb7b67d70a57b5e46?s=96&d=mm&r=g\",\"caption\":\"lilicrivello\"},\"url\":\"https:\/\/www.pmpf.rs.gov.br\/secretaria-de-cidadania-e-assistencia-social\/author\/lilicrivello\/\"}]}<\/script>\n<!-- \/ Yoast SEO plugin. -->","yoast_head_json":{"title":"Prefeitura intensifica atendimento \u00e0 popula\u00e7\u00e3o em situa\u00e7\u00e3o de rua durante o inverno - Secretaria de Cidadania e Assist\u00eancia Social","robots":{"index":"index","follow":"follow","max-snippet":"max-snippet:-1","max-image-preview":"max-image-preview:large","max-video-preview":"max-video-preview:-1"},"canonical":"https:\/\/www.pmpf.rs.gov.br\/secretaria-de-cidadania-e-assistencia-social\/2025\/07\/08\/prefeitura-intensifica-atendimento-a-populacao-em-situacao-de-rua-durante-o-inverno\/","og_locale":"pt_BR","og_type":"article","og_title":"Prefeitura intensifica atendimento \u00e0 popula\u00e7\u00e3o em situa\u00e7\u00e3o de rua durante o inverno - Secretaria de Cidadania e Assist\u00eancia Social","og_description":"A Prefeitura de Passo Fundo, por meio da Secretaria de Cidadania e Assist\u00eancia Social (SEMCAS), tem refor\u00e7ado as a\u00e7\u00f5es de abordagem social e acolhimento \u00e0 popula\u00e7\u00e3o em situa\u00e7\u00e3o de rua. Mesmo enfrentando [&hellip;]","og_url":"https:\/\/www.pmpf.rs.gov.br\/secretaria-de-cidadania-e-assistencia-social\/2025\/07\/08\/prefeitura-intensifica-atendimento-a-populacao-em-situacao-de-rua-durante-o-inverno\/","og_site_name":"Secretaria de Cidadania e Assist\u00eancia Social","article_published_time":"2025-07-08T13:11:51+00:00","article_modified_time":"2025-07-08T13:11:58+00:00","author":"lilicrivello","twitter_card":"summary_large_image","twitter_misc":{"Escrito por":"lilicrivello","Est. tempo de leitura":"2 minutos"},"schema":{"@context":"https:\/\/schema.org","@graph":[{"@type":"WebPage","@id":"https:\/\/www.pmpf.rs.gov.br\/secretaria-de-cidadania-e-assistencia-social\/2025\/07\/08\/prefeitura-intensifica-atendimento-a-populacao-em-situacao-de-rua-durante-o-inverno\/","url":"https:\/\/www.pmpf.rs.gov.br\/secretaria-de-cidadania-e-assistencia-social\/2025\/07\/08\/prefeitura-intensifica-atendimento-a-populacao-em-situacao-de-rua-durante-o-inverno\/","name":"Prefeitura intensifica atendimento \u00e0 popula\u00e7\u00e3o em situa\u00e7\u00e3o de rua durante o inverno - Secretaria de Cidadania e Assist\u00eancia Social","isPartOf":{"@id":"https:\/\/www.pmpf.rs.gov.br\/secretaria-de-cidadania-e-assistencia-social\/#website"},"primaryImageOfPage":{"@id":"https:\/\/www.pmpf.rs.gov.br\/secretaria-de-cidadania-e-assistencia-social\/2025\/07\/08\/prefeitura-intensifica-atendimento-a-populacao-em-situacao-de-rua-durante-o-inverno\/#primaryimage"},"image":{"@id":"https:\/\/www.pmpf.rs.gov.br\/secretaria-de-cidadania-e-assistencia-social\/2025\/07\/08\/prefeitura-intensifica-atendimento-a-populacao-em-situacao-de-rua-durante-o-inverno\/#primaryimage"},"thumbnailUrl":"https:\/\/www.pmpf.rs.gov.br\/secretaria-de-cidadania-e-assistencia-social\/wp-content\/uploads\/sites\/24\/2025\/07\/Captura-de-tela-2025-07-08-100332.png","datePublished":"2025-07-08T13:11:51+00:00","dateModified":"2025-07-08T13:11:58+00:00","author":{"@id":"https:\/\/www.pmpf.rs.gov.br\/secretaria-de-cidadania-e-assistencia-social\/#\/schema\/person\/6e93b0ab2174b69f691ac4f278ba2d0a"},"inLanguage":"pt-BR","potentialAction":[{"@type":"ReadAction","target":["https:\/\/www.pmpf.rs.gov.br\/secretaria-de-cidadania-e-assistencia-social\/2025\/07\/08\/prefeitura-intensifica-atendimento-a-populacao-em-situacao-de-rua-durante-o-inverno\/"]}]},{"@type":"ImageObject","inLanguage":"pt-BR","@id":"https:\/\/www.pmpf.rs.gov.br\/secretaria-de-cidadania-e-assistencia-social\/2025\/07\/08\/prefeitura-intensifica-atendimento-a-populacao-em-situacao-de-rua-durante-o-inverno\/#primaryimage","url":"https:\/\/www.pmpf.rs.gov.br\/secretaria-de-cidadania-e-assistencia-social\/wp-content\/uploads\/sites\/24\/2025\/07\/Captura-de-tela-2025-07-08-100332.png","contentUrl":"https:\/\/www.pmpf.rs.gov.br\/secretaria-de-cidadania-e-assistencia-social\/wp-content\/uploads\/sites\/24\/2025\/07\/Captura-de-tela-2025-07-08-100332.png","width":1390,"height":925},{"@type":"WebSite","@id":"https:\/\/www.pmpf.rs.gov.br\/secretaria-de-cidadania-e-assistencia-social\/#website","url":"https:\/\/www.pmpf.rs.gov.br\/secretaria-de-cidadania-e-assistencia-social\/","name":"Secretaria de Cidadania e Assist\u00eancia Social","description":"S\u00f3 mais um site Prefeitura de Passo Fundo","potentialAction":[{"@type":"SearchAction","target":{"@type":"EntryPoint","urlTemplate":"https:\/\/www.pmpf.rs.gov.br\/secretaria-de-cidadania-e-assistencia-social\/?s={search_term_string}"},"query-input":{"@type":"PropertyValueSpecification","valueRequired":true,"valueName":"search_term_string"}}],"inLanguage":"pt-BR"},{"@type":"Person","@id":"https:\/\/www.pmpf.rs.gov.br\/secretaria-de-cidadania-e-assistencia-social\/#\/schema\/person\/6e93b0ab2174b69f691ac4f278ba2d0a","name":"lilicrivello","image":{"@type":"ImageObject","inLanguage":"pt-BR","@id":"https:\/\/www.pmpf.rs.gov.br\/secretaria-de-cidadania-e-assistencia-social\/#\/schema\/person\/image\/","url":"https:\/\/secure.gravatar.com\/avatar\/0b546b667388f8edb7b67d70a57b5e46?s=96&d=mm&r=g","contentUrl":"https:\/\/secure.gravatar.com\/avatar\/0b546b667388f8edb7b67d70a57b5e46?s=96&d=mm&r=g","caption":"lilicrivello"},"url":"https:\/\/www.pmpf.rs.gov.br\/secretaria-de-cidadania-e-assistencia-social\/author\/lilicrivello\/"}]}},"_links":{"self":[{"href":"https:\/\/www.pmpf.rs.gov.br\/secretaria-de-cidadania-e-assistencia-social\/wp-json\/wp\/v2\/posts\/1752"}],"collection":[{"href":"https:\/\/www.pmpf.rs.gov.br\/secretaria-de-cidadania-e-assistencia-social\/wp-json\/wp\/v2\/posts"}],"about":[{"href":"https:\/\/www.pmpf.rs.gov.br\/secretaria-de-cidadania-e-assistencia-social\/wp-json\/wp\/v2\/types\/post"}],"author":[{"embeddable":true,"href":"https:\/\/www.pmpf.rs.gov.br\/secretaria-de-cidadania-e-assistencia-social\/wp-json\/wp\/v2\/users\/24"}],"replies":[{"embeddable":true,"href":"https:\/\/www.pmpf.rs.gov.br\/secretaria-de-cidadania-e-assistencia-social\/wp-json\/wp\/v2\/comments?post=1752"}],"version-history":[{"count":1,"href":"https:\/\/www.pmpf.rs.gov.br\/secretaria-de-cidadania-e-assistencia-social\/wp-json\/wp\/v2\/posts\/1752\/revisions"}],"predecessor-version":[{"id":1754,"href":"https:\/\/www.pmpf.rs.gov.br\/secretaria-de-cidadania-e-assistencia-social\/wp-json\/wp\/v2\/posts\/1752\/revisions\/1754"}],"wp:featuredmedia":[{"embeddable":true,"href":"https:\/\/www.pmpf.rs.gov.br\/secretaria-de-cidadania-e-assistencia-social\/wp-json\/wp\/v2\/media\/1753"}],"wp:attachment":[{"href":"https:\/\/www.pmpf.rs.gov.br\/secretaria-de-cidadania-e-assistencia-social\/wp-json\/wp\/v2\/media?parent=1752"}],"wp:term":[{"taxonomy":"category","embeddable":true,"href":"https:\/\/www.pmpf.rs.gov.br\/secretaria-de-cidadania-e-assistencia-social\/wp-json\/wp\/v2\/categories?post=1752"},{"taxonomy":"post_tag","embeddable":true,"href":"https:\/\/www.pmpf.rs.gov.br\/secretaria-de-cidadania-e-assistencia-social\/wp-json\/wp\/v2\/tags?post=1752"}],"curies":[{"name":"wp","href":"https:\/\/api.w.org\/{rel}","templated":true}]}}