{"id":1749,"date":"2025-06-25T10:12:47","date_gmt":"2025-06-25T13:12:47","guid":{"rendered":"https:\/\/www.pmpf.rs.gov.br\/secretaria-de-cidadania-e-assistencia-social\/?p=1749"},"modified":"2025-06-25T10:12:54","modified_gmt":"2025-06-25T13:12:54","slug":"prefeitura-mantem-acoes-diarias-de-abordagem-social-para-atender-pessoas-em-situacao-de-rua","status":"publish","type":"post","link":"https:\/\/www.pmpf.rs.gov.br\/secretaria-de-cidadania-e-assistencia-social\/2025\/06\/25\/prefeitura-mantem-acoes-diarias-de-abordagem-social-para-atender-pessoas-em-situacao-de-rua\/","title":{"rendered":"Prefeitura mant\u00e9m a\u00e7\u00f5es di\u00e1rias de abordagem social para atender pessoas em situa\u00e7\u00e3o de rua"},"content":{"rendered":"\n<p><\/p>\n\n\n\n<p>Com a chegada do frio, a Prefeitura de Passo Fundo intensificou as a\u00e7\u00f5es de abordagem social realizadas diariamente com pessoas em situa\u00e7\u00e3o de rua. O trabalho, que ocorre tanto durante o dia quanto \u00e0 noite, tem como objetivo identificar e acolher essas pessoas, oferecendo suporte e encaminhamento para os servi\u00e7os da rede de assist\u00eancia.<\/p>\n\n\n\n<p>Durante o dia, a equipe de Abordagem, ligada \u00e0 Secretaria de Cidadania e Assist\u00eancia Social, realiza busca ativa e orienta\u00e7\u00f5es, estimulando aqueles que possuem v\u00ednculos familiares ou comunit\u00e1rios a retornarem para casa, e incentivando a aceita\u00e7\u00e3o dos servi\u00e7os p\u00fablicos, como o Centro Pop e a Casa de Passagem. \u201c\u00c0 noite, o trabalho \u00e9 refor\u00e7ado com foco na identifica\u00e7\u00e3o de pessoas expostas ao frio. Quando aceitam o atendimento, s\u00e3o levadas \u00e0 Casa de Passagem ou, sempre que poss\u00edvel, encaminhadas para locais onde t\u00eam refer\u00eancia de moradia. Para aqueles que recusam o acolhimento, a equipe orienta sobre formas de se proteger do frio e distribui agasalhos\u201d, explica a secret\u00e1ria Elenir Chapuis.<\/p>\n\n\n\n<p>A Casa de Passagem conta com 30 vagas dispon\u00edveis e abriga, em m\u00e9dia, 25 pessoas por noite. J\u00e1 o Centro Pop realiza atendimentos diurnos, com m\u00e9dia di\u00e1ria de 26 pessoas acolhidas, oferecendo alimenta\u00e7\u00e3o, higiene, encaminhamentos e apoio psicossocial.<\/p>\n\n\n\n<p>Quando necess\u00e1rio, outros servi\u00e7os da rede municipal tamb\u00e9m s\u00e3o acionados, como os Centros de Aten\u00e7\u00e3o Psicossocial (CAPS II e CAPS AD), ampliando o cuidado \u00e0s pessoas com demandas espec\u00edficas, especialmente na \u00e1rea da sa\u00fade mental e depend\u00eancia qu\u00edmica.<\/p>\n\n\n\n<p>Na noite desta ter\u00e7a-feira (24), cinco pessoas foram abordadas nas ruas da cidade. Duas aceitaram o acolhimento na Casa de Passagem, e as demais receberam orienta\u00e7\u00f5es e agasalhos.<\/p>\n\n\n\n<p>A Prefeitura refor\u00e7a que o trabalho \u00e9 cont\u00ednuo e parte de uma pol\u00edtica p\u00fablica de prote\u00e7\u00e3o social, que busca garantir dignidade e seguran\u00e7a para as pessoas em situa\u00e7\u00e3o de vulnerabilidade.<\/p>\n","protected":false},"excerpt":{"rendered":"<p>Com a chegada do frio, a Prefeitura de Passo Fundo intensificou as a\u00e7\u00f5es de abordagem social realizadas diariamente com pessoas em situa\u00e7\u00e3o de rua. O trabalho, que ocorre tanto durante o dia [&hellip;]<\/p>\n","protected":false},"author":24,"featured_media":1750,"comment_status":"closed","ping_status":"closed","sticky":false,"template":"","format":"standard","meta":{"footnotes":""},"categories":[1],"tags":[],"class_list":["post-1749","post","type-post","status-publish","format-standard","has-post-thumbnail","hentry","category-sem-categoria"],"yoast_head":"<!-- This site is optimized with the Yoast SEO plugin v23.8 - https:\/\/yoast.com\/wordpress\/plugins\/seo\/ -->\n<title>Prefeitura mant\u00e9m a\u00e7\u00f5es di\u00e1rias de abordagem social para atender pessoas em situa\u00e7\u00e3o de rua - Secretaria de Cidadania e Assist\u00eancia Social<\/title>\n<meta name=\"robots\" content=\"index, follow, max-snippet:-1, max-image-preview:large, max-video-preview:-1\" \/>\n<link rel=\"canonical\" href=\"https:\/\/www.pmpf.rs.gov.br\/secretaria-de-cidadania-e-assistencia-social\/2025\/06\/25\/prefeitura-mantem-acoes-diarias-de-abordagem-social-para-atender-pessoas-em-situacao-de-rua\/\" \/>\n<meta property=\"og:locale\" content=\"pt_BR\" \/>\n<meta property=\"og:type\" content=\"article\" \/>\n<meta property=\"og:title\" content=\"Prefeitura mant\u00e9m a\u00e7\u00f5es di\u00e1rias de abordagem social para atender pessoas em situa\u00e7\u00e3o de rua - Secretaria de Cidadania e Assist\u00eancia Social\" \/>\n<meta property=\"og:description\" content=\"Com a chegada do frio, a Prefeitura de Passo Fundo intensificou as a\u00e7\u00f5es de abordagem social realizadas diariamente com pessoas em situa\u00e7\u00e3o de rua. O trabalho, que ocorre tanto durante o dia [&hellip;]\" \/>\n<meta property=\"og:url\" content=\"https:\/\/www.pmpf.rs.gov.br\/secretaria-de-cidadania-e-assistencia-social\/2025\/06\/25\/prefeitura-mantem-acoes-diarias-de-abordagem-social-para-atender-pessoas-em-situacao-de-rua\/\" \/>\n<meta property=\"og:site_name\" content=\"Secretaria de Cidadania e Assist\u00eancia Social\" \/>\n<meta property=\"article:published_time\" content=\"2025-06-25T13:12:47+00:00\" \/>\n<meta property=\"article:modified_time\" content=\"2025-06-25T13:12:54+00:00\" \/>\n<meta name=\"author\" content=\"lilicrivello\" \/>\n<meta name=\"twitter:card\" content=\"summary_large_image\" \/>\n<meta name=\"twitter:label1\" content=\"Escrito por\" \/>\n\t<meta name=\"twitter:data1\" content=\"lilicrivello\" \/>\n\t<meta name=\"twitter:label2\" content=\"Est. tempo de leitura\" \/>\n\t<meta name=\"twitter:data2\" content=\"2 minutos\" \/>\n<script type=\"application\/ld+json\" class=\"yoast-schema-graph\">{\"@context\":\"https:\/\/schema.org\",\"@graph\":[{\"@type\":\"WebPage\",\"@id\":\"https:\/\/www.pmpf.rs.gov.br\/secretaria-de-cidadania-e-assistencia-social\/2025\/06\/25\/prefeitura-mantem-acoes-diarias-de-abordagem-social-para-atender-pessoas-em-situacao-de-rua\/\",\"url\":\"https:\/\/www.pmpf.rs.gov.br\/secretaria-de-cidadania-e-assistencia-social\/2025\/06\/25\/prefeitura-mantem-acoes-diarias-de-abordagem-social-para-atender-pessoas-em-situacao-de-rua\/\",\"name\":\"Prefeitura mant\u00e9m a\u00e7\u00f5es di\u00e1rias de abordagem social para atender pessoas em situa\u00e7\u00e3o de rua - Secretaria de Cidadania e Assist\u00eancia Social\",\"isPartOf\":{\"@id\":\"https:\/\/www.pmpf.rs.gov.br\/secretaria-de-cidadania-e-assistencia-social\/#website\"},\"primaryImageOfPage\":{\"@id\":\"https:\/\/www.pmpf.rs.gov.br\/secretaria-de-cidadania-e-assistencia-social\/2025\/06\/25\/prefeitura-mantem-acoes-diarias-de-abordagem-social-para-atender-pessoas-em-situacao-de-rua\/#primaryimage\"},\"image\":{\"@id\":\"https:\/\/www.pmpf.rs.gov.br\/secretaria-de-cidadania-e-assistencia-social\/2025\/06\/25\/prefeitura-mantem-acoes-diarias-de-abordagem-social-para-atender-pessoas-em-situacao-de-rua\/#primaryimage\"},\"thumbnailUrl\":\"https:\/\/www.pmpf.rs.gov.br\/secretaria-de-cidadania-e-assistencia-social\/wp-content\/uploads\/sites\/24\/2025\/06\/WhatsApp-Image-2025-06-25-at-10.01.56.jpeg\",\"datePublished\":\"2025-06-25T13:12:47+00:00\",\"dateModified\":\"2025-06-25T13:12:54+00:00\",\"author\":{\"@id\":\"https:\/\/www.pmpf.rs.gov.br\/secretaria-de-cidadania-e-assistencia-social\/#\/schema\/person\/6e93b0ab2174b69f691ac4f278ba2d0a\"},\"inLanguage\":\"pt-BR\",\"potentialAction\":[{\"@type\":\"ReadAction\",\"target\":[\"https:\/\/www.pmpf.rs.gov.br\/secretaria-de-cidadania-e-assistencia-social\/2025\/06\/25\/prefeitura-mantem-acoes-diarias-de-abordagem-social-para-atender-pessoas-em-situacao-de-rua\/\"]}]},{\"@type\":\"ImageObject\",\"inLanguage\":\"pt-BR\",\"@id\":\"https:\/\/www.pmpf.rs.gov.br\/secretaria-de-cidadania-e-assistencia-social\/2025\/06\/25\/prefeitura-mantem-acoes-diarias-de-abordagem-social-para-atender-pessoas-em-situacao-de-rua\/#primaryimage\",\"url\":\"https:\/\/www.pmpf.rs.gov.br\/secretaria-de-cidadania-e-assistencia-social\/wp-content\/uploads\/sites\/24\/2025\/06\/WhatsApp-Image-2025-06-25-at-10.01.56.jpeg\",\"contentUrl\":\"https:\/\/www.pmpf.rs.gov.br\/secretaria-de-cidadania-e-assistencia-social\/wp-content\/uploads\/sites\/24\/2025\/06\/WhatsApp-Image-2025-06-25-at-10.01.56.jpeg\",\"width\":1600,\"height\":1070},{\"@type\":\"WebSite\",\"@id\":\"https:\/\/www.pmpf.rs.gov.br\/secretaria-de-cidadania-e-assistencia-social\/#website\",\"url\":\"https:\/\/www.pmpf.rs.gov.br\/secretaria-de-cidadania-e-assistencia-social\/\",\"name\":\"Secretaria de Cidadania e Assist\u00eancia Social\",\"description\":\"S\u00f3 mais um site Prefeitura de Passo Fundo\",\"potentialAction\":[{\"@type\":\"SearchAction\",\"target\":{\"@type\":\"EntryPoint\",\"urlTemplate\":\"https:\/\/www.pmpf.rs.gov.br\/secretaria-de-cidadania-e-assistencia-social\/?s={search_term_string}\"},\"query-input\":{\"@type\":\"PropertyValueSpecification\",\"valueRequired\":true,\"valueName\":\"search_term_string\"}}],\"inLanguage\":\"pt-BR\"},{\"@type\":\"Person\",\"@id\":\"https:\/\/www.pmpf.rs.gov.br\/secretaria-de-cidadania-e-assistencia-social\/#\/schema\/person\/6e93b0ab2174b69f691ac4f278ba2d0a\",\"name\":\"lilicrivello\",\"image\":{\"@type\":\"ImageObject\",\"inLanguage\":\"pt-BR\",\"@id\":\"https:\/\/www.pmpf.rs.gov.br\/secretaria-de-cidadania-e-assistencia-social\/#\/schema\/person\/image\/\",\"url\":\"https:\/\/secure.gravatar.com\/avatar\/0b546b667388f8edb7b67d70a57b5e46?s=96&d=mm&r=g\",\"contentUrl\":\"https:\/\/secure.gravatar.com\/avatar\/0b546b667388f8edb7b67d70a57b5e46?s=96&d=mm&r=g\",\"caption\":\"lilicrivello\"},\"url\":\"https:\/\/www.pmpf.rs.gov.br\/secretaria-de-cidadania-e-assistencia-social\/author\/lilicrivello\/\"}]}<\/script>\n<!-- \/ Yoast SEO plugin. -->","yoast_head_json":{"title":"Prefeitura mant\u00e9m a\u00e7\u00f5es di\u00e1rias de abordagem social para atender pessoas em situa\u00e7\u00e3o de rua - Secretaria de Cidadania e Assist\u00eancia Social","robots":{"index":"index","follow":"follow","max-snippet":"max-snippet:-1","max-image-preview":"max-image-preview:large","max-video-preview":"max-video-preview:-1"},"canonical":"https:\/\/www.pmpf.rs.gov.br\/secretaria-de-cidadania-e-assistencia-social\/2025\/06\/25\/prefeitura-mantem-acoes-diarias-de-abordagem-social-para-atender-pessoas-em-situacao-de-rua\/","og_locale":"pt_BR","og_type":"article","og_title":"Prefeitura mant\u00e9m a\u00e7\u00f5es di\u00e1rias de abordagem social para atender pessoas em situa\u00e7\u00e3o de rua - Secretaria de Cidadania e Assist\u00eancia Social","og_description":"Com a chegada do frio, a Prefeitura de Passo Fundo intensificou as a\u00e7\u00f5es de abordagem social realizadas diariamente com pessoas em situa\u00e7\u00e3o de rua. O trabalho, que ocorre tanto durante o dia [&hellip;]","og_url":"https:\/\/www.pmpf.rs.gov.br\/secretaria-de-cidadania-e-assistencia-social\/2025\/06\/25\/prefeitura-mantem-acoes-diarias-de-abordagem-social-para-atender-pessoas-em-situacao-de-rua\/","og_site_name":"Secretaria de Cidadania e Assist\u00eancia Social","article_published_time":"2025-06-25T13:12:47+00:00","article_modified_time":"2025-06-25T13:12:54+00:00","author":"lilicrivello","twitter_card":"summary_large_image","twitter_misc":{"Escrito por":"lilicrivello","Est. tempo de leitura":"2 minutos"},"schema":{"@context":"https:\/\/schema.org","@graph":[{"@type":"WebPage","@id":"https:\/\/www.pmpf.rs.gov.br\/secretaria-de-cidadania-e-assistencia-social\/2025\/06\/25\/prefeitura-mantem-acoes-diarias-de-abordagem-social-para-atender-pessoas-em-situacao-de-rua\/","url":"https:\/\/www.pmpf.rs.gov.br\/secretaria-de-cidadania-e-assistencia-social\/2025\/06\/25\/prefeitura-mantem-acoes-diarias-de-abordagem-social-para-atender-pessoas-em-situacao-de-rua\/","name":"Prefeitura mant\u00e9m a\u00e7\u00f5es di\u00e1rias de abordagem social para atender pessoas em situa\u00e7\u00e3o de rua - Secretaria de Cidadania e Assist\u00eancia Social","isPartOf":{"@id":"https:\/\/www.pmpf.rs.gov.br\/secretaria-de-cidadania-e-assistencia-social\/#website"},"primaryImageOfPage":{"@id":"https:\/\/www.pmpf.rs.gov.br\/secretaria-de-cidadania-e-assistencia-social\/2025\/06\/25\/prefeitura-mantem-acoes-diarias-de-abordagem-social-para-atender-pessoas-em-situacao-de-rua\/#primaryimage"},"image":{"@id":"https:\/\/www.pmpf.rs.gov.br\/secretaria-de-cidadania-e-assistencia-social\/2025\/06\/25\/prefeitura-mantem-acoes-diarias-de-abordagem-social-para-atender-pessoas-em-situacao-de-rua\/#primaryimage"},"thumbnailUrl":"https:\/\/www.pmpf.rs.gov.br\/secretaria-de-cidadania-e-assistencia-social\/wp-content\/uploads\/sites\/24\/2025\/06\/WhatsApp-Image-2025-06-25-at-10.01.56.jpeg","datePublished":"2025-06-25T13:12:47+00:00","dateModified":"2025-06-25T13:12:54+00:00","author":{"@id":"https:\/\/www.pmpf.rs.gov.br\/secretaria-de-cidadania-e-assistencia-social\/#\/schema\/person\/6e93b0ab2174b69f691ac4f278ba2d0a"},"inLanguage":"pt-BR","potentialAction":[{"@type":"ReadAction","target":["https:\/\/www.pmpf.rs.gov.br\/secretaria-de-cidadania-e-assistencia-social\/2025\/06\/25\/prefeitura-mantem-acoes-diarias-de-abordagem-social-para-atender-pessoas-em-situacao-de-rua\/"]}]},{"@type":"ImageObject","inLanguage":"pt-BR","@id":"https:\/\/www.pmpf.rs.gov.br\/secretaria-de-cidadania-e-assistencia-social\/2025\/06\/25\/prefeitura-mantem-acoes-diarias-de-abordagem-social-para-atender-pessoas-em-situacao-de-rua\/#primaryimage","url":"https:\/\/www.pmpf.rs.gov.br\/secretaria-de-cidadania-e-assistencia-social\/wp-content\/uploads\/sites\/24\/2025\/06\/WhatsApp-Image-2025-06-25-at-10.01.56.jpeg","contentUrl":"https:\/\/www.pmpf.rs.gov.br\/secretaria-de-cidadania-e-assistencia-social\/wp-content\/uploads\/sites\/24\/2025\/06\/WhatsApp-Image-2025-06-25-at-10.01.56.jpeg","width":1600,"height":1070},{"@type":"WebSite","@id":"https:\/\/www.pmpf.rs.gov.br\/secretaria-de-cidadania-e-assistencia-social\/#website","url":"https:\/\/www.pmpf.rs.gov.br\/secretaria-de-cidadania-e-assistencia-social\/","name":"Secretaria de Cidadania e Assist\u00eancia Social","description":"S\u00f3 mais um site Prefeitura de Passo Fundo","potentialAction":[{"@type":"SearchAction","target":{"@type":"EntryPoint","urlTemplate":"https:\/\/www.pmpf.rs.gov.br\/secretaria-de-cidadania-e-assistencia-social\/?s={search_term_string}"},"query-input":{"@type":"PropertyValueSpecification","valueRequired":true,"valueName":"search_term_string"}}],"inLanguage":"pt-BR"},{"@type":"Person","@id":"https:\/\/www.pmpf.rs.gov.br\/secretaria-de-cidadania-e-assistencia-social\/#\/schema\/person\/6e93b0ab2174b69f691ac4f278ba2d0a","name":"lilicrivello","image":{"@type":"ImageObject","inLanguage":"pt-BR","@id":"https:\/\/www.pmpf.rs.gov.br\/secretaria-de-cidadania-e-assistencia-social\/#\/schema\/person\/image\/","url":"https:\/\/secure.gravatar.com\/avatar\/0b546b667388f8edb7b67d70a57b5e46?s=96&d=mm&r=g","contentUrl":"https:\/\/secure.gravatar.com\/avatar\/0b546b667388f8edb7b67d70a57b5e46?s=96&d=mm&r=g","caption":"lilicrivello"},"url":"https:\/\/www.pmpf.rs.gov.br\/secretaria-de-cidadania-e-assistencia-social\/author\/lilicrivello\/"}]}},"_links":{"self":[{"href":"https:\/\/www.pmpf.rs.gov.br\/secretaria-de-cidadania-e-assistencia-social\/wp-json\/wp\/v2\/posts\/1749"}],"collection":[{"href":"https:\/\/www.pmpf.rs.gov.br\/secretaria-de-cidadania-e-assistencia-social\/wp-json\/wp\/v2\/posts"}],"about":[{"href":"https:\/\/www.pmpf.rs.gov.br\/secretaria-de-cidadania-e-assistencia-social\/wp-json\/wp\/v2\/types\/post"}],"author":[{"embeddable":true,"href":"https:\/\/www.pmpf.rs.gov.br\/secretaria-de-cidadania-e-assistencia-social\/wp-json\/wp\/v2\/users\/24"}],"replies":[{"embeddable":true,"href":"https:\/\/www.pmpf.rs.gov.br\/secretaria-de-cidadania-e-assistencia-social\/wp-json\/wp\/v2\/comments?post=1749"}],"version-history":[{"count":1,"href":"https:\/\/www.pmpf.rs.gov.br\/secretaria-de-cidadania-e-assistencia-social\/wp-json\/wp\/v2\/posts\/1749\/revisions"}],"predecessor-version":[{"id":1751,"href":"https:\/\/www.pmpf.rs.gov.br\/secretaria-de-cidadania-e-assistencia-social\/wp-json\/wp\/v2\/posts\/1749\/revisions\/1751"}],"wp:featuredmedia":[{"embeddable":true,"href":"https:\/\/www.pmpf.rs.gov.br\/secretaria-de-cidadania-e-assistencia-social\/wp-json\/wp\/v2\/media\/1750"}],"wp:attachment":[{"href":"https:\/\/www.pmpf.rs.gov.br\/secretaria-de-cidadania-e-assistencia-social\/wp-json\/wp\/v2\/media?parent=1749"}],"wp:term":[{"taxonomy":"category","embeddable":true,"href":"https:\/\/www.pmpf.rs.gov.br\/secretaria-de-cidadania-e-assistencia-social\/wp-json\/wp\/v2\/categories?post=1749"},{"taxonomy":"post_tag","embeddable":true,"href":"https:\/\/www.pmpf.rs.gov.br\/secretaria-de-cidadania-e-assistencia-social\/wp-json\/wp\/v2\/tags?post=1749"}],"curies":[{"name":"wp","href":"https:\/\/api.w.org\/{rel}","templated":true}]}}