{"id":1739,"date":"2025-05-27T11:17:46","date_gmt":"2025-05-27T14:17:46","guid":{"rendered":"https:\/\/www.pmpf.rs.gov.br\/secretaria-de-cidadania-e-assistencia-social\/?p=1739"},"modified":"2025-05-27T11:17:48","modified_gmt":"2025-05-27T14:17:48","slug":"prefeitura-reforca-rede-de-apoio-para-populacao-em-vulnerabilidade-diante-da-previsao-de-frio","status":"publish","type":"post","link":"https:\/\/www.pmpf.rs.gov.br\/secretaria-de-cidadania-e-assistencia-social\/2025\/05\/27\/prefeitura-reforca-rede-de-apoio-para-populacao-em-vulnerabilidade-diante-da-previsao-de-frio\/","title":{"rendered":"Prefeitura refor\u00e7a rede de apoio para popula\u00e7\u00e3o em vulnerabilidade diante da previs\u00e3o de frio"},"content":{"rendered":"\n<p><\/p>\n\n\n\n<p>Com a previs\u00e3o de baixas temperaturas para os pr\u00f3ximos dias em Passo Fundo, a Prefeitura, por meio da Secretaria de Cidadania e Assist\u00eancia Social, est\u00e1 refor\u00e7ando os servi\u00e7os e orienta\u00e7\u00f5es para proteger a popula\u00e7\u00e3o em situa\u00e7\u00e3o de vulnerabilidade. A estrutura j\u00e1 existente ser\u00e1 intensificada para garantir que ningu\u00e9m fique desassistido durante os dias de frio intenso.<\/p>\n\n\n\n<p>A rede de prote\u00e7\u00e3o conta com a atua\u00e7\u00e3o da equipe de abordagem social, que realiza a busca ativa de pessoas em situa\u00e7\u00e3o de rua, identificando necessidades e encaminhando para os demais servi\u00e7os de assist\u00eancia. Entre esses servi\u00e7os est\u00e1 o Centro Pop, que oferece acolhimento durante o dia, e a Casa de Passagem, que realiza o pernoite com oferta de refei\u00e7\u00f5es, garantindo abrigo, seguran\u00e7a e dignidade.<\/p>\n\n\n\n<p>\u201cN\u00f3s temos uma rede organizada e estruturada para atender as pessoas em vulnerabilidade. E agora, com as baixas temperaturas, \u00e9 importante informar que temos, atrav\u00e9s da Prefeitura, servi\u00e7os que s\u00e3o organizados para atender cada situa\u00e7\u00e3o. Temos a abordagem social, que faz a identifica\u00e7\u00e3o das pessoas, faz a busca ativa e encaminha para os demais servi\u00e7os, como o Centro Pop e a Casa de Passagem, para que as pessoas n\u00e3o permane\u00e7am no frio durante esses dias de inverno\u201d, explicou a secret\u00e1ria de Cidadania e Assist\u00eancia Social, Elenir Chapuis.<\/p>\n\n\n\n<p>A secret\u00e1ria refor\u00e7a ainda a import\u00e2ncia de que as pessoas com resid\u00eancia permane\u00e7am em casa, evitando riscos decorrentes da exposi\u00e7\u00e3o ao frio, e destaca o papel da solidariedade neste momento. \u201cTamb\u00e9m orientamos que as pessoas que tiverem resid\u00eancia permane\u00e7am em suas casas, que n\u00e3o fiquem na rua, numa situa\u00e7\u00e3o de risco. E aproveitamos para falar da nossa campanha do cobertor. As pessoas podem doar cobertores na Secretaria de Assist\u00eancia Social, na Rua Moron 2022, em frente \u00e0 Biblioteca P\u00fablica. Esses cobertores ser\u00e3o encaminhados por nossos t\u00e9cnicos e pelas equipes dos CRAS, CREAS, Centro Pop e demais servi\u00e7os a quem mais precisa\u201d, afirmou.<\/p>\n\n\n\n<p>A campanha do cobertor \u00e9 uma forma de mobilizar a comunidade para ajudar a aquecer quem enfrenta o frio sem as condi\u00e7\u00f5es m\u00ednimas. As doa\u00e7\u00f5es ser\u00e3o distribu\u00eddas de forma organizada para fam\u00edlias e pessoas em situa\u00e7\u00e3o de vulnerabilidade, com o acompanhamento t\u00e9cnico das equipes da Secretaria.<\/p>\n","protected":false},"excerpt":{"rendered":"<p>Com a previs\u00e3o de baixas temperaturas para os pr\u00f3ximos dias em Passo Fundo, a Prefeitura, por meio da Secretaria de Cidadania e Assist\u00eancia Social, est\u00e1 refor\u00e7ando os servi\u00e7os e orienta\u00e7\u00f5es para proteger [&hellip;]<\/p>\n","protected":false},"author":24,"featured_media":1740,"comment_status":"closed","ping_status":"closed","sticky":false,"template":"","format":"standard","meta":{"footnotes":""},"categories":[1],"tags":[],"class_list":["post-1739","post","type-post","status-publish","format-standard","has-post-thumbnail","hentry","category-sem-categoria"],"yoast_head":"<!-- This site is optimized with the Yoast SEO plugin v23.8 - https:\/\/yoast.com\/wordpress\/plugins\/seo\/ -->\n<title>Prefeitura refor\u00e7a rede de apoio para popula\u00e7\u00e3o em vulnerabilidade diante da previs\u00e3o de frio - Secretaria de Cidadania e Assist\u00eancia Social<\/title>\n<meta name=\"robots\" content=\"index, follow, max-snippet:-1, max-image-preview:large, max-video-preview:-1\" \/>\n<link rel=\"canonical\" href=\"https:\/\/www.pmpf.rs.gov.br\/secretaria-de-cidadania-e-assistencia-social\/2025\/05\/27\/prefeitura-reforca-rede-de-apoio-para-populacao-em-vulnerabilidade-diante-da-previsao-de-frio\/\" \/>\n<meta property=\"og:locale\" content=\"pt_BR\" \/>\n<meta property=\"og:type\" content=\"article\" \/>\n<meta property=\"og:title\" content=\"Prefeitura refor\u00e7a rede de apoio para popula\u00e7\u00e3o em vulnerabilidade diante da previs\u00e3o de frio - Secretaria de Cidadania e Assist\u00eancia Social\" \/>\n<meta property=\"og:description\" content=\"Com a previs\u00e3o de baixas temperaturas para os pr\u00f3ximos dias em Passo Fundo, a Prefeitura, por meio da Secretaria de Cidadania e Assist\u00eancia Social, est\u00e1 refor\u00e7ando os servi\u00e7os e orienta\u00e7\u00f5es para proteger [&hellip;]\" \/>\n<meta property=\"og:url\" content=\"https:\/\/www.pmpf.rs.gov.br\/secretaria-de-cidadania-e-assistencia-social\/2025\/05\/27\/prefeitura-reforca-rede-de-apoio-para-populacao-em-vulnerabilidade-diante-da-previsao-de-frio\/\" \/>\n<meta property=\"og:site_name\" content=\"Secretaria de Cidadania e Assist\u00eancia Social\" \/>\n<meta property=\"article:published_time\" content=\"2025-05-27T14:17:46+00:00\" \/>\n<meta property=\"article:modified_time\" content=\"2025-05-27T14:17:48+00:00\" \/>\n<meta name=\"author\" content=\"lilicrivello\" \/>\n<meta name=\"twitter:card\" content=\"summary_large_image\" \/>\n<meta name=\"twitter:label1\" content=\"Escrito por\" \/>\n\t<meta name=\"twitter:data1\" content=\"lilicrivello\" \/>\n\t<meta name=\"twitter:label2\" content=\"Est. tempo de leitura\" \/>\n\t<meta name=\"twitter:data2\" content=\"2 minutos\" \/>\n<script type=\"application\/ld+json\" class=\"yoast-schema-graph\">{\"@context\":\"https:\/\/schema.org\",\"@graph\":[{\"@type\":\"WebPage\",\"@id\":\"https:\/\/www.pmpf.rs.gov.br\/secretaria-de-cidadania-e-assistencia-social\/2025\/05\/27\/prefeitura-reforca-rede-de-apoio-para-populacao-em-vulnerabilidade-diante-da-previsao-de-frio\/\",\"url\":\"https:\/\/www.pmpf.rs.gov.br\/secretaria-de-cidadania-e-assistencia-social\/2025\/05\/27\/prefeitura-reforca-rede-de-apoio-para-populacao-em-vulnerabilidade-diante-da-previsao-de-frio\/\",\"name\":\"Prefeitura refor\u00e7a rede de apoio para popula\u00e7\u00e3o em vulnerabilidade diante da previs\u00e3o de frio - Secretaria de Cidadania e Assist\u00eancia Social\",\"isPartOf\":{\"@id\":\"https:\/\/www.pmpf.rs.gov.br\/secretaria-de-cidadania-e-assistencia-social\/#website\"},\"primaryImageOfPage\":{\"@id\":\"https:\/\/www.pmpf.rs.gov.br\/secretaria-de-cidadania-e-assistencia-social\/2025\/05\/27\/prefeitura-reforca-rede-de-apoio-para-populacao-em-vulnerabilidade-diante-da-previsao-de-frio\/#primaryimage\"},\"image\":{\"@id\":\"https:\/\/www.pmpf.rs.gov.br\/secretaria-de-cidadania-e-assistencia-social\/2025\/05\/27\/prefeitura-reforca-rede-de-apoio-para-populacao-em-vulnerabilidade-diante-da-previsao-de-frio\/#primaryimage\"},\"thumbnailUrl\":\"https:\/\/www.pmpf.rs.gov.br\/secretaria-de-cidadania-e-assistencia-social\/wp-content\/uploads\/sites\/24\/2025\/05\/WhatsApp-Image-2025-05-27-at-11.16.09.jpeg\",\"datePublished\":\"2025-05-27T14:17:46+00:00\",\"dateModified\":\"2025-05-27T14:17:48+00:00\",\"author\":{\"@id\":\"https:\/\/www.pmpf.rs.gov.br\/secretaria-de-cidadania-e-assistencia-social\/#\/schema\/person\/6e93b0ab2174b69f691ac4f278ba2d0a\"},\"inLanguage\":\"pt-BR\",\"potentialAction\":[{\"@type\":\"ReadAction\",\"target\":[\"https:\/\/www.pmpf.rs.gov.br\/secretaria-de-cidadania-e-assistencia-social\/2025\/05\/27\/prefeitura-reforca-rede-de-apoio-para-populacao-em-vulnerabilidade-diante-da-previsao-de-frio\/\"]}]},{\"@type\":\"ImageObject\",\"inLanguage\":\"pt-BR\",\"@id\":\"https:\/\/www.pmpf.rs.gov.br\/secretaria-de-cidadania-e-assistencia-social\/2025\/05\/27\/prefeitura-reforca-rede-de-apoio-para-populacao-em-vulnerabilidade-diante-da-previsao-de-frio\/#primaryimage\",\"url\":\"https:\/\/www.pmpf.rs.gov.br\/secretaria-de-cidadania-e-assistencia-social\/wp-content\/uploads\/sites\/24\/2025\/05\/WhatsApp-Image-2025-05-27-at-11.16.09.jpeg\",\"contentUrl\":\"https:\/\/www.pmpf.rs.gov.br\/secretaria-de-cidadania-e-assistencia-social\/wp-content\/uploads\/sites\/24\/2025\/05\/WhatsApp-Image-2025-05-27-at-11.16.09.jpeg\",\"width\":1600,\"height\":1067},{\"@type\":\"WebSite\",\"@id\":\"https:\/\/www.pmpf.rs.gov.br\/secretaria-de-cidadania-e-assistencia-social\/#website\",\"url\":\"https:\/\/www.pmpf.rs.gov.br\/secretaria-de-cidadania-e-assistencia-social\/\",\"name\":\"Secretaria de Cidadania e Assist\u00eancia Social\",\"description\":\"S\u00f3 mais um site Prefeitura de Passo Fundo\",\"potentialAction\":[{\"@type\":\"SearchAction\",\"target\":{\"@type\":\"EntryPoint\",\"urlTemplate\":\"https:\/\/www.pmpf.rs.gov.br\/secretaria-de-cidadania-e-assistencia-social\/?s={search_term_string}\"},\"query-input\":{\"@type\":\"PropertyValueSpecification\",\"valueRequired\":true,\"valueName\":\"search_term_string\"}}],\"inLanguage\":\"pt-BR\"},{\"@type\":\"Person\",\"@id\":\"https:\/\/www.pmpf.rs.gov.br\/secretaria-de-cidadania-e-assistencia-social\/#\/schema\/person\/6e93b0ab2174b69f691ac4f278ba2d0a\",\"name\":\"lilicrivello\",\"image\":{\"@type\":\"ImageObject\",\"inLanguage\":\"pt-BR\",\"@id\":\"https:\/\/www.pmpf.rs.gov.br\/secretaria-de-cidadania-e-assistencia-social\/#\/schema\/person\/image\/\",\"url\":\"https:\/\/secure.gravatar.com\/avatar\/0b546b667388f8edb7b67d70a57b5e46?s=96&d=mm&r=g\",\"contentUrl\":\"https:\/\/secure.gravatar.com\/avatar\/0b546b667388f8edb7b67d70a57b5e46?s=96&d=mm&r=g\",\"caption\":\"lilicrivello\"},\"url\":\"https:\/\/www.pmpf.rs.gov.br\/secretaria-de-cidadania-e-assistencia-social\/author\/lilicrivello\/\"}]}<\/script>\n<!-- \/ Yoast SEO plugin. -->","yoast_head_json":{"title":"Prefeitura refor\u00e7a rede de apoio para popula\u00e7\u00e3o em vulnerabilidade diante da previs\u00e3o de frio - Secretaria de Cidadania e Assist\u00eancia Social","robots":{"index":"index","follow":"follow","max-snippet":"max-snippet:-1","max-image-preview":"max-image-preview:large","max-video-preview":"max-video-preview:-1"},"canonical":"https:\/\/www.pmpf.rs.gov.br\/secretaria-de-cidadania-e-assistencia-social\/2025\/05\/27\/prefeitura-reforca-rede-de-apoio-para-populacao-em-vulnerabilidade-diante-da-previsao-de-frio\/","og_locale":"pt_BR","og_type":"article","og_title":"Prefeitura refor\u00e7a rede de apoio para popula\u00e7\u00e3o em vulnerabilidade diante da previs\u00e3o de frio - Secretaria de Cidadania e Assist\u00eancia Social","og_description":"Com a previs\u00e3o de baixas temperaturas para os pr\u00f3ximos dias em Passo Fundo, a Prefeitura, por meio da Secretaria de Cidadania e Assist\u00eancia Social, est\u00e1 refor\u00e7ando os servi\u00e7os e orienta\u00e7\u00f5es para proteger [&hellip;]","og_url":"https:\/\/www.pmpf.rs.gov.br\/secretaria-de-cidadania-e-assistencia-social\/2025\/05\/27\/prefeitura-reforca-rede-de-apoio-para-populacao-em-vulnerabilidade-diante-da-previsao-de-frio\/","og_site_name":"Secretaria de Cidadania e Assist\u00eancia Social","article_published_time":"2025-05-27T14:17:46+00:00","article_modified_time":"2025-05-27T14:17:48+00:00","author":"lilicrivello","twitter_card":"summary_large_image","twitter_misc":{"Escrito por":"lilicrivello","Est. tempo de leitura":"2 minutos"},"schema":{"@context":"https:\/\/schema.org","@graph":[{"@type":"WebPage","@id":"https:\/\/www.pmpf.rs.gov.br\/secretaria-de-cidadania-e-assistencia-social\/2025\/05\/27\/prefeitura-reforca-rede-de-apoio-para-populacao-em-vulnerabilidade-diante-da-previsao-de-frio\/","url":"https:\/\/www.pmpf.rs.gov.br\/secretaria-de-cidadania-e-assistencia-social\/2025\/05\/27\/prefeitura-reforca-rede-de-apoio-para-populacao-em-vulnerabilidade-diante-da-previsao-de-frio\/","name":"Prefeitura refor\u00e7a rede de apoio para popula\u00e7\u00e3o em vulnerabilidade diante da previs\u00e3o de frio - Secretaria de Cidadania e Assist\u00eancia Social","isPartOf":{"@id":"https:\/\/www.pmpf.rs.gov.br\/secretaria-de-cidadania-e-assistencia-social\/#website"},"primaryImageOfPage":{"@id":"https:\/\/www.pmpf.rs.gov.br\/secretaria-de-cidadania-e-assistencia-social\/2025\/05\/27\/prefeitura-reforca-rede-de-apoio-para-populacao-em-vulnerabilidade-diante-da-previsao-de-frio\/#primaryimage"},"image":{"@id":"https:\/\/www.pmpf.rs.gov.br\/secretaria-de-cidadania-e-assistencia-social\/2025\/05\/27\/prefeitura-reforca-rede-de-apoio-para-populacao-em-vulnerabilidade-diante-da-previsao-de-frio\/#primaryimage"},"thumbnailUrl":"https:\/\/www.pmpf.rs.gov.br\/secretaria-de-cidadania-e-assistencia-social\/wp-content\/uploads\/sites\/24\/2025\/05\/WhatsApp-Image-2025-05-27-at-11.16.09.jpeg","datePublished":"2025-05-27T14:17:46+00:00","dateModified":"2025-05-27T14:17:48+00:00","author":{"@id":"https:\/\/www.pmpf.rs.gov.br\/secretaria-de-cidadania-e-assistencia-social\/#\/schema\/person\/6e93b0ab2174b69f691ac4f278ba2d0a"},"inLanguage":"pt-BR","potentialAction":[{"@type":"ReadAction","target":["https:\/\/www.pmpf.rs.gov.br\/secretaria-de-cidadania-e-assistencia-social\/2025\/05\/27\/prefeitura-reforca-rede-de-apoio-para-populacao-em-vulnerabilidade-diante-da-previsao-de-frio\/"]}]},{"@type":"ImageObject","inLanguage":"pt-BR","@id":"https:\/\/www.pmpf.rs.gov.br\/secretaria-de-cidadania-e-assistencia-social\/2025\/05\/27\/prefeitura-reforca-rede-de-apoio-para-populacao-em-vulnerabilidade-diante-da-previsao-de-frio\/#primaryimage","url":"https:\/\/www.pmpf.rs.gov.br\/secretaria-de-cidadania-e-assistencia-social\/wp-content\/uploads\/sites\/24\/2025\/05\/WhatsApp-Image-2025-05-27-at-11.16.09.jpeg","contentUrl":"https:\/\/www.pmpf.rs.gov.br\/secretaria-de-cidadania-e-assistencia-social\/wp-content\/uploads\/sites\/24\/2025\/05\/WhatsApp-Image-2025-05-27-at-11.16.09.jpeg","width":1600,"height":1067},{"@type":"WebSite","@id":"https:\/\/www.pmpf.rs.gov.br\/secretaria-de-cidadania-e-assistencia-social\/#website","url":"https:\/\/www.pmpf.rs.gov.br\/secretaria-de-cidadania-e-assistencia-social\/","name":"Secretaria de Cidadania e Assist\u00eancia Social","description":"S\u00f3 mais um site Prefeitura de Passo Fundo","potentialAction":[{"@type":"SearchAction","target":{"@type":"EntryPoint","urlTemplate":"https:\/\/www.pmpf.rs.gov.br\/secretaria-de-cidadania-e-assistencia-social\/?s={search_term_string}"},"query-input":{"@type":"PropertyValueSpecification","valueRequired":true,"valueName":"search_term_string"}}],"inLanguage":"pt-BR"},{"@type":"Person","@id":"https:\/\/www.pmpf.rs.gov.br\/secretaria-de-cidadania-e-assistencia-social\/#\/schema\/person\/6e93b0ab2174b69f691ac4f278ba2d0a","name":"lilicrivello","image":{"@type":"ImageObject","inLanguage":"pt-BR","@id":"https:\/\/www.pmpf.rs.gov.br\/secretaria-de-cidadania-e-assistencia-social\/#\/schema\/person\/image\/","url":"https:\/\/secure.gravatar.com\/avatar\/0b546b667388f8edb7b67d70a57b5e46?s=96&d=mm&r=g","contentUrl":"https:\/\/secure.gravatar.com\/avatar\/0b546b667388f8edb7b67d70a57b5e46?s=96&d=mm&r=g","caption":"lilicrivello"},"url":"https:\/\/www.pmpf.rs.gov.br\/secretaria-de-cidadania-e-assistencia-social\/author\/lilicrivello\/"}]}},"_links":{"self":[{"href":"https:\/\/www.pmpf.rs.gov.br\/secretaria-de-cidadania-e-assistencia-social\/wp-json\/wp\/v2\/posts\/1739"}],"collection":[{"href":"https:\/\/www.pmpf.rs.gov.br\/secretaria-de-cidadania-e-assistencia-social\/wp-json\/wp\/v2\/posts"}],"about":[{"href":"https:\/\/www.pmpf.rs.gov.br\/secretaria-de-cidadania-e-assistencia-social\/wp-json\/wp\/v2\/types\/post"}],"author":[{"embeddable":true,"href":"https:\/\/www.pmpf.rs.gov.br\/secretaria-de-cidadania-e-assistencia-social\/wp-json\/wp\/v2\/users\/24"}],"replies":[{"embeddable":true,"href":"https:\/\/www.pmpf.rs.gov.br\/secretaria-de-cidadania-e-assistencia-social\/wp-json\/wp\/v2\/comments?post=1739"}],"version-history":[{"count":1,"href":"https:\/\/www.pmpf.rs.gov.br\/secretaria-de-cidadania-e-assistencia-social\/wp-json\/wp\/v2\/posts\/1739\/revisions"}],"predecessor-version":[{"id":1741,"href":"https:\/\/www.pmpf.rs.gov.br\/secretaria-de-cidadania-e-assistencia-social\/wp-json\/wp\/v2\/posts\/1739\/revisions\/1741"}],"wp:featuredmedia":[{"embeddable":true,"href":"https:\/\/www.pmpf.rs.gov.br\/secretaria-de-cidadania-e-assistencia-social\/wp-json\/wp\/v2\/media\/1740"}],"wp:attachment":[{"href":"https:\/\/www.pmpf.rs.gov.br\/secretaria-de-cidadania-e-assistencia-social\/wp-json\/wp\/v2\/media?parent=1739"}],"wp:term":[{"taxonomy":"category","embeddable":true,"href":"https:\/\/www.pmpf.rs.gov.br\/secretaria-de-cidadania-e-assistencia-social\/wp-json\/wp\/v2\/categories?post=1739"},{"taxonomy":"post_tag","embeddable":true,"href":"https:\/\/www.pmpf.rs.gov.br\/secretaria-de-cidadania-e-assistencia-social\/wp-json\/wp\/v2\/tags?post=1739"}],"curies":[{"name":"wp","href":"https:\/\/api.w.org\/{rel}","templated":true}]}}