{"id":1731,"date":"2025-05-08T08:42:20","date_gmt":"2025-05-08T11:42:20","guid":{"rendered":"https:\/\/www.pmpf.rs.gov.br\/secretaria-de-cidadania-e-assistencia-social\/?p=1731"},"modified":"2025-05-08T08:42:27","modified_gmt":"2025-05-08T11:42:27","slug":"prefeitura-fortalece-rede-de-acolhimento-protecao-e-valorizacao-das-mulheres","status":"publish","type":"post","link":"https:\/\/www.pmpf.rs.gov.br\/secretaria-de-cidadania-e-assistencia-social\/2025\/05\/08\/prefeitura-fortalece-rede-de-acolhimento-protecao-e-valorizacao-das-mulheres\/","title":{"rendered":"Prefeitura fortalece rede de acolhimento, prote\u00e7\u00e3o e valoriza\u00e7\u00e3o das mulheres"},"content":{"rendered":"\n<p><\/p>\n\n\n\n<p>Com uma estrutura ampla e integrada, a Prefeitura de Passo Fundo mant\u00e9m, por meio das Secretarias de Cidadania e Assist\u00eancia Social, de Sa\u00fade e da Coordenadoria da Mulher, uma rede de servi\u00e7os voltada ao atendimento, prote\u00e7\u00e3o e promo\u00e7\u00e3o dos direitos das mulheres. S\u00e3o a\u00e7\u00f5es que v\u00e3o do enfrentamento \u00e0 viol\u00eancia de g\u00eanero at\u00e9 o cuidado com a sa\u00fade, o est\u00edmulo \u00e0 autonomia e o fortalecimento de v\u00ednculos.<\/p>\n\n\n\n<p>A secret\u00e1ria de Cidadania e Assist\u00eancia Social, Elenir Chapuis destaca que o compromisso do Munic\u00edpio vai al\u00e9m de garantir estruturas f\u00edsicas: \u201c\u00c9 preciso olhar para as mulheres com empatia e agir com responsabilidade institucional. S\u00f3 assim garantimos que elas se sintam protegidas e respeitadas\u201d, afirma. Para ela, o fortalecimento da rede passa por di\u00e1logo, estrutura e compromisso, pilares que orientam a atua\u00e7\u00e3o da gest\u00e3o municipal.<\/p>\n\n\n\n<p>A Coordenadoria da Mulher \u00e9 um dos principais eixos dessa rede. De acordo com a coordenadora Taciana Modler, o trabalho tem se expandido em diferentes frentes. \u201cDesde o in\u00edcio do ano, a Coordenadoria tem atuado de forma estrat\u00e9gica e acolhedora, promovendo o protagonismo, a autonomia e os direitos das mulheres da nossa cidade\u201d, ressalta.<\/p>\n\n\n\n<p>Taciana destaca o trabalho desenvolvido no Centro de Refer\u00eancia de Atendimento \u00e0 Mulher (CRAM), vinculado \u00e0 Secretaria de Cidadania e Assist\u00eancia Social, o qual realiza atendimento de m\u00e9dia complexidade, atendendo mulheres com vi\u00e9s preventivo e de enfrentamento \u00e0s viol\u00eancias.<br>Al\u00e9m disso, a Coordenadoria tem ampliado seu campo de a\u00e7\u00e3o para \u00e1reas fundamentais, como o empreendedorismo feminino, com foco na gera\u00e7\u00e3o de renda, e o acolhimento a m\u00e3es at\u00edpicas e mulheres 50+, com a\u00e7\u00f5es voltadas \u00e0 inclus\u00e3o, escuta e empoderamento. \u201cSeguimos firmes na miss\u00e3o de contribuir ativamente para uma cidade mais justa, igualit\u00e1ria e com oportunidades reais para todas\u201d, pontua Taciana.<\/p>\n\n\n\n<p>Outro servi\u00e7o essencial \u00e9 o Centro de Refer\u00eancia em Sa\u00fade da Mulher (CRSM), que integra a rede de aten\u00e7\u00e3o do Sistema \u00danico de Sa\u00fade (SUS) e oferece atendimento especializado para planejamento familiar, sa\u00fade da mulher e cuidado materno-infantil. Segundo a gerente de servi\u00e7os de sa\u00fade, Mait\u00ea Cavalheiro, o centro conta com equipe multiprofissional e atua com foco na preven\u00e7\u00e3o, diagn\u00f3stico e encaminhamentos para tratamento.<br>\u201cO CRSM tem papel fundamental na garantia de um cuidado integral \u00e0s mulheres. S\u00e3o servi\u00e7os como coloca\u00e7\u00e3o de DIU e implante contraceptivo, investiga\u00e7\u00e3o de les\u00f5es precursoras do c\u00e2ncer do colo do \u00fatero, rastreamento de ISTs e acompanhamento de pr\u00e9-natal de alto risco, sempre com acolhimento e qualidade t\u00e9cnica\u201d, detalha Mait\u00ea.<\/p>\n\n\n\n<p>Somente neste ano, o Centro de Refer\u00eancia de Atendimento \u00e0 Mulher j\u00e1 realizou 430 atendimentos. A Casa da Mulher acolheu 107 mulheres e 88 crian\u00e7as. Esses dados, aliados \u00e0 atua\u00e7\u00e3o constante da rede, refor\u00e7am o compromisso da Prefeitura com a prote\u00e7\u00e3o e valoriza\u00e7\u00e3o das mulheres dentro das demandas que apresentam, sejam de preven\u00e7\u00e3o ou prote\u00e7\u00e3o.<\/p>\n\n\n\n<p><strong>Atendimento \u00e0s mulheres em Passo Fundo<\/strong><\/p>\n\n\n\n<p>Rede de prote\u00e7\u00e3o estruturada<br>Passo Fundo conta com uma rede integrada e qualificada para atender mulheres em situa\u00e7\u00e3o de viol\u00eancia, com foco na escuta humanizada e no cuidado integral, al\u00e9m de encaminhamentos t\u00e9cnicos operacionais com vistas \u00e0 supera\u00e7\u00e3o das vulnerabilidades e desprote\u00e7\u00e3o.<\/p>\n\n\n\n<p>Centro de Refer\u00eancia de Atendimento \u00e0 Mulher (CRAM)<br>Atendimento psicossocial.<br>Atendimento t\u00e9cnico individualizado, considerando a particularidade de cada caso.<br>Em 2024, foram realizados 393 de atendimentos.<\/p>\n\n\n\n<p>Casa de Acolhimento _Maria da Penha<br>Espa\u00e7o protegido e sigiloso para mulheres em risco iminente, que solicitam medida de acolhimento.<br>Estrutura com quartos individuais, alimenta\u00e7\u00e3o e acompanhamento t\u00e9cnico.<br>Em 2024, acolheu 107 mulheres e 88 crian\u00e7as.<br>Foco na seguran\u00e7a, acolhimento e autonomia das mulheres.<\/p>\n\n\n\n<p>Centro de Refer\u00eancia em Sa\u00fade da Mulher (CRSM)<br>Integra a rede de aten\u00e7\u00e3o do Sistema \u00danico de Sa\u00fade (SUS)<br>Oferece atendimento especializado para planejamento familiar, sa\u00fade da mulher e cuidado materno-infantil.<\/p>\n\n\n\n<p>Delegacia Especializada no Atendimento \u00e0 Mulher (DEAM)<br>Atua na investiga\u00e7\u00e3o de casos de viol\u00eancia e aplica\u00e7\u00e3o de medidas protetivas.<br>Trabalho relacionado com o Judici\u00e1rio, Minist\u00e9rio P\u00fablico, Defensoria e Prefeitura.<\/p>\n\n\n\n<p>CRAS\/CREAS<br>Atendimento preventivo, como inclus\u00e3o no Cadastro, Programas, Projetos e Servi\u00e7os, a fim de prevenir viola\u00e7\u00f5es e viol\u00eancias.<\/p>\n","protected":false},"excerpt":{"rendered":"<p>Com uma estrutura ampla e integrada, a Prefeitura de Passo Fundo mant\u00e9m, por meio das Secretarias de Cidadania e Assist\u00eancia Social, de Sa\u00fade e da Coordenadoria da Mulher, uma rede de servi\u00e7os [&hellip;]<\/p>\n","protected":false},"author":24,"featured_media":1732,"comment_status":"closed","ping_status":"closed","sticky":false,"template":"","format":"standard","meta":{"footnotes":""},"categories":[1],"tags":[],"class_list":["post-1731","post","type-post","status-publish","format-standard","has-post-thumbnail","hentry","category-sem-categoria"],"yoast_head":"<!-- This site is optimized with the Yoast SEO plugin v23.8 - https:\/\/yoast.com\/wordpress\/plugins\/seo\/ -->\n<title>Prefeitura fortalece rede de acolhimento, prote\u00e7\u00e3o e valoriza\u00e7\u00e3o das mulheres - Secretaria de Cidadania e Assist\u00eancia Social<\/title>\n<meta name=\"robots\" content=\"index, follow, max-snippet:-1, max-image-preview:large, max-video-preview:-1\" \/>\n<link rel=\"canonical\" href=\"https:\/\/www.pmpf.rs.gov.br\/secretaria-de-cidadania-e-assistencia-social\/2025\/05\/08\/prefeitura-fortalece-rede-de-acolhimento-protecao-e-valorizacao-das-mulheres\/\" \/>\n<meta property=\"og:locale\" content=\"pt_BR\" \/>\n<meta property=\"og:type\" content=\"article\" \/>\n<meta property=\"og:title\" content=\"Prefeitura fortalece rede de acolhimento, prote\u00e7\u00e3o e valoriza\u00e7\u00e3o das mulheres - Secretaria de Cidadania e Assist\u00eancia Social\" \/>\n<meta property=\"og:description\" content=\"Com uma estrutura ampla e integrada, a Prefeitura de Passo Fundo mant\u00e9m, por meio das Secretarias de Cidadania e Assist\u00eancia Social, de Sa\u00fade e da Coordenadoria da Mulher, uma rede de servi\u00e7os [&hellip;]\" \/>\n<meta property=\"og:url\" content=\"https:\/\/www.pmpf.rs.gov.br\/secretaria-de-cidadania-e-assistencia-social\/2025\/05\/08\/prefeitura-fortalece-rede-de-acolhimento-protecao-e-valorizacao-das-mulheres\/\" \/>\n<meta property=\"og:site_name\" content=\"Secretaria de Cidadania e Assist\u00eancia Social\" \/>\n<meta property=\"article:published_time\" content=\"2025-05-08T11:42:20+00:00\" \/>\n<meta property=\"article:modified_time\" content=\"2025-05-08T11:42:27+00:00\" \/>\n<meta name=\"author\" content=\"lilicrivello\" \/>\n<meta name=\"twitter:card\" content=\"summary_large_image\" \/>\n<meta name=\"twitter:label1\" content=\"Escrito por\" \/>\n\t<meta name=\"twitter:data1\" content=\"lilicrivello\" \/>\n\t<meta name=\"twitter:label2\" content=\"Est. tempo de leitura\" \/>\n\t<meta name=\"twitter:data2\" content=\"4 minutos\" \/>\n<script type=\"application\/ld+json\" class=\"yoast-schema-graph\">{\"@context\":\"https:\/\/schema.org\",\"@graph\":[{\"@type\":\"WebPage\",\"@id\":\"https:\/\/www.pmpf.rs.gov.br\/secretaria-de-cidadania-e-assistencia-social\/2025\/05\/08\/prefeitura-fortalece-rede-de-acolhimento-protecao-e-valorizacao-das-mulheres\/\",\"url\":\"https:\/\/www.pmpf.rs.gov.br\/secretaria-de-cidadania-e-assistencia-social\/2025\/05\/08\/prefeitura-fortalece-rede-de-acolhimento-protecao-e-valorizacao-das-mulheres\/\",\"name\":\"Prefeitura fortalece rede de acolhimento, prote\u00e7\u00e3o e valoriza\u00e7\u00e3o das mulheres - Secretaria de Cidadania e Assist\u00eancia Social\",\"isPartOf\":{\"@id\":\"https:\/\/www.pmpf.rs.gov.br\/secretaria-de-cidadania-e-assistencia-social\/#website\"},\"primaryImageOfPage\":{\"@id\":\"https:\/\/www.pmpf.rs.gov.br\/secretaria-de-cidadania-e-assistencia-social\/2025\/05\/08\/prefeitura-fortalece-rede-de-acolhimento-protecao-e-valorizacao-das-mulheres\/#primaryimage\"},\"image\":{\"@id\":\"https:\/\/www.pmpf.rs.gov.br\/secretaria-de-cidadania-e-assistencia-social\/2025\/05\/08\/prefeitura-fortalece-rede-de-acolhimento-protecao-e-valorizacao-das-mulheres\/#primaryimage\"},\"thumbnailUrl\":\"https:\/\/www.pmpf.rs.gov.br\/secretaria-de-cidadania-e-assistencia-social\/wp-content\/uploads\/sites\/24\/2025\/05\/WhatsApp-Image-2025-05-08-at-08.20.26.jpeg\",\"datePublished\":\"2025-05-08T11:42:20+00:00\",\"dateModified\":\"2025-05-08T11:42:27+00:00\",\"author\":{\"@id\":\"https:\/\/www.pmpf.rs.gov.br\/secretaria-de-cidadania-e-assistencia-social\/#\/schema\/person\/6e93b0ab2174b69f691ac4f278ba2d0a\"},\"inLanguage\":\"pt-BR\",\"potentialAction\":[{\"@type\":\"ReadAction\",\"target\":[\"https:\/\/www.pmpf.rs.gov.br\/secretaria-de-cidadania-e-assistencia-social\/2025\/05\/08\/prefeitura-fortalece-rede-de-acolhimento-protecao-e-valorizacao-das-mulheres\/\"]}]},{\"@type\":\"ImageObject\",\"inLanguage\":\"pt-BR\",\"@id\":\"https:\/\/www.pmpf.rs.gov.br\/secretaria-de-cidadania-e-assistencia-social\/2025\/05\/08\/prefeitura-fortalece-rede-de-acolhimento-protecao-e-valorizacao-das-mulheres\/#primaryimage\",\"url\":\"https:\/\/www.pmpf.rs.gov.br\/secretaria-de-cidadania-e-assistencia-social\/wp-content\/uploads\/sites\/24\/2025\/05\/WhatsApp-Image-2025-05-08-at-08.20.26.jpeg\",\"contentUrl\":\"https:\/\/www.pmpf.rs.gov.br\/secretaria-de-cidadania-e-assistencia-social\/wp-content\/uploads\/sites\/24\/2025\/05\/WhatsApp-Image-2025-05-08-at-08.20.26.jpeg\",\"width\":2560,\"height\":1706},{\"@type\":\"WebSite\",\"@id\":\"https:\/\/www.pmpf.rs.gov.br\/secretaria-de-cidadania-e-assistencia-social\/#website\",\"url\":\"https:\/\/www.pmpf.rs.gov.br\/secretaria-de-cidadania-e-assistencia-social\/\",\"name\":\"Secretaria de Cidadania e Assist\u00eancia Social\",\"description\":\"S\u00f3 mais um site Prefeitura de Passo Fundo\",\"potentialAction\":[{\"@type\":\"SearchAction\",\"target\":{\"@type\":\"EntryPoint\",\"urlTemplate\":\"https:\/\/www.pmpf.rs.gov.br\/secretaria-de-cidadania-e-assistencia-social\/?s={search_term_string}\"},\"query-input\":{\"@type\":\"PropertyValueSpecification\",\"valueRequired\":true,\"valueName\":\"search_term_string\"}}],\"inLanguage\":\"pt-BR\"},{\"@type\":\"Person\",\"@id\":\"https:\/\/www.pmpf.rs.gov.br\/secretaria-de-cidadania-e-assistencia-social\/#\/schema\/person\/6e93b0ab2174b69f691ac4f278ba2d0a\",\"name\":\"lilicrivello\",\"image\":{\"@type\":\"ImageObject\",\"inLanguage\":\"pt-BR\",\"@id\":\"https:\/\/www.pmpf.rs.gov.br\/secretaria-de-cidadania-e-assistencia-social\/#\/schema\/person\/image\/\",\"url\":\"https:\/\/secure.gravatar.com\/avatar\/0b546b667388f8edb7b67d70a57b5e46?s=96&d=mm&r=g\",\"contentUrl\":\"https:\/\/secure.gravatar.com\/avatar\/0b546b667388f8edb7b67d70a57b5e46?s=96&d=mm&r=g\",\"caption\":\"lilicrivello\"},\"url\":\"https:\/\/www.pmpf.rs.gov.br\/secretaria-de-cidadania-e-assistencia-social\/author\/lilicrivello\/\"}]}<\/script>\n<!-- \/ Yoast SEO plugin. -->","yoast_head_json":{"title":"Prefeitura fortalece rede de acolhimento, prote\u00e7\u00e3o e valoriza\u00e7\u00e3o das mulheres - Secretaria de Cidadania e Assist\u00eancia Social","robots":{"index":"index","follow":"follow","max-snippet":"max-snippet:-1","max-image-preview":"max-image-preview:large","max-video-preview":"max-video-preview:-1"},"canonical":"https:\/\/www.pmpf.rs.gov.br\/secretaria-de-cidadania-e-assistencia-social\/2025\/05\/08\/prefeitura-fortalece-rede-de-acolhimento-protecao-e-valorizacao-das-mulheres\/","og_locale":"pt_BR","og_type":"article","og_title":"Prefeitura fortalece rede de acolhimento, prote\u00e7\u00e3o e valoriza\u00e7\u00e3o das mulheres - Secretaria de Cidadania e Assist\u00eancia Social","og_description":"Com uma estrutura ampla e integrada, a Prefeitura de Passo Fundo mant\u00e9m, por meio das Secretarias de Cidadania e Assist\u00eancia Social, de Sa\u00fade e da Coordenadoria da Mulher, uma rede de servi\u00e7os [&hellip;]","og_url":"https:\/\/www.pmpf.rs.gov.br\/secretaria-de-cidadania-e-assistencia-social\/2025\/05\/08\/prefeitura-fortalece-rede-de-acolhimento-protecao-e-valorizacao-das-mulheres\/","og_site_name":"Secretaria de Cidadania e Assist\u00eancia Social","article_published_time":"2025-05-08T11:42:20+00:00","article_modified_time":"2025-05-08T11:42:27+00:00","author":"lilicrivello","twitter_card":"summary_large_image","twitter_misc":{"Escrito por":"lilicrivello","Est. tempo de leitura":"4 minutos"},"schema":{"@context":"https:\/\/schema.org","@graph":[{"@type":"WebPage","@id":"https:\/\/www.pmpf.rs.gov.br\/secretaria-de-cidadania-e-assistencia-social\/2025\/05\/08\/prefeitura-fortalece-rede-de-acolhimento-protecao-e-valorizacao-das-mulheres\/","url":"https:\/\/www.pmpf.rs.gov.br\/secretaria-de-cidadania-e-assistencia-social\/2025\/05\/08\/prefeitura-fortalece-rede-de-acolhimento-protecao-e-valorizacao-das-mulheres\/","name":"Prefeitura fortalece rede de acolhimento, prote\u00e7\u00e3o e valoriza\u00e7\u00e3o das mulheres - Secretaria de Cidadania e Assist\u00eancia Social","isPartOf":{"@id":"https:\/\/www.pmpf.rs.gov.br\/secretaria-de-cidadania-e-assistencia-social\/#website"},"primaryImageOfPage":{"@id":"https:\/\/www.pmpf.rs.gov.br\/secretaria-de-cidadania-e-assistencia-social\/2025\/05\/08\/prefeitura-fortalece-rede-de-acolhimento-protecao-e-valorizacao-das-mulheres\/#primaryimage"},"image":{"@id":"https:\/\/www.pmpf.rs.gov.br\/secretaria-de-cidadania-e-assistencia-social\/2025\/05\/08\/prefeitura-fortalece-rede-de-acolhimento-protecao-e-valorizacao-das-mulheres\/#primaryimage"},"thumbnailUrl":"https:\/\/www.pmpf.rs.gov.br\/secretaria-de-cidadania-e-assistencia-social\/wp-content\/uploads\/sites\/24\/2025\/05\/WhatsApp-Image-2025-05-08-at-08.20.26.jpeg","datePublished":"2025-05-08T11:42:20+00:00","dateModified":"2025-05-08T11:42:27+00:00","author":{"@id":"https:\/\/www.pmpf.rs.gov.br\/secretaria-de-cidadania-e-assistencia-social\/#\/schema\/person\/6e93b0ab2174b69f691ac4f278ba2d0a"},"inLanguage":"pt-BR","potentialAction":[{"@type":"ReadAction","target":["https:\/\/www.pmpf.rs.gov.br\/secretaria-de-cidadania-e-assistencia-social\/2025\/05\/08\/prefeitura-fortalece-rede-de-acolhimento-protecao-e-valorizacao-das-mulheres\/"]}]},{"@type":"ImageObject","inLanguage":"pt-BR","@id":"https:\/\/www.pmpf.rs.gov.br\/secretaria-de-cidadania-e-assistencia-social\/2025\/05\/08\/prefeitura-fortalece-rede-de-acolhimento-protecao-e-valorizacao-das-mulheres\/#primaryimage","url":"https:\/\/www.pmpf.rs.gov.br\/secretaria-de-cidadania-e-assistencia-social\/wp-content\/uploads\/sites\/24\/2025\/05\/WhatsApp-Image-2025-05-08-at-08.20.26.jpeg","contentUrl":"https:\/\/www.pmpf.rs.gov.br\/secretaria-de-cidadania-e-assistencia-social\/wp-content\/uploads\/sites\/24\/2025\/05\/WhatsApp-Image-2025-05-08-at-08.20.26.jpeg","width":2560,"height":1706},{"@type":"WebSite","@id":"https:\/\/www.pmpf.rs.gov.br\/secretaria-de-cidadania-e-assistencia-social\/#website","url":"https:\/\/www.pmpf.rs.gov.br\/secretaria-de-cidadania-e-assistencia-social\/","name":"Secretaria de Cidadania e Assist\u00eancia Social","description":"S\u00f3 mais um site Prefeitura de Passo Fundo","potentialAction":[{"@type":"SearchAction","target":{"@type":"EntryPoint","urlTemplate":"https:\/\/www.pmpf.rs.gov.br\/secretaria-de-cidadania-e-assistencia-social\/?s={search_term_string}"},"query-input":{"@type":"PropertyValueSpecification","valueRequired":true,"valueName":"search_term_string"}}],"inLanguage":"pt-BR"},{"@type":"Person","@id":"https:\/\/www.pmpf.rs.gov.br\/secretaria-de-cidadania-e-assistencia-social\/#\/schema\/person\/6e93b0ab2174b69f691ac4f278ba2d0a","name":"lilicrivello","image":{"@type":"ImageObject","inLanguage":"pt-BR","@id":"https:\/\/www.pmpf.rs.gov.br\/secretaria-de-cidadania-e-assistencia-social\/#\/schema\/person\/image\/","url":"https:\/\/secure.gravatar.com\/avatar\/0b546b667388f8edb7b67d70a57b5e46?s=96&d=mm&r=g","contentUrl":"https:\/\/secure.gravatar.com\/avatar\/0b546b667388f8edb7b67d70a57b5e46?s=96&d=mm&r=g","caption":"lilicrivello"},"url":"https:\/\/www.pmpf.rs.gov.br\/secretaria-de-cidadania-e-assistencia-social\/author\/lilicrivello\/"}]}},"_links":{"self":[{"href":"https:\/\/www.pmpf.rs.gov.br\/secretaria-de-cidadania-e-assistencia-social\/wp-json\/wp\/v2\/posts\/1731"}],"collection":[{"href":"https:\/\/www.pmpf.rs.gov.br\/secretaria-de-cidadania-e-assistencia-social\/wp-json\/wp\/v2\/posts"}],"about":[{"href":"https:\/\/www.pmpf.rs.gov.br\/secretaria-de-cidadania-e-assistencia-social\/wp-json\/wp\/v2\/types\/post"}],"author":[{"embeddable":true,"href":"https:\/\/www.pmpf.rs.gov.br\/secretaria-de-cidadania-e-assistencia-social\/wp-json\/wp\/v2\/users\/24"}],"replies":[{"embeddable":true,"href":"https:\/\/www.pmpf.rs.gov.br\/secretaria-de-cidadania-e-assistencia-social\/wp-json\/wp\/v2\/comments?post=1731"}],"version-history":[{"count":1,"href":"https:\/\/www.pmpf.rs.gov.br\/secretaria-de-cidadania-e-assistencia-social\/wp-json\/wp\/v2\/posts\/1731\/revisions"}],"predecessor-version":[{"id":1733,"href":"https:\/\/www.pmpf.rs.gov.br\/secretaria-de-cidadania-e-assistencia-social\/wp-json\/wp\/v2\/posts\/1731\/revisions\/1733"}],"wp:featuredmedia":[{"embeddable":true,"href":"https:\/\/www.pmpf.rs.gov.br\/secretaria-de-cidadania-e-assistencia-social\/wp-json\/wp\/v2\/media\/1732"}],"wp:attachment":[{"href":"https:\/\/www.pmpf.rs.gov.br\/secretaria-de-cidadania-e-assistencia-social\/wp-json\/wp\/v2\/media?parent=1731"}],"wp:term":[{"taxonomy":"category","embeddable":true,"href":"https:\/\/www.pmpf.rs.gov.br\/secretaria-de-cidadania-e-assistencia-social\/wp-json\/wp\/v2\/categories?post=1731"},{"taxonomy":"post_tag","embeddable":true,"href":"https:\/\/www.pmpf.rs.gov.br\/secretaria-de-cidadania-e-assistencia-social\/wp-json\/wp\/v2\/tags?post=1731"}],"curies":[{"name":"wp","href":"https:\/\/api.w.org\/{rel}","templated":true}]}}