{"id":1677,"date":"2024-05-06T16:17:51","date_gmt":"2024-05-06T19:17:51","guid":{"rendered":"https:\/\/www.pmpf.rs.gov.br\/secretaria-de-cidadania-e-assistencia-social\/?p=1677"},"modified":"2024-05-06T16:17:55","modified_gmt":"2024-05-06T19:17:55","slug":"assistencia-social-da-prefeitura-presta-atendimento-a-populacao-atingida-pelas-chuvas-no-municipio","status":"publish","type":"post","link":"https:\/\/www.pmpf.rs.gov.br\/secretaria-de-cidadania-e-assistencia-social\/2024\/05\/06\/assistencia-social-da-prefeitura-presta-atendimento-a-populacao-atingida-pelas-chuvas-no-municipio\/","title":{"rendered":"Assist\u00eancia Social da Prefeitura presta atendimento \u00e0 popula\u00e7\u00e3o atingida pelas chuvas no munic\u00edpio"},"content":{"rendered":"\n<p>Desde a segunda-feira (6), os Centros de Refer\u00eancia e Assist\u00eancia Social (CRAS) da Prefeitura est\u00e3o cadastrando as pessoas que foram atingidas pelas chuvas em Passo Fundo, para prestar um atendimento mais assertivo de acordo com cada necessidade.<\/p>\n\n\n\n<p>Conforme o secret\u00e1rio de Cidadania e Assist\u00eancia Social, Rafael Bortoluzzi, desde o in\u00edcio das fortes precipita\u00e7\u00f5es de chuva, os quatro CRAS do munic\u00edpio t\u00eam sido fundamentais para que o aux\u00edlio do poder p\u00fablico chegue nas pessoas atingidas o mais r\u00e1pido poss\u00edvel. \u201cNo primeiro momento, as equipes do CRAS junto com as coordena\u00e7\u00f5es da Secretaria, foram a campo fazer busca ativa das pessoas, das fam\u00edlias que foram atingidas, oferecendo abrigo para quem necessitasse, vendo as necessidades, se a casa alagou, se precisam de roupas ou alimentos\u201d, observou o secret\u00e1rio.<\/p>\n\n\n\n<p>Bortoluzzi pontua que agora as fam\u00edlias devidamente orientadas est\u00e3o procurando o seu CRAS para receber um atendimento mais t\u00e9cnico, em que as equipes fazem todos os encaminhamentos necess\u00e1rios para aquela fam\u00edlia voltar a ter uma vida mais digna e mais segura. \u201cN\u00f3s estamos recebendo doa\u00e7\u00f5es atrav\u00e9s de uma campanha municipal, em parceria com a Defesa Civil do Estado do Rio Grande do Sul, em que estamos arrecadando donativos de Passo Fundo e tamb\u00e9m da regi\u00e3o, e estamos entregando para a Defesa Civil, que vai fazer a destina\u00e7\u00e3o correta aos munic\u00edpios mais atingidos. Provavelmente o munic\u00edpio, como foi afetado tamb\u00e9m, vai acabar recebendo algum tipo de aux\u00edlio para ajudar as fam\u00edlias passo-fundenses\u201d, explicou.<\/p>\n\n\n\n<p>De acordo com o coordenador de Prote\u00e7\u00e3o e Defesa civil, Fernando Carlos Bicca, foram cerca de 40 fam\u00edlias que tiveram de deixar as casas. A grande maioria optou por permanecer em casa de parentes .\u201dTr\u00eas pessoas foram alojadas em abrigos fornecidos pela Prefeitura durante as precipita\u00e7\u00f5es, mas j\u00e1 retornaram para suas resid\u00eancias. Estas pessoas enfrentam preju\u00edzos materiais orientamos as pessoas procurarem o CRAS do seu zoneamento e l\u00e1 receber\u00e3o apoio e material que dispomos neste momento\u201d, aponta o coordenador.<\/p>\n\n\n\n<p>Entre os pontos que foram mais afetados no munic\u00edpio est\u00e3o os bairros Entre Rios, as ocupa\u00e7\u00f5es Floresta, Vista Alegre, Bela Vista, Zachia e Pinheirinho Toledo. O coordenador afirma que o Plano de Conting\u00eancia contribuiu para que as a\u00e7\u00f5es fossem realizadas de forma coordenada e assertiva. \u201cNossos volunt\u00e1rios da Defesa Civil e da Prefeitura sabiam exatamente o que fazer e quais seriam suas fun\u00e7\u00f5es no momento certo e assim pudemos socorrer as pessoas. Tivemos mais de 80 ocorr\u00eancias registradas e centenas de pessoas atendidas, e conseguimos prestar um atendimento \u00e1gil\u201d, define Bicca.<\/p>\n\n\n\n<p>O CTG Lalau Mirando seguir\u00e1 durante esta semana sendo ponto de arrecada\u00e7\u00e3o da Prefeitura e Defesa Civil Municipal, com recebimento de itens das 9h \u00e0s 17h. Os bens arrecadados ser\u00e3o distribu\u00eddos para toda a popula\u00e7\u00e3o afetada, tanto de Passo Fundo quanto para o restante do Estado.<\/p>\n","protected":false},"excerpt":{"rendered":"<p>Cadastro por zoneamento tem como objetivo garantir um atendimento mais assertivo de acordo com as necessidades de cada pessoa<\/p>\n","protected":false},"author":24,"featured_media":1678,"comment_status":"closed","ping_status":"closed","sticky":false,"template":"","format":"standard","meta":{"footnotes":""},"categories":[1],"tags":[],"class_list":["post-1677","post","type-post","status-publish","format-standard","has-post-thumbnail","hentry","category-sem-categoria"],"yoast_head":"<!-- This site is optimized with the Yoast SEO plugin v23.8 - https:\/\/yoast.com\/wordpress\/plugins\/seo\/ -->\n<title>Assist\u00eancia Social da Prefeitura presta atendimento \u00e0 popula\u00e7\u00e3o atingida pelas chuvas no munic\u00edpio - Secretaria de Cidadania e Assist\u00eancia Social<\/title>\n<meta name=\"robots\" content=\"index, follow, max-snippet:-1, max-image-preview:large, max-video-preview:-1\" \/>\n<link rel=\"canonical\" href=\"https:\/\/www.pmpf.rs.gov.br\/secretaria-de-cidadania-e-assistencia-social\/2024\/05\/06\/assistencia-social-da-prefeitura-presta-atendimento-a-populacao-atingida-pelas-chuvas-no-municipio\/\" \/>\n<meta property=\"og:locale\" content=\"pt_BR\" \/>\n<meta property=\"og:type\" content=\"article\" \/>\n<meta property=\"og:title\" content=\"Assist\u00eancia Social da Prefeitura presta atendimento \u00e0 popula\u00e7\u00e3o atingida pelas chuvas no munic\u00edpio - Secretaria de Cidadania e Assist\u00eancia Social\" \/>\n<meta property=\"og:description\" content=\"Cadastro por zoneamento tem como objetivo garantir um atendimento mais assertivo de acordo com as necessidades de cada pessoa\" \/>\n<meta property=\"og:url\" content=\"https:\/\/www.pmpf.rs.gov.br\/secretaria-de-cidadania-e-assistencia-social\/2024\/05\/06\/assistencia-social-da-prefeitura-presta-atendimento-a-populacao-atingida-pelas-chuvas-no-municipio\/\" \/>\n<meta property=\"og:site_name\" content=\"Secretaria de Cidadania e Assist\u00eancia Social\" \/>\n<meta property=\"article:published_time\" content=\"2024-05-06T19:17:51+00:00\" \/>\n<meta property=\"article:modified_time\" content=\"2024-05-06T19:17:55+00:00\" \/>\n<meta name=\"author\" content=\"lilicrivello\" \/>\n<meta name=\"twitter:card\" content=\"summary_large_image\" \/>\n<meta name=\"twitter:label1\" content=\"Escrito por\" \/>\n\t<meta name=\"twitter:data1\" content=\"lilicrivello\" \/>\n\t<meta name=\"twitter:label2\" content=\"Est. tempo de leitura\" \/>\n\t<meta name=\"twitter:data2\" content=\"3 minutos\" \/>\n<script type=\"application\/ld+json\" class=\"yoast-schema-graph\">{\"@context\":\"https:\/\/schema.org\",\"@graph\":[{\"@type\":\"WebPage\",\"@id\":\"https:\/\/www.pmpf.rs.gov.br\/secretaria-de-cidadania-e-assistencia-social\/2024\/05\/06\/assistencia-social-da-prefeitura-presta-atendimento-a-populacao-atingida-pelas-chuvas-no-municipio\/\",\"url\":\"https:\/\/www.pmpf.rs.gov.br\/secretaria-de-cidadania-e-assistencia-social\/2024\/05\/06\/assistencia-social-da-prefeitura-presta-atendimento-a-populacao-atingida-pelas-chuvas-no-municipio\/\",\"name\":\"Assist\u00eancia Social da Prefeitura presta atendimento \u00e0 popula\u00e7\u00e3o atingida pelas chuvas no munic\u00edpio - Secretaria de Cidadania e Assist\u00eancia Social\",\"isPartOf\":{\"@id\":\"https:\/\/www.pmpf.rs.gov.br\/secretaria-de-cidadania-e-assistencia-social\/#website\"},\"primaryImageOfPage\":{\"@id\":\"https:\/\/www.pmpf.rs.gov.br\/secretaria-de-cidadania-e-assistencia-social\/2024\/05\/06\/assistencia-social-da-prefeitura-presta-atendimento-a-populacao-atingida-pelas-chuvas-no-municipio\/#primaryimage\"},\"image\":{\"@id\":\"https:\/\/www.pmpf.rs.gov.br\/secretaria-de-cidadania-e-assistencia-social\/2024\/05\/06\/assistencia-social-da-prefeitura-presta-atendimento-a-populacao-atingida-pelas-chuvas-no-municipio\/#primaryimage\"},\"thumbnailUrl\":\"https:\/\/www.pmpf.rs.gov.br\/secretaria-de-cidadania-e-assistencia-social\/wp-content\/uploads\/sites\/24\/2024\/05\/WhatsApp-Image-2024-05-06-at-16.12.13.jpeg\",\"datePublished\":\"2024-05-06T19:17:51+00:00\",\"dateModified\":\"2024-05-06T19:17:55+00:00\",\"author\":{\"@id\":\"https:\/\/www.pmpf.rs.gov.br\/secretaria-de-cidadania-e-assistencia-social\/#\/schema\/person\/6e93b0ab2174b69f691ac4f278ba2d0a\"},\"inLanguage\":\"pt-BR\",\"potentialAction\":[{\"@type\":\"ReadAction\",\"target\":[\"https:\/\/www.pmpf.rs.gov.br\/secretaria-de-cidadania-e-assistencia-social\/2024\/05\/06\/assistencia-social-da-prefeitura-presta-atendimento-a-populacao-atingida-pelas-chuvas-no-municipio\/\"]}]},{\"@type\":\"ImageObject\",\"inLanguage\":\"pt-BR\",\"@id\":\"https:\/\/www.pmpf.rs.gov.br\/secretaria-de-cidadania-e-assistencia-social\/2024\/05\/06\/assistencia-social-da-prefeitura-presta-atendimento-a-populacao-atingida-pelas-chuvas-no-municipio\/#primaryimage\",\"url\":\"https:\/\/www.pmpf.rs.gov.br\/secretaria-de-cidadania-e-assistencia-social\/wp-content\/uploads\/sites\/24\/2024\/05\/WhatsApp-Image-2024-05-06-at-16.12.13.jpeg\",\"contentUrl\":\"https:\/\/www.pmpf.rs.gov.br\/secretaria-de-cidadania-e-assistencia-social\/wp-content\/uploads\/sites\/24\/2024\/05\/WhatsApp-Image-2024-05-06-at-16.12.13.jpeg\",\"width\":1600,\"height\":1066},{\"@type\":\"WebSite\",\"@id\":\"https:\/\/www.pmpf.rs.gov.br\/secretaria-de-cidadania-e-assistencia-social\/#website\",\"url\":\"https:\/\/www.pmpf.rs.gov.br\/secretaria-de-cidadania-e-assistencia-social\/\",\"name\":\"Secretaria de Cidadania e Assist\u00eancia Social\",\"description\":\"S\u00f3 mais um site Prefeitura de Passo Fundo\",\"potentialAction\":[{\"@type\":\"SearchAction\",\"target\":{\"@type\":\"EntryPoint\",\"urlTemplate\":\"https:\/\/www.pmpf.rs.gov.br\/secretaria-de-cidadania-e-assistencia-social\/?s={search_term_string}\"},\"query-input\":{\"@type\":\"PropertyValueSpecification\",\"valueRequired\":true,\"valueName\":\"search_term_string\"}}],\"inLanguage\":\"pt-BR\"},{\"@type\":\"Person\",\"@id\":\"https:\/\/www.pmpf.rs.gov.br\/secretaria-de-cidadania-e-assistencia-social\/#\/schema\/person\/6e93b0ab2174b69f691ac4f278ba2d0a\",\"name\":\"lilicrivello\",\"image\":{\"@type\":\"ImageObject\",\"inLanguage\":\"pt-BR\",\"@id\":\"https:\/\/www.pmpf.rs.gov.br\/secretaria-de-cidadania-e-assistencia-social\/#\/schema\/person\/image\/\",\"url\":\"https:\/\/secure.gravatar.com\/avatar\/0b546b667388f8edb7b67d70a57b5e46?s=96&d=mm&r=g\",\"contentUrl\":\"https:\/\/secure.gravatar.com\/avatar\/0b546b667388f8edb7b67d70a57b5e46?s=96&d=mm&r=g\",\"caption\":\"lilicrivello\"},\"url\":\"https:\/\/www.pmpf.rs.gov.br\/secretaria-de-cidadania-e-assistencia-social\/author\/lilicrivello\/\"}]}<\/script>\n<!-- \/ Yoast SEO plugin. -->","yoast_head_json":{"title":"Assist\u00eancia Social da Prefeitura presta atendimento \u00e0 popula\u00e7\u00e3o atingida pelas chuvas no munic\u00edpio - Secretaria de Cidadania e Assist\u00eancia Social","robots":{"index":"index","follow":"follow","max-snippet":"max-snippet:-1","max-image-preview":"max-image-preview:large","max-video-preview":"max-video-preview:-1"},"canonical":"https:\/\/www.pmpf.rs.gov.br\/secretaria-de-cidadania-e-assistencia-social\/2024\/05\/06\/assistencia-social-da-prefeitura-presta-atendimento-a-populacao-atingida-pelas-chuvas-no-municipio\/","og_locale":"pt_BR","og_type":"article","og_title":"Assist\u00eancia Social da Prefeitura presta atendimento \u00e0 popula\u00e7\u00e3o atingida pelas chuvas no munic\u00edpio - Secretaria de Cidadania e Assist\u00eancia Social","og_description":"Cadastro por zoneamento tem como objetivo garantir um atendimento mais assertivo de acordo com as necessidades de cada pessoa","og_url":"https:\/\/www.pmpf.rs.gov.br\/secretaria-de-cidadania-e-assistencia-social\/2024\/05\/06\/assistencia-social-da-prefeitura-presta-atendimento-a-populacao-atingida-pelas-chuvas-no-municipio\/","og_site_name":"Secretaria de Cidadania e Assist\u00eancia Social","article_published_time":"2024-05-06T19:17:51+00:00","article_modified_time":"2024-05-06T19:17:55+00:00","author":"lilicrivello","twitter_card":"summary_large_image","twitter_misc":{"Escrito por":"lilicrivello","Est. tempo de leitura":"3 minutos"},"schema":{"@context":"https:\/\/schema.org","@graph":[{"@type":"WebPage","@id":"https:\/\/www.pmpf.rs.gov.br\/secretaria-de-cidadania-e-assistencia-social\/2024\/05\/06\/assistencia-social-da-prefeitura-presta-atendimento-a-populacao-atingida-pelas-chuvas-no-municipio\/","url":"https:\/\/www.pmpf.rs.gov.br\/secretaria-de-cidadania-e-assistencia-social\/2024\/05\/06\/assistencia-social-da-prefeitura-presta-atendimento-a-populacao-atingida-pelas-chuvas-no-municipio\/","name":"Assist\u00eancia Social da Prefeitura presta atendimento \u00e0 popula\u00e7\u00e3o atingida pelas chuvas no munic\u00edpio - Secretaria de Cidadania e Assist\u00eancia Social","isPartOf":{"@id":"https:\/\/www.pmpf.rs.gov.br\/secretaria-de-cidadania-e-assistencia-social\/#website"},"primaryImageOfPage":{"@id":"https:\/\/www.pmpf.rs.gov.br\/secretaria-de-cidadania-e-assistencia-social\/2024\/05\/06\/assistencia-social-da-prefeitura-presta-atendimento-a-populacao-atingida-pelas-chuvas-no-municipio\/#primaryimage"},"image":{"@id":"https:\/\/www.pmpf.rs.gov.br\/secretaria-de-cidadania-e-assistencia-social\/2024\/05\/06\/assistencia-social-da-prefeitura-presta-atendimento-a-populacao-atingida-pelas-chuvas-no-municipio\/#primaryimage"},"thumbnailUrl":"https:\/\/www.pmpf.rs.gov.br\/secretaria-de-cidadania-e-assistencia-social\/wp-content\/uploads\/sites\/24\/2024\/05\/WhatsApp-Image-2024-05-06-at-16.12.13.jpeg","datePublished":"2024-05-06T19:17:51+00:00","dateModified":"2024-05-06T19:17:55+00:00","author":{"@id":"https:\/\/www.pmpf.rs.gov.br\/secretaria-de-cidadania-e-assistencia-social\/#\/schema\/person\/6e93b0ab2174b69f691ac4f278ba2d0a"},"inLanguage":"pt-BR","potentialAction":[{"@type":"ReadAction","target":["https:\/\/www.pmpf.rs.gov.br\/secretaria-de-cidadania-e-assistencia-social\/2024\/05\/06\/assistencia-social-da-prefeitura-presta-atendimento-a-populacao-atingida-pelas-chuvas-no-municipio\/"]}]},{"@type":"ImageObject","inLanguage":"pt-BR","@id":"https:\/\/www.pmpf.rs.gov.br\/secretaria-de-cidadania-e-assistencia-social\/2024\/05\/06\/assistencia-social-da-prefeitura-presta-atendimento-a-populacao-atingida-pelas-chuvas-no-municipio\/#primaryimage","url":"https:\/\/www.pmpf.rs.gov.br\/secretaria-de-cidadania-e-assistencia-social\/wp-content\/uploads\/sites\/24\/2024\/05\/WhatsApp-Image-2024-05-06-at-16.12.13.jpeg","contentUrl":"https:\/\/www.pmpf.rs.gov.br\/secretaria-de-cidadania-e-assistencia-social\/wp-content\/uploads\/sites\/24\/2024\/05\/WhatsApp-Image-2024-05-06-at-16.12.13.jpeg","width":1600,"height":1066},{"@type":"WebSite","@id":"https:\/\/www.pmpf.rs.gov.br\/secretaria-de-cidadania-e-assistencia-social\/#website","url":"https:\/\/www.pmpf.rs.gov.br\/secretaria-de-cidadania-e-assistencia-social\/","name":"Secretaria de Cidadania e Assist\u00eancia Social","description":"S\u00f3 mais um site Prefeitura de Passo Fundo","potentialAction":[{"@type":"SearchAction","target":{"@type":"EntryPoint","urlTemplate":"https:\/\/www.pmpf.rs.gov.br\/secretaria-de-cidadania-e-assistencia-social\/?s={search_term_string}"},"query-input":{"@type":"PropertyValueSpecification","valueRequired":true,"valueName":"search_term_string"}}],"inLanguage":"pt-BR"},{"@type":"Person","@id":"https:\/\/www.pmpf.rs.gov.br\/secretaria-de-cidadania-e-assistencia-social\/#\/schema\/person\/6e93b0ab2174b69f691ac4f278ba2d0a","name":"lilicrivello","image":{"@type":"ImageObject","inLanguage":"pt-BR","@id":"https:\/\/www.pmpf.rs.gov.br\/secretaria-de-cidadania-e-assistencia-social\/#\/schema\/person\/image\/","url":"https:\/\/secure.gravatar.com\/avatar\/0b546b667388f8edb7b67d70a57b5e46?s=96&d=mm&r=g","contentUrl":"https:\/\/secure.gravatar.com\/avatar\/0b546b667388f8edb7b67d70a57b5e46?s=96&d=mm&r=g","caption":"lilicrivello"},"url":"https:\/\/www.pmpf.rs.gov.br\/secretaria-de-cidadania-e-assistencia-social\/author\/lilicrivello\/"}]}},"_links":{"self":[{"href":"https:\/\/www.pmpf.rs.gov.br\/secretaria-de-cidadania-e-assistencia-social\/wp-json\/wp\/v2\/posts\/1677"}],"collection":[{"href":"https:\/\/www.pmpf.rs.gov.br\/secretaria-de-cidadania-e-assistencia-social\/wp-json\/wp\/v2\/posts"}],"about":[{"href":"https:\/\/www.pmpf.rs.gov.br\/secretaria-de-cidadania-e-assistencia-social\/wp-json\/wp\/v2\/types\/post"}],"author":[{"embeddable":true,"href":"https:\/\/www.pmpf.rs.gov.br\/secretaria-de-cidadania-e-assistencia-social\/wp-json\/wp\/v2\/users\/24"}],"replies":[{"embeddable":true,"href":"https:\/\/www.pmpf.rs.gov.br\/secretaria-de-cidadania-e-assistencia-social\/wp-json\/wp\/v2\/comments?post=1677"}],"version-history":[{"count":1,"href":"https:\/\/www.pmpf.rs.gov.br\/secretaria-de-cidadania-e-assistencia-social\/wp-json\/wp\/v2\/posts\/1677\/revisions"}],"predecessor-version":[{"id":1679,"href":"https:\/\/www.pmpf.rs.gov.br\/secretaria-de-cidadania-e-assistencia-social\/wp-json\/wp\/v2\/posts\/1677\/revisions\/1679"}],"wp:featuredmedia":[{"embeddable":true,"href":"https:\/\/www.pmpf.rs.gov.br\/secretaria-de-cidadania-e-assistencia-social\/wp-json\/wp\/v2\/media\/1678"}],"wp:attachment":[{"href":"https:\/\/www.pmpf.rs.gov.br\/secretaria-de-cidadania-e-assistencia-social\/wp-json\/wp\/v2\/media?parent=1677"}],"wp:term":[{"taxonomy":"category","embeddable":true,"href":"https:\/\/www.pmpf.rs.gov.br\/secretaria-de-cidadania-e-assistencia-social\/wp-json\/wp\/v2\/categories?post=1677"},{"taxonomy":"post_tag","embeddable":true,"href":"https:\/\/www.pmpf.rs.gov.br\/secretaria-de-cidadania-e-assistencia-social\/wp-json\/wp\/v2\/tags?post=1677"}],"curies":[{"name":"wp","href":"https:\/\/api.w.org\/{rel}","templated":true}]}}