{"id":1661,"date":"2024-01-10T15:56:21","date_gmt":"2024-01-10T18:56:21","guid":{"rendered":"https:\/\/www.pmpf.rs.gov.br\/secretaria-de-cidadania-e-assistencia-social\/?p=1661"},"modified":"2024-01-10T15:56:48","modified_gmt":"2024-01-10T18:56:48","slug":"prefeito-participa-da-posse-dos-novos-conselheiros-tutelares","status":"publish","type":"post","link":"https:\/\/www.pmpf.rs.gov.br\/secretaria-de-cidadania-e-assistencia-social\/2024\/01\/10\/prefeito-participa-da-posse-dos-novos-conselheiros-tutelares\/","title":{"rendered":"Prefeito participa da posse dos novos Conselheiros Tutelares"},"content":{"rendered":"\n<p>O prefeito Pedro Almeida participou, na manh\u00e3 desta quarta-feira (10), da posse dos cinco conselheiros titulares das Microrregi\u00f5es I e II, al\u00e9m de cinco conselheiros suplentes de cada microrregi\u00e3o. A cerim\u00f4nia foi conduzida pelo presidente do Conselho Municipal dos Direitos da Crian\u00e7a e do Adolescente (Comdica), Carlos Alberto de Oliveira, e acompanhada tamb\u00e9m pelo secret\u00e1rio de Cidadania e Assist\u00eancia Social (Semcas), Rafael Bortoluzzi.<\/p>\n\n\n\n<p>Os empossados atuar\u00e3o no munic\u00edpio pelos pr\u00f3ximos quatro anos. \u201cOs conselheiros t\u00eam papel fiscalizat\u00f3rio importante junto conosco para fortalecer cada vez mais o cuidado com as crian\u00e7as. Ent\u00e3o, reitero aqui o meu apoio aos nossos novos conselheiros. Visitei uma crian\u00e7a que hoje est\u00e1 completando 27 dias e que est\u00e1 acolhida pelo programa Meu Beb\u00ea, Meu Tesouro, primeira grande prote\u00e7\u00e3o da crian\u00e7a. Precisamos promover uma estrutura familiar estruturada, onde a m\u00e3e, o pai, o n\u00facleo familiar possam ser amparados. Mas nem sempre isso acontece. E, quando isso falha, n\u00f3s, como uma sociedade, temos que ter a compreens\u00e3o do nosso papel em atender e acolher essa m\u00e3e, esse pai, essa familiar, especialmente, essa crian\u00e7a\u201d, frisa o prefeito.<\/p>\n\n\n\n<p>Ao Conselho Tutelar, cabe a fun\u00e7\u00e3o de garantir o cumprimento das medidas de prote\u00e7\u00e3o previstas no Estatuto da Crian\u00e7a e ao Adolescente (ECA). O conselheiro atua diretamente nas comunidades, atendendo den\u00fancias, reclama\u00e7\u00f5es, reivindica\u00e7\u00f5es e solicita\u00e7\u00f5es feitas pelas crian\u00e7as, adolescentes, fam\u00edlias, comunidades e cidad\u00e3os, agindo sempre que os direitos da crian\u00e7a e do adolescente forem amea\u00e7ados ou violados.<\/p>\n\n\n\n<p>Microrregi\u00e3o I<br>Titulares<br>-Alison Gois Pansera;<br>-Cl\u00e9dio Paties;<br>-Rosa Maria Mesquita de Azeredo;<br>-Guacira Rosano Souza;<br>-Cl\u00e1udia Teresinha Borcioni de Carvalho;<\/p>\n\n\n\n<p>Suplentes<br>-Glauco Lucas Franco;<br>-Adilson da Silva;<br>-Bruna Simor;<br>-Rodrigo Marques;<br>-J\u00e9ssica Cristina da Cruz;<\/p>\n\n\n\n<p>Microrregi\u00e3o II<br>Titulares<br>-Stefani Solanda Gomes de Lima;<br>-Sidnei dos Santos \u00c1vila;<br>-C\u00e1ssia Camila Gazzola Leite;<br>-Paula Freire Dornelles;<br>-S\u00edlvia Turello Schneider;<\/p>\n\n\n\n<p>Suplentes<br>-Aline Severo Goelzer Moreira;<br>-J\u00falio C\u00e9sar Martins Leite;<br>-Tuany Elisabete Rodrigues;<br>-Eva Vanderli Chaves Miranda;<br>-Luciano Pavani;<\/p>\n","protected":false},"excerpt":{"rendered":"<p>Empossados atuar\u00e3o diretamente nas comunidades, atendendo den\u00fancias, reclama\u00e7\u00f5es, reivindica\u00e7\u00f5es e solicita\u00e7\u00f5es recebidas<\/p>\n","protected":false},"author":24,"featured_media":1664,"comment_status":"closed","ping_status":"closed","sticky":false,"template":"","format":"standard","meta":{"footnotes":""},"categories":[1],"tags":[],"class_list":["post-1661","post","type-post","status-publish","format-standard","has-post-thumbnail","hentry","category-sem-categoria"],"yoast_head":"<!-- This site is optimized with the Yoast SEO plugin v23.8 - https:\/\/yoast.com\/wordpress\/plugins\/seo\/ -->\n<title>Prefeito participa da posse dos novos Conselheiros Tutelares - Secretaria de Cidadania e Assist\u00eancia Social<\/title>\n<meta name=\"robots\" content=\"index, follow, max-snippet:-1, max-image-preview:large, max-video-preview:-1\" \/>\n<link rel=\"canonical\" href=\"https:\/\/www.pmpf.rs.gov.br\/secretaria-de-cidadania-e-assistencia-social\/2024\/01\/10\/prefeito-participa-da-posse-dos-novos-conselheiros-tutelares\/\" \/>\n<meta property=\"og:locale\" content=\"pt_BR\" \/>\n<meta property=\"og:type\" content=\"article\" \/>\n<meta property=\"og:title\" content=\"Prefeito participa da posse dos novos Conselheiros Tutelares - Secretaria de Cidadania e Assist\u00eancia Social\" \/>\n<meta property=\"og:description\" content=\"Empossados atuar\u00e3o diretamente nas comunidades, atendendo den\u00fancias, reclama\u00e7\u00f5es, reivindica\u00e7\u00f5es e solicita\u00e7\u00f5es recebidas\" \/>\n<meta property=\"og:url\" content=\"https:\/\/www.pmpf.rs.gov.br\/secretaria-de-cidadania-e-assistencia-social\/2024\/01\/10\/prefeito-participa-da-posse-dos-novos-conselheiros-tutelares\/\" \/>\n<meta property=\"og:site_name\" content=\"Secretaria de Cidadania e Assist\u00eancia Social\" \/>\n<meta property=\"article:published_time\" content=\"2024-01-10T18:56:21+00:00\" \/>\n<meta property=\"article:modified_time\" content=\"2024-01-10T18:56:48+00:00\" \/>\n<meta property=\"og:image\" content=\"https:\/\/www.pmpf.rs.gov.br\/secretaria-de-cidadania-e-assistencia-social\/wp-content\/uploads\/sites\/24\/2024\/01\/WhatsApp-Image-2024-01-10-at-15.55.07.jpeg\" \/>\n\t<meta property=\"og:image:width\" content=\"1280\" \/>\n\t<meta property=\"og:image:height\" content=\"1280\" \/>\n\t<meta property=\"og:image:type\" content=\"image\/jpeg\" \/>\n<meta name=\"author\" content=\"lilicrivello\" \/>\n<meta name=\"twitter:card\" content=\"summary_large_image\" \/>\n<meta name=\"twitter:label1\" content=\"Escrito por\" \/>\n\t<meta name=\"twitter:data1\" content=\"lilicrivello\" \/>\n\t<meta name=\"twitter:label2\" content=\"Est. tempo de leitura\" \/>\n\t<meta name=\"twitter:data2\" content=\"2 minutos\" \/>\n<script type=\"application\/ld+json\" class=\"yoast-schema-graph\">{\"@context\":\"https:\/\/schema.org\",\"@graph\":[{\"@type\":\"WebPage\",\"@id\":\"https:\/\/www.pmpf.rs.gov.br\/secretaria-de-cidadania-e-assistencia-social\/2024\/01\/10\/prefeito-participa-da-posse-dos-novos-conselheiros-tutelares\/\",\"url\":\"https:\/\/www.pmpf.rs.gov.br\/secretaria-de-cidadania-e-assistencia-social\/2024\/01\/10\/prefeito-participa-da-posse-dos-novos-conselheiros-tutelares\/\",\"name\":\"Prefeito participa da posse dos novos Conselheiros Tutelares - Secretaria de Cidadania e Assist\u00eancia Social\",\"isPartOf\":{\"@id\":\"https:\/\/www.pmpf.rs.gov.br\/secretaria-de-cidadania-e-assistencia-social\/#website\"},\"primaryImageOfPage\":{\"@id\":\"https:\/\/www.pmpf.rs.gov.br\/secretaria-de-cidadania-e-assistencia-social\/2024\/01\/10\/prefeito-participa-da-posse-dos-novos-conselheiros-tutelares\/#primaryimage\"},\"image\":{\"@id\":\"https:\/\/www.pmpf.rs.gov.br\/secretaria-de-cidadania-e-assistencia-social\/2024\/01\/10\/prefeito-participa-da-posse-dos-novos-conselheiros-tutelares\/#primaryimage\"},\"thumbnailUrl\":\"https:\/\/www.pmpf.rs.gov.br\/secretaria-de-cidadania-e-assistencia-social\/wp-content\/uploads\/sites\/24\/2024\/01\/WhatsApp-Image-2024-01-10-at-15.55.07.jpeg\",\"datePublished\":\"2024-01-10T18:56:21+00:00\",\"dateModified\":\"2024-01-10T18:56:48+00:00\",\"author\":{\"@id\":\"https:\/\/www.pmpf.rs.gov.br\/secretaria-de-cidadania-e-assistencia-social\/#\/schema\/person\/6e93b0ab2174b69f691ac4f278ba2d0a\"},\"inLanguage\":\"pt-BR\",\"potentialAction\":[{\"@type\":\"ReadAction\",\"target\":[\"https:\/\/www.pmpf.rs.gov.br\/secretaria-de-cidadania-e-assistencia-social\/2024\/01\/10\/prefeito-participa-da-posse-dos-novos-conselheiros-tutelares\/\"]}]},{\"@type\":\"ImageObject\",\"inLanguage\":\"pt-BR\",\"@id\":\"https:\/\/www.pmpf.rs.gov.br\/secretaria-de-cidadania-e-assistencia-social\/2024\/01\/10\/prefeito-participa-da-posse-dos-novos-conselheiros-tutelares\/#primaryimage\",\"url\":\"https:\/\/www.pmpf.rs.gov.br\/secretaria-de-cidadania-e-assistencia-social\/wp-content\/uploads\/sites\/24\/2024\/01\/WhatsApp-Image-2024-01-10-at-15.55.07.jpeg\",\"contentUrl\":\"https:\/\/www.pmpf.rs.gov.br\/secretaria-de-cidadania-e-assistencia-social\/wp-content\/uploads\/sites\/24\/2024\/01\/WhatsApp-Image-2024-01-10-at-15.55.07.jpeg\",\"width\":1280,\"height\":1280},{\"@type\":\"WebSite\",\"@id\":\"https:\/\/www.pmpf.rs.gov.br\/secretaria-de-cidadania-e-assistencia-social\/#website\",\"url\":\"https:\/\/www.pmpf.rs.gov.br\/secretaria-de-cidadania-e-assistencia-social\/\",\"name\":\"Secretaria de Cidadania e Assist\u00eancia Social\",\"description\":\"S\u00f3 mais um site Prefeitura de Passo Fundo\",\"potentialAction\":[{\"@type\":\"SearchAction\",\"target\":{\"@type\":\"EntryPoint\",\"urlTemplate\":\"https:\/\/www.pmpf.rs.gov.br\/secretaria-de-cidadania-e-assistencia-social\/?s={search_term_string}\"},\"query-input\":{\"@type\":\"PropertyValueSpecification\",\"valueRequired\":true,\"valueName\":\"search_term_string\"}}],\"inLanguage\":\"pt-BR\"},{\"@type\":\"Person\",\"@id\":\"https:\/\/www.pmpf.rs.gov.br\/secretaria-de-cidadania-e-assistencia-social\/#\/schema\/person\/6e93b0ab2174b69f691ac4f278ba2d0a\",\"name\":\"lilicrivello\",\"image\":{\"@type\":\"ImageObject\",\"inLanguage\":\"pt-BR\",\"@id\":\"https:\/\/www.pmpf.rs.gov.br\/secretaria-de-cidadania-e-assistencia-social\/#\/schema\/person\/image\/\",\"url\":\"https:\/\/secure.gravatar.com\/avatar\/0b546b667388f8edb7b67d70a57b5e46?s=96&d=mm&r=g\",\"contentUrl\":\"https:\/\/secure.gravatar.com\/avatar\/0b546b667388f8edb7b67d70a57b5e46?s=96&d=mm&r=g\",\"caption\":\"lilicrivello\"},\"url\":\"https:\/\/www.pmpf.rs.gov.br\/secretaria-de-cidadania-e-assistencia-social\/author\/lilicrivello\/\"}]}<\/script>\n<!-- \/ Yoast SEO plugin. -->","yoast_head_json":{"title":"Prefeito participa da posse dos novos Conselheiros Tutelares - Secretaria de Cidadania e Assist\u00eancia Social","robots":{"index":"index","follow":"follow","max-snippet":"max-snippet:-1","max-image-preview":"max-image-preview:large","max-video-preview":"max-video-preview:-1"},"canonical":"https:\/\/www.pmpf.rs.gov.br\/secretaria-de-cidadania-e-assistencia-social\/2024\/01\/10\/prefeito-participa-da-posse-dos-novos-conselheiros-tutelares\/","og_locale":"pt_BR","og_type":"article","og_title":"Prefeito participa da posse dos novos Conselheiros Tutelares - Secretaria de Cidadania e Assist\u00eancia Social","og_description":"Empossados atuar\u00e3o diretamente nas comunidades, atendendo den\u00fancias, reclama\u00e7\u00f5es, reivindica\u00e7\u00f5es e solicita\u00e7\u00f5es recebidas","og_url":"https:\/\/www.pmpf.rs.gov.br\/secretaria-de-cidadania-e-assistencia-social\/2024\/01\/10\/prefeito-participa-da-posse-dos-novos-conselheiros-tutelares\/","og_site_name":"Secretaria de Cidadania e Assist\u00eancia Social","article_published_time":"2024-01-10T18:56:21+00:00","article_modified_time":"2024-01-10T18:56:48+00:00","og_image":[{"width":1280,"height":1280,"url":"https:\/\/www.pmpf.rs.gov.br\/secretaria-de-cidadania-e-assistencia-social\/wp-content\/uploads\/sites\/24\/2024\/01\/WhatsApp-Image-2024-01-10-at-15.55.07.jpeg","type":"image\/jpeg"}],"author":"lilicrivello","twitter_card":"summary_large_image","twitter_misc":{"Escrito por":"lilicrivello","Est. tempo de leitura":"2 minutos"},"schema":{"@context":"https:\/\/schema.org","@graph":[{"@type":"WebPage","@id":"https:\/\/www.pmpf.rs.gov.br\/secretaria-de-cidadania-e-assistencia-social\/2024\/01\/10\/prefeito-participa-da-posse-dos-novos-conselheiros-tutelares\/","url":"https:\/\/www.pmpf.rs.gov.br\/secretaria-de-cidadania-e-assistencia-social\/2024\/01\/10\/prefeito-participa-da-posse-dos-novos-conselheiros-tutelares\/","name":"Prefeito participa da posse dos novos Conselheiros Tutelares - Secretaria de Cidadania e Assist\u00eancia Social","isPartOf":{"@id":"https:\/\/www.pmpf.rs.gov.br\/secretaria-de-cidadania-e-assistencia-social\/#website"},"primaryImageOfPage":{"@id":"https:\/\/www.pmpf.rs.gov.br\/secretaria-de-cidadania-e-assistencia-social\/2024\/01\/10\/prefeito-participa-da-posse-dos-novos-conselheiros-tutelares\/#primaryimage"},"image":{"@id":"https:\/\/www.pmpf.rs.gov.br\/secretaria-de-cidadania-e-assistencia-social\/2024\/01\/10\/prefeito-participa-da-posse-dos-novos-conselheiros-tutelares\/#primaryimage"},"thumbnailUrl":"https:\/\/www.pmpf.rs.gov.br\/secretaria-de-cidadania-e-assistencia-social\/wp-content\/uploads\/sites\/24\/2024\/01\/WhatsApp-Image-2024-01-10-at-15.55.07.jpeg","datePublished":"2024-01-10T18:56:21+00:00","dateModified":"2024-01-10T18:56:48+00:00","author":{"@id":"https:\/\/www.pmpf.rs.gov.br\/secretaria-de-cidadania-e-assistencia-social\/#\/schema\/person\/6e93b0ab2174b69f691ac4f278ba2d0a"},"inLanguage":"pt-BR","potentialAction":[{"@type":"ReadAction","target":["https:\/\/www.pmpf.rs.gov.br\/secretaria-de-cidadania-e-assistencia-social\/2024\/01\/10\/prefeito-participa-da-posse-dos-novos-conselheiros-tutelares\/"]}]},{"@type":"ImageObject","inLanguage":"pt-BR","@id":"https:\/\/www.pmpf.rs.gov.br\/secretaria-de-cidadania-e-assistencia-social\/2024\/01\/10\/prefeito-participa-da-posse-dos-novos-conselheiros-tutelares\/#primaryimage","url":"https:\/\/www.pmpf.rs.gov.br\/secretaria-de-cidadania-e-assistencia-social\/wp-content\/uploads\/sites\/24\/2024\/01\/WhatsApp-Image-2024-01-10-at-15.55.07.jpeg","contentUrl":"https:\/\/www.pmpf.rs.gov.br\/secretaria-de-cidadania-e-assistencia-social\/wp-content\/uploads\/sites\/24\/2024\/01\/WhatsApp-Image-2024-01-10-at-15.55.07.jpeg","width":1280,"height":1280},{"@type":"WebSite","@id":"https:\/\/www.pmpf.rs.gov.br\/secretaria-de-cidadania-e-assistencia-social\/#website","url":"https:\/\/www.pmpf.rs.gov.br\/secretaria-de-cidadania-e-assistencia-social\/","name":"Secretaria de Cidadania e Assist\u00eancia Social","description":"S\u00f3 mais um site Prefeitura de Passo Fundo","potentialAction":[{"@type":"SearchAction","target":{"@type":"EntryPoint","urlTemplate":"https:\/\/www.pmpf.rs.gov.br\/secretaria-de-cidadania-e-assistencia-social\/?s={search_term_string}"},"query-input":{"@type":"PropertyValueSpecification","valueRequired":true,"valueName":"search_term_string"}}],"inLanguage":"pt-BR"},{"@type":"Person","@id":"https:\/\/www.pmpf.rs.gov.br\/secretaria-de-cidadania-e-assistencia-social\/#\/schema\/person\/6e93b0ab2174b69f691ac4f278ba2d0a","name":"lilicrivello","image":{"@type":"ImageObject","inLanguage":"pt-BR","@id":"https:\/\/www.pmpf.rs.gov.br\/secretaria-de-cidadania-e-assistencia-social\/#\/schema\/person\/image\/","url":"https:\/\/secure.gravatar.com\/avatar\/0b546b667388f8edb7b67d70a57b5e46?s=96&d=mm&r=g","contentUrl":"https:\/\/secure.gravatar.com\/avatar\/0b546b667388f8edb7b67d70a57b5e46?s=96&d=mm&r=g","caption":"lilicrivello"},"url":"https:\/\/www.pmpf.rs.gov.br\/secretaria-de-cidadania-e-assistencia-social\/author\/lilicrivello\/"}]}},"_links":{"self":[{"href":"https:\/\/www.pmpf.rs.gov.br\/secretaria-de-cidadania-e-assistencia-social\/wp-json\/wp\/v2\/posts\/1661"}],"collection":[{"href":"https:\/\/www.pmpf.rs.gov.br\/secretaria-de-cidadania-e-assistencia-social\/wp-json\/wp\/v2\/posts"}],"about":[{"href":"https:\/\/www.pmpf.rs.gov.br\/secretaria-de-cidadania-e-assistencia-social\/wp-json\/wp\/v2\/types\/post"}],"author":[{"embeddable":true,"href":"https:\/\/www.pmpf.rs.gov.br\/secretaria-de-cidadania-e-assistencia-social\/wp-json\/wp\/v2\/users\/24"}],"replies":[{"embeddable":true,"href":"https:\/\/www.pmpf.rs.gov.br\/secretaria-de-cidadania-e-assistencia-social\/wp-json\/wp\/v2\/comments?post=1661"}],"version-history":[{"count":1,"href":"https:\/\/www.pmpf.rs.gov.br\/secretaria-de-cidadania-e-assistencia-social\/wp-json\/wp\/v2\/posts\/1661\/revisions"}],"predecessor-version":[{"id":1665,"href":"https:\/\/www.pmpf.rs.gov.br\/secretaria-de-cidadania-e-assistencia-social\/wp-json\/wp\/v2\/posts\/1661\/revisions\/1665"}],"wp:featuredmedia":[{"embeddable":true,"href":"https:\/\/www.pmpf.rs.gov.br\/secretaria-de-cidadania-e-assistencia-social\/wp-json\/wp\/v2\/media\/1664"}],"wp:attachment":[{"href":"https:\/\/www.pmpf.rs.gov.br\/secretaria-de-cidadania-e-assistencia-social\/wp-json\/wp\/v2\/media?parent=1661"}],"wp:term":[{"taxonomy":"category","embeddable":true,"href":"https:\/\/www.pmpf.rs.gov.br\/secretaria-de-cidadania-e-assistencia-social\/wp-json\/wp\/v2\/categories?post=1661"},{"taxonomy":"post_tag","embeddable":true,"href":"https:\/\/www.pmpf.rs.gov.br\/secretaria-de-cidadania-e-assistencia-social\/wp-json\/wp\/v2\/tags?post=1661"}],"curies":[{"name":"wp","href":"https:\/\/api.w.org\/{rel}","templated":true}]}}