{"id":1589,"date":"2023-08-14T16:04:47","date_gmt":"2023-08-14T19:04:47","guid":{"rendered":"https:\/\/www.pmpf.rs.gov.br\/secretaria-de-cidadania-e-assistencia-social\/?p=1589"},"modified":"2023-08-14T16:04:51","modified_gmt":"2023-08-14T19:04:51","slug":"coordenadoria-da-mulher-fara-seminario-em-alusao-ao-agosto-lilas","status":"publish","type":"post","link":"https:\/\/www.pmpf.rs.gov.br\/secretaria-de-cidadania-e-assistencia-social\/2023\/08\/14\/coordenadoria-da-mulher-fara-seminario-em-alusao-ao-agosto-lilas\/","title":{"rendered":"Coordenadoria da Mulher far\u00e1 semin\u00e1rio em alus\u00e3o ao Agosto Lil\u00e1s"},"content":{"rendered":"\n<p><br>A Coordenadoria da Mulher, em parceria com o Conselho Municipal da Mulher (Condim), far\u00e1, na pr\u00f3xima quinta-feira (17), um semin\u00e1rio em alus\u00e3o ao Agosto Lil\u00e1s aberto \u00e0 comunidade. A campanha tem como objetivo o enfrentamento da viol\u00eancia dom\u00e9stica contra as mulheres.<\/p>\n\n\n\n<p>De acordo com a coordenadora da Mulher, Eni Hanauer, o movimento Agosto Lil\u00e1s surgiu com objetivo de divulgar a Lei Maria da Penha, sancionada em agosto de 2006 e que estabeleceu mecanismos para coibir a viol\u00eancia dom\u00e9stica e familiar contra as mulheres, e busca conscientizar sobre as den\u00fancias e acolhimento. \u201cEm Passo Fundo, tamb\u00e9m estamos completando 20 anos da casa Maria da Penha, a casa de apoio \u00e0 mulher v\u00edtima de viol\u00eancia. O m\u00eas tem\u00e1tico tamb\u00e9m \u00e9 um momento oportuno para explicar como fazer den\u00fancias e quais servi\u00e7os s\u00e3o especializados de atendimento \u00e0 Mulheres V\u00edtimas de Viol\u00eancia\u201d, destacou.<\/p>\n\n\n\n<p><strong><br>Sobre o semin\u00e1rio<\/strong><br>Dia: 17 de agosto<br>Hor\u00e1rio: 13h \u00e0s 17h<br>Local: Academia Passo-fundense de Letras<\/p>\n\n\n\n<p><strong>Programa\u00e7\u00e3o<br><\/strong>13h \u2013 Credenciamento<br>13h30 \u2013 Abertura Apresenta\u00e7\u00e3o Cultural<br>14h \u2013 Apresenta\u00e7\u00e3o de V\u00eddeo das Entidades Representativas das Pol\u00edticas P\u00fablicas para Mulheres 14h30 \u2013 Palestra: Delegada M\u00e1rcia Scherer<br>15h10 \u2013 Mesa Debatedora: as leis institu\u00eddas e a operacionaliza\u00e7\u00e3o pr\u00e1tica no trabalho dos segmentos que realizam as a\u00e7\u00f5es cotidianas<br>16h30 \u2013 Encaminhamentos<br>17h \u2013 Encerramento<\/p>\n","protected":false},"excerpt":{"rendered":"<p>Campanha tem como objetivo o enfrentamento da viol\u00eancia dom\u00e9stica contra as mulheres<\/p>\n","protected":false},"author":6,"featured_media":0,"comment_status":"closed","ping_status":"closed","sticky":true,"template":"","format":"standard","meta":{"footnotes":""},"categories":[1],"tags":[],"class_list":["post-1589","post","type-post","status-publish","format-standard","hentry","category-sem-categoria"],"yoast_head":"<!-- This site is optimized with the Yoast SEO plugin v23.8 - https:\/\/yoast.com\/wordpress\/plugins\/seo\/ -->\n<title>Coordenadoria da Mulher far\u00e1 semin\u00e1rio em alus\u00e3o ao Agosto Lil\u00e1s - Secretaria de Cidadania e Assist\u00eancia Social<\/title>\n<meta name=\"robots\" content=\"index, follow, max-snippet:-1, max-image-preview:large, max-video-preview:-1\" \/>\n<link rel=\"canonical\" href=\"https:\/\/www.pmpf.rs.gov.br\/secretaria-de-cidadania-e-assistencia-social\/2023\/08\/14\/coordenadoria-da-mulher-fara-seminario-em-alusao-ao-agosto-lilas\/\" \/>\n<meta property=\"og:locale\" content=\"pt_BR\" \/>\n<meta property=\"og:type\" content=\"article\" \/>\n<meta property=\"og:title\" content=\"Coordenadoria da Mulher far\u00e1 semin\u00e1rio em alus\u00e3o ao Agosto Lil\u00e1s - Secretaria de Cidadania e Assist\u00eancia Social\" \/>\n<meta property=\"og:description\" content=\"Campanha tem como objetivo o enfrentamento da viol\u00eancia dom\u00e9stica contra as mulheres\" \/>\n<meta property=\"og:url\" content=\"https:\/\/www.pmpf.rs.gov.br\/secretaria-de-cidadania-e-assistencia-social\/2023\/08\/14\/coordenadoria-da-mulher-fara-seminario-em-alusao-ao-agosto-lilas\/\" \/>\n<meta property=\"og:site_name\" content=\"Secretaria de Cidadania e Assist\u00eancia Social\" \/>\n<meta property=\"article:published_time\" content=\"2023-08-14T19:04:47+00:00\" \/>\n<meta property=\"article:modified_time\" content=\"2023-08-14T19:04:51+00:00\" \/>\n<meta name=\"author\" content=\"andressazorzetto07\" \/>\n<meta name=\"twitter:card\" content=\"summary_large_image\" \/>\n<meta name=\"twitter:label1\" content=\"Escrito por\" \/>\n\t<meta name=\"twitter:data1\" content=\"andressazorzetto07\" \/>\n\t<meta name=\"twitter:label2\" content=\"Est. tempo de leitura\" \/>\n\t<meta name=\"twitter:data2\" content=\"1 minuto\" \/>\n<script type=\"application\/ld+json\" class=\"yoast-schema-graph\">{\"@context\":\"https:\/\/schema.org\",\"@graph\":[{\"@type\":\"WebPage\",\"@id\":\"https:\/\/www.pmpf.rs.gov.br\/secretaria-de-cidadania-e-assistencia-social\/2023\/08\/14\/coordenadoria-da-mulher-fara-seminario-em-alusao-ao-agosto-lilas\/\",\"url\":\"https:\/\/www.pmpf.rs.gov.br\/secretaria-de-cidadania-e-assistencia-social\/2023\/08\/14\/coordenadoria-da-mulher-fara-seminario-em-alusao-ao-agosto-lilas\/\",\"name\":\"Coordenadoria da Mulher far\u00e1 semin\u00e1rio em alus\u00e3o ao Agosto Lil\u00e1s - Secretaria de Cidadania e Assist\u00eancia Social\",\"isPartOf\":{\"@id\":\"https:\/\/www.pmpf.rs.gov.br\/secretaria-de-cidadania-e-assistencia-social\/#website\"},\"datePublished\":\"2023-08-14T19:04:47+00:00\",\"dateModified\":\"2023-08-14T19:04:51+00:00\",\"author\":{\"@id\":\"https:\/\/www.pmpf.rs.gov.br\/secretaria-de-cidadania-e-assistencia-social\/#\/schema\/person\/30ee1d1bd74da1469b01fcf086e43351\"},\"inLanguage\":\"pt-BR\",\"potentialAction\":[{\"@type\":\"ReadAction\",\"target\":[\"https:\/\/www.pmpf.rs.gov.br\/secretaria-de-cidadania-e-assistencia-social\/2023\/08\/14\/coordenadoria-da-mulher-fara-seminario-em-alusao-ao-agosto-lilas\/\"]}]},{\"@type\":\"WebSite\",\"@id\":\"https:\/\/www.pmpf.rs.gov.br\/secretaria-de-cidadania-e-assistencia-social\/#website\",\"url\":\"https:\/\/www.pmpf.rs.gov.br\/secretaria-de-cidadania-e-assistencia-social\/\",\"name\":\"Secretaria de Cidadania e Assist\u00eancia Social\",\"description\":\"S\u00f3 mais um site Prefeitura de Passo Fundo\",\"potentialAction\":[{\"@type\":\"SearchAction\",\"target\":{\"@type\":\"EntryPoint\",\"urlTemplate\":\"https:\/\/www.pmpf.rs.gov.br\/secretaria-de-cidadania-e-assistencia-social\/?s={search_term_string}\"},\"query-input\":{\"@type\":\"PropertyValueSpecification\",\"valueRequired\":true,\"valueName\":\"search_term_string\"}}],\"inLanguage\":\"pt-BR\"},{\"@type\":\"Person\",\"@id\":\"https:\/\/www.pmpf.rs.gov.br\/secretaria-de-cidadania-e-assistencia-social\/#\/schema\/person\/30ee1d1bd74da1469b01fcf086e43351\",\"name\":\"andressazorzetto07\",\"image\":{\"@type\":\"ImageObject\",\"inLanguage\":\"pt-BR\",\"@id\":\"https:\/\/www.pmpf.rs.gov.br\/secretaria-de-cidadania-e-assistencia-social\/#\/schema\/person\/image\/\",\"url\":\"https:\/\/secure.gravatar.com\/avatar\/14c5458ed79dc81da99a13b9ff5f9f19?s=96&d=mm&r=g\",\"contentUrl\":\"https:\/\/secure.gravatar.com\/avatar\/14c5458ed79dc81da99a13b9ff5f9f19?s=96&d=mm&r=g\",\"caption\":\"andressazorzetto07\"},\"url\":\"https:\/\/www.pmpf.rs.gov.br\/secretaria-de-cidadania-e-assistencia-social\/author\/andressazorzetto07\/\"}]}<\/script>\n<!-- \/ Yoast SEO plugin. -->","yoast_head_json":{"title":"Coordenadoria da Mulher far\u00e1 semin\u00e1rio em alus\u00e3o ao Agosto Lil\u00e1s - Secretaria de Cidadania e Assist\u00eancia Social","robots":{"index":"index","follow":"follow","max-snippet":"max-snippet:-1","max-image-preview":"max-image-preview:large","max-video-preview":"max-video-preview:-1"},"canonical":"https:\/\/www.pmpf.rs.gov.br\/secretaria-de-cidadania-e-assistencia-social\/2023\/08\/14\/coordenadoria-da-mulher-fara-seminario-em-alusao-ao-agosto-lilas\/","og_locale":"pt_BR","og_type":"article","og_title":"Coordenadoria da Mulher far\u00e1 semin\u00e1rio em alus\u00e3o ao Agosto Lil\u00e1s - Secretaria de Cidadania e Assist\u00eancia Social","og_description":"Campanha tem como objetivo o enfrentamento da viol\u00eancia dom\u00e9stica contra as mulheres","og_url":"https:\/\/www.pmpf.rs.gov.br\/secretaria-de-cidadania-e-assistencia-social\/2023\/08\/14\/coordenadoria-da-mulher-fara-seminario-em-alusao-ao-agosto-lilas\/","og_site_name":"Secretaria de Cidadania e Assist\u00eancia Social","article_published_time":"2023-08-14T19:04:47+00:00","article_modified_time":"2023-08-14T19:04:51+00:00","author":"andressazorzetto07","twitter_card":"summary_large_image","twitter_misc":{"Escrito por":"andressazorzetto07","Est. tempo de leitura":"1 minuto"},"schema":{"@context":"https:\/\/schema.org","@graph":[{"@type":"WebPage","@id":"https:\/\/www.pmpf.rs.gov.br\/secretaria-de-cidadania-e-assistencia-social\/2023\/08\/14\/coordenadoria-da-mulher-fara-seminario-em-alusao-ao-agosto-lilas\/","url":"https:\/\/www.pmpf.rs.gov.br\/secretaria-de-cidadania-e-assistencia-social\/2023\/08\/14\/coordenadoria-da-mulher-fara-seminario-em-alusao-ao-agosto-lilas\/","name":"Coordenadoria da Mulher far\u00e1 semin\u00e1rio em alus\u00e3o ao Agosto Lil\u00e1s - Secretaria de Cidadania e Assist\u00eancia Social","isPartOf":{"@id":"https:\/\/www.pmpf.rs.gov.br\/secretaria-de-cidadania-e-assistencia-social\/#website"},"datePublished":"2023-08-14T19:04:47+00:00","dateModified":"2023-08-14T19:04:51+00:00","author":{"@id":"https:\/\/www.pmpf.rs.gov.br\/secretaria-de-cidadania-e-assistencia-social\/#\/schema\/person\/30ee1d1bd74da1469b01fcf086e43351"},"inLanguage":"pt-BR","potentialAction":[{"@type":"ReadAction","target":["https:\/\/www.pmpf.rs.gov.br\/secretaria-de-cidadania-e-assistencia-social\/2023\/08\/14\/coordenadoria-da-mulher-fara-seminario-em-alusao-ao-agosto-lilas\/"]}]},{"@type":"WebSite","@id":"https:\/\/www.pmpf.rs.gov.br\/secretaria-de-cidadania-e-assistencia-social\/#website","url":"https:\/\/www.pmpf.rs.gov.br\/secretaria-de-cidadania-e-assistencia-social\/","name":"Secretaria de Cidadania e Assist\u00eancia Social","description":"S\u00f3 mais um site Prefeitura de Passo Fundo","potentialAction":[{"@type":"SearchAction","target":{"@type":"EntryPoint","urlTemplate":"https:\/\/www.pmpf.rs.gov.br\/secretaria-de-cidadania-e-assistencia-social\/?s={search_term_string}"},"query-input":{"@type":"PropertyValueSpecification","valueRequired":true,"valueName":"search_term_string"}}],"inLanguage":"pt-BR"},{"@type":"Person","@id":"https:\/\/www.pmpf.rs.gov.br\/secretaria-de-cidadania-e-assistencia-social\/#\/schema\/person\/30ee1d1bd74da1469b01fcf086e43351","name":"andressazorzetto07","image":{"@type":"ImageObject","inLanguage":"pt-BR","@id":"https:\/\/www.pmpf.rs.gov.br\/secretaria-de-cidadania-e-assistencia-social\/#\/schema\/person\/image\/","url":"https:\/\/secure.gravatar.com\/avatar\/14c5458ed79dc81da99a13b9ff5f9f19?s=96&d=mm&r=g","contentUrl":"https:\/\/secure.gravatar.com\/avatar\/14c5458ed79dc81da99a13b9ff5f9f19?s=96&d=mm&r=g","caption":"andressazorzetto07"},"url":"https:\/\/www.pmpf.rs.gov.br\/secretaria-de-cidadania-e-assistencia-social\/author\/andressazorzetto07\/"}]}},"_links":{"self":[{"href":"https:\/\/www.pmpf.rs.gov.br\/secretaria-de-cidadania-e-assistencia-social\/wp-json\/wp\/v2\/posts\/1589"}],"collection":[{"href":"https:\/\/www.pmpf.rs.gov.br\/secretaria-de-cidadania-e-assistencia-social\/wp-json\/wp\/v2\/posts"}],"about":[{"href":"https:\/\/www.pmpf.rs.gov.br\/secretaria-de-cidadania-e-assistencia-social\/wp-json\/wp\/v2\/types\/post"}],"author":[{"embeddable":true,"href":"https:\/\/www.pmpf.rs.gov.br\/secretaria-de-cidadania-e-assistencia-social\/wp-json\/wp\/v2\/users\/6"}],"replies":[{"embeddable":true,"href":"https:\/\/www.pmpf.rs.gov.br\/secretaria-de-cidadania-e-assistencia-social\/wp-json\/wp\/v2\/comments?post=1589"}],"version-history":[{"count":1,"href":"https:\/\/www.pmpf.rs.gov.br\/secretaria-de-cidadania-e-assistencia-social\/wp-json\/wp\/v2\/posts\/1589\/revisions"}],"predecessor-version":[{"id":1590,"href":"https:\/\/www.pmpf.rs.gov.br\/secretaria-de-cidadania-e-assistencia-social\/wp-json\/wp\/v2\/posts\/1589\/revisions\/1590"}],"wp:attachment":[{"href":"https:\/\/www.pmpf.rs.gov.br\/secretaria-de-cidadania-e-assistencia-social\/wp-json\/wp\/v2\/media?parent=1589"}],"wp:term":[{"taxonomy":"category","embeddable":true,"href":"https:\/\/www.pmpf.rs.gov.br\/secretaria-de-cidadania-e-assistencia-social\/wp-json\/wp\/v2\/categories?post=1589"},{"taxonomy":"post_tag","embeddable":true,"href":"https:\/\/www.pmpf.rs.gov.br\/secretaria-de-cidadania-e-assistencia-social\/wp-json\/wp\/v2\/tags?post=1589"}],"curies":[{"name":"wp","href":"https:\/\/api.w.org\/{rel}","templated":true}]}}