{"id":1583,"date":"2023-08-03T09:16:00","date_gmt":"2023-08-03T12:16:00","guid":{"rendered":"https:\/\/www.pmpf.rs.gov.br\/secretaria-de-cidadania-e-assistencia-social\/?p=1583"},"modified":"2023-08-03T09:20:40","modified_gmt":"2023-08-03T12:20:40","slug":"agenda-do-cras-itinerante","status":"publish","type":"post","link":"https:\/\/www.pmpf.rs.gov.br\/secretaria-de-cidadania-e-assistencia-social\/2023\/08\/03\/agenda-do-cras-itinerante\/","title":{"rendered":"Agenda do Cadastro \u00danico Itinerante"},"content":{"rendered":"\n<p><strong>A\u00c7\u00c3O COMUNIT\u00c1RIA<\/strong><\/p>\n\n\n\n<p><strong>CADASTRO \u00daNICO e CRAS 01<\/strong><\/p>\n\n\n\n<p><strong>BAIRRO PETR\u00d3POLIS<\/strong><\/p>\n\n\n\n<p>02 DE AGOSTO DE 2023<\/p>\n\n\n\n<p>QUARTA-FEIRA<\/p>\n\n\n\n<p>Em frente \u00e0 EMEI Jardim do Sol \u2013 MANH\u00c3<\/p>\n\n\n\n<p>Ocupa\u00e7\u00e3o Pinheirinho \u2013 TARDE<\/p>\n\n\n\n<p><\/p>\n\n\n\n<p>Voc\u00ea poder\u00e1:<\/p>\n\n\n\n<p>Das 9 h \u00e0s 11 h \u2013 Inclus\u00e3o e Atualiza\u00e7\u00e3o do Cadastro \u00danico e acompanhamento da condicionalidade da sa\u00fade (pesar e medir as crian\u00e7as).<\/p>\n\n\n\n<p>Das 14 h \u00e0s 16 h \u2013 Inclus\u00e3o e Atualiza\u00e7\u00e3o do Cadastro \u00danico e acompanhamento da condicionalidade da sa\u00fade (pesar e medir as crian\u00e7as); e receber orienta\u00e7\u00f5es sobre os servi\u00e7os do CRAS 01.<\/p>\n\n\n\n<p><strong>N\u00e3o esquecer a carteira de vacina\u00e7\u00e3o das crian\u00e7as<\/strong><\/p>\n\n\n\n<p><\/p>\n\n\n\n<p><strong>A\u00c7\u00c3O COMUNIT\u00c1RIA<\/strong><\/p>\n\n\n\n<p><strong>CADASTRO \u00daNICO e CRAS 03<\/strong><\/p>\n\n\n\n<p><strong>VILA CRUZEIRO<\/strong><\/p>\n\n\n\n<p>03 DE AGOSTO DE 2023<\/p>\n\n\n\n<p>QUINTA-FEIRA<\/p>\n\n\n\n<p>Em frente \u00e0 Escola Salom\u00e3o Iochpe<\/p>\n\n\n\n<p>Na Institui\u00e7\u00e3o M\u00c3OS AMIGAS<\/p>\n\n\n\n<p>Rua: Aquidabam, 625<\/p>\n\n\n\n<p><\/p>\n\n\n\n<p>Voc\u00ea poder\u00e1:<\/p>\n\n\n\n<p>Das 9 h \u00e0s 11h 30 \u2013 Inclus\u00e3o e Atualiza\u00e7\u00e3o do Cadastro \u00danico e acompanhamento da condicionalidade da sa\u00fade (pesar e medir as crian\u00e7as).<\/p>\n\n\n\n<p>Das 13 h 30 \u00e0s 16 h \u2013 Inclus\u00e3o e Atualiza\u00e7\u00e3o do Cadastro \u00danico e acompanhamento da condicionalidade da sa\u00fade (pesar e medir as crian\u00e7as); e receber orienta\u00e7\u00f5es sobre os servi\u00e7os do CRAS 03.<\/p>\n\n\n\n<p><strong>N\u00e3o esquecer a carteira de vacina\u00e7\u00e3o das crian\u00e7as<\/strong><\/p>\n\n\n\n<p><\/p>\n\n\n\n<p><\/p>\n\n\n\n<p><strong>A\u00c7\u00c3O COMUNIT\u00c1RIA<\/strong><\/p>\n\n\n\n<p><strong>CADASTRO \u00daNICO e CRAS 04<\/strong><\/p>\n\n\n\n<p><strong>SANTA MARTA\/DON\u00c1RIA<\/strong><\/p>\n\n\n\n<p>04 DE AGOSTO DE 2023<\/p>\n\n\n\n<p>SEXTA-FEIRA<\/p>\n\n\n\n<p>Em frente \u00e0 UBS Santa Marta\/Don\u00e1ria \u2013 MANH\u00c3 e TARDE<\/p>\n\n\n\n<p><\/p>\n\n\n\n<p>Voc\u00ea poder\u00e1:<\/p>\n\n\n\n<p>Das 9 h \u00e0s 11 h 30 \u2013 Inclus\u00e3o e Atualiza\u00e7\u00e3o do Cadastro \u00danico e acompanhamento da condicionalidade da sa\u00fade (pesar e medir as crian\u00e7as).<\/p>\n\n\n\n<p>Das 14 h \u00e0s 16 h \u2013 Inclus\u00e3o e Atualiza\u00e7\u00e3o do Cadastro \u00danico e acompanhamento da condicionalidade da sa\u00fade (pesar e medir as crian\u00e7as); e receber orienta\u00e7\u00f5es sobre os servi\u00e7os do CRAS 04.<\/p>\n\n\n\n<p><strong>N\u00e3o esquecer a carteira de vacina\u00e7\u00e3o das crian\u00e7as<\/strong><\/p>\n","protected":false},"excerpt":{"rendered":"<p>Saiba onde o Cadastro \u00danico Itinerante estar\u00e1 nesta semana<\/p>\n","protected":false},"author":6,"featured_media":0,"comment_status":"closed","ping_status":"closed","sticky":true,"template":"","format":"standard","meta":{"footnotes":""},"categories":[1],"tags":[],"class_list":["post-1583","post","type-post","status-publish","format-standard","hentry","category-sem-categoria"],"yoast_head":"<!-- This site is optimized with the Yoast SEO plugin v23.8 - https:\/\/yoast.com\/wordpress\/plugins\/seo\/ -->\n<title>Agenda do Cadastro \u00danico Itinerante - Secretaria de Cidadania e Assist\u00eancia Social<\/title>\n<meta name=\"robots\" content=\"index, follow, max-snippet:-1, max-image-preview:large, max-video-preview:-1\" \/>\n<link rel=\"canonical\" href=\"https:\/\/www.pmpf.rs.gov.br\/secretaria-de-cidadania-e-assistencia-social\/2023\/08\/03\/agenda-do-cras-itinerante\/\" \/>\n<meta property=\"og:locale\" content=\"pt_BR\" \/>\n<meta property=\"og:type\" content=\"article\" \/>\n<meta property=\"og:title\" content=\"Agenda do Cadastro \u00danico Itinerante - Secretaria de Cidadania e Assist\u00eancia Social\" \/>\n<meta property=\"og:description\" content=\"Saiba onde o Cadastro \u00danico Itinerante estar\u00e1 nesta semana\" \/>\n<meta property=\"og:url\" content=\"https:\/\/www.pmpf.rs.gov.br\/secretaria-de-cidadania-e-assistencia-social\/2023\/08\/03\/agenda-do-cras-itinerante\/\" \/>\n<meta property=\"og:site_name\" content=\"Secretaria de Cidadania e Assist\u00eancia Social\" \/>\n<meta property=\"article:published_time\" content=\"2023-08-03T12:16:00+00:00\" \/>\n<meta property=\"article:modified_time\" content=\"2023-08-03T12:20:40+00:00\" \/>\n<meta name=\"author\" content=\"andressazorzetto07\" \/>\n<meta name=\"twitter:card\" content=\"summary_large_image\" \/>\n<meta name=\"twitter:label1\" content=\"Escrito por\" \/>\n\t<meta name=\"twitter:data1\" content=\"andressazorzetto07\" \/>\n\t<meta name=\"twitter:label2\" content=\"Est. tempo de leitura\" \/>\n\t<meta name=\"twitter:data2\" content=\"1 minuto\" \/>\n<script type=\"application\/ld+json\" class=\"yoast-schema-graph\">{\"@context\":\"https:\/\/schema.org\",\"@graph\":[{\"@type\":\"WebPage\",\"@id\":\"https:\/\/www.pmpf.rs.gov.br\/secretaria-de-cidadania-e-assistencia-social\/2023\/08\/03\/agenda-do-cras-itinerante\/\",\"url\":\"https:\/\/www.pmpf.rs.gov.br\/secretaria-de-cidadania-e-assistencia-social\/2023\/08\/03\/agenda-do-cras-itinerante\/\",\"name\":\"Agenda do Cadastro \u00danico Itinerante - Secretaria de Cidadania e Assist\u00eancia Social\",\"isPartOf\":{\"@id\":\"https:\/\/www.pmpf.rs.gov.br\/secretaria-de-cidadania-e-assistencia-social\/#website\"},\"datePublished\":\"2023-08-03T12:16:00+00:00\",\"dateModified\":\"2023-08-03T12:20:40+00:00\",\"author\":{\"@id\":\"https:\/\/www.pmpf.rs.gov.br\/secretaria-de-cidadania-e-assistencia-social\/#\/schema\/person\/30ee1d1bd74da1469b01fcf086e43351\"},\"inLanguage\":\"pt-BR\",\"potentialAction\":[{\"@type\":\"ReadAction\",\"target\":[\"https:\/\/www.pmpf.rs.gov.br\/secretaria-de-cidadania-e-assistencia-social\/2023\/08\/03\/agenda-do-cras-itinerante\/\"]}]},{\"@type\":\"WebSite\",\"@id\":\"https:\/\/www.pmpf.rs.gov.br\/secretaria-de-cidadania-e-assistencia-social\/#website\",\"url\":\"https:\/\/www.pmpf.rs.gov.br\/secretaria-de-cidadania-e-assistencia-social\/\",\"name\":\"Secretaria de Cidadania e Assist\u00eancia Social\",\"description\":\"S\u00f3 mais um site Prefeitura de Passo Fundo\",\"potentialAction\":[{\"@type\":\"SearchAction\",\"target\":{\"@type\":\"EntryPoint\",\"urlTemplate\":\"https:\/\/www.pmpf.rs.gov.br\/secretaria-de-cidadania-e-assistencia-social\/?s={search_term_string}\"},\"query-input\":{\"@type\":\"PropertyValueSpecification\",\"valueRequired\":true,\"valueName\":\"search_term_string\"}}],\"inLanguage\":\"pt-BR\"},{\"@type\":\"Person\",\"@id\":\"https:\/\/www.pmpf.rs.gov.br\/secretaria-de-cidadania-e-assistencia-social\/#\/schema\/person\/30ee1d1bd74da1469b01fcf086e43351\",\"name\":\"andressazorzetto07\",\"image\":{\"@type\":\"ImageObject\",\"inLanguage\":\"pt-BR\",\"@id\":\"https:\/\/www.pmpf.rs.gov.br\/secretaria-de-cidadania-e-assistencia-social\/#\/schema\/person\/image\/\",\"url\":\"https:\/\/secure.gravatar.com\/avatar\/14c5458ed79dc81da99a13b9ff5f9f19?s=96&d=mm&r=g\",\"contentUrl\":\"https:\/\/secure.gravatar.com\/avatar\/14c5458ed79dc81da99a13b9ff5f9f19?s=96&d=mm&r=g\",\"caption\":\"andressazorzetto07\"},\"url\":\"https:\/\/www.pmpf.rs.gov.br\/secretaria-de-cidadania-e-assistencia-social\/author\/andressazorzetto07\/\"}]}<\/script>\n<!-- \/ Yoast SEO plugin. -->","yoast_head_json":{"title":"Agenda do Cadastro \u00danico Itinerante - Secretaria de Cidadania e Assist\u00eancia Social","robots":{"index":"index","follow":"follow","max-snippet":"max-snippet:-1","max-image-preview":"max-image-preview:large","max-video-preview":"max-video-preview:-1"},"canonical":"https:\/\/www.pmpf.rs.gov.br\/secretaria-de-cidadania-e-assistencia-social\/2023\/08\/03\/agenda-do-cras-itinerante\/","og_locale":"pt_BR","og_type":"article","og_title":"Agenda do Cadastro \u00danico Itinerante - Secretaria de Cidadania e Assist\u00eancia Social","og_description":"Saiba onde o Cadastro \u00danico Itinerante estar\u00e1 nesta semana","og_url":"https:\/\/www.pmpf.rs.gov.br\/secretaria-de-cidadania-e-assistencia-social\/2023\/08\/03\/agenda-do-cras-itinerante\/","og_site_name":"Secretaria de Cidadania e Assist\u00eancia Social","article_published_time":"2023-08-03T12:16:00+00:00","article_modified_time":"2023-08-03T12:20:40+00:00","author":"andressazorzetto07","twitter_card":"summary_large_image","twitter_misc":{"Escrito por":"andressazorzetto07","Est. tempo de leitura":"1 minuto"},"schema":{"@context":"https:\/\/schema.org","@graph":[{"@type":"WebPage","@id":"https:\/\/www.pmpf.rs.gov.br\/secretaria-de-cidadania-e-assistencia-social\/2023\/08\/03\/agenda-do-cras-itinerante\/","url":"https:\/\/www.pmpf.rs.gov.br\/secretaria-de-cidadania-e-assistencia-social\/2023\/08\/03\/agenda-do-cras-itinerante\/","name":"Agenda do Cadastro \u00danico Itinerante - Secretaria de Cidadania e Assist\u00eancia Social","isPartOf":{"@id":"https:\/\/www.pmpf.rs.gov.br\/secretaria-de-cidadania-e-assistencia-social\/#website"},"datePublished":"2023-08-03T12:16:00+00:00","dateModified":"2023-08-03T12:20:40+00:00","author":{"@id":"https:\/\/www.pmpf.rs.gov.br\/secretaria-de-cidadania-e-assistencia-social\/#\/schema\/person\/30ee1d1bd74da1469b01fcf086e43351"},"inLanguage":"pt-BR","potentialAction":[{"@type":"ReadAction","target":["https:\/\/www.pmpf.rs.gov.br\/secretaria-de-cidadania-e-assistencia-social\/2023\/08\/03\/agenda-do-cras-itinerante\/"]}]},{"@type":"WebSite","@id":"https:\/\/www.pmpf.rs.gov.br\/secretaria-de-cidadania-e-assistencia-social\/#website","url":"https:\/\/www.pmpf.rs.gov.br\/secretaria-de-cidadania-e-assistencia-social\/","name":"Secretaria de Cidadania e Assist\u00eancia Social","description":"S\u00f3 mais um site Prefeitura de Passo Fundo","potentialAction":[{"@type":"SearchAction","target":{"@type":"EntryPoint","urlTemplate":"https:\/\/www.pmpf.rs.gov.br\/secretaria-de-cidadania-e-assistencia-social\/?s={search_term_string}"},"query-input":{"@type":"PropertyValueSpecification","valueRequired":true,"valueName":"search_term_string"}}],"inLanguage":"pt-BR"},{"@type":"Person","@id":"https:\/\/www.pmpf.rs.gov.br\/secretaria-de-cidadania-e-assistencia-social\/#\/schema\/person\/30ee1d1bd74da1469b01fcf086e43351","name":"andressazorzetto07","image":{"@type":"ImageObject","inLanguage":"pt-BR","@id":"https:\/\/www.pmpf.rs.gov.br\/secretaria-de-cidadania-e-assistencia-social\/#\/schema\/person\/image\/","url":"https:\/\/secure.gravatar.com\/avatar\/14c5458ed79dc81da99a13b9ff5f9f19?s=96&d=mm&r=g","contentUrl":"https:\/\/secure.gravatar.com\/avatar\/14c5458ed79dc81da99a13b9ff5f9f19?s=96&d=mm&r=g","caption":"andressazorzetto07"},"url":"https:\/\/www.pmpf.rs.gov.br\/secretaria-de-cidadania-e-assistencia-social\/author\/andressazorzetto07\/"}]}},"_links":{"self":[{"href":"https:\/\/www.pmpf.rs.gov.br\/secretaria-de-cidadania-e-assistencia-social\/wp-json\/wp\/v2\/posts\/1583"}],"collection":[{"href":"https:\/\/www.pmpf.rs.gov.br\/secretaria-de-cidadania-e-assistencia-social\/wp-json\/wp\/v2\/posts"}],"about":[{"href":"https:\/\/www.pmpf.rs.gov.br\/secretaria-de-cidadania-e-assistencia-social\/wp-json\/wp\/v2\/types\/post"}],"author":[{"embeddable":true,"href":"https:\/\/www.pmpf.rs.gov.br\/secretaria-de-cidadania-e-assistencia-social\/wp-json\/wp\/v2\/users\/6"}],"replies":[{"embeddable":true,"href":"https:\/\/www.pmpf.rs.gov.br\/secretaria-de-cidadania-e-assistencia-social\/wp-json\/wp\/v2\/comments?post=1583"}],"version-history":[{"count":2,"href":"https:\/\/www.pmpf.rs.gov.br\/secretaria-de-cidadania-e-assistencia-social\/wp-json\/wp\/v2\/posts\/1583\/revisions"}],"predecessor-version":[{"id":1585,"href":"https:\/\/www.pmpf.rs.gov.br\/secretaria-de-cidadania-e-assistencia-social\/wp-json\/wp\/v2\/posts\/1583\/revisions\/1585"}],"wp:attachment":[{"href":"https:\/\/www.pmpf.rs.gov.br\/secretaria-de-cidadania-e-assistencia-social\/wp-json\/wp\/v2\/media?parent=1583"}],"wp:term":[{"taxonomy":"category","embeddable":true,"href":"https:\/\/www.pmpf.rs.gov.br\/secretaria-de-cidadania-e-assistencia-social\/wp-json\/wp\/v2\/categories?post=1583"},{"taxonomy":"post_tag","embeddable":true,"href":"https:\/\/www.pmpf.rs.gov.br\/secretaria-de-cidadania-e-assistencia-social\/wp-json\/wp\/v2\/tags?post=1583"}],"curies":[{"name":"wp","href":"https:\/\/api.w.org\/{rel}","templated":true}]}}