{"id":1580,"date":"2023-08-02T15:26:29","date_gmt":"2023-08-02T18:26:29","guid":{"rendered":"https:\/\/www.pmpf.rs.gov.br\/secretaria-de-cidadania-e-assistencia-social\/?p=1580"},"modified":"2023-08-02T15:26:30","modified_gmt":"2023-08-02T18:26:30","slug":"passo-fundo-adere-ao-pacto-nacional-pela-primeira-infancia","status":"publish","type":"post","link":"https:\/\/www.pmpf.rs.gov.br\/secretaria-de-cidadania-e-assistencia-social\/2023\/08\/02\/passo-fundo-adere-ao-pacto-nacional-pela-primeira-infancia\/","title":{"rendered":"Passo Fundo adere ao Pacto Nacional pela Primeira Inf\u00e2ncia"},"content":{"rendered":"\n<p><br><br>As a\u00e7\u00f5es para o fortalecimento da rede de assist\u00eancia e prote\u00e7\u00e3o \u00e0 crian\u00e7a e ao adolescente em Passo Fundo ser\u00e3o potencializadas e instrumentalizadas a partir da assinatura do Pacto pela Primeira Inf\u00e2ncia e Justi\u00e7a Restaurativa, ocorrida na manh\u00e3 desta quarta-feira (02), na Prefeitura. O documento estabelecendo a\u00e7\u00f5es e compromissos para a amplia\u00e7\u00e3o e qualifica\u00e7\u00e3o da rede socioassistencial para inf\u00e2ncia e juventude no munic\u00edpio foi assinado um dia ap\u00f3s a realiza\u00e7\u00e3o de um semin\u00e1rio, organizado pelo Tribunal de Justi\u00e7a do Estado do Rio Grande do Sul e pelo F\u00f3rum da Comarca de Passo Fundo, em que diferentes propostas e projetos nacionais foram detalhados ao p\u00fablico.<\/p>\n\n\n\n<p>De acordo com o prefeito, a Prefeitura de Passo Fundo, por meio da Secretaria Municipal de Cidadania e Assist\u00eancia Social, tem trabalhado fortemente ao lado do Poder Judici\u00e1rio para fomentar a\u00e7\u00f5es e programas que assegurem o cumprimento integral dos direitos das crian\u00e7as e adolescentes. \u201cEste Pacto Nacional pela Primeira Inf\u00e2ncia vem se somar \u00e0s atividades que a SEMCAS acompanha. \u00c9 um di\u00e1logo permanente entre o Munic\u00edpio, os \u00f3rg\u00e3os de prote\u00e7\u00e3o da inf\u00e2ncia e a sociedade civil objetivando a constru\u00e7\u00e3o de espa\u00e7os seguros e pol\u00edticas p\u00fablicas avan\u00e7adas\u201d, relatou Pedro.<\/p>\n\n\n\n<p>Criado em 2009 pelo Conselho Nacional de Justi\u00e7a (CNJ), o Pacto Nacional pela Primeira Inf\u00e2ncia \u00e9 operacionalizado pelos poderes judici\u00e1rios em cada Estado, sendo trabalhado com diretrizes e orienta\u00e7\u00f5es nacionais, respeitando as particularidades de cada regi\u00e3o. Em Passo Fundo, as medidas que podem ser adotadas e aquelas que j\u00e1 est\u00e3o em andamento foram discutidas ao longo do Semin\u00e1rio, que contou com a participa\u00e7\u00e3o de diversas lideran\u00e7as locais e estaduais ligadas \u00e0s entidades e institui\u00e7\u00f5es de prote\u00e7\u00e3o \u00e0 crian\u00e7a.<\/p>\n\n\n\n<p>Representando o Tribunal de Justi\u00e7a do Rio Grande do Sul, a Ouvidora da Mulher do TJRS, desembargadora Jane Maria K\u00f6hler Vidal, ressaltou a import\u00e2ncia dos temas abordados no encontro e destacou tamb\u00e9m o interesse do Munic\u00edpio em se somar \u00e0s iniciativas do Pacto. \u201cPrecisamos mudar as lentes e pensar coletivamente para oferecer oportunidades e op\u00e7\u00f5es para nossas crian\u00e7as. Precisamos da uni\u00e3o dos poderes p\u00fablicos e da sociedade civil organizada para que possamos pensar hoje, e fazer hoje, a\u00e7\u00f5es que mudem a realidade\u201d, disse ela.<\/p>\n\n\n\n<p>Para a titular da Vara da Inf\u00e2ncia e Juventude da Comarca de Passo Fundo, ju\u00edza de Direito, &nbsp;Lisiane Marques Pires Sasso, \u00e9 preciso uma atua\u00e7\u00e3o coletiva e aplica\u00e7\u00e3o de medidas necess\u00e1rias para a prote\u00e7\u00e3o da primeira inf\u00e2ncia. &#8220;Eventos como este atuam no fortalecimento e na implementa\u00e7\u00e3o da justi\u00e7a restaurativa como sistema de garantia da prote\u00e7\u00e3o da crian\u00e7a e do adolescente\u201d, frisou a coordenadora da atividade.<\/p>\n\n\n\n<p><strong>Fotos: Michel Sanderi<\/strong><\/p>\n","protected":false},"excerpt":{"rendered":"<p>Atrav\u00e9s da iniciativa, o Munic\u00edpio torna-se signat\u00e1rio de uma s\u00e9rie de a\u00e7\u00f5es e medidas trabalhadas com o objetivo de qualificar a rede socioassistencial para a inf\u00e2ncia e juventude em Passo Fundo<\/p>\n","protected":false},"author":6,"featured_media":1581,"comment_status":"closed","ping_status":"closed","sticky":true,"template":"","format":"standard","meta":{"footnotes":""},"categories":[1],"tags":[],"class_list":["post-1580","post","type-post","status-publish","format-standard","has-post-thumbnail","hentry","category-sem-categoria"],"yoast_head":"<!-- This site is optimized with the Yoast SEO plugin v23.8 - https:\/\/yoast.com\/wordpress\/plugins\/seo\/ -->\n<title>Passo Fundo adere ao Pacto Nacional pela Primeira Inf\u00e2ncia - Secretaria de Cidadania e Assist\u00eancia Social<\/title>\n<meta name=\"robots\" content=\"index, follow, max-snippet:-1, max-image-preview:large, max-video-preview:-1\" \/>\n<link rel=\"canonical\" href=\"https:\/\/www.pmpf.rs.gov.br\/secretaria-de-cidadania-e-assistencia-social\/2023\/08\/02\/passo-fundo-adere-ao-pacto-nacional-pela-primeira-infancia\/\" \/>\n<meta property=\"og:locale\" content=\"pt_BR\" \/>\n<meta property=\"og:type\" content=\"article\" \/>\n<meta property=\"og:title\" content=\"Passo Fundo adere ao Pacto Nacional pela Primeira Inf\u00e2ncia - Secretaria de Cidadania e Assist\u00eancia Social\" \/>\n<meta property=\"og:description\" content=\"Atrav\u00e9s da iniciativa, o Munic\u00edpio torna-se signat\u00e1rio de uma s\u00e9rie de a\u00e7\u00f5es e medidas trabalhadas com o objetivo de qualificar a rede socioassistencial para a inf\u00e2ncia e juventude em Passo Fundo\" \/>\n<meta property=\"og:url\" content=\"https:\/\/www.pmpf.rs.gov.br\/secretaria-de-cidadania-e-assistencia-social\/2023\/08\/02\/passo-fundo-adere-ao-pacto-nacional-pela-primeira-infancia\/\" \/>\n<meta property=\"og:site_name\" content=\"Secretaria de Cidadania e Assist\u00eancia Social\" \/>\n<meta property=\"article:published_time\" content=\"2023-08-02T18:26:29+00:00\" \/>\n<meta property=\"article:modified_time\" content=\"2023-08-02T18:26:30+00:00\" \/>\n<meta name=\"author\" content=\"andressazorzetto07\" \/>\n<meta name=\"twitter:card\" content=\"summary_large_image\" \/>\n<meta name=\"twitter:label1\" content=\"Escrito por\" \/>\n\t<meta name=\"twitter:data1\" content=\"andressazorzetto07\" \/>\n\t<meta name=\"twitter:label2\" content=\"Est. tempo de leitura\" \/>\n\t<meta name=\"twitter:data2\" content=\"2 minutos\" \/>\n<script type=\"application\/ld+json\" class=\"yoast-schema-graph\">{\"@context\":\"https:\/\/schema.org\",\"@graph\":[{\"@type\":\"WebPage\",\"@id\":\"https:\/\/www.pmpf.rs.gov.br\/secretaria-de-cidadania-e-assistencia-social\/2023\/08\/02\/passo-fundo-adere-ao-pacto-nacional-pela-primeira-infancia\/\",\"url\":\"https:\/\/www.pmpf.rs.gov.br\/secretaria-de-cidadania-e-assistencia-social\/2023\/08\/02\/passo-fundo-adere-ao-pacto-nacional-pela-primeira-infancia\/\",\"name\":\"Passo Fundo adere ao Pacto Nacional pela Primeira Inf\u00e2ncia - Secretaria de Cidadania e Assist\u00eancia Social\",\"isPartOf\":{\"@id\":\"https:\/\/www.pmpf.rs.gov.br\/secretaria-de-cidadania-e-assistencia-social\/#website\"},\"primaryImageOfPage\":{\"@id\":\"https:\/\/www.pmpf.rs.gov.br\/secretaria-de-cidadania-e-assistencia-social\/2023\/08\/02\/passo-fundo-adere-ao-pacto-nacional-pela-primeira-infancia\/#primaryimage\"},\"image\":{\"@id\":\"https:\/\/www.pmpf.rs.gov.br\/secretaria-de-cidadania-e-assistencia-social\/2023\/08\/02\/passo-fundo-adere-ao-pacto-nacional-pela-primeira-infancia\/#primaryimage\"},\"thumbnailUrl\":\"https:\/\/www.pmpf.rs.gov.br\/secretaria-de-cidadania-e-assistencia-social\/wp-content\/uploads\/sites\/24\/2023\/08\/pacto-pela-infancia-2.jpg\",\"datePublished\":\"2023-08-02T18:26:29+00:00\",\"dateModified\":\"2023-08-02T18:26:30+00:00\",\"author\":{\"@id\":\"https:\/\/www.pmpf.rs.gov.br\/secretaria-de-cidadania-e-assistencia-social\/#\/schema\/person\/30ee1d1bd74da1469b01fcf086e43351\"},\"inLanguage\":\"pt-BR\",\"potentialAction\":[{\"@type\":\"ReadAction\",\"target\":[\"https:\/\/www.pmpf.rs.gov.br\/secretaria-de-cidadania-e-assistencia-social\/2023\/08\/02\/passo-fundo-adere-ao-pacto-nacional-pela-primeira-infancia\/\"]}]},{\"@type\":\"ImageObject\",\"inLanguage\":\"pt-BR\",\"@id\":\"https:\/\/www.pmpf.rs.gov.br\/secretaria-de-cidadania-e-assistencia-social\/2023\/08\/02\/passo-fundo-adere-ao-pacto-nacional-pela-primeira-infancia\/#primaryimage\",\"url\":\"https:\/\/www.pmpf.rs.gov.br\/secretaria-de-cidadania-e-assistencia-social\/wp-content\/uploads\/sites\/24\/2023\/08\/pacto-pela-infancia-2.jpg\",\"contentUrl\":\"https:\/\/www.pmpf.rs.gov.br\/secretaria-de-cidadania-e-assistencia-social\/wp-content\/uploads\/sites\/24\/2023\/08\/pacto-pela-infancia-2.jpg\",\"width\":1600,\"height\":1066},{\"@type\":\"WebSite\",\"@id\":\"https:\/\/www.pmpf.rs.gov.br\/secretaria-de-cidadania-e-assistencia-social\/#website\",\"url\":\"https:\/\/www.pmpf.rs.gov.br\/secretaria-de-cidadania-e-assistencia-social\/\",\"name\":\"Secretaria de Cidadania e Assist\u00eancia Social\",\"description\":\"S\u00f3 mais um site Prefeitura de Passo Fundo\",\"potentialAction\":[{\"@type\":\"SearchAction\",\"target\":{\"@type\":\"EntryPoint\",\"urlTemplate\":\"https:\/\/www.pmpf.rs.gov.br\/secretaria-de-cidadania-e-assistencia-social\/?s={search_term_string}\"},\"query-input\":{\"@type\":\"PropertyValueSpecification\",\"valueRequired\":true,\"valueName\":\"search_term_string\"}}],\"inLanguage\":\"pt-BR\"},{\"@type\":\"Person\",\"@id\":\"https:\/\/www.pmpf.rs.gov.br\/secretaria-de-cidadania-e-assistencia-social\/#\/schema\/person\/30ee1d1bd74da1469b01fcf086e43351\",\"name\":\"andressazorzetto07\",\"image\":{\"@type\":\"ImageObject\",\"inLanguage\":\"pt-BR\",\"@id\":\"https:\/\/www.pmpf.rs.gov.br\/secretaria-de-cidadania-e-assistencia-social\/#\/schema\/person\/image\/\",\"url\":\"https:\/\/secure.gravatar.com\/avatar\/14c5458ed79dc81da99a13b9ff5f9f19?s=96&d=mm&r=g\",\"contentUrl\":\"https:\/\/secure.gravatar.com\/avatar\/14c5458ed79dc81da99a13b9ff5f9f19?s=96&d=mm&r=g\",\"caption\":\"andressazorzetto07\"},\"url\":\"https:\/\/www.pmpf.rs.gov.br\/secretaria-de-cidadania-e-assistencia-social\/author\/andressazorzetto07\/\"}]}<\/script>\n<!-- \/ Yoast SEO plugin. -->","yoast_head_json":{"title":"Passo Fundo adere ao Pacto Nacional pela Primeira Inf\u00e2ncia - Secretaria de Cidadania e Assist\u00eancia Social","robots":{"index":"index","follow":"follow","max-snippet":"max-snippet:-1","max-image-preview":"max-image-preview:large","max-video-preview":"max-video-preview:-1"},"canonical":"https:\/\/www.pmpf.rs.gov.br\/secretaria-de-cidadania-e-assistencia-social\/2023\/08\/02\/passo-fundo-adere-ao-pacto-nacional-pela-primeira-infancia\/","og_locale":"pt_BR","og_type":"article","og_title":"Passo Fundo adere ao Pacto Nacional pela Primeira Inf\u00e2ncia - Secretaria de Cidadania e Assist\u00eancia Social","og_description":"Atrav\u00e9s da iniciativa, o Munic\u00edpio torna-se signat\u00e1rio de uma s\u00e9rie de a\u00e7\u00f5es e medidas trabalhadas com o objetivo de qualificar a rede socioassistencial para a inf\u00e2ncia e juventude em Passo Fundo","og_url":"https:\/\/www.pmpf.rs.gov.br\/secretaria-de-cidadania-e-assistencia-social\/2023\/08\/02\/passo-fundo-adere-ao-pacto-nacional-pela-primeira-infancia\/","og_site_name":"Secretaria de Cidadania e Assist\u00eancia Social","article_published_time":"2023-08-02T18:26:29+00:00","article_modified_time":"2023-08-02T18:26:30+00:00","author":"andressazorzetto07","twitter_card":"summary_large_image","twitter_misc":{"Escrito por":"andressazorzetto07","Est. tempo de leitura":"2 minutos"},"schema":{"@context":"https:\/\/schema.org","@graph":[{"@type":"WebPage","@id":"https:\/\/www.pmpf.rs.gov.br\/secretaria-de-cidadania-e-assistencia-social\/2023\/08\/02\/passo-fundo-adere-ao-pacto-nacional-pela-primeira-infancia\/","url":"https:\/\/www.pmpf.rs.gov.br\/secretaria-de-cidadania-e-assistencia-social\/2023\/08\/02\/passo-fundo-adere-ao-pacto-nacional-pela-primeira-infancia\/","name":"Passo Fundo adere ao Pacto Nacional pela Primeira Inf\u00e2ncia - Secretaria de Cidadania e Assist\u00eancia Social","isPartOf":{"@id":"https:\/\/www.pmpf.rs.gov.br\/secretaria-de-cidadania-e-assistencia-social\/#website"},"primaryImageOfPage":{"@id":"https:\/\/www.pmpf.rs.gov.br\/secretaria-de-cidadania-e-assistencia-social\/2023\/08\/02\/passo-fundo-adere-ao-pacto-nacional-pela-primeira-infancia\/#primaryimage"},"image":{"@id":"https:\/\/www.pmpf.rs.gov.br\/secretaria-de-cidadania-e-assistencia-social\/2023\/08\/02\/passo-fundo-adere-ao-pacto-nacional-pela-primeira-infancia\/#primaryimage"},"thumbnailUrl":"https:\/\/www.pmpf.rs.gov.br\/secretaria-de-cidadania-e-assistencia-social\/wp-content\/uploads\/sites\/24\/2023\/08\/pacto-pela-infancia-2.jpg","datePublished":"2023-08-02T18:26:29+00:00","dateModified":"2023-08-02T18:26:30+00:00","author":{"@id":"https:\/\/www.pmpf.rs.gov.br\/secretaria-de-cidadania-e-assistencia-social\/#\/schema\/person\/30ee1d1bd74da1469b01fcf086e43351"},"inLanguage":"pt-BR","potentialAction":[{"@type":"ReadAction","target":["https:\/\/www.pmpf.rs.gov.br\/secretaria-de-cidadania-e-assistencia-social\/2023\/08\/02\/passo-fundo-adere-ao-pacto-nacional-pela-primeira-infancia\/"]}]},{"@type":"ImageObject","inLanguage":"pt-BR","@id":"https:\/\/www.pmpf.rs.gov.br\/secretaria-de-cidadania-e-assistencia-social\/2023\/08\/02\/passo-fundo-adere-ao-pacto-nacional-pela-primeira-infancia\/#primaryimage","url":"https:\/\/www.pmpf.rs.gov.br\/secretaria-de-cidadania-e-assistencia-social\/wp-content\/uploads\/sites\/24\/2023\/08\/pacto-pela-infancia-2.jpg","contentUrl":"https:\/\/www.pmpf.rs.gov.br\/secretaria-de-cidadania-e-assistencia-social\/wp-content\/uploads\/sites\/24\/2023\/08\/pacto-pela-infancia-2.jpg","width":1600,"height":1066},{"@type":"WebSite","@id":"https:\/\/www.pmpf.rs.gov.br\/secretaria-de-cidadania-e-assistencia-social\/#website","url":"https:\/\/www.pmpf.rs.gov.br\/secretaria-de-cidadania-e-assistencia-social\/","name":"Secretaria de Cidadania e Assist\u00eancia Social","description":"S\u00f3 mais um site Prefeitura de Passo Fundo","potentialAction":[{"@type":"SearchAction","target":{"@type":"EntryPoint","urlTemplate":"https:\/\/www.pmpf.rs.gov.br\/secretaria-de-cidadania-e-assistencia-social\/?s={search_term_string}"},"query-input":{"@type":"PropertyValueSpecification","valueRequired":true,"valueName":"search_term_string"}}],"inLanguage":"pt-BR"},{"@type":"Person","@id":"https:\/\/www.pmpf.rs.gov.br\/secretaria-de-cidadania-e-assistencia-social\/#\/schema\/person\/30ee1d1bd74da1469b01fcf086e43351","name":"andressazorzetto07","image":{"@type":"ImageObject","inLanguage":"pt-BR","@id":"https:\/\/www.pmpf.rs.gov.br\/secretaria-de-cidadania-e-assistencia-social\/#\/schema\/person\/image\/","url":"https:\/\/secure.gravatar.com\/avatar\/14c5458ed79dc81da99a13b9ff5f9f19?s=96&d=mm&r=g","contentUrl":"https:\/\/secure.gravatar.com\/avatar\/14c5458ed79dc81da99a13b9ff5f9f19?s=96&d=mm&r=g","caption":"andressazorzetto07"},"url":"https:\/\/www.pmpf.rs.gov.br\/secretaria-de-cidadania-e-assistencia-social\/author\/andressazorzetto07\/"}]}},"_links":{"self":[{"href":"https:\/\/www.pmpf.rs.gov.br\/secretaria-de-cidadania-e-assistencia-social\/wp-json\/wp\/v2\/posts\/1580"}],"collection":[{"href":"https:\/\/www.pmpf.rs.gov.br\/secretaria-de-cidadania-e-assistencia-social\/wp-json\/wp\/v2\/posts"}],"about":[{"href":"https:\/\/www.pmpf.rs.gov.br\/secretaria-de-cidadania-e-assistencia-social\/wp-json\/wp\/v2\/types\/post"}],"author":[{"embeddable":true,"href":"https:\/\/www.pmpf.rs.gov.br\/secretaria-de-cidadania-e-assistencia-social\/wp-json\/wp\/v2\/users\/6"}],"replies":[{"embeddable":true,"href":"https:\/\/www.pmpf.rs.gov.br\/secretaria-de-cidadania-e-assistencia-social\/wp-json\/wp\/v2\/comments?post=1580"}],"version-history":[{"count":1,"href":"https:\/\/www.pmpf.rs.gov.br\/secretaria-de-cidadania-e-assistencia-social\/wp-json\/wp\/v2\/posts\/1580\/revisions"}],"predecessor-version":[{"id":1582,"href":"https:\/\/www.pmpf.rs.gov.br\/secretaria-de-cidadania-e-assistencia-social\/wp-json\/wp\/v2\/posts\/1580\/revisions\/1582"}],"wp:featuredmedia":[{"embeddable":true,"href":"https:\/\/www.pmpf.rs.gov.br\/secretaria-de-cidadania-e-assistencia-social\/wp-json\/wp\/v2\/media\/1581"}],"wp:attachment":[{"href":"https:\/\/www.pmpf.rs.gov.br\/secretaria-de-cidadania-e-assistencia-social\/wp-json\/wp\/v2\/media?parent=1580"}],"wp:term":[{"taxonomy":"category","embeddable":true,"href":"https:\/\/www.pmpf.rs.gov.br\/secretaria-de-cidadania-e-assistencia-social\/wp-json\/wp\/v2\/categories?post=1580"},{"taxonomy":"post_tag","embeddable":true,"href":"https:\/\/www.pmpf.rs.gov.br\/secretaria-de-cidadania-e-assistencia-social\/wp-json\/wp\/v2\/tags?post=1580"}],"curies":[{"name":"wp","href":"https:\/\/api.w.org\/{rel}","templated":true}]}}