{"id":1577,"date":"2023-08-02T11:18:17","date_gmt":"2023-08-02T14:18:17","guid":{"rendered":"https:\/\/www.pmpf.rs.gov.br\/secretaria-de-cidadania-e-assistencia-social\/?p=1577"},"modified":"2023-08-02T11:18:23","modified_gmt":"2023-08-02T14:18:23","slug":"prefeitura-busca-ampliar-o-numero-de-familias-acolhedoras","status":"publish","type":"post","link":"https:\/\/www.pmpf.rs.gov.br\/secretaria-de-cidadania-e-assistencia-social\/2023\/08\/02\/prefeitura-busca-ampliar-o-numero-de-familias-acolhedoras\/","title":{"rendered":"Prefeitura busca ampliar o n\u00famero de fam\u00edlias acolhedoras"},"content":{"rendered":"\n<p><\/p>\n\n\n\n<p><\/p>\n\n\n\n<p>O programa Fam\u00edlia Acolhedora foi implementado pelo Munic\u00edpio em 2013 como uma alternativa de reordena\u00e7\u00e3o do servi\u00e7o de acolhimento de crian\u00e7as e adolescentes. A fim de ampliar o n\u00famero de fam\u00edlias inscritas, nesta quarta-feira (02), a Prefeitura iniciou uma mobiliza\u00e7\u00e3o com o relan\u00e7amento da iniciativa, que ter\u00e1 um investimento maior.<\/p>\n\n\n\n<p>De acordo com o prefeito Pedro Almeida, o Munic\u00edpio busca potencializar o programa e reduzir o acolhimento institucional. \u201cA preocupa\u00e7\u00e3o do munic\u00edpio \u00e9 com o acolhimento e o atendimento das crian\u00e7as retiradas de seus n\u00facleos familiares de origem, e este projeto de assist\u00eancia social tem um impacto direto e positivo na vida das crian\u00e7as. O programa Fam\u00edlia Acolhedora promove uma pol\u00edtica p\u00fablica de acolhimento e, mais que isso, permite que fam\u00edlias recebam essas crian\u00e7as e possam cuidar delas. \u00c9 um trabalho, eu diria, de entrega, de amor e que transforma. Chegamos a ter quatro casas de acolhimento institucionais e, hoje, temos apenas duas, o que mostra que estamos conseguindo atingir essas metas\u201d, disse.<\/p>\n\n\n\n<p>O secret\u00e1rio de Cidadania e Assist\u00eancia Social, Rafael Bortoluzzi, considerou que o programa ter\u00e1 altera\u00e7\u00f5es na estrutura com o objetivo de que Passo Fundo ultrapasse 20 fam\u00edlias acolhedoras, disponibilizando um subs\u00eddio financeiro mais elevado. \u201cO Munic\u00edpio fornecer\u00e1 um sal\u00e1rio e meio \u00e0s fam\u00edlias para garantir os cuidados das crian\u00e7as acolhidas para que mais fam\u00edlias tenham a possibilidade de receb\u00ea-las e dois sal\u00e1rios para os casos de crian\u00e7as com defici\u00eancia. Quando falamos em fam\u00edlias acolhedoras, precisamos lembrar que elas est\u00e3o inseridas nos projetos sociais do Munic\u00edpio e as crian\u00e7as est\u00e3o sendo atendidas pelos t\u00e9cnicos da nossa secretaria para que tenham uma oportunidade de sair do estado de vulnerabilidade em que se encontram\u201d, mencionou.<\/p>\n\n\n\n<p>A secret\u00e1ria-adjunta da pasta, Elenir Chapuis, destacou que o programa \u00e9 um compartilhamento de responsabilidades para garantir a prote\u00e7\u00e3o de direitos das crian\u00e7as e adolescentes. \u201cAs fam\u00edlias oferecem cuidado, afeto e amor, durante esse per\u00edodo em que est\u00e3o em acolhimento. Ent\u00e3o, ao inv\u00e9s de elas irem para as casas de acolhimento, ficam sendo cuidadas pelas fam\u00edlias. O Munic\u00edpio faz esse investimento, repassando um subs\u00eddio para que as fam\u00edlias possam atender \u00e0s necessidades das crian\u00e7as, possam proporcionar um ambiente adequado para o cuidado protetivo enquanto elas aguardam a defini\u00e7\u00e3o do seu processo judicial\u201d, destacou.<\/p>\n\n\n\n<p>O promotor da Inf\u00e2ncia e Adolesc\u00eancia de Passo Fundo, Jo\u00e3o Paulo Bittencourt Cardozo, enalteceu os esfor\u00e7os do Munic\u00edpio para ampliar o n\u00famero de fam\u00edlias acolhedoras. \u201cEncontrar fam\u00edlias \u00e9 um desafio. N\u00e3o tem outro munic\u00edpio que pague tanto como Passo Fundo para as fam\u00edlias. Se tivermos 20 fam\u00edlias para dar para as crian\u00e7as o que elas precisam para o desenvolvimento cerebral, pessoal e social neste per\u00edodo crucial das suas vidas, ser\u00e1 uma grande conquista para a cidade\u201d, ponderou.<br><br><\/p>\n\n\n\n<p><strong>Exemplo de amor<\/strong><\/p>\n\n\n\n<p>O relan\u00e7amento do programa contou com a participa\u00e7\u00e3o de uma das fam\u00edlias acolhedoras de Passo Fundo. Angelita e Paulo Alceri Sutili compartilharam a experi\u00eancia que tiveram. \u201cSempre tivemos um esp\u00edrito de colaborar e ajudar. Essa era uma atitude que traz\u00edamos no cora\u00e7\u00e3o h\u00e1 muito tempo e que foi feita com muito amor. Temos dois filhos adultos e revivemos o tempo de quando eram pequenos. A beb\u00ea foi nossa filha e a tratamos com muito amor, sem nenhuma diferen\u00e7a, para que ela se sentisse amada e segura. Foi uma experi\u00eancia muito boa, que pretendemos fazer novamente\u201d, contou ela.<\/p>\n\n\n\n<p>Al\u00e9m de fam\u00edlia acolhedora, Angelita e Paulo foram escolhidos para serem padrinhos da menina que acolheram de forma tempor\u00e1ria. Eles seguir\u00e3o presentes em sua vida. \u201cPara as fam\u00edlias que est\u00e3o pensando em fazer, tenham coragem. \u00c9 poss\u00edvel fazer\u201d, enfatizou ele.<\/p>\n\n\n\n<p><\/p>\n\n\n\n<p><strong>Quer conhecer o programa Fam\u00edlia Acolhedora<\/strong><\/p>\n\n\n\n<p>Se voc\u00ea tem interesse em saber mais sobre o programa Fam\u00edlia Acolhedora, a Secretaria de Cidadania e Assist\u00eancia Social est\u00e1 dispon\u00edvel para auxiliar, explicando o funcionamento, crit\u00e9rios para participa\u00e7\u00e3o, documenta\u00e7\u00e3o, entre outros pontos. \u201cBasta buscar a secretaria, que n\u00f3s temos um setor pr\u00f3prio para fornecer todas as informa\u00e7\u00f5es necess\u00e1rias\u201d, pontuou Bortoluzzi.<\/p>\n\n\n\n<p>A Secretaria de Cidadania e Assist\u00eancia Social fica na Rua Morom, 2022, Centro. O telefone para contato \u00e9 o (54) 3312-3070.<br><br><br><strong>Fotos: Michel Sanderi<\/strong><\/p>\n","protected":false},"excerpt":{"rendered":"<p>Relan\u00e7ado nesta quarta-feira (02), o programa tem como objetivo reduzir o acolhimento institucional de crian\u00e7as e adolescentes, permitindo que eles sejam cuidados e protegidos por fam\u00edlias. A meta \u00e9 ultrapassar 20 fam\u00edlias inscritas<\/p>\n","protected":false},"author":6,"featured_media":1578,"comment_status":"closed","ping_status":"closed","sticky":true,"template":"","format":"standard","meta":{"footnotes":""},"categories":[1],"tags":[],"class_list":["post-1577","post","type-post","status-publish","format-standard","has-post-thumbnail","hentry","category-sem-categoria"],"yoast_head":"<!-- This site is optimized with the Yoast SEO plugin v23.8 - https:\/\/yoast.com\/wordpress\/plugins\/seo\/ -->\n<title>Prefeitura busca ampliar o n\u00famero de fam\u00edlias acolhedoras - Secretaria de Cidadania e Assist\u00eancia Social<\/title>\n<meta name=\"robots\" content=\"index, follow, max-snippet:-1, max-image-preview:large, max-video-preview:-1\" \/>\n<link rel=\"canonical\" href=\"https:\/\/www.pmpf.rs.gov.br\/secretaria-de-cidadania-e-assistencia-social\/2023\/08\/02\/prefeitura-busca-ampliar-o-numero-de-familias-acolhedoras\/\" \/>\n<meta property=\"og:locale\" content=\"pt_BR\" \/>\n<meta property=\"og:type\" content=\"article\" \/>\n<meta property=\"og:title\" content=\"Prefeitura busca ampliar o n\u00famero de fam\u00edlias acolhedoras - Secretaria de Cidadania e Assist\u00eancia Social\" \/>\n<meta property=\"og:description\" content=\"Relan\u00e7ado nesta quarta-feira (02), o programa tem como objetivo reduzir o acolhimento institucional de crian\u00e7as e adolescentes, permitindo que eles sejam cuidados e protegidos por fam\u00edlias. A meta \u00e9 ultrapassar 20 fam\u00edlias inscritas\" \/>\n<meta property=\"og:url\" content=\"https:\/\/www.pmpf.rs.gov.br\/secretaria-de-cidadania-e-assistencia-social\/2023\/08\/02\/prefeitura-busca-ampliar-o-numero-de-familias-acolhedoras\/\" \/>\n<meta property=\"og:site_name\" content=\"Secretaria de Cidadania e Assist\u00eancia Social\" \/>\n<meta property=\"article:published_time\" content=\"2023-08-02T14:18:17+00:00\" \/>\n<meta property=\"article:modified_time\" content=\"2023-08-02T14:18:23+00:00\" \/>\n<meta name=\"author\" content=\"andressazorzetto07\" \/>\n<meta name=\"twitter:card\" content=\"summary_large_image\" \/>\n<meta name=\"twitter:label1\" content=\"Escrito por\" \/>\n\t<meta name=\"twitter:data1\" content=\"andressazorzetto07\" \/>\n\t<meta name=\"twitter:label2\" content=\"Est. tempo de leitura\" \/>\n\t<meta name=\"twitter:data2\" content=\"4 minutos\" \/>\n<script type=\"application\/ld+json\" class=\"yoast-schema-graph\">{\"@context\":\"https:\/\/schema.org\",\"@graph\":[{\"@type\":\"WebPage\",\"@id\":\"https:\/\/www.pmpf.rs.gov.br\/secretaria-de-cidadania-e-assistencia-social\/2023\/08\/02\/prefeitura-busca-ampliar-o-numero-de-familias-acolhedoras\/\",\"url\":\"https:\/\/www.pmpf.rs.gov.br\/secretaria-de-cidadania-e-assistencia-social\/2023\/08\/02\/prefeitura-busca-ampliar-o-numero-de-familias-acolhedoras\/\",\"name\":\"Prefeitura busca ampliar o n\u00famero de fam\u00edlias acolhedoras - Secretaria de Cidadania e Assist\u00eancia Social\",\"isPartOf\":{\"@id\":\"https:\/\/www.pmpf.rs.gov.br\/secretaria-de-cidadania-e-assistencia-social\/#website\"},\"primaryImageOfPage\":{\"@id\":\"https:\/\/www.pmpf.rs.gov.br\/secretaria-de-cidadania-e-assistencia-social\/2023\/08\/02\/prefeitura-busca-ampliar-o-numero-de-familias-acolhedoras\/#primaryimage\"},\"image\":{\"@id\":\"https:\/\/www.pmpf.rs.gov.br\/secretaria-de-cidadania-e-assistencia-social\/2023\/08\/02\/prefeitura-busca-ampliar-o-numero-de-familias-acolhedoras\/#primaryimage\"},\"thumbnailUrl\":\"https:\/\/www.pmpf.rs.gov.br\/secretaria-de-cidadania-e-assistencia-social\/wp-content\/uploads\/sites\/24\/2023\/08\/acolhedora-2.jpg\",\"datePublished\":\"2023-08-02T14:18:17+00:00\",\"dateModified\":\"2023-08-02T14:18:23+00:00\",\"author\":{\"@id\":\"https:\/\/www.pmpf.rs.gov.br\/secretaria-de-cidadania-e-assistencia-social\/#\/schema\/person\/30ee1d1bd74da1469b01fcf086e43351\"},\"inLanguage\":\"pt-BR\",\"potentialAction\":[{\"@type\":\"ReadAction\",\"target\":[\"https:\/\/www.pmpf.rs.gov.br\/secretaria-de-cidadania-e-assistencia-social\/2023\/08\/02\/prefeitura-busca-ampliar-o-numero-de-familias-acolhedoras\/\"]}]},{\"@type\":\"ImageObject\",\"inLanguage\":\"pt-BR\",\"@id\":\"https:\/\/www.pmpf.rs.gov.br\/secretaria-de-cidadania-e-assistencia-social\/2023\/08\/02\/prefeitura-busca-ampliar-o-numero-de-familias-acolhedoras\/#primaryimage\",\"url\":\"https:\/\/www.pmpf.rs.gov.br\/secretaria-de-cidadania-e-assistencia-social\/wp-content\/uploads\/sites\/24\/2023\/08\/acolhedora-2.jpg\",\"contentUrl\":\"https:\/\/www.pmpf.rs.gov.br\/secretaria-de-cidadania-e-assistencia-social\/wp-content\/uploads\/sites\/24\/2023\/08\/acolhedora-2.jpg\",\"width\":1600,\"height\":1066},{\"@type\":\"WebSite\",\"@id\":\"https:\/\/www.pmpf.rs.gov.br\/secretaria-de-cidadania-e-assistencia-social\/#website\",\"url\":\"https:\/\/www.pmpf.rs.gov.br\/secretaria-de-cidadania-e-assistencia-social\/\",\"name\":\"Secretaria de Cidadania e Assist\u00eancia Social\",\"description\":\"S\u00f3 mais um site Prefeitura de Passo Fundo\",\"potentialAction\":[{\"@type\":\"SearchAction\",\"target\":{\"@type\":\"EntryPoint\",\"urlTemplate\":\"https:\/\/www.pmpf.rs.gov.br\/secretaria-de-cidadania-e-assistencia-social\/?s={search_term_string}\"},\"query-input\":{\"@type\":\"PropertyValueSpecification\",\"valueRequired\":true,\"valueName\":\"search_term_string\"}}],\"inLanguage\":\"pt-BR\"},{\"@type\":\"Person\",\"@id\":\"https:\/\/www.pmpf.rs.gov.br\/secretaria-de-cidadania-e-assistencia-social\/#\/schema\/person\/30ee1d1bd74da1469b01fcf086e43351\",\"name\":\"andressazorzetto07\",\"image\":{\"@type\":\"ImageObject\",\"inLanguage\":\"pt-BR\",\"@id\":\"https:\/\/www.pmpf.rs.gov.br\/secretaria-de-cidadania-e-assistencia-social\/#\/schema\/person\/image\/\",\"url\":\"https:\/\/secure.gravatar.com\/avatar\/14c5458ed79dc81da99a13b9ff5f9f19?s=96&d=mm&r=g\",\"contentUrl\":\"https:\/\/secure.gravatar.com\/avatar\/14c5458ed79dc81da99a13b9ff5f9f19?s=96&d=mm&r=g\",\"caption\":\"andressazorzetto07\"},\"url\":\"https:\/\/www.pmpf.rs.gov.br\/secretaria-de-cidadania-e-assistencia-social\/author\/andressazorzetto07\/\"}]}<\/script>\n<!-- \/ Yoast SEO plugin. -->","yoast_head_json":{"title":"Prefeitura busca ampliar o n\u00famero de fam\u00edlias acolhedoras - Secretaria de Cidadania e Assist\u00eancia Social","robots":{"index":"index","follow":"follow","max-snippet":"max-snippet:-1","max-image-preview":"max-image-preview:large","max-video-preview":"max-video-preview:-1"},"canonical":"https:\/\/www.pmpf.rs.gov.br\/secretaria-de-cidadania-e-assistencia-social\/2023\/08\/02\/prefeitura-busca-ampliar-o-numero-de-familias-acolhedoras\/","og_locale":"pt_BR","og_type":"article","og_title":"Prefeitura busca ampliar o n\u00famero de fam\u00edlias acolhedoras - Secretaria de Cidadania e Assist\u00eancia Social","og_description":"Relan\u00e7ado nesta quarta-feira (02), o programa tem como objetivo reduzir o acolhimento institucional de crian\u00e7as e adolescentes, permitindo que eles sejam cuidados e protegidos por fam\u00edlias. A meta \u00e9 ultrapassar 20 fam\u00edlias inscritas","og_url":"https:\/\/www.pmpf.rs.gov.br\/secretaria-de-cidadania-e-assistencia-social\/2023\/08\/02\/prefeitura-busca-ampliar-o-numero-de-familias-acolhedoras\/","og_site_name":"Secretaria de Cidadania e Assist\u00eancia Social","article_published_time":"2023-08-02T14:18:17+00:00","article_modified_time":"2023-08-02T14:18:23+00:00","author":"andressazorzetto07","twitter_card":"summary_large_image","twitter_misc":{"Escrito por":"andressazorzetto07","Est. tempo de leitura":"4 minutos"},"schema":{"@context":"https:\/\/schema.org","@graph":[{"@type":"WebPage","@id":"https:\/\/www.pmpf.rs.gov.br\/secretaria-de-cidadania-e-assistencia-social\/2023\/08\/02\/prefeitura-busca-ampliar-o-numero-de-familias-acolhedoras\/","url":"https:\/\/www.pmpf.rs.gov.br\/secretaria-de-cidadania-e-assistencia-social\/2023\/08\/02\/prefeitura-busca-ampliar-o-numero-de-familias-acolhedoras\/","name":"Prefeitura busca ampliar o n\u00famero de fam\u00edlias acolhedoras - Secretaria de Cidadania e Assist\u00eancia Social","isPartOf":{"@id":"https:\/\/www.pmpf.rs.gov.br\/secretaria-de-cidadania-e-assistencia-social\/#website"},"primaryImageOfPage":{"@id":"https:\/\/www.pmpf.rs.gov.br\/secretaria-de-cidadania-e-assistencia-social\/2023\/08\/02\/prefeitura-busca-ampliar-o-numero-de-familias-acolhedoras\/#primaryimage"},"image":{"@id":"https:\/\/www.pmpf.rs.gov.br\/secretaria-de-cidadania-e-assistencia-social\/2023\/08\/02\/prefeitura-busca-ampliar-o-numero-de-familias-acolhedoras\/#primaryimage"},"thumbnailUrl":"https:\/\/www.pmpf.rs.gov.br\/secretaria-de-cidadania-e-assistencia-social\/wp-content\/uploads\/sites\/24\/2023\/08\/acolhedora-2.jpg","datePublished":"2023-08-02T14:18:17+00:00","dateModified":"2023-08-02T14:18:23+00:00","author":{"@id":"https:\/\/www.pmpf.rs.gov.br\/secretaria-de-cidadania-e-assistencia-social\/#\/schema\/person\/30ee1d1bd74da1469b01fcf086e43351"},"inLanguage":"pt-BR","potentialAction":[{"@type":"ReadAction","target":["https:\/\/www.pmpf.rs.gov.br\/secretaria-de-cidadania-e-assistencia-social\/2023\/08\/02\/prefeitura-busca-ampliar-o-numero-de-familias-acolhedoras\/"]}]},{"@type":"ImageObject","inLanguage":"pt-BR","@id":"https:\/\/www.pmpf.rs.gov.br\/secretaria-de-cidadania-e-assistencia-social\/2023\/08\/02\/prefeitura-busca-ampliar-o-numero-de-familias-acolhedoras\/#primaryimage","url":"https:\/\/www.pmpf.rs.gov.br\/secretaria-de-cidadania-e-assistencia-social\/wp-content\/uploads\/sites\/24\/2023\/08\/acolhedora-2.jpg","contentUrl":"https:\/\/www.pmpf.rs.gov.br\/secretaria-de-cidadania-e-assistencia-social\/wp-content\/uploads\/sites\/24\/2023\/08\/acolhedora-2.jpg","width":1600,"height":1066},{"@type":"WebSite","@id":"https:\/\/www.pmpf.rs.gov.br\/secretaria-de-cidadania-e-assistencia-social\/#website","url":"https:\/\/www.pmpf.rs.gov.br\/secretaria-de-cidadania-e-assistencia-social\/","name":"Secretaria de Cidadania e Assist\u00eancia Social","description":"S\u00f3 mais um site Prefeitura de Passo Fundo","potentialAction":[{"@type":"SearchAction","target":{"@type":"EntryPoint","urlTemplate":"https:\/\/www.pmpf.rs.gov.br\/secretaria-de-cidadania-e-assistencia-social\/?s={search_term_string}"},"query-input":{"@type":"PropertyValueSpecification","valueRequired":true,"valueName":"search_term_string"}}],"inLanguage":"pt-BR"},{"@type":"Person","@id":"https:\/\/www.pmpf.rs.gov.br\/secretaria-de-cidadania-e-assistencia-social\/#\/schema\/person\/30ee1d1bd74da1469b01fcf086e43351","name":"andressazorzetto07","image":{"@type":"ImageObject","inLanguage":"pt-BR","@id":"https:\/\/www.pmpf.rs.gov.br\/secretaria-de-cidadania-e-assistencia-social\/#\/schema\/person\/image\/","url":"https:\/\/secure.gravatar.com\/avatar\/14c5458ed79dc81da99a13b9ff5f9f19?s=96&d=mm&r=g","contentUrl":"https:\/\/secure.gravatar.com\/avatar\/14c5458ed79dc81da99a13b9ff5f9f19?s=96&d=mm&r=g","caption":"andressazorzetto07"},"url":"https:\/\/www.pmpf.rs.gov.br\/secretaria-de-cidadania-e-assistencia-social\/author\/andressazorzetto07\/"}]}},"_links":{"self":[{"href":"https:\/\/www.pmpf.rs.gov.br\/secretaria-de-cidadania-e-assistencia-social\/wp-json\/wp\/v2\/posts\/1577"}],"collection":[{"href":"https:\/\/www.pmpf.rs.gov.br\/secretaria-de-cidadania-e-assistencia-social\/wp-json\/wp\/v2\/posts"}],"about":[{"href":"https:\/\/www.pmpf.rs.gov.br\/secretaria-de-cidadania-e-assistencia-social\/wp-json\/wp\/v2\/types\/post"}],"author":[{"embeddable":true,"href":"https:\/\/www.pmpf.rs.gov.br\/secretaria-de-cidadania-e-assistencia-social\/wp-json\/wp\/v2\/users\/6"}],"replies":[{"embeddable":true,"href":"https:\/\/www.pmpf.rs.gov.br\/secretaria-de-cidadania-e-assistencia-social\/wp-json\/wp\/v2\/comments?post=1577"}],"version-history":[{"count":1,"href":"https:\/\/www.pmpf.rs.gov.br\/secretaria-de-cidadania-e-assistencia-social\/wp-json\/wp\/v2\/posts\/1577\/revisions"}],"predecessor-version":[{"id":1579,"href":"https:\/\/www.pmpf.rs.gov.br\/secretaria-de-cidadania-e-assistencia-social\/wp-json\/wp\/v2\/posts\/1577\/revisions\/1579"}],"wp:featuredmedia":[{"embeddable":true,"href":"https:\/\/www.pmpf.rs.gov.br\/secretaria-de-cidadania-e-assistencia-social\/wp-json\/wp\/v2\/media\/1578"}],"wp:attachment":[{"href":"https:\/\/www.pmpf.rs.gov.br\/secretaria-de-cidadania-e-assistencia-social\/wp-json\/wp\/v2\/media?parent=1577"}],"wp:term":[{"taxonomy":"category","embeddable":true,"href":"https:\/\/www.pmpf.rs.gov.br\/secretaria-de-cidadania-e-assistencia-social\/wp-json\/wp\/v2\/categories?post=1577"},{"taxonomy":"post_tag","embeddable":true,"href":"https:\/\/www.pmpf.rs.gov.br\/secretaria-de-cidadania-e-assistencia-social\/wp-json\/wp\/v2\/tags?post=1577"}],"curies":[{"name":"wp","href":"https:\/\/api.w.org\/{rel}","templated":true}]}}