{"id":1565,"date":"2023-07-05T14:00:38","date_gmt":"2023-07-05T17:00:38","guid":{"rendered":"https:\/\/www.pmpf.rs.gov.br\/secretaria-de-cidadania-e-assistencia-social\/?p=1565"},"modified":"2023-07-05T14:00:47","modified_gmt":"2023-07-05T17:00:47","slug":"xiv-conferencia-de-assistencia-social-acontece-nesta-quinta-feira-06","status":"publish","type":"post","link":"https:\/\/www.pmpf.rs.gov.br\/secretaria-de-cidadania-e-assistencia-social\/2023\/07\/05\/xiv-conferencia-de-assistencia-social-acontece-nesta-quinta-feira-06\/","title":{"rendered":"XIV Confer\u00eancia de Assist\u00eancia Social acontece nesta quinta-feira (06)"},"content":{"rendered":"\n<p><\/p>\n\n\n\n<p>Ampliar as discuss\u00f5es sobre o papel e a import\u00e2ncia da reconstru\u00e7\u00e3o e do fortalecimento do Sistema \u00danico da Assist\u00eancia Social (SUAS) \u00e9 o tema central da XIV Confer\u00eancia Municipal de Assist\u00eancia Social, que ocorre durante esta quinta-feira (06), na Igreja de Jesus Cristo dos Santos dos \u00daltimos Dias (localizada em frente ao Hospital S\u00e3o Vicente de Paulo). Com in\u00edcio marcado para as 8h, a atividade \u00e9 aberta a todas as organiza\u00e7\u00f5es da sociedade civil, representa\u00e7\u00f5es do governo, trabalhadores dos servi\u00e7os em assist\u00eancia social e usu\u00e1rios do SUAS. As inscri\u00e7\u00f5es j\u00e1 est\u00e3o abertas no site da Prefeitura de Passo Fundo.<\/p>\n\n\n\n<p>De acordo com a assistente social da Secretaria Municipal de Assist\u00eancia Social (SEMCAS), Lilian Pfluck, as confer\u00eancias s\u00e3o momentos importantes para o debate sobre avan\u00e7os necess\u00e1rios na reconstru\u00e7\u00e3o e na efetividade das pol\u00edticas do SUAS e ocorrem tanto a n\u00edvel municipal, quanto estadual e federal. \u201cA primeira etapa ocorre sempre nos munic\u00edpios. Desta Confer\u00eancia ser\u00e3o eleitos quatro delegados que representar\u00e3o Passo Fundo na Confer\u00eancia Estadual, agendada para os dias 03 a 05 de outubro. Em dezembro, ocorre a etapa nacional\u201d, explica ela.<\/p>\n\n\n\n<p>A etapa municipal da XIV Confer\u00eancia Municipal de Assist\u00eancia Social est\u00e1 sendo organizada pela SEMCAS e pelo Conselho Municipal de Assist\u00eancia Social (CMAS).<\/p>\n","protected":false},"excerpt":{"rendered":"<p>Etapa municipal da atividade ocorre na Igreja de Jesus Cristo dos Santos dos \u00daltimos Dias, localizada em frente ao Hospital S\u00e3o Vicente de Paulo. Podem participar da Confer\u00eancia organiza\u00e7\u00f5es da sociedade civil, representa\u00e7\u00f5es de governo, trabalhadores em assist\u00eancia social e usu\u00e1rios dos servi\u00e7os assegurados pelo Sistema \u00danico da Assist\u00eancia Social (SUAS)<\/p>\n","protected":false},"author":6,"featured_media":0,"comment_status":"closed","ping_status":"closed","sticky":true,"template":"","format":"standard","meta":{"footnotes":""},"categories":[1],"tags":[],"class_list":["post-1565","post","type-post","status-publish","format-standard","hentry","category-sem-categoria"],"yoast_head":"<!-- This site is optimized with the Yoast SEO plugin v23.8 - https:\/\/yoast.com\/wordpress\/plugins\/seo\/ -->\n<title>XIV Confer\u00eancia de Assist\u00eancia Social acontece nesta quinta-feira (06) - Secretaria de Cidadania e Assist\u00eancia Social<\/title>\n<meta name=\"robots\" content=\"index, follow, max-snippet:-1, max-image-preview:large, max-video-preview:-1\" \/>\n<link rel=\"canonical\" href=\"https:\/\/www.pmpf.rs.gov.br\/secretaria-de-cidadania-e-assistencia-social\/2023\/07\/05\/xiv-conferencia-de-assistencia-social-acontece-nesta-quinta-feira-06\/\" \/>\n<meta property=\"og:locale\" content=\"pt_BR\" \/>\n<meta property=\"og:type\" content=\"article\" \/>\n<meta property=\"og:title\" content=\"XIV Confer\u00eancia de Assist\u00eancia Social acontece nesta quinta-feira (06) - Secretaria de Cidadania e Assist\u00eancia Social\" \/>\n<meta property=\"og:description\" content=\"Etapa municipal da atividade ocorre na Igreja de Jesus Cristo dos Santos dos \u00daltimos Dias, localizada em frente ao Hospital S\u00e3o Vicente de Paulo. Podem participar da Confer\u00eancia organiza\u00e7\u00f5es da sociedade civil, representa\u00e7\u00f5es de governo, trabalhadores em assist\u00eancia social e usu\u00e1rios dos servi\u00e7os assegurados pelo Sistema \u00danico da Assist\u00eancia Social (SUAS)\" \/>\n<meta property=\"og:url\" content=\"https:\/\/www.pmpf.rs.gov.br\/secretaria-de-cidadania-e-assistencia-social\/2023\/07\/05\/xiv-conferencia-de-assistencia-social-acontece-nesta-quinta-feira-06\/\" \/>\n<meta property=\"og:site_name\" content=\"Secretaria de Cidadania e Assist\u00eancia Social\" \/>\n<meta property=\"article:published_time\" content=\"2023-07-05T17:00:38+00:00\" \/>\n<meta property=\"article:modified_time\" content=\"2023-07-05T17:00:47+00:00\" \/>\n<meta name=\"author\" content=\"andressazorzetto07\" \/>\n<meta name=\"twitter:card\" content=\"summary_large_image\" \/>\n<meta name=\"twitter:label1\" content=\"Escrito por\" \/>\n\t<meta name=\"twitter:data1\" content=\"andressazorzetto07\" \/>\n\t<meta name=\"twitter:label2\" content=\"Est. tempo de leitura\" \/>\n\t<meta name=\"twitter:data2\" content=\"1 minuto\" \/>\n<script type=\"application\/ld+json\" class=\"yoast-schema-graph\">{\"@context\":\"https:\/\/schema.org\",\"@graph\":[{\"@type\":\"WebPage\",\"@id\":\"https:\/\/www.pmpf.rs.gov.br\/secretaria-de-cidadania-e-assistencia-social\/2023\/07\/05\/xiv-conferencia-de-assistencia-social-acontece-nesta-quinta-feira-06\/\",\"url\":\"https:\/\/www.pmpf.rs.gov.br\/secretaria-de-cidadania-e-assistencia-social\/2023\/07\/05\/xiv-conferencia-de-assistencia-social-acontece-nesta-quinta-feira-06\/\",\"name\":\"XIV Confer\u00eancia de Assist\u00eancia Social acontece nesta quinta-feira (06) - Secretaria de Cidadania e Assist\u00eancia Social\",\"isPartOf\":{\"@id\":\"https:\/\/www.pmpf.rs.gov.br\/secretaria-de-cidadania-e-assistencia-social\/#website\"},\"datePublished\":\"2023-07-05T17:00:38+00:00\",\"dateModified\":\"2023-07-05T17:00:47+00:00\",\"author\":{\"@id\":\"https:\/\/www.pmpf.rs.gov.br\/secretaria-de-cidadania-e-assistencia-social\/#\/schema\/person\/30ee1d1bd74da1469b01fcf086e43351\"},\"inLanguage\":\"pt-BR\",\"potentialAction\":[{\"@type\":\"ReadAction\",\"target\":[\"https:\/\/www.pmpf.rs.gov.br\/secretaria-de-cidadania-e-assistencia-social\/2023\/07\/05\/xiv-conferencia-de-assistencia-social-acontece-nesta-quinta-feira-06\/\"]}]},{\"@type\":\"WebSite\",\"@id\":\"https:\/\/www.pmpf.rs.gov.br\/secretaria-de-cidadania-e-assistencia-social\/#website\",\"url\":\"https:\/\/www.pmpf.rs.gov.br\/secretaria-de-cidadania-e-assistencia-social\/\",\"name\":\"Secretaria de Cidadania e Assist\u00eancia Social\",\"description\":\"S\u00f3 mais um site Prefeitura de Passo Fundo\",\"potentialAction\":[{\"@type\":\"SearchAction\",\"target\":{\"@type\":\"EntryPoint\",\"urlTemplate\":\"https:\/\/www.pmpf.rs.gov.br\/secretaria-de-cidadania-e-assistencia-social\/?s={search_term_string}\"},\"query-input\":{\"@type\":\"PropertyValueSpecification\",\"valueRequired\":true,\"valueName\":\"search_term_string\"}}],\"inLanguage\":\"pt-BR\"},{\"@type\":\"Person\",\"@id\":\"https:\/\/www.pmpf.rs.gov.br\/secretaria-de-cidadania-e-assistencia-social\/#\/schema\/person\/30ee1d1bd74da1469b01fcf086e43351\",\"name\":\"andressazorzetto07\",\"image\":{\"@type\":\"ImageObject\",\"inLanguage\":\"pt-BR\",\"@id\":\"https:\/\/www.pmpf.rs.gov.br\/secretaria-de-cidadania-e-assistencia-social\/#\/schema\/person\/image\/\",\"url\":\"https:\/\/secure.gravatar.com\/avatar\/14c5458ed79dc81da99a13b9ff5f9f19?s=96&d=mm&r=g\",\"contentUrl\":\"https:\/\/secure.gravatar.com\/avatar\/14c5458ed79dc81da99a13b9ff5f9f19?s=96&d=mm&r=g\",\"caption\":\"andressazorzetto07\"},\"url\":\"https:\/\/www.pmpf.rs.gov.br\/secretaria-de-cidadania-e-assistencia-social\/author\/andressazorzetto07\/\"}]}<\/script>\n<!-- \/ Yoast SEO plugin. -->","yoast_head_json":{"title":"XIV Confer\u00eancia de Assist\u00eancia Social acontece nesta quinta-feira (06) - Secretaria de Cidadania e Assist\u00eancia Social","robots":{"index":"index","follow":"follow","max-snippet":"max-snippet:-1","max-image-preview":"max-image-preview:large","max-video-preview":"max-video-preview:-1"},"canonical":"https:\/\/www.pmpf.rs.gov.br\/secretaria-de-cidadania-e-assistencia-social\/2023\/07\/05\/xiv-conferencia-de-assistencia-social-acontece-nesta-quinta-feira-06\/","og_locale":"pt_BR","og_type":"article","og_title":"XIV Confer\u00eancia de Assist\u00eancia Social acontece nesta quinta-feira (06) - Secretaria de Cidadania e Assist\u00eancia Social","og_description":"Etapa municipal da atividade ocorre na Igreja de Jesus Cristo dos Santos dos \u00daltimos Dias, localizada em frente ao Hospital S\u00e3o Vicente de Paulo. Podem participar da Confer\u00eancia organiza\u00e7\u00f5es da sociedade civil, representa\u00e7\u00f5es de governo, trabalhadores em assist\u00eancia social e usu\u00e1rios dos servi\u00e7os assegurados pelo Sistema \u00danico da Assist\u00eancia Social (SUAS)","og_url":"https:\/\/www.pmpf.rs.gov.br\/secretaria-de-cidadania-e-assistencia-social\/2023\/07\/05\/xiv-conferencia-de-assistencia-social-acontece-nesta-quinta-feira-06\/","og_site_name":"Secretaria de Cidadania e Assist\u00eancia Social","article_published_time":"2023-07-05T17:00:38+00:00","article_modified_time":"2023-07-05T17:00:47+00:00","author":"andressazorzetto07","twitter_card":"summary_large_image","twitter_misc":{"Escrito por":"andressazorzetto07","Est. tempo de leitura":"1 minuto"},"schema":{"@context":"https:\/\/schema.org","@graph":[{"@type":"WebPage","@id":"https:\/\/www.pmpf.rs.gov.br\/secretaria-de-cidadania-e-assistencia-social\/2023\/07\/05\/xiv-conferencia-de-assistencia-social-acontece-nesta-quinta-feira-06\/","url":"https:\/\/www.pmpf.rs.gov.br\/secretaria-de-cidadania-e-assistencia-social\/2023\/07\/05\/xiv-conferencia-de-assistencia-social-acontece-nesta-quinta-feira-06\/","name":"XIV Confer\u00eancia de Assist\u00eancia Social acontece nesta quinta-feira (06) - Secretaria de Cidadania e Assist\u00eancia Social","isPartOf":{"@id":"https:\/\/www.pmpf.rs.gov.br\/secretaria-de-cidadania-e-assistencia-social\/#website"},"datePublished":"2023-07-05T17:00:38+00:00","dateModified":"2023-07-05T17:00:47+00:00","author":{"@id":"https:\/\/www.pmpf.rs.gov.br\/secretaria-de-cidadania-e-assistencia-social\/#\/schema\/person\/30ee1d1bd74da1469b01fcf086e43351"},"inLanguage":"pt-BR","potentialAction":[{"@type":"ReadAction","target":["https:\/\/www.pmpf.rs.gov.br\/secretaria-de-cidadania-e-assistencia-social\/2023\/07\/05\/xiv-conferencia-de-assistencia-social-acontece-nesta-quinta-feira-06\/"]}]},{"@type":"WebSite","@id":"https:\/\/www.pmpf.rs.gov.br\/secretaria-de-cidadania-e-assistencia-social\/#website","url":"https:\/\/www.pmpf.rs.gov.br\/secretaria-de-cidadania-e-assistencia-social\/","name":"Secretaria de Cidadania e Assist\u00eancia Social","description":"S\u00f3 mais um site Prefeitura de Passo Fundo","potentialAction":[{"@type":"SearchAction","target":{"@type":"EntryPoint","urlTemplate":"https:\/\/www.pmpf.rs.gov.br\/secretaria-de-cidadania-e-assistencia-social\/?s={search_term_string}"},"query-input":{"@type":"PropertyValueSpecification","valueRequired":true,"valueName":"search_term_string"}}],"inLanguage":"pt-BR"},{"@type":"Person","@id":"https:\/\/www.pmpf.rs.gov.br\/secretaria-de-cidadania-e-assistencia-social\/#\/schema\/person\/30ee1d1bd74da1469b01fcf086e43351","name":"andressazorzetto07","image":{"@type":"ImageObject","inLanguage":"pt-BR","@id":"https:\/\/www.pmpf.rs.gov.br\/secretaria-de-cidadania-e-assistencia-social\/#\/schema\/person\/image\/","url":"https:\/\/secure.gravatar.com\/avatar\/14c5458ed79dc81da99a13b9ff5f9f19?s=96&d=mm&r=g","contentUrl":"https:\/\/secure.gravatar.com\/avatar\/14c5458ed79dc81da99a13b9ff5f9f19?s=96&d=mm&r=g","caption":"andressazorzetto07"},"url":"https:\/\/www.pmpf.rs.gov.br\/secretaria-de-cidadania-e-assistencia-social\/author\/andressazorzetto07\/"}]}},"_links":{"self":[{"href":"https:\/\/www.pmpf.rs.gov.br\/secretaria-de-cidadania-e-assistencia-social\/wp-json\/wp\/v2\/posts\/1565"}],"collection":[{"href":"https:\/\/www.pmpf.rs.gov.br\/secretaria-de-cidadania-e-assistencia-social\/wp-json\/wp\/v2\/posts"}],"about":[{"href":"https:\/\/www.pmpf.rs.gov.br\/secretaria-de-cidadania-e-assistencia-social\/wp-json\/wp\/v2\/types\/post"}],"author":[{"embeddable":true,"href":"https:\/\/www.pmpf.rs.gov.br\/secretaria-de-cidadania-e-assistencia-social\/wp-json\/wp\/v2\/users\/6"}],"replies":[{"embeddable":true,"href":"https:\/\/www.pmpf.rs.gov.br\/secretaria-de-cidadania-e-assistencia-social\/wp-json\/wp\/v2\/comments?post=1565"}],"version-history":[{"count":1,"href":"https:\/\/www.pmpf.rs.gov.br\/secretaria-de-cidadania-e-assistencia-social\/wp-json\/wp\/v2\/posts\/1565\/revisions"}],"predecessor-version":[{"id":1566,"href":"https:\/\/www.pmpf.rs.gov.br\/secretaria-de-cidadania-e-assistencia-social\/wp-json\/wp\/v2\/posts\/1565\/revisions\/1566"}],"wp:attachment":[{"href":"https:\/\/www.pmpf.rs.gov.br\/secretaria-de-cidadania-e-assistencia-social\/wp-json\/wp\/v2\/media?parent=1565"}],"wp:term":[{"taxonomy":"category","embeddable":true,"href":"https:\/\/www.pmpf.rs.gov.br\/secretaria-de-cidadania-e-assistencia-social\/wp-json\/wp\/v2\/categories?post=1565"},{"taxonomy":"post_tag","embeddable":true,"href":"https:\/\/www.pmpf.rs.gov.br\/secretaria-de-cidadania-e-assistencia-social\/wp-json\/wp\/v2\/tags?post=1565"}],"curies":[{"name":"wp","href":"https:\/\/api.w.org\/{rel}","templated":true}]}}