{"id":1555,"date":"2023-06-12T14:06:31","date_gmt":"2023-06-12T17:06:31","guid":{"rendered":"https:\/\/www.pmpf.rs.gov.br\/secretaria-de-cidadania-e-assistencia-social\/?p=1555"},"modified":"2023-06-12T14:06:38","modified_gmt":"2023-06-12T17:06:38","slug":"prefeitura-realiza-encontro-com-integrantes-do-programa-apoiar-e-comprometer-pac","status":"publish","type":"post","link":"https:\/\/www.pmpf.rs.gov.br\/secretaria-de-cidadania-e-assistencia-social\/2023\/06\/12\/prefeitura-realiza-encontro-com-integrantes-do-programa-apoiar-e-comprometer-pac\/","title":{"rendered":"Prefeitura realiza encontro com integrantes do Programa Apoiar e Comprometer (PAC)"},"content":{"rendered":"\n<p><\/p>\n\n\n\n<p>Na manh\u00e3 desta segunda-feira (12), a Prefeitura realizou um encontro com integrantes do Programa Apoiar e Comprometer (PAC). O momento foi de orienta\u00e7\u00f5es sobre a\u00e7\u00f5es do munic\u00edpio focadas em oportunizar a qualifica\u00e7\u00e3o profissional, como a Escola das Profiss\u00f5es e o Caf\u00e9 com Emprego.<\/p>\n\n\n\n<p>Atualmente, mais de 300 pessoas est\u00e3o no PAC, pol\u00edtica p\u00fablica municipal que atende a popula\u00e7\u00e3o de baixa renda, visando o acesso \u00e0 educa\u00e7\u00e3o e ao mercado de trabalho formal. Elas atuam em diversas \u00e1reas da Prefeitura, como no Mutir\u00e3o de Limpeza nos Bairros e na Secretaria de Obras.<\/p>\n\n\n\n<p>De acordo com o secret\u00e1rio de Cidadania e Assist\u00eancia Social, Saul Spinelli, os encontros com as equipes do PAC ser\u00e3o mensais a fim de fortalecer la\u00e7os e promover o compartilhamento de informa\u00e7\u00f5es e experi\u00eancias. \u201cAbordamos a import\u00e2ncia da disciplina, da qualifica\u00e7\u00e3o, do envolvimento da fam\u00edlia. O objetivo \u00e9 que, em at\u00e9 dois anos, quem est\u00e1 no PAC possa conquistar um emprego. Por isso, a Prefeitura auxilia de diversas maneiras, como na obten\u00e7\u00e3o do diploma do Ensino Fundamental e do Ensino M\u00e9dio, em parceria com a 7\u00aa CRE, e tamb\u00e9m com a Escola das Profiss\u00f5es e o Caf\u00e9 com Emprego, dois programas que d\u00e3o sustentabilidade a diversos segmentos e que ajudam as pessoas que precisam\u201d, destacou.<\/p>\n\n\n\n<p>O Programa Apoiar e Comprometer foi institu\u00eddo em Passo Fundo pela Lei n\u00ba 5009\/2013. S\u00e3o benefici\u00e1rias fam\u00edlias com renda familiar per capita n\u00e3o superior a 1\/4 (um quarto) do sal\u00e1rio m\u00ednimo, que possuem sob sua responsabilidade crian\u00e7as e adolescentes.<\/p>\n\n\n\n<p>Conforme o prefeito Pedro Almeida, o programa vem passando por altera\u00e7\u00f5es a fim de que possa impactar ainda mais na transforma\u00e7\u00e3o social das pessoas encaminhadas pela rede de assist\u00eancia social. \u201cO PAC tem um olhar sens\u00edvel do nosso governo por permitir que muitas pessoas se capacitem e busquem a sua independ\u00eancia. Ele \u00e9 uma porta de entrada, e n\u00f3s queremos seguir consolidando este objetivo, incluindo mais pessoas e criando mais oportunidades\u201d, disse.<\/p>\n","protected":false},"excerpt":{"rendered":"<p>Momento contou com orienta\u00e7\u00f5es sobre a\u00e7\u00f5es do munic\u00edpio focadas em oportunizar a qualifica\u00e7\u00e3o profissional, como a Escola das Profiss\u00f5es e o Caf\u00e9 com Emprego<\/p>\n","protected":false},"author":6,"featured_media":1556,"comment_status":"closed","ping_status":"closed","sticky":true,"template":"","format":"standard","meta":{"footnotes":""},"categories":[1],"tags":[],"class_list":["post-1555","post","type-post","status-publish","format-standard","has-post-thumbnail","hentry","category-sem-categoria"],"yoast_head":"<!-- This site is optimized with the Yoast SEO plugin v23.8 - https:\/\/yoast.com\/wordpress\/plugins\/seo\/ -->\n<title>Prefeitura realiza encontro com integrantes do Programa Apoiar e Comprometer (PAC) - Secretaria de Cidadania e Assist\u00eancia Social<\/title>\n<meta name=\"robots\" content=\"index, follow, max-snippet:-1, max-image-preview:large, max-video-preview:-1\" \/>\n<link rel=\"canonical\" href=\"https:\/\/www.pmpf.rs.gov.br\/secretaria-de-cidadania-e-assistencia-social\/2023\/06\/12\/prefeitura-realiza-encontro-com-integrantes-do-programa-apoiar-e-comprometer-pac\/\" \/>\n<meta property=\"og:locale\" content=\"pt_BR\" \/>\n<meta property=\"og:type\" content=\"article\" \/>\n<meta property=\"og:title\" content=\"Prefeitura realiza encontro com integrantes do Programa Apoiar e Comprometer (PAC) - Secretaria de Cidadania e Assist\u00eancia Social\" \/>\n<meta property=\"og:description\" content=\"Momento contou com orienta\u00e7\u00f5es sobre a\u00e7\u00f5es do munic\u00edpio focadas em oportunizar a qualifica\u00e7\u00e3o profissional, como a Escola das Profiss\u00f5es e o Caf\u00e9 com Emprego\" \/>\n<meta property=\"og:url\" content=\"https:\/\/www.pmpf.rs.gov.br\/secretaria-de-cidadania-e-assistencia-social\/2023\/06\/12\/prefeitura-realiza-encontro-com-integrantes-do-programa-apoiar-e-comprometer-pac\/\" \/>\n<meta property=\"og:site_name\" content=\"Secretaria de Cidadania e Assist\u00eancia Social\" \/>\n<meta property=\"article:published_time\" content=\"2023-06-12T17:06:31+00:00\" \/>\n<meta property=\"article:modified_time\" content=\"2023-06-12T17:06:38+00:00\" \/>\n<meta name=\"author\" content=\"andressazorzetto07\" \/>\n<meta name=\"twitter:card\" content=\"summary_large_image\" \/>\n<meta name=\"twitter:label1\" content=\"Escrito por\" \/>\n\t<meta name=\"twitter:data1\" content=\"andressazorzetto07\" \/>\n\t<meta name=\"twitter:label2\" content=\"Est. tempo de leitura\" \/>\n\t<meta name=\"twitter:data2\" content=\"2 minutos\" \/>\n<script type=\"application\/ld+json\" class=\"yoast-schema-graph\">{\"@context\":\"https:\/\/schema.org\",\"@graph\":[{\"@type\":\"WebPage\",\"@id\":\"https:\/\/www.pmpf.rs.gov.br\/secretaria-de-cidadania-e-assistencia-social\/2023\/06\/12\/prefeitura-realiza-encontro-com-integrantes-do-programa-apoiar-e-comprometer-pac\/\",\"url\":\"https:\/\/www.pmpf.rs.gov.br\/secretaria-de-cidadania-e-assistencia-social\/2023\/06\/12\/prefeitura-realiza-encontro-com-integrantes-do-programa-apoiar-e-comprometer-pac\/\",\"name\":\"Prefeitura realiza encontro com integrantes do Programa Apoiar e Comprometer (PAC) - Secretaria de Cidadania e Assist\u00eancia Social\",\"isPartOf\":{\"@id\":\"https:\/\/www.pmpf.rs.gov.br\/secretaria-de-cidadania-e-assistencia-social\/#website\"},\"primaryImageOfPage\":{\"@id\":\"https:\/\/www.pmpf.rs.gov.br\/secretaria-de-cidadania-e-assistencia-social\/2023\/06\/12\/prefeitura-realiza-encontro-com-integrantes-do-programa-apoiar-e-comprometer-pac\/#primaryimage\"},\"image\":{\"@id\":\"https:\/\/www.pmpf.rs.gov.br\/secretaria-de-cidadania-e-assistencia-social\/2023\/06\/12\/prefeitura-realiza-encontro-com-integrantes-do-programa-apoiar-e-comprometer-pac\/#primaryimage\"},\"thumbnailUrl\":\"https:\/\/www.pmpf.rs.gov.br\/secretaria-de-cidadania-e-assistencia-social\/wp-content\/uploads\/sites\/24\/2023\/06\/reuniao-PAC.jpeg\",\"datePublished\":\"2023-06-12T17:06:31+00:00\",\"dateModified\":\"2023-06-12T17:06:38+00:00\",\"author\":{\"@id\":\"https:\/\/www.pmpf.rs.gov.br\/secretaria-de-cidadania-e-assistencia-social\/#\/schema\/person\/30ee1d1bd74da1469b01fcf086e43351\"},\"inLanguage\":\"pt-BR\",\"potentialAction\":[{\"@type\":\"ReadAction\",\"target\":[\"https:\/\/www.pmpf.rs.gov.br\/secretaria-de-cidadania-e-assistencia-social\/2023\/06\/12\/prefeitura-realiza-encontro-com-integrantes-do-programa-apoiar-e-comprometer-pac\/\"]}]},{\"@type\":\"ImageObject\",\"inLanguage\":\"pt-BR\",\"@id\":\"https:\/\/www.pmpf.rs.gov.br\/secretaria-de-cidadania-e-assistencia-social\/2023\/06\/12\/prefeitura-realiza-encontro-com-integrantes-do-programa-apoiar-e-comprometer-pac\/#primaryimage\",\"url\":\"https:\/\/www.pmpf.rs.gov.br\/secretaria-de-cidadania-e-assistencia-social\/wp-content\/uploads\/sites\/24\/2023\/06\/reuniao-PAC.jpeg\",\"contentUrl\":\"https:\/\/www.pmpf.rs.gov.br\/secretaria-de-cidadania-e-assistencia-social\/wp-content\/uploads\/sites\/24\/2023\/06\/reuniao-PAC.jpeg\",\"width\":1600,\"height\":1070},{\"@type\":\"WebSite\",\"@id\":\"https:\/\/www.pmpf.rs.gov.br\/secretaria-de-cidadania-e-assistencia-social\/#website\",\"url\":\"https:\/\/www.pmpf.rs.gov.br\/secretaria-de-cidadania-e-assistencia-social\/\",\"name\":\"Secretaria de Cidadania e Assist\u00eancia Social\",\"description\":\"S\u00f3 mais um site Prefeitura de Passo Fundo\",\"potentialAction\":[{\"@type\":\"SearchAction\",\"target\":{\"@type\":\"EntryPoint\",\"urlTemplate\":\"https:\/\/www.pmpf.rs.gov.br\/secretaria-de-cidadania-e-assistencia-social\/?s={search_term_string}\"},\"query-input\":{\"@type\":\"PropertyValueSpecification\",\"valueRequired\":true,\"valueName\":\"search_term_string\"}}],\"inLanguage\":\"pt-BR\"},{\"@type\":\"Person\",\"@id\":\"https:\/\/www.pmpf.rs.gov.br\/secretaria-de-cidadania-e-assistencia-social\/#\/schema\/person\/30ee1d1bd74da1469b01fcf086e43351\",\"name\":\"andressazorzetto07\",\"image\":{\"@type\":\"ImageObject\",\"inLanguage\":\"pt-BR\",\"@id\":\"https:\/\/www.pmpf.rs.gov.br\/secretaria-de-cidadania-e-assistencia-social\/#\/schema\/person\/image\/\",\"url\":\"https:\/\/secure.gravatar.com\/avatar\/14c5458ed79dc81da99a13b9ff5f9f19?s=96&d=mm&r=g\",\"contentUrl\":\"https:\/\/secure.gravatar.com\/avatar\/14c5458ed79dc81da99a13b9ff5f9f19?s=96&d=mm&r=g\",\"caption\":\"andressazorzetto07\"},\"url\":\"https:\/\/www.pmpf.rs.gov.br\/secretaria-de-cidadania-e-assistencia-social\/author\/andressazorzetto07\/\"}]}<\/script>\n<!-- \/ Yoast SEO plugin. -->","yoast_head_json":{"title":"Prefeitura realiza encontro com integrantes do Programa Apoiar e Comprometer (PAC) - Secretaria de Cidadania e Assist\u00eancia Social","robots":{"index":"index","follow":"follow","max-snippet":"max-snippet:-1","max-image-preview":"max-image-preview:large","max-video-preview":"max-video-preview:-1"},"canonical":"https:\/\/www.pmpf.rs.gov.br\/secretaria-de-cidadania-e-assistencia-social\/2023\/06\/12\/prefeitura-realiza-encontro-com-integrantes-do-programa-apoiar-e-comprometer-pac\/","og_locale":"pt_BR","og_type":"article","og_title":"Prefeitura realiza encontro com integrantes do Programa Apoiar e Comprometer (PAC) - Secretaria de Cidadania e Assist\u00eancia Social","og_description":"Momento contou com orienta\u00e7\u00f5es sobre a\u00e7\u00f5es do munic\u00edpio focadas em oportunizar a qualifica\u00e7\u00e3o profissional, como a Escola das Profiss\u00f5es e o Caf\u00e9 com Emprego","og_url":"https:\/\/www.pmpf.rs.gov.br\/secretaria-de-cidadania-e-assistencia-social\/2023\/06\/12\/prefeitura-realiza-encontro-com-integrantes-do-programa-apoiar-e-comprometer-pac\/","og_site_name":"Secretaria de Cidadania e Assist\u00eancia Social","article_published_time":"2023-06-12T17:06:31+00:00","article_modified_time":"2023-06-12T17:06:38+00:00","author":"andressazorzetto07","twitter_card":"summary_large_image","twitter_misc":{"Escrito por":"andressazorzetto07","Est. tempo de leitura":"2 minutos"},"schema":{"@context":"https:\/\/schema.org","@graph":[{"@type":"WebPage","@id":"https:\/\/www.pmpf.rs.gov.br\/secretaria-de-cidadania-e-assistencia-social\/2023\/06\/12\/prefeitura-realiza-encontro-com-integrantes-do-programa-apoiar-e-comprometer-pac\/","url":"https:\/\/www.pmpf.rs.gov.br\/secretaria-de-cidadania-e-assistencia-social\/2023\/06\/12\/prefeitura-realiza-encontro-com-integrantes-do-programa-apoiar-e-comprometer-pac\/","name":"Prefeitura realiza encontro com integrantes do Programa Apoiar e Comprometer (PAC) - Secretaria de Cidadania e Assist\u00eancia Social","isPartOf":{"@id":"https:\/\/www.pmpf.rs.gov.br\/secretaria-de-cidadania-e-assistencia-social\/#website"},"primaryImageOfPage":{"@id":"https:\/\/www.pmpf.rs.gov.br\/secretaria-de-cidadania-e-assistencia-social\/2023\/06\/12\/prefeitura-realiza-encontro-com-integrantes-do-programa-apoiar-e-comprometer-pac\/#primaryimage"},"image":{"@id":"https:\/\/www.pmpf.rs.gov.br\/secretaria-de-cidadania-e-assistencia-social\/2023\/06\/12\/prefeitura-realiza-encontro-com-integrantes-do-programa-apoiar-e-comprometer-pac\/#primaryimage"},"thumbnailUrl":"https:\/\/www.pmpf.rs.gov.br\/secretaria-de-cidadania-e-assistencia-social\/wp-content\/uploads\/sites\/24\/2023\/06\/reuniao-PAC.jpeg","datePublished":"2023-06-12T17:06:31+00:00","dateModified":"2023-06-12T17:06:38+00:00","author":{"@id":"https:\/\/www.pmpf.rs.gov.br\/secretaria-de-cidadania-e-assistencia-social\/#\/schema\/person\/30ee1d1bd74da1469b01fcf086e43351"},"inLanguage":"pt-BR","potentialAction":[{"@type":"ReadAction","target":["https:\/\/www.pmpf.rs.gov.br\/secretaria-de-cidadania-e-assistencia-social\/2023\/06\/12\/prefeitura-realiza-encontro-com-integrantes-do-programa-apoiar-e-comprometer-pac\/"]}]},{"@type":"ImageObject","inLanguage":"pt-BR","@id":"https:\/\/www.pmpf.rs.gov.br\/secretaria-de-cidadania-e-assistencia-social\/2023\/06\/12\/prefeitura-realiza-encontro-com-integrantes-do-programa-apoiar-e-comprometer-pac\/#primaryimage","url":"https:\/\/www.pmpf.rs.gov.br\/secretaria-de-cidadania-e-assistencia-social\/wp-content\/uploads\/sites\/24\/2023\/06\/reuniao-PAC.jpeg","contentUrl":"https:\/\/www.pmpf.rs.gov.br\/secretaria-de-cidadania-e-assistencia-social\/wp-content\/uploads\/sites\/24\/2023\/06\/reuniao-PAC.jpeg","width":1600,"height":1070},{"@type":"WebSite","@id":"https:\/\/www.pmpf.rs.gov.br\/secretaria-de-cidadania-e-assistencia-social\/#website","url":"https:\/\/www.pmpf.rs.gov.br\/secretaria-de-cidadania-e-assistencia-social\/","name":"Secretaria de Cidadania e Assist\u00eancia Social","description":"S\u00f3 mais um site Prefeitura de Passo Fundo","potentialAction":[{"@type":"SearchAction","target":{"@type":"EntryPoint","urlTemplate":"https:\/\/www.pmpf.rs.gov.br\/secretaria-de-cidadania-e-assistencia-social\/?s={search_term_string}"},"query-input":{"@type":"PropertyValueSpecification","valueRequired":true,"valueName":"search_term_string"}}],"inLanguage":"pt-BR"},{"@type":"Person","@id":"https:\/\/www.pmpf.rs.gov.br\/secretaria-de-cidadania-e-assistencia-social\/#\/schema\/person\/30ee1d1bd74da1469b01fcf086e43351","name":"andressazorzetto07","image":{"@type":"ImageObject","inLanguage":"pt-BR","@id":"https:\/\/www.pmpf.rs.gov.br\/secretaria-de-cidadania-e-assistencia-social\/#\/schema\/person\/image\/","url":"https:\/\/secure.gravatar.com\/avatar\/14c5458ed79dc81da99a13b9ff5f9f19?s=96&d=mm&r=g","contentUrl":"https:\/\/secure.gravatar.com\/avatar\/14c5458ed79dc81da99a13b9ff5f9f19?s=96&d=mm&r=g","caption":"andressazorzetto07"},"url":"https:\/\/www.pmpf.rs.gov.br\/secretaria-de-cidadania-e-assistencia-social\/author\/andressazorzetto07\/"}]}},"_links":{"self":[{"href":"https:\/\/www.pmpf.rs.gov.br\/secretaria-de-cidadania-e-assistencia-social\/wp-json\/wp\/v2\/posts\/1555"}],"collection":[{"href":"https:\/\/www.pmpf.rs.gov.br\/secretaria-de-cidadania-e-assistencia-social\/wp-json\/wp\/v2\/posts"}],"about":[{"href":"https:\/\/www.pmpf.rs.gov.br\/secretaria-de-cidadania-e-assistencia-social\/wp-json\/wp\/v2\/types\/post"}],"author":[{"embeddable":true,"href":"https:\/\/www.pmpf.rs.gov.br\/secretaria-de-cidadania-e-assistencia-social\/wp-json\/wp\/v2\/users\/6"}],"replies":[{"embeddable":true,"href":"https:\/\/www.pmpf.rs.gov.br\/secretaria-de-cidadania-e-assistencia-social\/wp-json\/wp\/v2\/comments?post=1555"}],"version-history":[{"count":1,"href":"https:\/\/www.pmpf.rs.gov.br\/secretaria-de-cidadania-e-assistencia-social\/wp-json\/wp\/v2\/posts\/1555\/revisions"}],"predecessor-version":[{"id":1557,"href":"https:\/\/www.pmpf.rs.gov.br\/secretaria-de-cidadania-e-assistencia-social\/wp-json\/wp\/v2\/posts\/1555\/revisions\/1557"}],"wp:featuredmedia":[{"embeddable":true,"href":"https:\/\/www.pmpf.rs.gov.br\/secretaria-de-cidadania-e-assistencia-social\/wp-json\/wp\/v2\/media\/1556"}],"wp:attachment":[{"href":"https:\/\/www.pmpf.rs.gov.br\/secretaria-de-cidadania-e-assistencia-social\/wp-json\/wp\/v2\/media?parent=1555"}],"wp:term":[{"taxonomy":"category","embeddable":true,"href":"https:\/\/www.pmpf.rs.gov.br\/secretaria-de-cidadania-e-assistencia-social\/wp-json\/wp\/v2\/categories?post=1555"},{"taxonomy":"post_tag","embeddable":true,"href":"https:\/\/www.pmpf.rs.gov.br\/secretaria-de-cidadania-e-assistencia-social\/wp-json\/wp\/v2\/tags?post=1555"}],"curies":[{"name":"wp","href":"https:\/\/api.w.org\/{rel}","templated":true}]}}