{"id":1536,"date":"2023-04-18T16:35:58","date_gmt":"2023-04-18T19:35:58","guid":{"rendered":"https:\/\/www.pmpf.rs.gov.br\/secretaria-de-cidadania-e-assistencia-social\/?p=1536"},"modified":"2023-04-18T16:51:41","modified_gmt":"2023-04-18T19:51:41","slug":"com-concessao-de-terreno-pela-prefeitura-associacao-dos-autistas-tera-a-primeira-sede-propria","status":"publish","type":"post","link":"https:\/\/www.pmpf.rs.gov.br\/secretaria-de-cidadania-e-assistencia-social\/2023\/04\/18\/com-concessao-de-terreno-pela-prefeitura-associacao-dos-autistas-tera-a-primeira-sede-propria\/","title":{"rendered":"Prefeitura conceder\u00e1 terreno para constru\u00e7\u00e3o da primeira sede pr\u00f3pria da Associa\u00e7\u00e3o dos Autistas"},"content":{"rendered":"\n<p><\/p>\n\n\n\n<p><\/p>\n\n\n\n<p>Passo Fundo avan\u00e7a na consolida\u00e7\u00e3o de pol\u00edticas p\u00fablicas para as pessoas com autismo, considerando os seus direitos e a sua inser\u00e7\u00e3o na sociedade. Nesta ter\u00e7a-feira (18), o prefeito Pedro Almeida anunciou mais uma importante iniciativa: o Munic\u00edpio far\u00e1 uma concess\u00e3o de uso de um terreno para que a Associa\u00e7\u00e3o dos Amigos da Crian\u00e7a Autista (AUMA) possa ter uma sede pr\u00f3pria.<\/p>\n\n\n\n<p>\u201cSabemos o quanto isso significa para as pessoas que lutam pela inclus\u00e3o, direitos e melhorias na qualidade de vida dos autistas. Essas pessoas t\u00eam o nosso apoio para a constru\u00e7\u00e3o de pol\u00edticas p\u00fablicas e a implementa\u00e7\u00e3o de servi\u00e7os integrados e especializados que acolham e ofere\u00e7am oportunidades. Uma das mais importantes iniciativas do Munic\u00edpio foi a entrega da Escola dos Autistas e, com a concess\u00e3o deste terreno, pretendemos ofertar mais condi\u00e7\u00f5es para que a AUMA siga realizando um trabalho essencial\u201d, disse o prefeito.<\/p>\n\n\n\n<p>Nos pr\u00f3ximos dias, a Prefeitura encaminhar\u00e1 para a C\u00e2mara de Vereadores um Projeto de Lei de desafeta\u00e7\u00e3o de um terreno situado na Cohab\/Secchi para que seja concedido para a utiliza\u00e7\u00e3o da AUMA. O terreno fica nas proximidades da Escola Municipal dos Autistas Professora Olga Caetano Dias, entregue pelo Munic\u00edpio em outubro do ano passado e que representa um marco hist\u00f3rico para a luta das pessoas com autismo.<\/p>\n\n\n\n<p>O presidente da AUMA, Emerson Drebes, comemorou o an\u00fancio, enfatizando a import\u00e2ncia de uma sede pr\u00f3pria para possibilitar e fortalecer os servi\u00e7os desenvolvidos aos autistas. \u201cAtualmente, n\u00e3o temos uma sede e dependemos de empr\u00e9stimo de espa\u00e7o para atividades. A associa\u00e7\u00e3o tem 24 anos e essa ser\u00e1, al\u00e9m da primeira sede, um divisor de \u00e1gua,para que possamos firmar parcerias e consigamos prestar servi\u00e7os essenciais para as mais de 300 fam\u00edlias ligadas \u00e0 associa\u00e7\u00e3o\u201d, afirmou.<\/p>\n\n\n\n<p>A constru\u00e7\u00e3o do pr\u00e9dio ser\u00e1 feita pela AUMA. O projeto est\u00e1 sendo desenvolvido e dever\u00e1 compreender uma \u00e1rea constru\u00edda de 250 metros quadrados, que contemplar\u00e1 uma estrutura para atividades administrativas, atendimentos multidisciplinares e encontros com as fam\u00edlias, al\u00e9m de um espa\u00e7o externo multiuso para as crian\u00e7as. O valor necess\u00e1rio para a obra est\u00e1 garantido com recursos encaminhados pelo Minist\u00e9rio do Trabalho e Emprego.<\/p>\n\n\n\n<p><strong>Avan\u00e7o em pol\u00edticas p\u00fablicas<\/strong><\/p>\n\n\n\n<p>O secret\u00e1rio de Cidadania e Assist\u00eancia Social, Saul Spinelli, avaliou a iniciativa da Prefeitura. \u201c\u00c9 com a\u00e7\u00f5es e servi\u00e7os que Passo Fundo efetiva pol\u00edticas de atendimento \u00e0s pessoas com autismo. A rede municipal realiza um di\u00e1logo permanente a fim de garantir o cumprimento dos direitos dos autistas e o atendimento das suas demandas para que sejam, cada vez mais, inclu\u00eddos\u201d, declarou.<\/p>\n\n\n\n<p>No fim do ano passado, o Munic\u00edpio inaugurou a Escola dos Autistas, um local sonhado pela AUMA e que recebe mais de 100 pessoas, de crian\u00e7as a adultos, para atividades com foco no desenvolvimento intelectual e f\u00edsico e que d\u00e3o suporte ao ensino regular. A Escola Olga Caetano Dias promove a intera\u00e7\u00e3o e aprendizagem de diferentes habilidades, permitindo que os autistas se adaptem a diferentes cen\u00e1rios e tenham o seu potencial explorado.<\/p>\n\n\n\n<p>Al\u00e9m disso, o munic\u00edpio centraliza a\u00e7\u00f5es regionais do programa TEAcolhe, que tem o objetivo de implementar a <a href=\"https:\/\/saude.rs.gov.br\/upload\/arquivos\/202211\/29173423-lei-15322.pdf\" target=\"_blank\" rel=\"noreferrer noopener\">Lei Estadual n\u00b0 15.322\/2019<\/a>, que instituiu a Pol\u00edtica de Atendimento Integrado \u00e0 Pessoa com Transtorno do Espectro do Autismo no Rio Grande do Sul destinada, e assegura o atendimento \u00e0s necessidades espec\u00edficas das pessoas com autismo. O programa acontece no munic\u00edpio, principalmente, com a capacita\u00e7\u00e3o de profissionais de \u00e1reas como Sa\u00fade, Educa\u00e7\u00e3o e Assist\u00eancia Social o apoio e a execu\u00e7\u00e3o de servidos direcionados aos autistas.<\/p>\n\n\n\n<p>O Munic\u00edpio incentiva, ainda, o credenciamento das pessoas com autismo. De acordo com Drebes, 260 pessoas j\u00e1 contam com uma carteirinha de identifica\u00e7\u00e3o. \u201cEssa \u00e9 uma ferramenta adotada desde 2018 e que permite a manuten\u00e7\u00e3o de um censo das pessoas com autismo, que tamb\u00e9m abrange informa\u00e7\u00f5es individuais sobre as demandas de cada uma. A carteirinha tamb\u00e9m d\u00e1 o direito a atendimento priorit\u00e1rio e a descontos em servi\u00e7os de profissionais parceiros\u201d, pontuou.<\/p>\n\n\n\n<p><\/p>\n\n\n\n<p><strong>Foto: Michel Sanderi<\/strong><\/p>\n","protected":false},"excerpt":{"rendered":"<p>Prefeito Pedro anunciou a inten\u00e7\u00e3o do Munic\u00edpio de conceder um terreno para a AUMA nas proximidades da Escola dos Autistas, no Bairro Cohab\/Secchi<\/p>\n","protected":false},"author":6,"featured_media":1537,"comment_status":"closed","ping_status":"closed","sticky":true,"template":"","format":"standard","meta":{"footnotes":""},"categories":[1],"tags":[],"class_list":["post-1536","post","type-post","status-publish","format-standard","has-post-thumbnail","hentry","category-sem-categoria"],"yoast_head":"<!-- This site is optimized with the Yoast SEO plugin v23.8 - https:\/\/yoast.com\/wordpress\/plugins\/seo\/ -->\n<title>Prefeitura conceder\u00e1 terreno para constru\u00e7\u00e3o da primeira sede pr\u00f3pria da Associa\u00e7\u00e3o dos Autistas - Secretaria de Cidadania e Assist\u00eancia Social<\/title>\n<meta name=\"robots\" content=\"index, follow, max-snippet:-1, max-image-preview:large, max-video-preview:-1\" \/>\n<link rel=\"canonical\" href=\"https:\/\/www.pmpf.rs.gov.br\/secretaria-de-cidadania-e-assistencia-social\/2023\/04\/18\/com-concessao-de-terreno-pela-prefeitura-associacao-dos-autistas-tera-a-primeira-sede-propria\/\" \/>\n<meta property=\"og:locale\" content=\"pt_BR\" \/>\n<meta property=\"og:type\" content=\"article\" \/>\n<meta property=\"og:title\" content=\"Prefeitura conceder\u00e1 terreno para constru\u00e7\u00e3o da primeira sede pr\u00f3pria da Associa\u00e7\u00e3o dos Autistas - Secretaria de Cidadania e Assist\u00eancia Social\" \/>\n<meta property=\"og:description\" content=\"Prefeito Pedro anunciou a inten\u00e7\u00e3o do Munic\u00edpio de conceder um terreno para a AUMA nas proximidades da Escola dos Autistas, no Bairro Cohab\/Secchi\" \/>\n<meta property=\"og:url\" content=\"https:\/\/www.pmpf.rs.gov.br\/secretaria-de-cidadania-e-assistencia-social\/2023\/04\/18\/com-concessao-de-terreno-pela-prefeitura-associacao-dos-autistas-tera-a-primeira-sede-propria\/\" \/>\n<meta property=\"og:site_name\" content=\"Secretaria de Cidadania e Assist\u00eancia Social\" \/>\n<meta property=\"article:published_time\" content=\"2023-04-18T19:35:58+00:00\" \/>\n<meta property=\"article:modified_time\" content=\"2023-04-18T19:51:41+00:00\" \/>\n<meta property=\"og:image\" content=\"https:\/\/www.pmpf.rs.gov.br\/secretaria-de-cidadania-e-assistencia-social\/wp-content\/uploads\/sites\/24\/2023\/04\/sede-auma.jpeg\" \/>\n\t<meta property=\"og:image:width\" content=\"1600\" \/>\n\t<meta property=\"og:image:height\" content=\"1289\" \/>\n\t<meta property=\"og:image:type\" content=\"image\/jpeg\" \/>\n<meta name=\"author\" content=\"andressazorzetto07\" \/>\n<meta name=\"twitter:card\" content=\"summary_large_image\" \/>\n<meta name=\"twitter:label1\" content=\"Escrito por\" \/>\n\t<meta name=\"twitter:data1\" content=\"andressazorzetto07\" \/>\n\t<meta name=\"twitter:label2\" content=\"Est. tempo de leitura\" \/>\n\t<meta name=\"twitter:data2\" content=\"4 minutos\" \/>\n<script type=\"application\/ld+json\" class=\"yoast-schema-graph\">{\"@context\":\"https:\/\/schema.org\",\"@graph\":[{\"@type\":\"WebPage\",\"@id\":\"https:\/\/www.pmpf.rs.gov.br\/secretaria-de-cidadania-e-assistencia-social\/2023\/04\/18\/com-concessao-de-terreno-pela-prefeitura-associacao-dos-autistas-tera-a-primeira-sede-propria\/\",\"url\":\"https:\/\/www.pmpf.rs.gov.br\/secretaria-de-cidadania-e-assistencia-social\/2023\/04\/18\/com-concessao-de-terreno-pela-prefeitura-associacao-dos-autistas-tera-a-primeira-sede-propria\/\",\"name\":\"Prefeitura conceder\u00e1 terreno para constru\u00e7\u00e3o da primeira sede pr\u00f3pria da Associa\u00e7\u00e3o dos Autistas - Secretaria de Cidadania e Assist\u00eancia Social\",\"isPartOf\":{\"@id\":\"https:\/\/www.pmpf.rs.gov.br\/secretaria-de-cidadania-e-assistencia-social\/#website\"},\"primaryImageOfPage\":{\"@id\":\"https:\/\/www.pmpf.rs.gov.br\/secretaria-de-cidadania-e-assistencia-social\/2023\/04\/18\/com-concessao-de-terreno-pela-prefeitura-associacao-dos-autistas-tera-a-primeira-sede-propria\/#primaryimage\"},\"image\":{\"@id\":\"https:\/\/www.pmpf.rs.gov.br\/secretaria-de-cidadania-e-assistencia-social\/2023\/04\/18\/com-concessao-de-terreno-pela-prefeitura-associacao-dos-autistas-tera-a-primeira-sede-propria\/#primaryimage\"},\"thumbnailUrl\":\"https:\/\/www.pmpf.rs.gov.br\/secretaria-de-cidadania-e-assistencia-social\/wp-content\/uploads\/sites\/24\/2023\/04\/sede-auma.jpeg\",\"datePublished\":\"2023-04-18T19:35:58+00:00\",\"dateModified\":\"2023-04-18T19:51:41+00:00\",\"author\":{\"@id\":\"https:\/\/www.pmpf.rs.gov.br\/secretaria-de-cidadania-e-assistencia-social\/#\/schema\/person\/30ee1d1bd74da1469b01fcf086e43351\"},\"inLanguage\":\"pt-BR\",\"potentialAction\":[{\"@type\":\"ReadAction\",\"target\":[\"https:\/\/www.pmpf.rs.gov.br\/secretaria-de-cidadania-e-assistencia-social\/2023\/04\/18\/com-concessao-de-terreno-pela-prefeitura-associacao-dos-autistas-tera-a-primeira-sede-propria\/\"]}]},{\"@type\":\"ImageObject\",\"inLanguage\":\"pt-BR\",\"@id\":\"https:\/\/www.pmpf.rs.gov.br\/secretaria-de-cidadania-e-assistencia-social\/2023\/04\/18\/com-concessao-de-terreno-pela-prefeitura-associacao-dos-autistas-tera-a-primeira-sede-propria\/#primaryimage\",\"url\":\"https:\/\/www.pmpf.rs.gov.br\/secretaria-de-cidadania-e-assistencia-social\/wp-content\/uploads\/sites\/24\/2023\/04\/sede-auma.jpeg\",\"contentUrl\":\"https:\/\/www.pmpf.rs.gov.br\/secretaria-de-cidadania-e-assistencia-social\/wp-content\/uploads\/sites\/24\/2023\/04\/sede-auma.jpeg\",\"width\":1600,\"height\":1289},{\"@type\":\"WebSite\",\"@id\":\"https:\/\/www.pmpf.rs.gov.br\/secretaria-de-cidadania-e-assistencia-social\/#website\",\"url\":\"https:\/\/www.pmpf.rs.gov.br\/secretaria-de-cidadania-e-assistencia-social\/\",\"name\":\"Secretaria de Cidadania e Assist\u00eancia Social\",\"description\":\"S\u00f3 mais um site Prefeitura de Passo Fundo\",\"potentialAction\":[{\"@type\":\"SearchAction\",\"target\":{\"@type\":\"EntryPoint\",\"urlTemplate\":\"https:\/\/www.pmpf.rs.gov.br\/secretaria-de-cidadania-e-assistencia-social\/?s={search_term_string}\"},\"query-input\":{\"@type\":\"PropertyValueSpecification\",\"valueRequired\":true,\"valueName\":\"search_term_string\"}}],\"inLanguage\":\"pt-BR\"},{\"@type\":\"Person\",\"@id\":\"https:\/\/www.pmpf.rs.gov.br\/secretaria-de-cidadania-e-assistencia-social\/#\/schema\/person\/30ee1d1bd74da1469b01fcf086e43351\",\"name\":\"andressazorzetto07\",\"image\":{\"@type\":\"ImageObject\",\"inLanguage\":\"pt-BR\",\"@id\":\"https:\/\/www.pmpf.rs.gov.br\/secretaria-de-cidadania-e-assistencia-social\/#\/schema\/person\/image\/\",\"url\":\"https:\/\/secure.gravatar.com\/avatar\/14c5458ed79dc81da99a13b9ff5f9f19?s=96&d=mm&r=g\",\"contentUrl\":\"https:\/\/secure.gravatar.com\/avatar\/14c5458ed79dc81da99a13b9ff5f9f19?s=96&d=mm&r=g\",\"caption\":\"andressazorzetto07\"},\"url\":\"https:\/\/www.pmpf.rs.gov.br\/secretaria-de-cidadania-e-assistencia-social\/author\/andressazorzetto07\/\"}]}<\/script>\n<!-- \/ Yoast SEO plugin. -->","yoast_head_json":{"title":"Prefeitura conceder\u00e1 terreno para constru\u00e7\u00e3o da primeira sede pr\u00f3pria da Associa\u00e7\u00e3o dos Autistas - Secretaria de Cidadania e Assist\u00eancia Social","robots":{"index":"index","follow":"follow","max-snippet":"max-snippet:-1","max-image-preview":"max-image-preview:large","max-video-preview":"max-video-preview:-1"},"canonical":"https:\/\/www.pmpf.rs.gov.br\/secretaria-de-cidadania-e-assistencia-social\/2023\/04\/18\/com-concessao-de-terreno-pela-prefeitura-associacao-dos-autistas-tera-a-primeira-sede-propria\/","og_locale":"pt_BR","og_type":"article","og_title":"Prefeitura conceder\u00e1 terreno para constru\u00e7\u00e3o da primeira sede pr\u00f3pria da Associa\u00e7\u00e3o dos Autistas - Secretaria de Cidadania e Assist\u00eancia Social","og_description":"Prefeito Pedro anunciou a inten\u00e7\u00e3o do Munic\u00edpio de conceder um terreno para a AUMA nas proximidades da Escola dos Autistas, no Bairro Cohab\/Secchi","og_url":"https:\/\/www.pmpf.rs.gov.br\/secretaria-de-cidadania-e-assistencia-social\/2023\/04\/18\/com-concessao-de-terreno-pela-prefeitura-associacao-dos-autistas-tera-a-primeira-sede-propria\/","og_site_name":"Secretaria de Cidadania e Assist\u00eancia Social","article_published_time":"2023-04-18T19:35:58+00:00","article_modified_time":"2023-04-18T19:51:41+00:00","og_image":[{"width":1600,"height":1289,"url":"https:\/\/www.pmpf.rs.gov.br\/secretaria-de-cidadania-e-assistencia-social\/wp-content\/uploads\/sites\/24\/2023\/04\/sede-auma.jpeg","type":"image\/jpeg"}],"author":"andressazorzetto07","twitter_card":"summary_large_image","twitter_misc":{"Escrito por":"andressazorzetto07","Est. tempo de leitura":"4 minutos"},"schema":{"@context":"https:\/\/schema.org","@graph":[{"@type":"WebPage","@id":"https:\/\/www.pmpf.rs.gov.br\/secretaria-de-cidadania-e-assistencia-social\/2023\/04\/18\/com-concessao-de-terreno-pela-prefeitura-associacao-dos-autistas-tera-a-primeira-sede-propria\/","url":"https:\/\/www.pmpf.rs.gov.br\/secretaria-de-cidadania-e-assistencia-social\/2023\/04\/18\/com-concessao-de-terreno-pela-prefeitura-associacao-dos-autistas-tera-a-primeira-sede-propria\/","name":"Prefeitura conceder\u00e1 terreno para constru\u00e7\u00e3o da primeira sede pr\u00f3pria da Associa\u00e7\u00e3o dos Autistas - Secretaria de Cidadania e Assist\u00eancia Social","isPartOf":{"@id":"https:\/\/www.pmpf.rs.gov.br\/secretaria-de-cidadania-e-assistencia-social\/#website"},"primaryImageOfPage":{"@id":"https:\/\/www.pmpf.rs.gov.br\/secretaria-de-cidadania-e-assistencia-social\/2023\/04\/18\/com-concessao-de-terreno-pela-prefeitura-associacao-dos-autistas-tera-a-primeira-sede-propria\/#primaryimage"},"image":{"@id":"https:\/\/www.pmpf.rs.gov.br\/secretaria-de-cidadania-e-assistencia-social\/2023\/04\/18\/com-concessao-de-terreno-pela-prefeitura-associacao-dos-autistas-tera-a-primeira-sede-propria\/#primaryimage"},"thumbnailUrl":"https:\/\/www.pmpf.rs.gov.br\/secretaria-de-cidadania-e-assistencia-social\/wp-content\/uploads\/sites\/24\/2023\/04\/sede-auma.jpeg","datePublished":"2023-04-18T19:35:58+00:00","dateModified":"2023-04-18T19:51:41+00:00","author":{"@id":"https:\/\/www.pmpf.rs.gov.br\/secretaria-de-cidadania-e-assistencia-social\/#\/schema\/person\/30ee1d1bd74da1469b01fcf086e43351"},"inLanguage":"pt-BR","potentialAction":[{"@type":"ReadAction","target":["https:\/\/www.pmpf.rs.gov.br\/secretaria-de-cidadania-e-assistencia-social\/2023\/04\/18\/com-concessao-de-terreno-pela-prefeitura-associacao-dos-autistas-tera-a-primeira-sede-propria\/"]}]},{"@type":"ImageObject","inLanguage":"pt-BR","@id":"https:\/\/www.pmpf.rs.gov.br\/secretaria-de-cidadania-e-assistencia-social\/2023\/04\/18\/com-concessao-de-terreno-pela-prefeitura-associacao-dos-autistas-tera-a-primeira-sede-propria\/#primaryimage","url":"https:\/\/www.pmpf.rs.gov.br\/secretaria-de-cidadania-e-assistencia-social\/wp-content\/uploads\/sites\/24\/2023\/04\/sede-auma.jpeg","contentUrl":"https:\/\/www.pmpf.rs.gov.br\/secretaria-de-cidadania-e-assistencia-social\/wp-content\/uploads\/sites\/24\/2023\/04\/sede-auma.jpeg","width":1600,"height":1289},{"@type":"WebSite","@id":"https:\/\/www.pmpf.rs.gov.br\/secretaria-de-cidadania-e-assistencia-social\/#website","url":"https:\/\/www.pmpf.rs.gov.br\/secretaria-de-cidadania-e-assistencia-social\/","name":"Secretaria de Cidadania e Assist\u00eancia Social","description":"S\u00f3 mais um site Prefeitura de Passo Fundo","potentialAction":[{"@type":"SearchAction","target":{"@type":"EntryPoint","urlTemplate":"https:\/\/www.pmpf.rs.gov.br\/secretaria-de-cidadania-e-assistencia-social\/?s={search_term_string}"},"query-input":{"@type":"PropertyValueSpecification","valueRequired":true,"valueName":"search_term_string"}}],"inLanguage":"pt-BR"},{"@type":"Person","@id":"https:\/\/www.pmpf.rs.gov.br\/secretaria-de-cidadania-e-assistencia-social\/#\/schema\/person\/30ee1d1bd74da1469b01fcf086e43351","name":"andressazorzetto07","image":{"@type":"ImageObject","inLanguage":"pt-BR","@id":"https:\/\/www.pmpf.rs.gov.br\/secretaria-de-cidadania-e-assistencia-social\/#\/schema\/person\/image\/","url":"https:\/\/secure.gravatar.com\/avatar\/14c5458ed79dc81da99a13b9ff5f9f19?s=96&d=mm&r=g","contentUrl":"https:\/\/secure.gravatar.com\/avatar\/14c5458ed79dc81da99a13b9ff5f9f19?s=96&d=mm&r=g","caption":"andressazorzetto07"},"url":"https:\/\/www.pmpf.rs.gov.br\/secretaria-de-cidadania-e-assistencia-social\/author\/andressazorzetto07\/"}]}},"_links":{"self":[{"href":"https:\/\/www.pmpf.rs.gov.br\/secretaria-de-cidadania-e-assistencia-social\/wp-json\/wp\/v2\/posts\/1536"}],"collection":[{"href":"https:\/\/www.pmpf.rs.gov.br\/secretaria-de-cidadania-e-assistencia-social\/wp-json\/wp\/v2\/posts"}],"about":[{"href":"https:\/\/www.pmpf.rs.gov.br\/secretaria-de-cidadania-e-assistencia-social\/wp-json\/wp\/v2\/types\/post"}],"author":[{"embeddable":true,"href":"https:\/\/www.pmpf.rs.gov.br\/secretaria-de-cidadania-e-assistencia-social\/wp-json\/wp\/v2\/users\/6"}],"replies":[{"embeddable":true,"href":"https:\/\/www.pmpf.rs.gov.br\/secretaria-de-cidadania-e-assistencia-social\/wp-json\/wp\/v2\/comments?post=1536"}],"version-history":[{"count":2,"href":"https:\/\/www.pmpf.rs.gov.br\/secretaria-de-cidadania-e-assistencia-social\/wp-json\/wp\/v2\/posts\/1536\/revisions"}],"predecessor-version":[{"id":1539,"href":"https:\/\/www.pmpf.rs.gov.br\/secretaria-de-cidadania-e-assistencia-social\/wp-json\/wp\/v2\/posts\/1536\/revisions\/1539"}],"wp:featuredmedia":[{"embeddable":true,"href":"https:\/\/www.pmpf.rs.gov.br\/secretaria-de-cidadania-e-assistencia-social\/wp-json\/wp\/v2\/media\/1537"}],"wp:attachment":[{"href":"https:\/\/www.pmpf.rs.gov.br\/secretaria-de-cidadania-e-assistencia-social\/wp-json\/wp\/v2\/media?parent=1536"}],"wp:term":[{"taxonomy":"category","embeddable":true,"href":"https:\/\/www.pmpf.rs.gov.br\/secretaria-de-cidadania-e-assistencia-social\/wp-json\/wp\/v2\/categories?post=1536"},{"taxonomy":"post_tag","embeddable":true,"href":"https:\/\/www.pmpf.rs.gov.br\/secretaria-de-cidadania-e-assistencia-social\/wp-json\/wp\/v2\/tags?post=1536"}],"curies":[{"name":"wp","href":"https:\/\/api.w.org\/{rel}","templated":true}]}}