{"id":1485,"date":"2022-12-22T16:09:44","date_gmt":"2022-12-22T19:09:44","guid":{"rendered":"https:\/\/www.pmpf.rs.gov.br\/secretaria-de-cidadania-e-assistencia-social\/?p=1485"},"modified":"2022-12-22T16:12:26","modified_gmt":"2022-12-22T19:12:26","slug":"prefeitura-entrega-veiculo-para-o-atendimento-de-familias-acompanhadas-por-programas-sociais","status":"publish","type":"post","link":"https:\/\/www.pmpf.rs.gov.br\/secretaria-de-cidadania-e-assistencia-social\/2022\/12\/22\/prefeitura-entrega-veiculo-para-o-atendimento-de-familias-acompanhadas-por-programas-sociais\/","title":{"rendered":"<strong>Prefeitura entrega ve\u00edculo para o atendimento de fam\u00edlias acompanhadas por programas sociais<\/strong>"},"content":{"rendered":"\n<p><br>Nesta quinta-feira (22), em uma festa de Natal promovida a crian\u00e7as na Escola Municipal de Ensino Fundamental Dy\u00f3genes Martins Pinto,\u00a0o prefeito Pedro Almeida fez a entrega de um ve\u00edculo que ser\u00e1 utilizado pelas equipes da Secretaria de Cidadania e Assist\u00eancia Social para as a\u00e7\u00f5es dos programas Crian\u00e7a Feliz e Primeira Inf\u00e2ncia Melhor (PIM). A van foi adquirida a partir de recursos encaminhados pelo Governo Federal que reconhecem o empenho do Munic\u00edpio no alcance das metas dos programas e no atendimento da popula\u00e7\u00e3o.<\/p>\n\n\n\n<p>Para o prefeito, equipar os servi\u00e7os da Assist\u00eancia Social \u00e9 facilitar que o cidad\u00e3o tenha acesso aos programas voltados para a \u00e1rea. \u201cAl\u00e9m de ser um ve\u00edculo que vai contribuir com o deslocamento das equipes para atender as fam\u00edlias, ele foi conquistado com recursos do Governo Federal que confirmam a dedica\u00e7\u00e3o do Munic\u00edpio \u00e0 efetiva\u00e7\u00e3o das a\u00e7\u00f5es dos programas, beneficiando a comunidade\u201d, afirma.<\/p>\n\n\n\n<p>Os programas Crian\u00e7a Feliz e Primeira Inf\u00e2ncia Melhor potencializam a integralidade do cuidado com as crian\u00e7as e contribuem com o acesso a pol\u00edticas p\u00fablicas. Ao todo, s\u00e3o assistidas por meio das iniciativas 270 crian\u00e7as de 0 a 6 anos e 20 gestantes. O trabalho realizado pela Assist\u00eancia Social tamb\u00e9m envolve as secretarias de Sa\u00fade, Educa\u00e7\u00e3o e Habita\u00e7\u00e3o.<\/p>\n\n\n\n<p>Conforme o secret\u00e1rio de Cidadania e Assist\u00eancia Social, o ve\u00edculo colabora com o atendimento das fam\u00edlias, como as visitas feitas em domic\u00edlio. \u201cCada fam\u00edlia recebe quatro visitas mensais das equipes de Psicologia e Assist\u00eancia Social. Essas visitas t\u00eam como objetivo acompanhar as fam\u00edlias em parceria com os Centros de Refer\u00eancia de Assist\u00eancia Social (CRAS) para a verifica\u00e7\u00e3o da situa\u00e7\u00e3o escolar, pr\u00e9-natal, alimenta\u00e7\u00e3o e vestu\u00e1rio, por exemplo, e para orienta\u00e7\u00f5es sobre benef\u00edcios que, muitas vezes, a comunidade deixa de acessar por desconhecimento. S\u00e3o a\u00e7\u00f5es muito importantes que nos possibilitam atender essas fam\u00edlias e fazer um diagn\u00f3stico de demandas que podem ser encaminhadas para a rede municipal e solucionadas\u201d, destaca<\/p>\n\n\n\n<p><strong>Qualificando o atendimento<br><\/strong>A Prefeitura tamb\u00e9m entregou um ve\u00edculo para o programa Cuidando da Gente, que est\u00e1 dando suporte \u00e0s equipes de assist\u00eancia social e de abordagem no atendimento das pessoas em situa\u00e7\u00e3o de rua a fim de convid\u00e1-las para acessar os servi\u00e7os de acolhimento. Al\u00e9m disso, em uma parceria com o Ambulat\u00f3rio na Rua, s\u00e3o levados m\u00e9dico e enfermeiro para verificar a sa\u00fade desta popula\u00e7\u00e3o.<\/p>\n\n\n\n<p><strong>Fotos: Michel Sanderi<\/strong><\/p>\n","protected":false},"excerpt":{"rendered":"<p>Van foi adquirida com recursos do Governo Federal que reconhecem o trabalho do Munic\u00edpio para atingir as metas dos programas Crian\u00e7a Feliz e Primeira Inf\u00e2ncia Melhor<\/p>\n","protected":false},"author":6,"featured_media":1487,"comment_status":"closed","ping_status":"closed","sticky":true,"template":"","format":"standard","meta":{"footnotes":""},"categories":[1],"tags":[],"class_list":["post-1485","post","type-post","status-publish","format-standard","has-post-thumbnail","hentry","category-sem-categoria"],"yoast_head":"<!-- This site is optimized with the Yoast SEO plugin v23.8 - https:\/\/yoast.com\/wordpress\/plugins\/seo\/ -->\n<title>Prefeitura entrega ve\u00edculo para o atendimento de fam\u00edlias acompanhadas por programas sociais - Secretaria de Cidadania e Assist\u00eancia Social<\/title>\n<meta name=\"robots\" content=\"index, follow, max-snippet:-1, max-image-preview:large, max-video-preview:-1\" \/>\n<link rel=\"canonical\" href=\"https:\/\/www.pmpf.rs.gov.br\/secretaria-de-cidadania-e-assistencia-social\/2022\/12\/22\/prefeitura-entrega-veiculo-para-o-atendimento-de-familias-acompanhadas-por-programas-sociais\/\" \/>\n<meta property=\"og:locale\" content=\"pt_BR\" \/>\n<meta property=\"og:type\" content=\"article\" \/>\n<meta property=\"og:title\" content=\"Prefeitura entrega ve\u00edculo para o atendimento de fam\u00edlias acompanhadas por programas sociais - Secretaria de Cidadania e Assist\u00eancia Social\" \/>\n<meta property=\"og:description\" content=\"Van foi adquirida com recursos do Governo Federal que reconhecem o trabalho do Munic\u00edpio para atingir as metas dos programas Crian\u00e7a Feliz e Primeira Inf\u00e2ncia Melhor\" \/>\n<meta property=\"og:url\" content=\"https:\/\/www.pmpf.rs.gov.br\/secretaria-de-cidadania-e-assistencia-social\/2022\/12\/22\/prefeitura-entrega-veiculo-para-o-atendimento-de-familias-acompanhadas-por-programas-sociais\/\" \/>\n<meta property=\"og:site_name\" content=\"Secretaria de Cidadania e Assist\u00eancia Social\" \/>\n<meta property=\"article:published_time\" content=\"2022-12-22T19:09:44+00:00\" \/>\n<meta property=\"article:modified_time\" content=\"2022-12-22T19:12:26+00:00\" \/>\n<meta name=\"author\" content=\"andressazorzetto07\" \/>\n<meta name=\"twitter:card\" content=\"summary_large_image\" \/>\n<meta name=\"twitter:label1\" content=\"Escrito por\" \/>\n\t<meta name=\"twitter:data1\" content=\"andressazorzetto07\" \/>\n\t<meta name=\"twitter:label2\" content=\"Est. tempo de leitura\" \/>\n\t<meta name=\"twitter:data2\" content=\"2 minutos\" \/>\n<script type=\"application\/ld+json\" class=\"yoast-schema-graph\">{\"@context\":\"https:\/\/schema.org\",\"@graph\":[{\"@type\":\"WebPage\",\"@id\":\"https:\/\/www.pmpf.rs.gov.br\/secretaria-de-cidadania-e-assistencia-social\/2022\/12\/22\/prefeitura-entrega-veiculo-para-o-atendimento-de-familias-acompanhadas-por-programas-sociais\/\",\"url\":\"https:\/\/www.pmpf.rs.gov.br\/secretaria-de-cidadania-e-assistencia-social\/2022\/12\/22\/prefeitura-entrega-veiculo-para-o-atendimento-de-familias-acompanhadas-por-programas-sociais\/\",\"name\":\"Prefeitura entrega ve\u00edculo para o atendimento de fam\u00edlias acompanhadas por programas sociais - Secretaria de Cidadania e Assist\u00eancia Social\",\"isPartOf\":{\"@id\":\"https:\/\/www.pmpf.rs.gov.br\/secretaria-de-cidadania-e-assistencia-social\/#website\"},\"primaryImageOfPage\":{\"@id\":\"https:\/\/www.pmpf.rs.gov.br\/secretaria-de-cidadania-e-assistencia-social\/2022\/12\/22\/prefeitura-entrega-veiculo-para-o-atendimento-de-familias-acompanhadas-por-programas-sociais\/#primaryimage\"},\"image\":{\"@id\":\"https:\/\/www.pmpf.rs.gov.br\/secretaria-de-cidadania-e-assistencia-social\/2022\/12\/22\/prefeitura-entrega-veiculo-para-o-atendimento-de-familias-acompanhadas-por-programas-sociais\/#primaryimage\"},\"thumbnailUrl\":\"https:\/\/www.pmpf.rs.gov.br\/secretaria-de-cidadania-e-assistencia-social\/wp-content\/uploads\/sites\/24\/2022\/12\/carro-programas-sociais.jpg\",\"datePublished\":\"2022-12-22T19:09:44+00:00\",\"dateModified\":\"2022-12-22T19:12:26+00:00\",\"author\":{\"@id\":\"https:\/\/www.pmpf.rs.gov.br\/secretaria-de-cidadania-e-assistencia-social\/#\/schema\/person\/30ee1d1bd74da1469b01fcf086e43351\"},\"inLanguage\":\"pt-BR\",\"potentialAction\":[{\"@type\":\"ReadAction\",\"target\":[\"https:\/\/www.pmpf.rs.gov.br\/secretaria-de-cidadania-e-assistencia-social\/2022\/12\/22\/prefeitura-entrega-veiculo-para-o-atendimento-de-familias-acompanhadas-por-programas-sociais\/\"]}]},{\"@type\":\"ImageObject\",\"inLanguage\":\"pt-BR\",\"@id\":\"https:\/\/www.pmpf.rs.gov.br\/secretaria-de-cidadania-e-assistencia-social\/2022\/12\/22\/prefeitura-entrega-veiculo-para-o-atendimento-de-familias-acompanhadas-por-programas-sociais\/#primaryimage\",\"url\":\"https:\/\/www.pmpf.rs.gov.br\/secretaria-de-cidadania-e-assistencia-social\/wp-content\/uploads\/sites\/24\/2022\/12\/carro-programas-sociais.jpg\",\"contentUrl\":\"https:\/\/www.pmpf.rs.gov.br\/secretaria-de-cidadania-e-assistencia-social\/wp-content\/uploads\/sites\/24\/2022\/12\/carro-programas-sociais.jpg\",\"width\":1280,\"height\":853},{\"@type\":\"WebSite\",\"@id\":\"https:\/\/www.pmpf.rs.gov.br\/secretaria-de-cidadania-e-assistencia-social\/#website\",\"url\":\"https:\/\/www.pmpf.rs.gov.br\/secretaria-de-cidadania-e-assistencia-social\/\",\"name\":\"Secretaria de Cidadania e Assist\u00eancia Social\",\"description\":\"S\u00f3 mais um site Prefeitura de Passo Fundo\",\"potentialAction\":[{\"@type\":\"SearchAction\",\"target\":{\"@type\":\"EntryPoint\",\"urlTemplate\":\"https:\/\/www.pmpf.rs.gov.br\/secretaria-de-cidadania-e-assistencia-social\/?s={search_term_string}\"},\"query-input\":{\"@type\":\"PropertyValueSpecification\",\"valueRequired\":true,\"valueName\":\"search_term_string\"}}],\"inLanguage\":\"pt-BR\"},{\"@type\":\"Person\",\"@id\":\"https:\/\/www.pmpf.rs.gov.br\/secretaria-de-cidadania-e-assistencia-social\/#\/schema\/person\/30ee1d1bd74da1469b01fcf086e43351\",\"name\":\"andressazorzetto07\",\"image\":{\"@type\":\"ImageObject\",\"inLanguage\":\"pt-BR\",\"@id\":\"https:\/\/www.pmpf.rs.gov.br\/secretaria-de-cidadania-e-assistencia-social\/#\/schema\/person\/image\/\",\"url\":\"https:\/\/secure.gravatar.com\/avatar\/14c5458ed79dc81da99a13b9ff5f9f19?s=96&d=mm&r=g\",\"contentUrl\":\"https:\/\/secure.gravatar.com\/avatar\/14c5458ed79dc81da99a13b9ff5f9f19?s=96&d=mm&r=g\",\"caption\":\"andressazorzetto07\"},\"url\":\"https:\/\/www.pmpf.rs.gov.br\/secretaria-de-cidadania-e-assistencia-social\/author\/andressazorzetto07\/\"}]}<\/script>\n<!-- \/ Yoast SEO plugin. -->","yoast_head_json":{"title":"Prefeitura entrega ve\u00edculo para o atendimento de fam\u00edlias acompanhadas por programas sociais - Secretaria de Cidadania e Assist\u00eancia Social","robots":{"index":"index","follow":"follow","max-snippet":"max-snippet:-1","max-image-preview":"max-image-preview:large","max-video-preview":"max-video-preview:-1"},"canonical":"https:\/\/www.pmpf.rs.gov.br\/secretaria-de-cidadania-e-assistencia-social\/2022\/12\/22\/prefeitura-entrega-veiculo-para-o-atendimento-de-familias-acompanhadas-por-programas-sociais\/","og_locale":"pt_BR","og_type":"article","og_title":"Prefeitura entrega ve\u00edculo para o atendimento de fam\u00edlias acompanhadas por programas sociais - Secretaria de Cidadania e Assist\u00eancia Social","og_description":"Van foi adquirida com recursos do Governo Federal que reconhecem o trabalho do Munic\u00edpio para atingir as metas dos programas Crian\u00e7a Feliz e Primeira Inf\u00e2ncia Melhor","og_url":"https:\/\/www.pmpf.rs.gov.br\/secretaria-de-cidadania-e-assistencia-social\/2022\/12\/22\/prefeitura-entrega-veiculo-para-o-atendimento-de-familias-acompanhadas-por-programas-sociais\/","og_site_name":"Secretaria de Cidadania e Assist\u00eancia Social","article_published_time":"2022-12-22T19:09:44+00:00","article_modified_time":"2022-12-22T19:12:26+00:00","author":"andressazorzetto07","twitter_card":"summary_large_image","twitter_misc":{"Escrito por":"andressazorzetto07","Est. tempo de leitura":"2 minutos"},"schema":{"@context":"https:\/\/schema.org","@graph":[{"@type":"WebPage","@id":"https:\/\/www.pmpf.rs.gov.br\/secretaria-de-cidadania-e-assistencia-social\/2022\/12\/22\/prefeitura-entrega-veiculo-para-o-atendimento-de-familias-acompanhadas-por-programas-sociais\/","url":"https:\/\/www.pmpf.rs.gov.br\/secretaria-de-cidadania-e-assistencia-social\/2022\/12\/22\/prefeitura-entrega-veiculo-para-o-atendimento-de-familias-acompanhadas-por-programas-sociais\/","name":"Prefeitura entrega ve\u00edculo para o atendimento de fam\u00edlias acompanhadas por programas sociais - Secretaria de Cidadania e Assist\u00eancia Social","isPartOf":{"@id":"https:\/\/www.pmpf.rs.gov.br\/secretaria-de-cidadania-e-assistencia-social\/#website"},"primaryImageOfPage":{"@id":"https:\/\/www.pmpf.rs.gov.br\/secretaria-de-cidadania-e-assistencia-social\/2022\/12\/22\/prefeitura-entrega-veiculo-para-o-atendimento-de-familias-acompanhadas-por-programas-sociais\/#primaryimage"},"image":{"@id":"https:\/\/www.pmpf.rs.gov.br\/secretaria-de-cidadania-e-assistencia-social\/2022\/12\/22\/prefeitura-entrega-veiculo-para-o-atendimento-de-familias-acompanhadas-por-programas-sociais\/#primaryimage"},"thumbnailUrl":"https:\/\/www.pmpf.rs.gov.br\/secretaria-de-cidadania-e-assistencia-social\/wp-content\/uploads\/sites\/24\/2022\/12\/carro-programas-sociais.jpg","datePublished":"2022-12-22T19:09:44+00:00","dateModified":"2022-12-22T19:12:26+00:00","author":{"@id":"https:\/\/www.pmpf.rs.gov.br\/secretaria-de-cidadania-e-assistencia-social\/#\/schema\/person\/30ee1d1bd74da1469b01fcf086e43351"},"inLanguage":"pt-BR","potentialAction":[{"@type":"ReadAction","target":["https:\/\/www.pmpf.rs.gov.br\/secretaria-de-cidadania-e-assistencia-social\/2022\/12\/22\/prefeitura-entrega-veiculo-para-o-atendimento-de-familias-acompanhadas-por-programas-sociais\/"]}]},{"@type":"ImageObject","inLanguage":"pt-BR","@id":"https:\/\/www.pmpf.rs.gov.br\/secretaria-de-cidadania-e-assistencia-social\/2022\/12\/22\/prefeitura-entrega-veiculo-para-o-atendimento-de-familias-acompanhadas-por-programas-sociais\/#primaryimage","url":"https:\/\/www.pmpf.rs.gov.br\/secretaria-de-cidadania-e-assistencia-social\/wp-content\/uploads\/sites\/24\/2022\/12\/carro-programas-sociais.jpg","contentUrl":"https:\/\/www.pmpf.rs.gov.br\/secretaria-de-cidadania-e-assistencia-social\/wp-content\/uploads\/sites\/24\/2022\/12\/carro-programas-sociais.jpg","width":1280,"height":853},{"@type":"WebSite","@id":"https:\/\/www.pmpf.rs.gov.br\/secretaria-de-cidadania-e-assistencia-social\/#website","url":"https:\/\/www.pmpf.rs.gov.br\/secretaria-de-cidadania-e-assistencia-social\/","name":"Secretaria de Cidadania e Assist\u00eancia Social","description":"S\u00f3 mais um site Prefeitura de Passo Fundo","potentialAction":[{"@type":"SearchAction","target":{"@type":"EntryPoint","urlTemplate":"https:\/\/www.pmpf.rs.gov.br\/secretaria-de-cidadania-e-assistencia-social\/?s={search_term_string}"},"query-input":{"@type":"PropertyValueSpecification","valueRequired":true,"valueName":"search_term_string"}}],"inLanguage":"pt-BR"},{"@type":"Person","@id":"https:\/\/www.pmpf.rs.gov.br\/secretaria-de-cidadania-e-assistencia-social\/#\/schema\/person\/30ee1d1bd74da1469b01fcf086e43351","name":"andressazorzetto07","image":{"@type":"ImageObject","inLanguage":"pt-BR","@id":"https:\/\/www.pmpf.rs.gov.br\/secretaria-de-cidadania-e-assistencia-social\/#\/schema\/person\/image\/","url":"https:\/\/secure.gravatar.com\/avatar\/14c5458ed79dc81da99a13b9ff5f9f19?s=96&d=mm&r=g","contentUrl":"https:\/\/secure.gravatar.com\/avatar\/14c5458ed79dc81da99a13b9ff5f9f19?s=96&d=mm&r=g","caption":"andressazorzetto07"},"url":"https:\/\/www.pmpf.rs.gov.br\/secretaria-de-cidadania-e-assistencia-social\/author\/andressazorzetto07\/"}]}},"_links":{"self":[{"href":"https:\/\/www.pmpf.rs.gov.br\/secretaria-de-cidadania-e-assistencia-social\/wp-json\/wp\/v2\/posts\/1485"}],"collection":[{"href":"https:\/\/www.pmpf.rs.gov.br\/secretaria-de-cidadania-e-assistencia-social\/wp-json\/wp\/v2\/posts"}],"about":[{"href":"https:\/\/www.pmpf.rs.gov.br\/secretaria-de-cidadania-e-assistencia-social\/wp-json\/wp\/v2\/types\/post"}],"author":[{"embeddable":true,"href":"https:\/\/www.pmpf.rs.gov.br\/secretaria-de-cidadania-e-assistencia-social\/wp-json\/wp\/v2\/users\/6"}],"replies":[{"embeddable":true,"href":"https:\/\/www.pmpf.rs.gov.br\/secretaria-de-cidadania-e-assistencia-social\/wp-json\/wp\/v2\/comments?post=1485"}],"version-history":[{"count":1,"href":"https:\/\/www.pmpf.rs.gov.br\/secretaria-de-cidadania-e-assistencia-social\/wp-json\/wp\/v2\/posts\/1485\/revisions"}],"predecessor-version":[{"id":1486,"href":"https:\/\/www.pmpf.rs.gov.br\/secretaria-de-cidadania-e-assistencia-social\/wp-json\/wp\/v2\/posts\/1485\/revisions\/1486"}],"wp:featuredmedia":[{"embeddable":true,"href":"https:\/\/www.pmpf.rs.gov.br\/secretaria-de-cidadania-e-assistencia-social\/wp-json\/wp\/v2\/media\/1487"}],"wp:attachment":[{"href":"https:\/\/www.pmpf.rs.gov.br\/secretaria-de-cidadania-e-assistencia-social\/wp-json\/wp\/v2\/media?parent=1485"}],"wp:term":[{"taxonomy":"category","embeddable":true,"href":"https:\/\/www.pmpf.rs.gov.br\/secretaria-de-cidadania-e-assistencia-social\/wp-json\/wp\/v2\/categories?post=1485"},{"taxonomy":"post_tag","embeddable":true,"href":"https:\/\/www.pmpf.rs.gov.br\/secretaria-de-cidadania-e-assistencia-social\/wp-json\/wp\/v2\/tags?post=1485"}],"curies":[{"name":"wp","href":"https:\/\/api.w.org\/{rel}","templated":true}]}}