{"id":1482,"date":"2022-12-06T15:46:05","date_gmt":"2022-12-06T18:46:05","guid":{"rendered":"https:\/\/www.pmpf.rs.gov.br\/secretaria-de-cidadania-e-assistencia-social\/?p=1482"},"modified":"2022-12-06T15:46:06","modified_gmt":"2022-12-06T18:46:06","slug":"festa-do-leaozinho-reune-entidades-beneficiadas-pelo-fumdica-e-promove-importancia-da-destinacao-do-ir","status":"publish","type":"post","link":"https:\/\/www.pmpf.rs.gov.br\/secretaria-de-cidadania-e-assistencia-social\/2022\/12\/06\/festa-do-leaozinho-reune-entidades-beneficiadas-pelo-fumdica-e-promove-importancia-da-destinacao-do-ir\/","title":{"rendered":"<strong>Festa do Le\u00e3ozinho re\u00fane entidades beneficiadas pelo FUMDICA e promove import\u00e2ncia da destina\u00e7\u00e3o do IR<\/strong>"},"content":{"rendered":"\n<p><br><br>Celebrar e agradecer. A Festa do Le\u00e3ozinho, organizada pela Prefeitura de Passo Fundo e pelo Conselho Municipal dos Direitos da Crian\u00e7a e do Adolescente (COMDICA), na manh\u00e3 desta ter\u00e7a-feira (06), reuniu no CTG Lalau Miranda crian\u00e7as e adolescentes beneficiadas pelos programas socioassistenciais das entidades contempladas com recursos oriundos do Fundo Municipal dos Direitos da Crian\u00e7a e do Adolescente (FUMDICA). Atrav\u00e9s da mobiliza\u00e7\u00e3o de lideran\u00e7as municipais e das entidades, a campanha de destina\u00e7\u00e3o do Imposto de Renda (IR) no exerc\u00edcio de 2021 resultou na arrecada\u00e7\u00e3o de R$ 1,4 milh\u00e3o, distribu\u00eddos a 17 entidades.<\/p>\n\n\n\n<p>Ao destacar a import\u00e2ncia da campanha de destina\u00e7\u00e3o do Imposto de Renda, o prefeito Pedro Almeida, salientou que a transforma\u00e7\u00e3o social pela educa\u00e7\u00e3o necessita de a\u00e7\u00f5es coletivas e propositivas e que o engajamento da sociedade passo-fundense tem demonstrado que o trabalho conjunto \u00e9 fundamental. \u201cEssas entidades promovem um trabalho indispens\u00e1vel \u00e0s nossas crian\u00e7as e adolescentes. Mais do que dar condi\u00e7\u00f5es de inclus\u00e3o e acessibilidade, elas fomentam a despertam perspectivas de futuro\u201d, disse ele, complementando que o envolvimento da Administra\u00e7\u00e3o Municipal em incentivar que cada vez mais as pessoas f\u00edsicas e jur\u00eddicas possam se somar \u00e0 campanha do Le\u00e3ozinho amplia \u201ca destina\u00e7\u00e3o do Imposto de Renda para o COMDICA, que \u00e9 uma ferramenta que impulsiona os trabalhos desenvolvidos em diferentes regi\u00f5es de Passo Fundo e que merecem ser, cada vez mais, ampliados\u201d.<\/p>\n\n\n\n<p>O secret\u00e1rio de Cidadania e Assist\u00eancia Social, Saul Spinelli, agradeceu o apoio e o envolvimento de todas as institui\u00e7\u00f5es que se engajaram na mobiliza\u00e7\u00e3o da campanha \u2018Transforme seu Le\u00e3o em Le\u00e3ozinho\u2019, o que resultou no aumento da arrecada\u00e7\u00e3o em rela\u00e7\u00e3o ao ano anterior. \u201cEstamos conseguindo mobilizar as pessoas f\u00edsicas e jur\u00eddicas para que compreendam a relev\u00e2ncia de destinarem o Imposto de Renda \u00e0s entidades municipais. Os recursos oriundos desta campanha ficam em Passo Fundo e se transformam em iniciativas que mudam a vida das crian\u00e7as e adolescentes\u201d, reiterou.<\/p>\n\n\n\n<p>O presidente do Sindicont\u00e1bil, Nazareno Jorge Domingos, destacou que a entidade tem estimulado os contabilistas a informarem os contribuintes sobre os benef\u00edcios da destina\u00e7\u00e3o do Imposto de Renda a \u00f3rg\u00e3os como o COMDICA e o Conselho Municipal dos Idosos (COMUI), o que tem gerado o aumento de arrecada\u00e7\u00e3o e, em consequ\u00eancia, a amplia\u00e7\u00e3o dos recursos para os Fundos, como o do FUMDICA. Para o presidente do COMDICA, Carlos Alberto de Oliveira, salientou que o apoio de toda a sociedade tem sido bastante animador. \u201cE o resultado de todo esse trabalho pode ser conferido nas entidades e nos projetos e programas que elas realizam, sempre priorizando a educa\u00e7\u00e3o e a forma\u00e7\u00e3o de v\u00ednculos sociais e comunit\u00e1rios\u201d, falou.<\/p>\n\n\n\n<p>Participaram ainda da atividade, o presidente da C\u00e2mara de Vereadores, Evandro Meireles; vereadores; secret\u00e1rios de Governo; e o promotor de Justi\u00e7a da Inf\u00e2ncia e Juventude, Jo\u00e3o Paulo Bittencourt Cardoso. Uma das coordenadoras do Centro Juvenil Mericiano (CEJUME), a Irm\u00e3 Catiane, observou que a Festa do Le\u00e3ozinho foi uma oportunidade de promover a integra\u00e7\u00e3o entre as entidades contempladas com os recursos de destina\u00e7\u00e3o do Imposto de Renda, ao mesmo tempo que serviu como uma presta\u00e7\u00e3o de contas da aplica\u00e7\u00e3o destas verbas pelos projetos contemplados. \u201cMuitas a\u00e7\u00f5es s\u00e3o feitas, mas a comunidade n\u00e3o toma conhecimento de grande parte delas. Por isso, este encontro tamb\u00e9m est\u00e1 permitindo que a gente mostre o que realizamos em prol da inf\u00e2ncia e da juventude\u201d, comentou.<\/p>\n\n\n\n<p><strong>Como destinar seu Imposto de Renda<br><\/strong>Pode destinar valores quem apresenta declara\u00e7\u00e3o de Imposto de Renda pelo modelo completo, ou seja, com o aproveitamento das dedu\u00e7\u00f5es legais (despesas com sa\u00fade, dependentes, educa\u00e7\u00e3o, etc.) Voc\u00ea pode destinar mesmo se costuma ter imposto a restituir, porque o c\u00e1lculo do valor dispon\u00edvel se d\u00e1 sobre o valor do imposto devido e n\u00e3o do imposto a pagar. Assim, quem tem imposto a restituir aumenta o valor da restitui\u00e7\u00e3o; quem tem imposto a pagar diminui a quantia a desembolsar no ajuste.<\/p>\n\n\n\n<p>D\u00favidas e informa\u00e7\u00f5es sobre os procedimentos para a destina\u00e7\u00e3o do IR, entre em contato pelos telefones:<\/p>\n\n\n\n<p>COMDICA: (54) 3581-0187<br>Receita Federal: (54) 3316-9600<br>Sindicato dos Contabilistas de Passo Fundo: (54) 3312-1448<\/p>\n","protected":false},"excerpt":{"rendered":"<p>Entidades socioassistenciais contempladas com recursos do FUMDICA apresentaram algumas de suas atividades desenvolvidas e salientaram a import\u00e2ncia da campanha \u201cTransforme seu Le\u00e3o em Le\u00e3ozinho\u201d para a manuten\u00e7\u00e3o de suas atividades. Pessoas f\u00edsicas e jur\u00eddicas t\u00eam at\u00e9 o dia 29 de dezembro para destinar o seu Imposto de Renda (IR) devido para projetos e programas sociais<\/p>\n","protected":false},"author":6,"featured_media":1483,"comment_status":"closed","ping_status":"closed","sticky":false,"template":"","format":"standard","meta":{"footnotes":""},"categories":[11],"tags":[],"class_list":["post-1482","post","type-post","status-publish","format-standard","has-post-thumbnail","hentry","category-transforme-seu-leao-em-um-leaozinho"],"yoast_head":"<!-- This site is optimized with the Yoast SEO plugin v23.8 - https:\/\/yoast.com\/wordpress\/plugins\/seo\/ -->\n<title>Festa do Le\u00e3ozinho re\u00fane entidades beneficiadas pelo FUMDICA e promove import\u00e2ncia da destina\u00e7\u00e3o do IR - Secretaria de Cidadania e Assist\u00eancia Social<\/title>\n<meta name=\"robots\" content=\"index, follow, max-snippet:-1, max-image-preview:large, max-video-preview:-1\" \/>\n<link rel=\"canonical\" href=\"https:\/\/www.pmpf.rs.gov.br\/secretaria-de-cidadania-e-assistencia-social\/2022\/12\/06\/festa-do-leaozinho-reune-entidades-beneficiadas-pelo-fumdica-e-promove-importancia-da-destinacao-do-ir\/\" \/>\n<meta property=\"og:locale\" content=\"pt_BR\" \/>\n<meta property=\"og:type\" content=\"article\" \/>\n<meta property=\"og:title\" content=\"Festa do Le\u00e3ozinho re\u00fane entidades beneficiadas pelo FUMDICA e promove import\u00e2ncia da destina\u00e7\u00e3o do IR - Secretaria de Cidadania e Assist\u00eancia Social\" \/>\n<meta property=\"og:description\" content=\"Entidades socioassistenciais contempladas com recursos do FUMDICA apresentaram algumas de suas atividades desenvolvidas e salientaram a import\u00e2ncia da campanha \u201cTransforme seu Le\u00e3o em Le\u00e3ozinho\u201d para a manuten\u00e7\u00e3o de suas atividades. Pessoas f\u00edsicas e jur\u00eddicas t\u00eam at\u00e9 o dia 29 de dezembro para destinar o seu Imposto de Renda (IR) devido para projetos e programas sociais\" \/>\n<meta property=\"og:url\" content=\"https:\/\/www.pmpf.rs.gov.br\/secretaria-de-cidadania-e-assistencia-social\/2022\/12\/06\/festa-do-leaozinho-reune-entidades-beneficiadas-pelo-fumdica-e-promove-importancia-da-destinacao-do-ir\/\" \/>\n<meta property=\"og:site_name\" content=\"Secretaria de Cidadania e Assist\u00eancia Social\" \/>\n<meta property=\"article:published_time\" content=\"2022-12-06T18:46:05+00:00\" \/>\n<meta property=\"article:modified_time\" content=\"2022-12-06T18:46:06+00:00\" \/>\n<meta name=\"author\" content=\"andressazorzetto07\" \/>\n<meta name=\"twitter:card\" content=\"summary_large_image\" \/>\n<meta name=\"twitter:label1\" content=\"Escrito por\" \/>\n\t<meta name=\"twitter:data1\" content=\"andressazorzetto07\" \/>\n\t<meta name=\"twitter:label2\" content=\"Est. tempo de leitura\" \/>\n\t<meta name=\"twitter:data2\" content=\"4 minutos\" \/>\n<script type=\"application\/ld+json\" class=\"yoast-schema-graph\">{\"@context\":\"https:\/\/schema.org\",\"@graph\":[{\"@type\":\"WebPage\",\"@id\":\"https:\/\/www.pmpf.rs.gov.br\/secretaria-de-cidadania-e-assistencia-social\/2022\/12\/06\/festa-do-leaozinho-reune-entidades-beneficiadas-pelo-fumdica-e-promove-importancia-da-destinacao-do-ir\/\",\"url\":\"https:\/\/www.pmpf.rs.gov.br\/secretaria-de-cidadania-e-assistencia-social\/2022\/12\/06\/festa-do-leaozinho-reune-entidades-beneficiadas-pelo-fumdica-e-promove-importancia-da-destinacao-do-ir\/\",\"name\":\"Festa do Le\u00e3ozinho re\u00fane entidades beneficiadas pelo FUMDICA e promove import\u00e2ncia da destina\u00e7\u00e3o do IR - Secretaria de Cidadania e Assist\u00eancia Social\",\"isPartOf\":{\"@id\":\"https:\/\/www.pmpf.rs.gov.br\/secretaria-de-cidadania-e-assistencia-social\/#website\"},\"primaryImageOfPage\":{\"@id\":\"https:\/\/www.pmpf.rs.gov.br\/secretaria-de-cidadania-e-assistencia-social\/2022\/12\/06\/festa-do-leaozinho-reune-entidades-beneficiadas-pelo-fumdica-e-promove-importancia-da-destinacao-do-ir\/#primaryimage\"},\"image\":{\"@id\":\"https:\/\/www.pmpf.rs.gov.br\/secretaria-de-cidadania-e-assistencia-social\/2022\/12\/06\/festa-do-leaozinho-reune-entidades-beneficiadas-pelo-fumdica-e-promove-importancia-da-destinacao-do-ir\/#primaryimage\"},\"thumbnailUrl\":\"https:\/\/www.pmpf.rs.gov.br\/secretaria-de-cidadania-e-assistencia-social\/wp-content\/uploads\/sites\/24\/2022\/12\/leaozinho.jpg\",\"datePublished\":\"2022-12-06T18:46:05+00:00\",\"dateModified\":\"2022-12-06T18:46:06+00:00\",\"author\":{\"@id\":\"https:\/\/www.pmpf.rs.gov.br\/secretaria-de-cidadania-e-assistencia-social\/#\/schema\/person\/30ee1d1bd74da1469b01fcf086e43351\"},\"inLanguage\":\"pt-BR\",\"potentialAction\":[{\"@type\":\"ReadAction\",\"target\":[\"https:\/\/www.pmpf.rs.gov.br\/secretaria-de-cidadania-e-assistencia-social\/2022\/12\/06\/festa-do-leaozinho-reune-entidades-beneficiadas-pelo-fumdica-e-promove-importancia-da-destinacao-do-ir\/\"]}]},{\"@type\":\"ImageObject\",\"inLanguage\":\"pt-BR\",\"@id\":\"https:\/\/www.pmpf.rs.gov.br\/secretaria-de-cidadania-e-assistencia-social\/2022\/12\/06\/festa-do-leaozinho-reune-entidades-beneficiadas-pelo-fumdica-e-promove-importancia-da-destinacao-do-ir\/#primaryimage\",\"url\":\"https:\/\/www.pmpf.rs.gov.br\/secretaria-de-cidadania-e-assistencia-social\/wp-content\/uploads\/sites\/24\/2022\/12\/leaozinho.jpg\",\"contentUrl\":\"https:\/\/www.pmpf.rs.gov.br\/secretaria-de-cidadania-e-assistencia-social\/wp-content\/uploads\/sites\/24\/2022\/12\/leaozinho.jpg\",\"width\":1280,\"height\":853},{\"@type\":\"WebSite\",\"@id\":\"https:\/\/www.pmpf.rs.gov.br\/secretaria-de-cidadania-e-assistencia-social\/#website\",\"url\":\"https:\/\/www.pmpf.rs.gov.br\/secretaria-de-cidadania-e-assistencia-social\/\",\"name\":\"Secretaria de Cidadania e Assist\u00eancia Social\",\"description\":\"S\u00f3 mais um site Prefeitura de Passo Fundo\",\"potentialAction\":[{\"@type\":\"SearchAction\",\"target\":{\"@type\":\"EntryPoint\",\"urlTemplate\":\"https:\/\/www.pmpf.rs.gov.br\/secretaria-de-cidadania-e-assistencia-social\/?s={search_term_string}\"},\"query-input\":{\"@type\":\"PropertyValueSpecification\",\"valueRequired\":true,\"valueName\":\"search_term_string\"}}],\"inLanguage\":\"pt-BR\"},{\"@type\":\"Person\",\"@id\":\"https:\/\/www.pmpf.rs.gov.br\/secretaria-de-cidadania-e-assistencia-social\/#\/schema\/person\/30ee1d1bd74da1469b01fcf086e43351\",\"name\":\"andressazorzetto07\",\"image\":{\"@type\":\"ImageObject\",\"inLanguage\":\"pt-BR\",\"@id\":\"https:\/\/www.pmpf.rs.gov.br\/secretaria-de-cidadania-e-assistencia-social\/#\/schema\/person\/image\/\",\"url\":\"https:\/\/secure.gravatar.com\/avatar\/14c5458ed79dc81da99a13b9ff5f9f19?s=96&d=mm&r=g\",\"contentUrl\":\"https:\/\/secure.gravatar.com\/avatar\/14c5458ed79dc81da99a13b9ff5f9f19?s=96&d=mm&r=g\",\"caption\":\"andressazorzetto07\"},\"url\":\"https:\/\/www.pmpf.rs.gov.br\/secretaria-de-cidadania-e-assistencia-social\/author\/andressazorzetto07\/\"}]}<\/script>\n<!-- \/ Yoast SEO plugin. -->","yoast_head_json":{"title":"Festa do Le\u00e3ozinho re\u00fane entidades beneficiadas pelo FUMDICA e promove import\u00e2ncia da destina\u00e7\u00e3o do IR - Secretaria de Cidadania e Assist\u00eancia Social","robots":{"index":"index","follow":"follow","max-snippet":"max-snippet:-1","max-image-preview":"max-image-preview:large","max-video-preview":"max-video-preview:-1"},"canonical":"https:\/\/www.pmpf.rs.gov.br\/secretaria-de-cidadania-e-assistencia-social\/2022\/12\/06\/festa-do-leaozinho-reune-entidades-beneficiadas-pelo-fumdica-e-promove-importancia-da-destinacao-do-ir\/","og_locale":"pt_BR","og_type":"article","og_title":"Festa do Le\u00e3ozinho re\u00fane entidades beneficiadas pelo FUMDICA e promove import\u00e2ncia da destina\u00e7\u00e3o do IR - Secretaria de Cidadania e Assist\u00eancia Social","og_description":"Entidades socioassistenciais contempladas com recursos do FUMDICA apresentaram algumas de suas atividades desenvolvidas e salientaram a import\u00e2ncia da campanha \u201cTransforme seu Le\u00e3o em Le\u00e3ozinho\u201d para a manuten\u00e7\u00e3o de suas atividades. Pessoas f\u00edsicas e jur\u00eddicas t\u00eam at\u00e9 o dia 29 de dezembro para destinar o seu Imposto de Renda (IR) devido para projetos e programas sociais","og_url":"https:\/\/www.pmpf.rs.gov.br\/secretaria-de-cidadania-e-assistencia-social\/2022\/12\/06\/festa-do-leaozinho-reune-entidades-beneficiadas-pelo-fumdica-e-promove-importancia-da-destinacao-do-ir\/","og_site_name":"Secretaria de Cidadania e Assist\u00eancia Social","article_published_time":"2022-12-06T18:46:05+00:00","article_modified_time":"2022-12-06T18:46:06+00:00","author":"andressazorzetto07","twitter_card":"summary_large_image","twitter_misc":{"Escrito por":"andressazorzetto07","Est. tempo de leitura":"4 minutos"},"schema":{"@context":"https:\/\/schema.org","@graph":[{"@type":"WebPage","@id":"https:\/\/www.pmpf.rs.gov.br\/secretaria-de-cidadania-e-assistencia-social\/2022\/12\/06\/festa-do-leaozinho-reune-entidades-beneficiadas-pelo-fumdica-e-promove-importancia-da-destinacao-do-ir\/","url":"https:\/\/www.pmpf.rs.gov.br\/secretaria-de-cidadania-e-assistencia-social\/2022\/12\/06\/festa-do-leaozinho-reune-entidades-beneficiadas-pelo-fumdica-e-promove-importancia-da-destinacao-do-ir\/","name":"Festa do Le\u00e3ozinho re\u00fane entidades beneficiadas pelo FUMDICA e promove import\u00e2ncia da destina\u00e7\u00e3o do IR - Secretaria de Cidadania e Assist\u00eancia Social","isPartOf":{"@id":"https:\/\/www.pmpf.rs.gov.br\/secretaria-de-cidadania-e-assistencia-social\/#website"},"primaryImageOfPage":{"@id":"https:\/\/www.pmpf.rs.gov.br\/secretaria-de-cidadania-e-assistencia-social\/2022\/12\/06\/festa-do-leaozinho-reune-entidades-beneficiadas-pelo-fumdica-e-promove-importancia-da-destinacao-do-ir\/#primaryimage"},"image":{"@id":"https:\/\/www.pmpf.rs.gov.br\/secretaria-de-cidadania-e-assistencia-social\/2022\/12\/06\/festa-do-leaozinho-reune-entidades-beneficiadas-pelo-fumdica-e-promove-importancia-da-destinacao-do-ir\/#primaryimage"},"thumbnailUrl":"https:\/\/www.pmpf.rs.gov.br\/secretaria-de-cidadania-e-assistencia-social\/wp-content\/uploads\/sites\/24\/2022\/12\/leaozinho.jpg","datePublished":"2022-12-06T18:46:05+00:00","dateModified":"2022-12-06T18:46:06+00:00","author":{"@id":"https:\/\/www.pmpf.rs.gov.br\/secretaria-de-cidadania-e-assistencia-social\/#\/schema\/person\/30ee1d1bd74da1469b01fcf086e43351"},"inLanguage":"pt-BR","potentialAction":[{"@type":"ReadAction","target":["https:\/\/www.pmpf.rs.gov.br\/secretaria-de-cidadania-e-assistencia-social\/2022\/12\/06\/festa-do-leaozinho-reune-entidades-beneficiadas-pelo-fumdica-e-promove-importancia-da-destinacao-do-ir\/"]}]},{"@type":"ImageObject","inLanguage":"pt-BR","@id":"https:\/\/www.pmpf.rs.gov.br\/secretaria-de-cidadania-e-assistencia-social\/2022\/12\/06\/festa-do-leaozinho-reune-entidades-beneficiadas-pelo-fumdica-e-promove-importancia-da-destinacao-do-ir\/#primaryimage","url":"https:\/\/www.pmpf.rs.gov.br\/secretaria-de-cidadania-e-assistencia-social\/wp-content\/uploads\/sites\/24\/2022\/12\/leaozinho.jpg","contentUrl":"https:\/\/www.pmpf.rs.gov.br\/secretaria-de-cidadania-e-assistencia-social\/wp-content\/uploads\/sites\/24\/2022\/12\/leaozinho.jpg","width":1280,"height":853},{"@type":"WebSite","@id":"https:\/\/www.pmpf.rs.gov.br\/secretaria-de-cidadania-e-assistencia-social\/#website","url":"https:\/\/www.pmpf.rs.gov.br\/secretaria-de-cidadania-e-assistencia-social\/","name":"Secretaria de Cidadania e Assist\u00eancia Social","description":"S\u00f3 mais um site Prefeitura de Passo Fundo","potentialAction":[{"@type":"SearchAction","target":{"@type":"EntryPoint","urlTemplate":"https:\/\/www.pmpf.rs.gov.br\/secretaria-de-cidadania-e-assistencia-social\/?s={search_term_string}"},"query-input":{"@type":"PropertyValueSpecification","valueRequired":true,"valueName":"search_term_string"}}],"inLanguage":"pt-BR"},{"@type":"Person","@id":"https:\/\/www.pmpf.rs.gov.br\/secretaria-de-cidadania-e-assistencia-social\/#\/schema\/person\/30ee1d1bd74da1469b01fcf086e43351","name":"andressazorzetto07","image":{"@type":"ImageObject","inLanguage":"pt-BR","@id":"https:\/\/www.pmpf.rs.gov.br\/secretaria-de-cidadania-e-assistencia-social\/#\/schema\/person\/image\/","url":"https:\/\/secure.gravatar.com\/avatar\/14c5458ed79dc81da99a13b9ff5f9f19?s=96&d=mm&r=g","contentUrl":"https:\/\/secure.gravatar.com\/avatar\/14c5458ed79dc81da99a13b9ff5f9f19?s=96&d=mm&r=g","caption":"andressazorzetto07"},"url":"https:\/\/www.pmpf.rs.gov.br\/secretaria-de-cidadania-e-assistencia-social\/author\/andressazorzetto07\/"}]}},"_links":{"self":[{"href":"https:\/\/www.pmpf.rs.gov.br\/secretaria-de-cidadania-e-assistencia-social\/wp-json\/wp\/v2\/posts\/1482"}],"collection":[{"href":"https:\/\/www.pmpf.rs.gov.br\/secretaria-de-cidadania-e-assistencia-social\/wp-json\/wp\/v2\/posts"}],"about":[{"href":"https:\/\/www.pmpf.rs.gov.br\/secretaria-de-cidadania-e-assistencia-social\/wp-json\/wp\/v2\/types\/post"}],"author":[{"embeddable":true,"href":"https:\/\/www.pmpf.rs.gov.br\/secretaria-de-cidadania-e-assistencia-social\/wp-json\/wp\/v2\/users\/6"}],"replies":[{"embeddable":true,"href":"https:\/\/www.pmpf.rs.gov.br\/secretaria-de-cidadania-e-assistencia-social\/wp-json\/wp\/v2\/comments?post=1482"}],"version-history":[{"count":1,"href":"https:\/\/www.pmpf.rs.gov.br\/secretaria-de-cidadania-e-assistencia-social\/wp-json\/wp\/v2\/posts\/1482\/revisions"}],"predecessor-version":[{"id":1484,"href":"https:\/\/www.pmpf.rs.gov.br\/secretaria-de-cidadania-e-assistencia-social\/wp-json\/wp\/v2\/posts\/1482\/revisions\/1484"}],"wp:featuredmedia":[{"embeddable":true,"href":"https:\/\/www.pmpf.rs.gov.br\/secretaria-de-cidadania-e-assistencia-social\/wp-json\/wp\/v2\/media\/1483"}],"wp:attachment":[{"href":"https:\/\/www.pmpf.rs.gov.br\/secretaria-de-cidadania-e-assistencia-social\/wp-json\/wp\/v2\/media?parent=1482"}],"wp:term":[{"taxonomy":"category","embeddable":true,"href":"https:\/\/www.pmpf.rs.gov.br\/secretaria-de-cidadania-e-assistencia-social\/wp-json\/wp\/v2\/categories?post=1482"},{"taxonomy":"post_tag","embeddable":true,"href":"https:\/\/www.pmpf.rs.gov.br\/secretaria-de-cidadania-e-assistencia-social\/wp-json\/wp\/v2\/tags?post=1482"}],"curies":[{"name":"wp","href":"https:\/\/api.w.org\/{rel}","templated":true}]}}