{"id":1431,"date":"2022-05-04T15:06:03","date_gmt":"2022-05-04T18:06:03","guid":{"rendered":"https:\/\/www.pmpf.rs.gov.br\/secretaria-de-cidadania-e-assistencia-social\/?p=1431"},"modified":"2022-05-09T15:56:48","modified_gmt":"2022-05-09T18:56:48","slug":"seminario-marcara-o-dia-nacional-de-combate-ao-abuso-e-a-exploracao-sexual-de-criancas-e-adolescentes","status":"publish","type":"post","link":"https:\/\/www.pmpf.rs.gov.br\/secretaria-de-cidadania-e-assistencia-social\/2022\/05\/04\/seminario-marcara-o-dia-nacional-de-combate-ao-abuso-e-a-exploracao-sexual-de-criancas-e-adolescentes\/","title":{"rendered":"Semin\u00e1rio marcar\u00e1 o Dia Nacional de Combate ao Abuso e \u00e0 Explora\u00e7\u00e3o Sexual de Crian\u00e7as e Adolescentes"},"content":{"rendered":"\n<p><br>O Dia Nacional de Combate ao Abuso e \u00e0 Explora\u00e7\u00e3o Sexual de Crian\u00e7as e Adolescentes \u00e9 lembrado em 18 de maio. Mais do que reflex\u00f5es, a data prop\u00f5e a qualifica\u00e7\u00e3o do trabalho pela prote\u00e7\u00e3o e garantia de direitos das crian\u00e7as e adolescentes, especialmente, daqueles que encontram-se em viola\u00e7\u00e3o. Por isso, a Prefeitura de Passo Fundo, em parceria com a Imed, realizar\u00e1 o Semin\u00e1rio Proteger sem Revitimizar, que envolver\u00e1 integrantes da rede de prote\u00e7\u00e3o para o aprimoramento dos atendimentos.<br>No encontro, ser\u00e3o abordados temas relacionados aos procedimentos realizados nas \u00e1reas da assist\u00eancia social, sa\u00fade, educa\u00e7\u00e3o quando verificadas situa\u00e7\u00f5es de viol\u00eancias. Tamb\u00e9m ser\u00e3o debatidas a aliena\u00e7\u00e3o parental e a Lei 13.341 e suas especificidades acerca da n\u00e3o revitimiza\u00e7\u00e3o. O semin\u00e1rio contar\u00e1 com oficinas e mesas de di\u00e1logo.<\/p>\n\n\n\n<p>Semin\u00e1rio<br>Data: 18 de Maio de 2022<br>Local: Faculdade Imed<br>Hor\u00e1rio: das 8h30 \u00e0s 11h30 e das 13h \u00e0s 14h45<br>P\u00fablico Alvo: integrantes da Rede de Assist\u00eancia Social, Sa\u00fade, Educa\u00e7\u00e3o, \u00f3rg\u00e3os do Sistema de Garantia de Direitos, alunos e comunidade<br>Inscri\u00e7\u00f5es: Site da Prefeitura (<a href=\"https:\/\/www.pmpf.rs.gov.br\/secretaria-de-cidadania-e-assistencia-social\/seminario-proteger-sem-revitimizar\/\">www.passofundo.rs.gov.br<\/a>)<\/p>\n\n\n\n<p><strong>Programa\u00e7\u00e3o<br><\/strong>Manh\u00e3:<br>8h30 &#8211; abertura<br>9h &#8211; &nbsp;acolhida<br>9h30 &#8211; Oficinas Simult\u00e2neas<br>1- A Den\u00fancia de Viol\u00eancia Sexual Como instrumento de Aliena\u00e7\u00e3o Parental<br>2- O Atendimento em Sa\u00fade de Crian\u00e7as e Adolescentes V\u00edtimas de Viol\u00eancia, Conforme a Lei 13.431<br>3- A Articula\u00e7\u00e3o da Rede Socioassistencial Frente ao Acompanhamento da Fam\u00edlia, Crian\u00e7a e Adolescente, Conforme Lei 13.431<br>10h30 &#8211; discuss\u00e3o dos temas<br>11h15 &#8211; encaminhamentos<br>11h30 &#8211; encerramento<\/p>\n\n\n\n<p>Tarde:<br>13h30 &#8211; abertura<br>14h &#8211; mesa de Di\u00e1logo<br>15h45 &#8211; debate<br>16h15 &#8211; encaminhamentos<br>15h45 &#8211; encerramento<\/p>\n\n\n\n<p>Cada participante poder\u00e1 se inscrever para uma das oficinas, pois elas ocorrer\u00e3o em formato simult\u00e2neo.<\/p>\n","protected":false},"excerpt":{"rendered":"<p>Promovido pela Prefeitura, o Semin\u00e1rio Proteger sem Revitimizar ser\u00e1 realizado na Imed e envolver\u00e1 a rede de prote\u00e7\u00e3o, alunos e a comunidade<\/p>\n","protected":false},"author":6,"featured_media":0,"comment_status":"closed","ping_status":"closed","sticky":true,"template":"","format":"standard","meta":{"footnotes":""},"categories":[1],"tags":[],"class_list":["post-1431","post","type-post","status-publish","format-standard","hentry","category-sem-categoria"],"yoast_head":"<!-- This site is optimized with the Yoast SEO plugin v23.8 - https:\/\/yoast.com\/wordpress\/plugins\/seo\/ -->\n<title>Semin\u00e1rio marcar\u00e1 o Dia Nacional de Combate ao Abuso e \u00e0 Explora\u00e7\u00e3o Sexual de Crian\u00e7as e Adolescentes - Secretaria de Cidadania e Assist\u00eancia Social<\/title>\n<meta name=\"robots\" content=\"index, follow, max-snippet:-1, max-image-preview:large, max-video-preview:-1\" \/>\n<link rel=\"canonical\" href=\"https:\/\/www.pmpf.rs.gov.br\/secretaria-de-cidadania-e-assistencia-social\/2022\/05\/04\/seminario-marcara-o-dia-nacional-de-combate-ao-abuso-e-a-exploracao-sexual-de-criancas-e-adolescentes\/\" \/>\n<meta property=\"og:locale\" content=\"pt_BR\" \/>\n<meta property=\"og:type\" content=\"article\" \/>\n<meta property=\"og:title\" content=\"Semin\u00e1rio marcar\u00e1 o Dia Nacional de Combate ao Abuso e \u00e0 Explora\u00e7\u00e3o Sexual de Crian\u00e7as e Adolescentes - Secretaria de Cidadania e Assist\u00eancia Social\" \/>\n<meta property=\"og:description\" content=\"Promovido pela Prefeitura, o Semin\u00e1rio Proteger sem Revitimizar ser\u00e1 realizado na Imed e envolver\u00e1 a rede de prote\u00e7\u00e3o, alunos e a comunidade\" \/>\n<meta property=\"og:url\" content=\"https:\/\/www.pmpf.rs.gov.br\/secretaria-de-cidadania-e-assistencia-social\/2022\/05\/04\/seminario-marcara-o-dia-nacional-de-combate-ao-abuso-e-a-exploracao-sexual-de-criancas-e-adolescentes\/\" \/>\n<meta property=\"og:site_name\" content=\"Secretaria de Cidadania e Assist\u00eancia Social\" \/>\n<meta property=\"article:published_time\" content=\"2022-05-04T18:06:03+00:00\" \/>\n<meta property=\"article:modified_time\" content=\"2022-05-09T18:56:48+00:00\" \/>\n<meta name=\"author\" content=\"andressazorzetto07\" \/>\n<meta name=\"twitter:card\" content=\"summary_large_image\" \/>\n<meta name=\"twitter:label1\" content=\"Escrito por\" \/>\n\t<meta name=\"twitter:data1\" content=\"andressazorzetto07\" \/>\n\t<meta name=\"twitter:label2\" content=\"Est. tempo de leitura\" \/>\n\t<meta name=\"twitter:data2\" content=\"2 minutos\" \/>\n<script type=\"application\/ld+json\" class=\"yoast-schema-graph\">{\"@context\":\"https:\/\/schema.org\",\"@graph\":[{\"@type\":\"WebPage\",\"@id\":\"https:\/\/www.pmpf.rs.gov.br\/secretaria-de-cidadania-e-assistencia-social\/2022\/05\/04\/seminario-marcara-o-dia-nacional-de-combate-ao-abuso-e-a-exploracao-sexual-de-criancas-e-adolescentes\/\",\"url\":\"https:\/\/www.pmpf.rs.gov.br\/secretaria-de-cidadania-e-assistencia-social\/2022\/05\/04\/seminario-marcara-o-dia-nacional-de-combate-ao-abuso-e-a-exploracao-sexual-de-criancas-e-adolescentes\/\",\"name\":\"Semin\u00e1rio marcar\u00e1 o Dia Nacional de Combate ao Abuso e \u00e0 Explora\u00e7\u00e3o Sexual de Crian\u00e7as e Adolescentes - Secretaria de Cidadania e Assist\u00eancia Social\",\"isPartOf\":{\"@id\":\"https:\/\/www.pmpf.rs.gov.br\/secretaria-de-cidadania-e-assistencia-social\/#website\"},\"datePublished\":\"2022-05-04T18:06:03+00:00\",\"dateModified\":\"2022-05-09T18:56:48+00:00\",\"author\":{\"@id\":\"https:\/\/www.pmpf.rs.gov.br\/secretaria-de-cidadania-e-assistencia-social\/#\/schema\/person\/30ee1d1bd74da1469b01fcf086e43351\"},\"inLanguage\":\"pt-BR\",\"potentialAction\":[{\"@type\":\"ReadAction\",\"target\":[\"https:\/\/www.pmpf.rs.gov.br\/secretaria-de-cidadania-e-assistencia-social\/2022\/05\/04\/seminario-marcara-o-dia-nacional-de-combate-ao-abuso-e-a-exploracao-sexual-de-criancas-e-adolescentes\/\"]}]},{\"@type\":\"WebSite\",\"@id\":\"https:\/\/www.pmpf.rs.gov.br\/secretaria-de-cidadania-e-assistencia-social\/#website\",\"url\":\"https:\/\/www.pmpf.rs.gov.br\/secretaria-de-cidadania-e-assistencia-social\/\",\"name\":\"Secretaria de Cidadania e Assist\u00eancia Social\",\"description\":\"S\u00f3 mais um site Prefeitura de Passo Fundo\",\"potentialAction\":[{\"@type\":\"SearchAction\",\"target\":{\"@type\":\"EntryPoint\",\"urlTemplate\":\"https:\/\/www.pmpf.rs.gov.br\/secretaria-de-cidadania-e-assistencia-social\/?s={search_term_string}\"},\"query-input\":{\"@type\":\"PropertyValueSpecification\",\"valueRequired\":true,\"valueName\":\"search_term_string\"}}],\"inLanguage\":\"pt-BR\"},{\"@type\":\"Person\",\"@id\":\"https:\/\/www.pmpf.rs.gov.br\/secretaria-de-cidadania-e-assistencia-social\/#\/schema\/person\/30ee1d1bd74da1469b01fcf086e43351\",\"name\":\"andressazorzetto07\",\"image\":{\"@type\":\"ImageObject\",\"inLanguage\":\"pt-BR\",\"@id\":\"https:\/\/www.pmpf.rs.gov.br\/secretaria-de-cidadania-e-assistencia-social\/#\/schema\/person\/image\/\",\"url\":\"https:\/\/secure.gravatar.com\/avatar\/14c5458ed79dc81da99a13b9ff5f9f19?s=96&d=mm&r=g\",\"contentUrl\":\"https:\/\/secure.gravatar.com\/avatar\/14c5458ed79dc81da99a13b9ff5f9f19?s=96&d=mm&r=g\",\"caption\":\"andressazorzetto07\"},\"url\":\"https:\/\/www.pmpf.rs.gov.br\/secretaria-de-cidadania-e-assistencia-social\/author\/andressazorzetto07\/\"}]}<\/script>\n<!-- \/ Yoast SEO plugin. -->","yoast_head_json":{"title":"Semin\u00e1rio marcar\u00e1 o Dia Nacional de Combate ao Abuso e \u00e0 Explora\u00e7\u00e3o Sexual de Crian\u00e7as e Adolescentes - Secretaria de Cidadania e Assist\u00eancia Social","robots":{"index":"index","follow":"follow","max-snippet":"max-snippet:-1","max-image-preview":"max-image-preview:large","max-video-preview":"max-video-preview:-1"},"canonical":"https:\/\/www.pmpf.rs.gov.br\/secretaria-de-cidadania-e-assistencia-social\/2022\/05\/04\/seminario-marcara-o-dia-nacional-de-combate-ao-abuso-e-a-exploracao-sexual-de-criancas-e-adolescentes\/","og_locale":"pt_BR","og_type":"article","og_title":"Semin\u00e1rio marcar\u00e1 o Dia Nacional de Combate ao Abuso e \u00e0 Explora\u00e7\u00e3o Sexual de Crian\u00e7as e Adolescentes - Secretaria de Cidadania e Assist\u00eancia Social","og_description":"Promovido pela Prefeitura, o Semin\u00e1rio Proteger sem Revitimizar ser\u00e1 realizado na Imed e envolver\u00e1 a rede de prote\u00e7\u00e3o, alunos e a comunidade","og_url":"https:\/\/www.pmpf.rs.gov.br\/secretaria-de-cidadania-e-assistencia-social\/2022\/05\/04\/seminario-marcara-o-dia-nacional-de-combate-ao-abuso-e-a-exploracao-sexual-de-criancas-e-adolescentes\/","og_site_name":"Secretaria de Cidadania e Assist\u00eancia Social","article_published_time":"2022-05-04T18:06:03+00:00","article_modified_time":"2022-05-09T18:56:48+00:00","author":"andressazorzetto07","twitter_card":"summary_large_image","twitter_misc":{"Escrito por":"andressazorzetto07","Est. tempo de leitura":"2 minutos"},"schema":{"@context":"https:\/\/schema.org","@graph":[{"@type":"WebPage","@id":"https:\/\/www.pmpf.rs.gov.br\/secretaria-de-cidadania-e-assistencia-social\/2022\/05\/04\/seminario-marcara-o-dia-nacional-de-combate-ao-abuso-e-a-exploracao-sexual-de-criancas-e-adolescentes\/","url":"https:\/\/www.pmpf.rs.gov.br\/secretaria-de-cidadania-e-assistencia-social\/2022\/05\/04\/seminario-marcara-o-dia-nacional-de-combate-ao-abuso-e-a-exploracao-sexual-de-criancas-e-adolescentes\/","name":"Semin\u00e1rio marcar\u00e1 o Dia Nacional de Combate ao Abuso e \u00e0 Explora\u00e7\u00e3o Sexual de Crian\u00e7as e Adolescentes - Secretaria de Cidadania e Assist\u00eancia Social","isPartOf":{"@id":"https:\/\/www.pmpf.rs.gov.br\/secretaria-de-cidadania-e-assistencia-social\/#website"},"datePublished":"2022-05-04T18:06:03+00:00","dateModified":"2022-05-09T18:56:48+00:00","author":{"@id":"https:\/\/www.pmpf.rs.gov.br\/secretaria-de-cidadania-e-assistencia-social\/#\/schema\/person\/30ee1d1bd74da1469b01fcf086e43351"},"inLanguage":"pt-BR","potentialAction":[{"@type":"ReadAction","target":["https:\/\/www.pmpf.rs.gov.br\/secretaria-de-cidadania-e-assistencia-social\/2022\/05\/04\/seminario-marcara-o-dia-nacional-de-combate-ao-abuso-e-a-exploracao-sexual-de-criancas-e-adolescentes\/"]}]},{"@type":"WebSite","@id":"https:\/\/www.pmpf.rs.gov.br\/secretaria-de-cidadania-e-assistencia-social\/#website","url":"https:\/\/www.pmpf.rs.gov.br\/secretaria-de-cidadania-e-assistencia-social\/","name":"Secretaria de Cidadania e Assist\u00eancia Social","description":"S\u00f3 mais um site Prefeitura de Passo Fundo","potentialAction":[{"@type":"SearchAction","target":{"@type":"EntryPoint","urlTemplate":"https:\/\/www.pmpf.rs.gov.br\/secretaria-de-cidadania-e-assistencia-social\/?s={search_term_string}"},"query-input":{"@type":"PropertyValueSpecification","valueRequired":true,"valueName":"search_term_string"}}],"inLanguage":"pt-BR"},{"@type":"Person","@id":"https:\/\/www.pmpf.rs.gov.br\/secretaria-de-cidadania-e-assistencia-social\/#\/schema\/person\/30ee1d1bd74da1469b01fcf086e43351","name":"andressazorzetto07","image":{"@type":"ImageObject","inLanguage":"pt-BR","@id":"https:\/\/www.pmpf.rs.gov.br\/secretaria-de-cidadania-e-assistencia-social\/#\/schema\/person\/image\/","url":"https:\/\/secure.gravatar.com\/avatar\/14c5458ed79dc81da99a13b9ff5f9f19?s=96&d=mm&r=g","contentUrl":"https:\/\/secure.gravatar.com\/avatar\/14c5458ed79dc81da99a13b9ff5f9f19?s=96&d=mm&r=g","caption":"andressazorzetto07"},"url":"https:\/\/www.pmpf.rs.gov.br\/secretaria-de-cidadania-e-assistencia-social\/author\/andressazorzetto07\/"}]}},"_links":{"self":[{"href":"https:\/\/www.pmpf.rs.gov.br\/secretaria-de-cidadania-e-assistencia-social\/wp-json\/wp\/v2\/posts\/1431"}],"collection":[{"href":"https:\/\/www.pmpf.rs.gov.br\/secretaria-de-cidadania-e-assistencia-social\/wp-json\/wp\/v2\/posts"}],"about":[{"href":"https:\/\/www.pmpf.rs.gov.br\/secretaria-de-cidadania-e-assistencia-social\/wp-json\/wp\/v2\/types\/post"}],"author":[{"embeddable":true,"href":"https:\/\/www.pmpf.rs.gov.br\/secretaria-de-cidadania-e-assistencia-social\/wp-json\/wp\/v2\/users\/6"}],"replies":[{"embeddable":true,"href":"https:\/\/www.pmpf.rs.gov.br\/secretaria-de-cidadania-e-assistencia-social\/wp-json\/wp\/v2\/comments?post=1431"}],"version-history":[{"count":2,"href":"https:\/\/www.pmpf.rs.gov.br\/secretaria-de-cidadania-e-assistencia-social\/wp-json\/wp\/v2\/posts\/1431\/revisions"}],"predecessor-version":[{"id":1439,"href":"https:\/\/www.pmpf.rs.gov.br\/secretaria-de-cidadania-e-assistencia-social\/wp-json\/wp\/v2\/posts\/1431\/revisions\/1439"}],"wp:attachment":[{"href":"https:\/\/www.pmpf.rs.gov.br\/secretaria-de-cidadania-e-assistencia-social\/wp-json\/wp\/v2\/media?parent=1431"}],"wp:term":[{"taxonomy":"category","embeddable":true,"href":"https:\/\/www.pmpf.rs.gov.br\/secretaria-de-cidadania-e-assistencia-social\/wp-json\/wp\/v2\/categories?post=1431"},{"taxonomy":"post_tag","embeddable":true,"href":"https:\/\/www.pmpf.rs.gov.br\/secretaria-de-cidadania-e-assistencia-social\/wp-json\/wp\/v2\/tags?post=1431"}],"curies":[{"name":"wp","href":"https:\/\/api.w.org\/{rel}","templated":true}]}}